{"id":948868,"date":"2025-08-28T17:19:00","date_gmt":"2025-08-28T15:19:00","guid":{"rendered":"https:\/\/dmcsrb.com\/uncategorized\/belgija-lak-zalogaj-za-francusku-bih-deklasirala-kipar\/"},"modified":"2025-08-28T17:19:00","modified_gmt":"2025-08-28T15:19:00","slug":"belgija-lak-zalogaj-za-francusku-bih-deklasirala-kipar","status":"publish","type":"post","link":"https:\/\/dmcsrb.com\/en\/sport\/belgija-lak-zalogaj-za-francusku-bih-deklasirala-kipar\/","title":{"rendered":"Belgija lak zalogaj za Francusku, BiH deklasirala Kipar"},"content":{"rendered":"<p>Sve \u0161to je Belgija uspjela u ovom me\u010du jeste da povede 2:0 nakon poena Ismalea Bakoa, da bi &#8220;trikolori&#8221; nakon uvodne \u010detvrtine imali osam poena prednosti &#8211; 18:10. Sve dileme oko pobjednika, ako su iste uop\u0161te i postojale, otklonjene su u 14. minutu kada je Ajzea Kordinije pogodio za 38:20. <\/p>\n\n\n\n<figure class=\"wp-block-embed is-type-rich is-provider-twitter wp-block-embed-twitter\"><div class=\"wp-block-embed__wrapper\">\n<blockquote class=\"twitter-tweet\" data-width=\"500\" data-dnt=\"true\"><p lang=\"en\" dir=\"ltr\">&quot;YOU SHALL NOT PASS!&quot; \u274c<a href=\"https:\/\/twitter.com\/hashtag\/EuroBasket?src=hash&amp;ref_src=twsrc%5Etfw\">#EuroBasket<\/a> x <a href=\"https:\/\/twitter.com\/FRABasketball?ref_src=twsrc%5Etfw\">@FRABasketball<\/a> <a href=\"https:\/\/t.co\/41A5Pyzhm3\">pic.twitter.com\/41A5Pyzhm3<\/a><\/p>&mdash; FIBA EuroBasket (@EuroBasket) <a href=\"https:\/\/twitter.com\/EuroBasket\/status\/1961114163113029923?ref_src=twsrc%5Etfw\">August 28, 2025<\/a><\/blockquote><script async src=\"https:\/\/platform.twitter.com\/widgets.js\" charset=\"utf-8\"><\/script>\n<\/div><\/figure>\n\n\n\n<p>Prednost Francuske je do kraja uglavom rasla, sve do maksimalnih i kona\u010dnih plus 28 &#8211; 92:64. <\/p>\n\n\n\n<p>Najefikasniji kod pobjednika bili su Bilal Kulibali i Eli Okobo sa po 12 poena. Jedan manje dodao je Ger\u0161on Jabusele, a po 10 Nadir Hifi i Zakari Risa\u0161er. <\/p>\n\n\n\n<p>Na drugoj strani Hans Vanvin bolji od ostalih sa 13 ko\u0161eva. Dvocifren je bio jo\u0161 i Ismael Bako koji je zavr\u0161io me\u010d sa 11 poena. <\/p>\n\n\n\n<p>Ranije danas u istoj grupi Izrael je nadigrao Island (83:71), a ne\u0161to kasnije snage \u0107e odmjeriti Slovenija i Poljska. <\/p>\n\n\n\n<p>Uspje\u0161nu premijeru imala je i Bosna i Hercegovina &#8211; &#8220;zmajevi&#8221; su opravdali ulogu favorita protiv Kipra (91:64). <\/p>\n\n\n\n<p>BiH je furiozno u\u0161la u me\u010d, povela 10:0 i najavila da \u0107e ovo biti lak\u0161i trening. Istina, jedan od \u010detiri doma\u0107ina pri\u0161ao je krajem prve donice na 16:13, ali brzo su izabranici Aziza Bekira odgovorili serijom 7:0 i vratili dvocifren vi\u0161ak. Utakmica je rije\u0161ena do poluvremena kada je semafor pokaziva (47:26) u korist Jusufa Nurki\u0107a i saigra\u010da. <\/p>\n\n\n\n<figure class=\"wp-block-embed is-type-rich is-provider-twitter wp-block-embed-twitter\"><div class=\"wp-block-embed__wrapper\">\n<blockquote class=\"twitter-tweet\" data-width=\"500\" data-dnt=\"true\"><p lang=\"en\" dir=\"ltr\">WELCOME TO CYPRUS! \ud83c\udde8\ud83c\uddfe<a href=\"https:\/\/twitter.com\/hashtag\/EuroBasket?src=hash&amp;ref_src=twsrc%5Etfw\">#EuroBasket<\/a> x <a href=\"https:\/\/twitter.com\/BasketCyprus?ref_src=twsrc%5Etfw\">@BasketCyprus<\/a> <a href=\"https:\/\/t.co\/wO6W4a0nXr\">pic.twitter.com\/wO6W4a0nXr<\/a><\/p>&mdash; FIBA EuroBasket (@EuroBasket) <a href=\"https:\/\/twitter.com\/EuroBasket\/status\/1961111682106692087?ref_src=twsrc%5Etfw\">August 28, 2025<\/a><\/blockquote><script async src=\"https:\/\/platform.twitter.com\/widgets.js\" charset=\"utf-8\"><\/script>\n<\/div><\/figure>\n\n\n\n<p>Upravo je Nurki\u0107 odsko\u010dio kod pobjednika sa 18 poena i \u0161est skokova. Amar Gegi\u0107, Amar Alibegovi\u0107 i Adin Vrabac dodali su po 10. Biv\u0161i ko\u0161arka\u0161i Budu\u0107nosti Kenan Kamenja\u0161 i Edin Ati\u0107 ubacili su devet, odnosno osam poena. <\/p>\n\n\n\n<p>Podsjetimo, u ranijem terminu, Gruzija na \u010dijoj klupi sjedi biv\u0161i trener Budu\u0107nosti Aleksandar D\u017eiki\u0107, priredila je iznena\u0111enje savladav\u0161i aktuelnog \u0161ampiona \u0160paniju rezultatom 83:69 u okviru grupe C. U istoj grupi nalaze se jo\u0161 Gr\u010dka i Italija, koje \u0107e ve\u010deras odigrati me\u0111usobni duel.<\/p>","protected":false},"excerpt":{"rendered":"<p>Ko\u0161arka\u0161i Francuske pobjedom su otvorili Eurobasket, po\u0161to su danas u Katovicama u prvom kolu grupe D rutinski savladali selekciju iz kom\u0161iluka, reprezentaciju Belgije (92:64).<\/p>","protected":false},"author":1,"featured_media":948869,"comment_status":"open","ping_status":"open","sticky":false,"template":"","format":"standard","meta":{"_acf_changed":false,"footnotes":""},"categories":[148],"tags":[6462,6468,5524,6487,6489],"naslovna":[],"class_list":["post-948868","post","type-post","status-publish","format-standard","has-post-thumbnail","hentry","category-sport","tag-eurobasket-2025","tag-muska-kosarkaska-reprezentacija-belgije","tag-muska-kosarkaska-reprezentacija-bosne-i-hercegovine","tag-muska-kosarkaska-reprezentacija-francuske","tag-muska-kosarkaska-reprezentacija-kipra"],"acf":[],"yoast_head":"<!-- This site is optimized with the Yoast SEO plugin v27.4 - https:\/\/yoast.com\/product\/yoast-seo-wordpress\/ -->\n<title>Belgija lak zalogaj za Francusku, BiH deklasirala Kipar - dmcsrb.com<\/title>\n<meta name=\"robots\" content=\"index, follow, max-snippet:-1, max-image-preview:large, max-video-preview:-1\" \/>\n<link rel=\"canonical\" href=\"https:\/\/dmcsrb.com\/en\/sport\/belgija-lak-zalogaj-za-francusku-bih-deklasirala-kipar\/\" \/>\n<meta property=\"og:locale\" content=\"en_GB\" \/>\n<meta property=\"og:type\" content=\"article\" \/>\n<meta property=\"og:title\" content=\"Belgija lak zalogaj za Francusku, BiH deklasirala Kipar - dmcsrb.com\" \/>\n<meta property=\"og:description\" content=\"Ko\u0161arka\u0161i Francuske pobjedom su otvorili Eurobasket, po\u0161to su danas u Katovicama u prvom kolu grupe D rutinski savladali selekciju iz kom\u0161iluka, reprezentaciju Belgije (92:64).\" \/>\n<meta property=\"og:url\" content=\"https:\/\/dmcsrb.com\/en\/sport\/belgija-lak-zalogaj-za-francusku-bih-deklasirala-kipar\/\" \/>\n<meta property=\"og:site_name\" content=\"dmcsrb.com\" \/>\n<meta property=\"article:published_time\" content=\"2025-08-28T15:19:00+00:00\" \/>\n<meta property=\"og:image\" content=\"https:\/\/dmcsrb.com\/wp-content\/uploads\/2026\/01\/Francuska-Belgija-FIBA.webp\" \/>\n\t<meta property=\"og:image:width\" content=\"2400\" \/>\n\t<meta property=\"og:image:height\" content=\"1600\" \/>\n\t<meta property=\"og:image:type\" content=\"image\/webp\" \/>\n<meta name=\"author\" content=\"dmcsrbija.com@gmail.com\" \/>\n<meta name=\"twitter:card\" content=\"summary_large_image\" \/>\n<meta name=\"twitter:label1\" content=\"Written by\" \/>\n\t<meta name=\"twitter:data1\" content=\"dmcsrbija.com@gmail.com\" \/>\n\t<meta name=\"twitter:label2\" content=\"Estimated reading time\" \/>\n\t<meta name=\"twitter:data2\" content=\"2 minutes\" \/>\n<script type=\"application\/ld+json\" class=\"yoast-schema-graph\">{\"@context\":\"https:\\\/\\\/schema.org\",\"@graph\":[{\"@type\":\"Article\",\"@id\":\"https:\\\/\\\/dmcsrb.com\\\/sport\\\/belgija-lak-zalogaj-za-francusku-bih-deklasirala-kipar\\\/#article\",\"isPartOf\":{\"@id\":\"https:\\\/\\\/dmcsrb.com\\\/sport\\\/belgija-lak-zalogaj-za-francusku-bih-deklasirala-kipar\\\/\"},\"author\":{\"name\":\"dmcsrbija.com@gmail.com\",\"@id\":\"https:\\\/\\\/dmcsrb.com\\\/#\\\/schema\\\/person\\\/5c39170f12db1b8b457732d0b5c854e2\"},\"headline\":\"Belgija lak zalogaj za Francusku, BiH deklasirala Kipar\",\"datePublished\":\"2025-08-28T15:19:00+00:00\",\"mainEntityOfPage\":{\"@id\":\"https:\\\/\\\/dmcsrb.com\\\/sport\\\/belgija-lak-zalogaj-za-francusku-bih-deklasirala-kipar\\\/\"},\"wordCount\":320,\"commentCount\":0,\"image\":{\"@id\":\"https:\\\/\\\/dmcsrb.com\\\/sport\\\/belgija-lak-zalogaj-za-francusku-bih-deklasirala-kipar\\\/#primaryimage\"},\"thumbnailUrl\":\"https:\\\/\\\/dmcsrb.com\\\/wp-content\\\/uploads\\\/2026\\\/01\\\/Francuska-Belgija-FIBA.webp\",\"keywords\":[\"Eurobasket 2025\",\"Mu\u0161ka ko\u0161arka\u0161ka reprezentacija Belgije\",\"Mu\u0161ka ko\u0161arka\u0161ka reprezentacija Bosne i Hercegovine\",\"Mu\u0161ka ko\u0161arka\u0161ka reprezentacija Francuske\",\"Mu\u0161ka ko\u0161arka\u0161ka reprezentacija Kipra\"],\"articleSection\":[\"Sport\"],\"inLanguage\":\"en-GB\",\"potentialAction\":[{\"@type\":\"CommentAction\",\"name\":\"Comment\",\"target\":[\"https:\\\/\\\/dmcsrb.com\\\/sport\\\/belgija-lak-zalogaj-za-francusku-bih-deklasirala-kipar\\\/#respond\"]}]},{\"@type\":\"WebPage\",\"@id\":\"https:\\\/\\\/dmcsrb.com\\\/sport\\\/belgija-lak-zalogaj-za-francusku-bih-deklasirala-kipar\\\/\",\"url\":\"https:\\\/\\\/dmcsrb.com\\\/sport\\\/belgija-lak-zalogaj-za-francusku-bih-deklasirala-kipar\\\/\",\"name\":\"Belgija lak zalogaj za Francusku, BiH deklasirala Kipar - dmcsrb.com\",\"isPartOf\":{\"@id\":\"https:\\\/\\\/dmcsrb.com\\\/#website\"},\"primaryImageOfPage\":{\"@id\":\"https:\\\/\\\/dmcsrb.com\\\/sport\\\/belgija-lak-zalogaj-za-francusku-bih-deklasirala-kipar\\\/#primaryimage\"},\"image\":{\"@id\":\"https:\\\/\\\/dmcsrb.com\\\/sport\\\/belgija-lak-zalogaj-za-francusku-bih-deklasirala-kipar\\\/#primaryimage\"},\"thumbnailUrl\":\"https:\\\/\\\/dmcsrb.com\\\/wp-content\\\/uploads\\\/2026\\\/01\\\/Francuska-Belgija-FIBA.webp\",\"datePublished\":\"2025-08-28T15:19:00+00:00\",\"author\":{\"@id\":\"https:\\\/\\\/dmcsrb.com\\\/#\\\/schema\\\/person\\\/5c39170f12db1b8b457732d0b5c854e2\"},\"breadcrumb\":{\"@id\":\"https:\\\/\\\/dmcsrb.com\\\/sport\\\/belgija-lak-zalogaj-za-francusku-bih-deklasirala-kipar\\\/#breadcrumb\"},\"inLanguage\":\"en-GB\",\"potentialAction\":[{\"@type\":\"ReadAction\",\"target\":[\"https:\\\/\\\/dmcsrb.com\\\/sport\\\/belgija-lak-zalogaj-za-francusku-bih-deklasirala-kipar\\\/\"]}]},{\"@type\":\"ImageObject\",\"inLanguage\":\"en-GB\",\"@id\":\"https:\\\/\\\/dmcsrb.com\\\/sport\\\/belgija-lak-zalogaj-za-francusku-bih-deklasirala-kipar\\\/#primaryimage\",\"url\":\"https:\\\/\\\/dmcsrb.com\\\/wp-content\\\/uploads\\\/2026\\\/01\\\/Francuska-Belgija-FIBA.webp\",\"contentUrl\":\"https:\\\/\\\/dmcsrb.com\\\/wp-content\\\/uploads\\\/2026\\\/01\\\/Francuska-Belgija-FIBA.webp\",\"width\":2400,\"height\":1600},{\"@type\":\"BreadcrumbList\",\"@id\":\"https:\\\/\\\/dmcsrb.com\\\/sport\\\/belgija-lak-zalogaj-za-francusku-bih-deklasirala-kipar\\\/#breadcrumb\",\"itemListElement\":[{\"@type\":\"ListItem\",\"position\":1,\"name\":\"Home\",\"item\":\"https:\\\/\\\/dmcsrb.com\\\/\"},{\"@type\":\"ListItem\",\"position\":2,\"name\":\"Belgija lak zalogaj za Francusku, BiH deklasirala Kipar\"}]},{\"@type\":\"WebSite\",\"@id\":\"https:\\\/\\\/dmcsrb.com\\\/#website\",\"url\":\"https:\\\/\\\/dmcsrb.com\\\/\",\"name\":\"dmcsrb.com\",\"description\":\"\",\"potentialAction\":[{\"@type\":\"SearchAction\",\"target\":{\"@type\":\"EntryPoint\",\"urlTemplate\":\"https:\\\/\\\/dmcsrb.com\\\/?s={search_term_string}\"},\"query-input\":{\"@type\":\"PropertyValueSpecification\",\"valueRequired\":true,\"valueName\":\"search_term_string\"}}],\"inLanguage\":\"en-GB\"},{\"@type\":\"Person\",\"@id\":\"https:\\\/\\\/dmcsrb.com\\\/#\\\/schema\\\/person\\\/5c39170f12db1b8b457732d0b5c854e2\",\"name\":\"dmcsrbija.com@gmail.com\",\"image\":{\"@type\":\"ImageObject\",\"inLanguage\":\"en-GB\",\"@id\":\"https:\\\/\\\/secure.gravatar.com\\\/avatar\\\/68592660ad6347fad0fb587f8d5d8f1a7b44961362f56e4f2cd524feb87e9069?s=96&d=mm&r=g\",\"url\":\"https:\\\/\\\/secure.gravatar.com\\\/avatar\\\/68592660ad6347fad0fb587f8d5d8f1a7b44961362f56e4f2cd524feb87e9069?s=96&d=mm&r=g\",\"contentUrl\":\"https:\\\/\\\/secure.gravatar.com\\\/avatar\\\/68592660ad6347fad0fb587f8d5d8f1a7b44961362f56e4f2cd524feb87e9069?s=96&d=mm&r=g\",\"caption\":\"dmcsrbija.com@gmail.com\"},\"sameAs\":[\"https:\\\/\\\/dmcsrb.com\"],\"url\":\"https:\\\/\\\/dmcsrb.com\\\/en\\\/author\\\/dmcsrbija-comgmail-com\\\/\"}]}<\/script>\n<!-- \/ Yoast SEO plugin. -->","yoast_head_json":{"title":"Belgija lak zalogaj za Francusku, BiH deklasirala Kipar - dmcsrb.com","robots":{"index":"index","follow":"follow","max-snippet":"max-snippet:-1","max-image-preview":"max-image-preview:large","max-video-preview":"max-video-preview:-1"},"canonical":"https:\/\/dmcsrb.com\/en\/sport\/belgija-lak-zalogaj-za-francusku-bih-deklasirala-kipar\/","og_locale":"en_GB","og_type":"article","og_title":"Belgija lak zalogaj za Francusku, BiH deklasirala Kipar - dmcsrb.com","og_description":"Ko\u0161arka\u0161i Francuske pobjedom su otvorili Eurobasket, po\u0161to su danas u Katovicama u prvom kolu grupe D rutinski savladali selekciju iz kom\u0161iluka, reprezentaciju Belgije (92:64).","og_url":"https:\/\/dmcsrb.com\/en\/sport\/belgija-lak-zalogaj-za-francusku-bih-deklasirala-kipar\/","og_site_name":"dmcsrb.com","article_published_time":"2025-08-28T15:19:00+00:00","og_image":[{"width":2400,"height":1600,"url":"https:\/\/dmcsrb.com\/wp-content\/uploads\/2026\/01\/Francuska-Belgija-FIBA.webp","type":"image\/webp"}],"author":"dmcsrbija.com@gmail.com","twitter_card":"summary_large_image","twitter_misc":{"Written by":"dmcsrbija.com@gmail.com","Estimated reading time":"2 minutes"},"schema":{"@context":"https:\/\/schema.org","@graph":[{"@type":"Article","@id":"https:\/\/dmcsrb.com\/sport\/belgija-lak-zalogaj-za-francusku-bih-deklasirala-kipar\/#article","isPartOf":{"@id":"https:\/\/dmcsrb.com\/sport\/belgija-lak-zalogaj-za-francusku-bih-deklasirala-kipar\/"},"author":{"name":"dmcsrbija.com@gmail.com","@id":"https:\/\/dmcsrb.com\/#\/schema\/person\/5c39170f12db1b8b457732d0b5c854e2"},"headline":"Belgija lak zalogaj za Francusku, BiH deklasirala Kipar","datePublished":"2025-08-28T15:19:00+00:00","mainEntityOfPage":{"@id":"https:\/\/dmcsrb.com\/sport\/belgija-lak-zalogaj-za-francusku-bih-deklasirala-kipar\/"},"wordCount":320,"commentCount":0,"image":{"@id":"https:\/\/dmcsrb.com\/sport\/belgija-lak-zalogaj-za-francusku-bih-deklasirala-kipar\/#primaryimage"},"thumbnailUrl":"https:\/\/dmcsrb.com\/wp-content\/uploads\/2026\/01\/Francuska-Belgija-FIBA.webp","keywords":["Eurobasket 2025","Mu\u0161ka ko\u0161arka\u0161ka reprezentacija Belgije","Mu\u0161ka ko\u0161arka\u0161ka reprezentacija Bosne i Hercegovine","Mu\u0161ka ko\u0161arka\u0161ka reprezentacija Francuske","Mu\u0161ka ko\u0161arka\u0161ka reprezentacija Kipra"],"articleSection":["Sport"],"inLanguage":"en-GB","potentialAction":[{"@type":"CommentAction","name":"Comment","target":["https:\/\/dmcsrb.com\/sport\/belgija-lak-zalogaj-za-francusku-bih-deklasirala-kipar\/#respond"]}]},{"@type":"WebPage","@id":"https:\/\/dmcsrb.com\/sport\/belgija-lak-zalogaj-za-francusku-bih-deklasirala-kipar\/","url":"https:\/\/dmcsrb.com\/sport\/belgija-lak-zalogaj-za-francusku-bih-deklasirala-kipar\/","name":"Belgija lak zalogaj za Francusku, BiH deklasirala Kipar - dmcsrb.com","isPartOf":{"@id":"https:\/\/dmcsrb.com\/#website"},"primaryImageOfPage":{"@id":"https:\/\/dmcsrb.com\/sport\/belgija-lak-zalogaj-za-francusku-bih-deklasirala-kipar\/#primaryimage"},"image":{"@id":"https:\/\/dmcsrb.com\/sport\/belgija-lak-zalogaj-za-francusku-bih-deklasirala-kipar\/#primaryimage"},"thumbnailUrl":"https:\/\/dmcsrb.com\/wp-content\/uploads\/2026\/01\/Francuska-Belgija-FIBA.webp","datePublished":"2025-08-28T15:19:00+00:00","author":{"@id":"https:\/\/dmcsrb.com\/#\/schema\/person\/5c39170f12db1b8b457732d0b5c854e2"},"breadcrumb":{"@id":"https:\/\/dmcsrb.com\/sport\/belgija-lak-zalogaj-za-francusku-bih-deklasirala-kipar\/#breadcrumb"},"inLanguage":"en-GB","potentialAction":[{"@type":"ReadAction","target":["https:\/\/dmcsrb.com\/sport\/belgija-lak-zalogaj-za-francusku-bih-deklasirala-kipar\/"]}]},{"@type":"ImageObject","inLanguage":"en-GB","@id":"https:\/\/dmcsrb.com\/sport\/belgija-lak-zalogaj-za-francusku-bih-deklasirala-kipar\/#primaryimage","url":"https:\/\/dmcsrb.com\/wp-content\/uploads\/2026\/01\/Francuska-Belgija-FIBA.webp","contentUrl":"https:\/\/dmcsrb.com\/wp-content\/uploads\/2026\/01\/Francuska-Belgija-FIBA.webp","width":2400,"height":1600},{"@type":"BreadcrumbList","@id":"https:\/\/dmcsrb.com\/sport\/belgija-lak-zalogaj-za-francusku-bih-deklasirala-kipar\/#breadcrumb","itemListElement":[{"@type":"ListItem","position":1,"name":"Home","item":"https:\/\/dmcsrb.com\/"},{"@type":"ListItem","position":2,"name":"Belgija lak zalogaj za Francusku, BiH deklasirala Kipar"}]},{"@type":"WebSite","@id":"https:\/\/dmcsrb.com\/#website","url":"https:\/\/dmcsrb.com\/","name":"dmcsrb.com","description":"","potentialAction":[{"@type":"SearchAction","target":{"@type":"EntryPoint","urlTemplate":"https:\/\/dmcsrb.com\/?s={search_term_string}"},"query-input":{"@type":"PropertyValueSpecification","valueRequired":true,"valueName":"search_term_string"}}],"inLanguage":"en-GB"},{"@type":"Person","@id":"https:\/\/dmcsrb.com\/#\/schema\/person\/5c39170f12db1b8b457732d0b5c854e2","name":"dmcsrbija.com@gmail.com","image":{"@type":"ImageObject","inLanguage":"en-GB","@id":"https:\/\/secure.gravatar.com\/avatar\/68592660ad6347fad0fb587f8d5d8f1a7b44961362f56e4f2cd524feb87e9069?s=96&d=mm&r=g","url":"https:\/\/secure.gravatar.com\/avatar\/68592660ad6347fad0fb587f8d5d8f1a7b44961362f56e4f2cd524feb87e9069?s=96&d=mm&r=g","contentUrl":"https:\/\/secure.gravatar.com\/avatar\/68592660ad6347fad0fb587f8d5d8f1a7b44961362f56e4f2cd524feb87e9069?s=96&d=mm&r=g","caption":"dmcsrbija.com@gmail.com"},"sameAs":["https:\/\/dmcsrb.com"],"url":"https:\/\/dmcsrb.com\/en\/author\/dmcsrbija-comgmail-com\/"}]}},"_links":{"self":[{"href":"https:\/\/dmcsrb.com\/en\/wp-json\/wp\/v2\/posts\/948868","targetHints":{"allow":["GET"]}}],"collection":[{"href":"https:\/\/dmcsrb.com\/en\/wp-json\/wp\/v2\/posts"}],"about":[{"href":"https:\/\/dmcsrb.com\/en\/wp-json\/wp\/v2\/types\/post"}],"author":[{"embeddable":true,"href":"https:\/\/dmcsrb.com\/en\/wp-json\/wp\/v2\/users\/1"}],"replies":[{"embeddable":true,"href":"https:\/\/dmcsrb.com\/en\/wp-json\/wp\/v2\/comments?post=948868"}],"version-history":[{"count":0,"href":"https:\/\/dmcsrb.com\/en\/wp-json\/wp\/v2\/posts\/948868\/revisions"}],"wp:featuredmedia":[{"embeddable":true,"href":"https:\/\/dmcsrb.com\/en\/wp-json\/wp\/v2\/media\/948869"}],"wp:attachment":[{"href":"https:\/\/dmcsrb.com\/en\/wp-json\/wp\/v2\/media?parent=948868"}],"wp:term":[{"taxonomy":"category","embeddable":true,"href":"https:\/\/dmcsrb.com\/en\/wp-json\/wp\/v2\/categories?post=948868"},{"taxonomy":"post_tag","embeddable":true,"href":"https:\/\/dmcsrb.com\/en\/wp-json\/wp\/v2\/tags?post=948868"},{"taxonomy":"naslovna","embeddable":true,"href":"https:\/\/dmcsrb.com\/en\/wp-json\/wp\/v2\/naslovna?post=948868"}],"curies":[{"name":"wp","href":"https:\/\/api.w.org\/{rel}","templated":true}]}}