{"id":948859,"date":"2025-08-28T15:52:26","date_gmt":"2025-08-28T13:52:26","guid":{"rendered":"https:\/\/dmcsrb.com\/uncategorized\/ivanovic-i-braze-crna-gora-i-letonija-jacaju-partnerstvo\/"},"modified":"2025-08-28T15:52:26","modified_gmt":"2025-08-28T13:52:26","slug":"ivanovic-i-braze-crna-gora-i-letonija-jacaju-partnerstvo","status":"publish","type":"post","link":"https:\/\/dmcsrb.com\/en\/politika\/ivanovic-i-braze-crna-gora-i-letonija-jacaju-partnerstvo\/","title":{"rendered":"Ivanovi\u0107 i Bra\u017ee: Crna Gora i Letonija ja\u010daju partnerstvo"},"content":{"rendered":"<p><\/p>\n\n\n\n<p>Razgovor je protekao u konstruktivnoj i prijateljskoj atmosferi, potvr\u0111uju\u0107i sna\u017eno partnerstvo dvije zemlje.<\/p>\n\n\n\n<p>&#8220;Ivanovi\u0107 je istakao da je evropska integracija strate\u0161ki prioritet Crne Gore i zahvalio Letoniji na kontinuiranoj politi\u010dkoj i ekspertskoj podr\u0161ci. Istakao je napredak koji je Crna Gora ostvarila u procesu evropske integracije, naglasiv\u0161i da postoji sna\u017ean dru\u0161tveni i politi\u010dki konsenzus o \u010dlanstvu u Evropskoj uniji&#8221; &#8211; navodi se.<\/p>\n\n\n\n<p>Ministarka Bra\u017ee pohvalila je rezultate koje je Crna Gora postigla na evropskom putu, poru\u010div\u0161i da Letonija vidi Crnu Goru kao predvodnicu procesa pro\u0161irenja. Naglasila je da o\u010dekuje da Crna Gora postane \u010dlanica EU do 2028. godine, \u0161to se poklapa sa letonskim predsjedavanjem Savjetom EU.<\/p>\n\n\n\n<p>&#8220;Istakla je da je Crna Gora pokazala ozbiljnu posve\u0107enost evropskim vrijednostima i da je spremna da preuzme obaveze \u010dlanstva, dodaju\u0107i da \u0107e Letonija nastaviti da pru\u017ea punu podr\u0161ku i dijeli svoja iskustva iz procesa pristupanja. Bra\u017ee je tako\u0111e ukazala na zna\u010daj potpunog uskla\u0111ivanja Crne Gore sa Zajedni\u010dkom vanjskom i bezbjednosnom politikom EU&#8221; &#8211; stoji u saop\u0161tenju.<\/p>\n\n\n\n<p>Sagovornici su posebno naglasili zna\u010daj savezni\u0161tva u okviru NATO-a. Bra\u017ee je istakla doprinos crnogorskih vojnika u multinacionalnoj borbenoj grupi u bazi Ada\u017ei i zahvalila Crnoj Gori na doprinosu ja\u010danju bezbjednosti balti\u010dkog regiona.<\/p>\n\n\n\n<p>&#8220;Razgovarano je i o ja\u010danju ekonomskih i turisti\u010dkih veza, pri \u010demu je posebno pozdravljeno uspostavljanje sezonskih direktnih letova Tivat-Riga, dok je otvaranje linije Podgorica-Riga ozna\u010deno kao mogu\u0107nost koja bi dodatno olak\u0161ala povezivanje ljudi i otvorila prostor za nove oblike saradnje&#8221; &#8211; dodaje se.<\/p>\n\n\n\n<p>U znak po\u0161tovanja, Ivanovi\u0107 i Bra\u017ee polo\u017eili su cvije\u0107e na Spomenik slobode u Rigi, a potom se Ivanovi\u0107 upisao u Knjigu gostiju u Ministarstvu vanjskih poslova.<\/p>\n\n\n\n<p>Tokom posjete Parlamentu Letonije, Ivanovi\u0107 se sastao sa zamjenikom predsjednika Odbora za evropske poslove Ugisom Rotbergsom, koji je istakao da Letonija sna\u017eno podr\u017eava ambiciju Crne Gore da postane naredna \u010dlanica Evropske unije i naglasio da Crna Gora prednja\u010di u pregovara\u010dkom procesu.<\/p>\n\n\n\n<p>&#8220;Ivanovi\u0107 je zahvalio na podr\u0161ci i informisao sagovornika o napretku Crne Gore u pregovorima sa EU, nagla\u0161avaju\u0107i cilj da Crna Gora do 2028. postane \u010dlanica Unije. Ocijenio je da je rije\u010d o ambicioznom, ali ostvarivom cilju, isti\u010du\u0107i da bi \u010dlanstvo Crne Gore moglo poslu\u017eiti kao primjer i podsticaj za ostale zemlje kandidate. Sagovornici su se saglasili da postoji \u0161irok prostor za saradnju u brojnim oblastima &#8211; od politike i bezbjednosti do ekonomije, obrazovanja i turizma&#8221; &#8211; kazali su iz njegovog kabineta.<\/p>\n\n\n\n<p>U okviru programa, Ivanovi\u0107 je posjetio&nbsp;i Muzej okupacije u Rigi, gdje se upoznao sa svjedo\u010danstvima o stradanju i otporu letonskog naroda tokom 20. vijeka.<\/p>\n\n\n\n<p><\/p>","protected":false},"excerpt":{"rendered":"<p>Potpredsjednik Vlade Crne Gore za vanjske i evropske poslove dr\u00a0Filip Ivanovi\u0107\u00a0sastao se u Rigi sa ministarkom vanjskih poslova Republike Letonije\u00a0Baibom Bra\u017ee. Razgovor je protekao u konstruktivnoj i prijateljskoj atmosferi, potvr\u0111uju\u0107i sna\u017eno partnerstvo dvije zemlje, saop\u0161teno je iz njegovog kabineta.<\/p>","protected":false},"author":1,"featured_media":948860,"comment_status":"open","ping_status":"open","sticky":false,"template":"","format":"standard","meta":{"_acf_changed":false,"footnotes":""},"categories":[12],"tags":[95,11,11111],"naslovna":[],"class_list":["post-948859","post","type-post","status-publish","format-standard","has-post-thumbnail","hentry","category-politika","tag-crna-gora","tag-filip-ivanovic-2","tag-letonija"],"acf":[],"yoast_head":"<!-- This site is optimized with the Yoast SEO plugin v27.4 - https:\/\/yoast.com\/product\/yoast-seo-wordpress\/ -->\n<title>Ivanovi\u0107 i Bra\u017ee: Crna Gora i Letonija ja\u010daju partnerstvo - dmcsrb.com<\/title>\n<meta name=\"robots\" content=\"index, follow, max-snippet:-1, max-image-preview:large, max-video-preview:-1\" \/>\n<link rel=\"canonical\" href=\"https:\/\/dmcsrb.com\/en\/politika\/ivanovic-i-braze-crna-gora-i-letonija-jacaju-partnerstvo\/\" \/>\n<meta property=\"og:locale\" content=\"en_GB\" \/>\n<meta property=\"og:type\" content=\"article\" \/>\n<meta property=\"og:title\" content=\"Ivanovi\u0107 i Bra\u017ee: Crna Gora i Letonija ja\u010daju partnerstvo - dmcsrb.com\" \/>\n<meta property=\"og:description\" content=\"Potpredsjednik Vlade Crne Gore za vanjske i evropske poslove dr\u00a0Filip Ivanovi\u0107\u00a0sastao se u Rigi sa ministarkom vanjskih poslova Republike Letonije\u00a0Baibom Bra\u017ee. Razgovor je protekao u konstruktivnoj i prijateljskoj atmosferi, potvr\u0111uju\u0107i sna\u017eno partnerstvo dvije zemlje, saop\u0161teno je iz njegovog kabineta.\" \/>\n<meta property=\"og:url\" content=\"https:\/\/dmcsrb.com\/en\/politika\/ivanovic-i-braze-crna-gora-i-letonija-jacaju-partnerstvo\/\" \/>\n<meta property=\"og:site_name\" content=\"dmcsrb.com\" \/>\n<meta property=\"article:published_time\" content=\"2025-08-28T13:52:26+00:00\" \/>\n<meta property=\"og:image\" content=\"https:\/\/dmcsrb.com\/wp-content\/uploads\/2026\/01\/Filip-Ivanovic-sa-zamjenikom-predsjednika-Odbora-za-evropske-poslove-Ugisom-Rotbergsom.webp\" \/>\n\t<meta property=\"og:image:width\" content=\"2500\" \/>\n\t<meta property=\"og:image:height\" content=\"1664\" \/>\n\t<meta property=\"og:image:type\" content=\"image\/jpeg\" \/>\n<meta name=\"author\" content=\"dmcsrbija.com@gmail.com\" \/>\n<meta name=\"twitter:card\" content=\"summary_large_image\" \/>\n<meta name=\"twitter:label1\" content=\"Written by\" \/>\n\t<meta name=\"twitter:data1\" content=\"dmcsrbija.com@gmail.com\" \/>\n\t<meta name=\"twitter:label2\" content=\"Estimated reading time\" \/>\n\t<meta name=\"twitter:data2\" content=\"2 minutes\" \/>\n<script type=\"application\/ld+json\" class=\"yoast-schema-graph\">{\"@context\":\"https:\\\/\\\/schema.org\",\"@graph\":[{\"@type\":\"Article\",\"@id\":\"https:\\\/\\\/dmcsrb.com\\\/politika\\\/ivanovic-i-braze-crna-gora-i-letonija-jacaju-partnerstvo\\\/#article\",\"isPartOf\":{\"@id\":\"https:\\\/\\\/dmcsrb.com\\\/politika\\\/ivanovic-i-braze-crna-gora-i-letonija-jacaju-partnerstvo\\\/\"},\"author\":{\"name\":\"dmcsrbija.com@gmail.com\",\"@id\":\"https:\\\/\\\/dmcsrb.com\\\/#\\\/schema\\\/person\\\/5c39170f12db1b8b457732d0b5c854e2\"},\"headline\":\"Ivanovi\u0107 i Bra\u017ee: Crna Gora i Letonija ja\u010daju partnerstvo\",\"datePublished\":\"2025-08-28T13:52:26+00:00\",\"mainEntityOfPage\":{\"@id\":\"https:\\\/\\\/dmcsrb.com\\\/politika\\\/ivanovic-i-braze-crna-gora-i-letonija-jacaju-partnerstvo\\\/\"},\"wordCount\":469,\"commentCount\":0,\"image\":{\"@id\":\"https:\\\/\\\/dmcsrb.com\\\/politika\\\/ivanovic-i-braze-crna-gora-i-letonija-jacaju-partnerstvo\\\/#primaryimage\"},\"thumbnailUrl\":\"https:\\\/\\\/dmcsrb.com\\\/wp-content\\\/uploads\\\/2026\\\/01\\\/Filip-Ivanovic-sa-zamjenikom-predsjednika-Odbora-za-evropske-poslove-Ugisom-Rotbergsom.webp\",\"keywords\":[\"Crna Gora\",\"Filip Ivanovi\u0107\",\"Letonija\"],\"articleSection\":[\"Politika\"],\"inLanguage\":\"en-GB\",\"potentialAction\":[{\"@type\":\"CommentAction\",\"name\":\"Comment\",\"target\":[\"https:\\\/\\\/dmcsrb.com\\\/politika\\\/ivanovic-i-braze-crna-gora-i-letonija-jacaju-partnerstvo\\\/#respond\"]}]},{\"@type\":\"WebPage\",\"@id\":\"https:\\\/\\\/dmcsrb.com\\\/politika\\\/ivanovic-i-braze-crna-gora-i-letonija-jacaju-partnerstvo\\\/\",\"url\":\"https:\\\/\\\/dmcsrb.com\\\/politika\\\/ivanovic-i-braze-crna-gora-i-letonija-jacaju-partnerstvo\\\/\",\"name\":\"Ivanovi\u0107 i Bra\u017ee: Crna Gora i Letonija ja\u010daju partnerstvo - dmcsrb.com\",\"isPartOf\":{\"@id\":\"https:\\\/\\\/dmcsrb.com\\\/#website\"},\"primaryImageOfPage\":{\"@id\":\"https:\\\/\\\/dmcsrb.com\\\/politika\\\/ivanovic-i-braze-crna-gora-i-letonija-jacaju-partnerstvo\\\/#primaryimage\"},\"image\":{\"@id\":\"https:\\\/\\\/dmcsrb.com\\\/politika\\\/ivanovic-i-braze-crna-gora-i-letonija-jacaju-partnerstvo\\\/#primaryimage\"},\"thumbnailUrl\":\"https:\\\/\\\/dmcsrb.com\\\/wp-content\\\/uploads\\\/2026\\\/01\\\/Filip-Ivanovic-sa-zamjenikom-predsjednika-Odbora-za-evropske-poslove-Ugisom-Rotbergsom.webp\",\"datePublished\":\"2025-08-28T13:52:26+00:00\",\"author\":{\"@id\":\"https:\\\/\\\/dmcsrb.com\\\/#\\\/schema\\\/person\\\/5c39170f12db1b8b457732d0b5c854e2\"},\"breadcrumb\":{\"@id\":\"https:\\\/\\\/dmcsrb.com\\\/politika\\\/ivanovic-i-braze-crna-gora-i-letonija-jacaju-partnerstvo\\\/#breadcrumb\"},\"inLanguage\":\"en-GB\",\"potentialAction\":[{\"@type\":\"ReadAction\",\"target\":[\"https:\\\/\\\/dmcsrb.com\\\/politika\\\/ivanovic-i-braze-crna-gora-i-letonija-jacaju-partnerstvo\\\/\"]}]},{\"@type\":\"ImageObject\",\"inLanguage\":\"en-GB\",\"@id\":\"https:\\\/\\\/dmcsrb.com\\\/politika\\\/ivanovic-i-braze-crna-gora-i-letonija-jacaju-partnerstvo\\\/#primaryimage\",\"url\":\"https:\\\/\\\/dmcsrb.com\\\/wp-content\\\/uploads\\\/2026\\\/01\\\/Filip-Ivanovic-sa-zamjenikom-predsjednika-Odbora-za-evropske-poslove-Ugisom-Rotbergsom.webp\",\"contentUrl\":\"https:\\\/\\\/dmcsrb.com\\\/wp-content\\\/uploads\\\/2026\\\/01\\\/Filip-Ivanovic-sa-zamjenikom-predsjednika-Odbora-za-evropske-poslove-Ugisom-Rotbergsom.webp\",\"width\":2500,\"height\":1664},{\"@type\":\"BreadcrumbList\",\"@id\":\"https:\\\/\\\/dmcsrb.com\\\/politika\\\/ivanovic-i-braze-crna-gora-i-letonija-jacaju-partnerstvo\\\/#breadcrumb\",\"itemListElement\":[{\"@type\":\"ListItem\",\"position\":1,\"name\":\"Home\",\"item\":\"https:\\\/\\\/dmcsrb.com\\\/\"},{\"@type\":\"ListItem\",\"position\":2,\"name\":\"Ivanovi\u0107 i Bra\u017ee: Crna Gora i Letonija ja\u010daju partnerstvo\"}]},{\"@type\":\"WebSite\",\"@id\":\"https:\\\/\\\/dmcsrb.com\\\/#website\",\"url\":\"https:\\\/\\\/dmcsrb.com\\\/\",\"name\":\"dmcsrb.com\",\"description\":\"\",\"potentialAction\":[{\"@type\":\"SearchAction\",\"target\":{\"@type\":\"EntryPoint\",\"urlTemplate\":\"https:\\\/\\\/dmcsrb.com\\\/?s={search_term_string}\"},\"query-input\":{\"@type\":\"PropertyValueSpecification\",\"valueRequired\":true,\"valueName\":\"search_term_string\"}}],\"inLanguage\":\"en-GB\"},{\"@type\":\"Person\",\"@id\":\"https:\\\/\\\/dmcsrb.com\\\/#\\\/schema\\\/person\\\/5c39170f12db1b8b457732d0b5c854e2\",\"name\":\"dmcsrbija.com@gmail.com\",\"image\":{\"@type\":\"ImageObject\",\"inLanguage\":\"en-GB\",\"@id\":\"https:\\\/\\\/secure.gravatar.com\\\/avatar\\\/68592660ad6347fad0fb587f8d5d8f1a7b44961362f56e4f2cd524feb87e9069?s=96&d=mm&r=g\",\"url\":\"https:\\\/\\\/secure.gravatar.com\\\/avatar\\\/68592660ad6347fad0fb587f8d5d8f1a7b44961362f56e4f2cd524feb87e9069?s=96&d=mm&r=g\",\"contentUrl\":\"https:\\\/\\\/secure.gravatar.com\\\/avatar\\\/68592660ad6347fad0fb587f8d5d8f1a7b44961362f56e4f2cd524feb87e9069?s=96&d=mm&r=g\",\"caption\":\"dmcsrbija.com@gmail.com\"},\"sameAs\":[\"https:\\\/\\\/dmcsrb.com\"],\"url\":\"https:\\\/\\\/dmcsrb.com\\\/en\\\/author\\\/dmcsrbija-comgmail-com\\\/\"}]}<\/script>\n<!-- \/ Yoast SEO plugin. -->","yoast_head_json":{"title":"Ivanovi\u0107 i Bra\u017ee: Crna Gora i Letonija ja\u010daju partnerstvo - dmcsrb.com","robots":{"index":"index","follow":"follow","max-snippet":"max-snippet:-1","max-image-preview":"max-image-preview:large","max-video-preview":"max-video-preview:-1"},"canonical":"https:\/\/dmcsrb.com\/en\/politika\/ivanovic-i-braze-crna-gora-i-letonija-jacaju-partnerstvo\/","og_locale":"en_GB","og_type":"article","og_title":"Ivanovi\u0107 i Bra\u017ee: Crna Gora i Letonija ja\u010daju partnerstvo - dmcsrb.com","og_description":"Potpredsjednik Vlade Crne Gore za vanjske i evropske poslove dr\u00a0Filip Ivanovi\u0107\u00a0sastao se u Rigi sa ministarkom vanjskih poslova Republike Letonije\u00a0Baibom Bra\u017ee. Razgovor je protekao u konstruktivnoj i prijateljskoj atmosferi, potvr\u0111uju\u0107i sna\u017eno partnerstvo dvije zemlje, saop\u0161teno je iz njegovog kabineta.","og_url":"https:\/\/dmcsrb.com\/en\/politika\/ivanovic-i-braze-crna-gora-i-letonija-jacaju-partnerstvo\/","og_site_name":"dmcsrb.com","article_published_time":"2025-08-28T13:52:26+00:00","og_image":[{"width":2500,"height":1664,"url":"https:\/\/dmcsrb.com\/wp-content\/uploads\/2026\/01\/Filip-Ivanovic-sa-zamjenikom-predsjednika-Odbora-za-evropske-poslove-Ugisom-Rotbergsom.webp","type":"image\/jpeg"}],"author":"dmcsrbija.com@gmail.com","twitter_card":"summary_large_image","twitter_misc":{"Written by":"dmcsrbija.com@gmail.com","Estimated reading time":"2 minutes"},"schema":{"@context":"https:\/\/schema.org","@graph":[{"@type":"Article","@id":"https:\/\/dmcsrb.com\/politika\/ivanovic-i-braze-crna-gora-i-letonija-jacaju-partnerstvo\/#article","isPartOf":{"@id":"https:\/\/dmcsrb.com\/politika\/ivanovic-i-braze-crna-gora-i-letonija-jacaju-partnerstvo\/"},"author":{"name":"dmcsrbija.com@gmail.com","@id":"https:\/\/dmcsrb.com\/#\/schema\/person\/5c39170f12db1b8b457732d0b5c854e2"},"headline":"Ivanovi\u0107 i Bra\u017ee: Crna Gora i Letonija ja\u010daju partnerstvo","datePublished":"2025-08-28T13:52:26+00:00","mainEntityOfPage":{"@id":"https:\/\/dmcsrb.com\/politika\/ivanovic-i-braze-crna-gora-i-letonija-jacaju-partnerstvo\/"},"wordCount":469,"commentCount":0,"image":{"@id":"https:\/\/dmcsrb.com\/politika\/ivanovic-i-braze-crna-gora-i-letonija-jacaju-partnerstvo\/#primaryimage"},"thumbnailUrl":"https:\/\/dmcsrb.com\/wp-content\/uploads\/2026\/01\/Filip-Ivanovic-sa-zamjenikom-predsjednika-Odbora-za-evropske-poslove-Ugisom-Rotbergsom.webp","keywords":["Crna Gora","Filip Ivanovi\u0107","Letonija"],"articleSection":["Politika"],"inLanguage":"en-GB","potentialAction":[{"@type":"CommentAction","name":"Comment","target":["https:\/\/dmcsrb.com\/politika\/ivanovic-i-braze-crna-gora-i-letonija-jacaju-partnerstvo\/#respond"]}]},{"@type":"WebPage","@id":"https:\/\/dmcsrb.com\/politika\/ivanovic-i-braze-crna-gora-i-letonija-jacaju-partnerstvo\/","url":"https:\/\/dmcsrb.com\/politika\/ivanovic-i-braze-crna-gora-i-letonija-jacaju-partnerstvo\/","name":"Ivanovi\u0107 i Bra\u017ee: Crna Gora i Letonija ja\u010daju partnerstvo - dmcsrb.com","isPartOf":{"@id":"https:\/\/dmcsrb.com\/#website"},"primaryImageOfPage":{"@id":"https:\/\/dmcsrb.com\/politika\/ivanovic-i-braze-crna-gora-i-letonija-jacaju-partnerstvo\/#primaryimage"},"image":{"@id":"https:\/\/dmcsrb.com\/politika\/ivanovic-i-braze-crna-gora-i-letonija-jacaju-partnerstvo\/#primaryimage"},"thumbnailUrl":"https:\/\/dmcsrb.com\/wp-content\/uploads\/2026\/01\/Filip-Ivanovic-sa-zamjenikom-predsjednika-Odbora-za-evropske-poslove-Ugisom-Rotbergsom.webp","datePublished":"2025-08-28T13:52:26+00:00","author":{"@id":"https:\/\/dmcsrb.com\/#\/schema\/person\/5c39170f12db1b8b457732d0b5c854e2"},"breadcrumb":{"@id":"https:\/\/dmcsrb.com\/politika\/ivanovic-i-braze-crna-gora-i-letonija-jacaju-partnerstvo\/#breadcrumb"},"inLanguage":"en-GB","potentialAction":[{"@type":"ReadAction","target":["https:\/\/dmcsrb.com\/politika\/ivanovic-i-braze-crna-gora-i-letonija-jacaju-partnerstvo\/"]}]},{"@type":"ImageObject","inLanguage":"en-GB","@id":"https:\/\/dmcsrb.com\/politika\/ivanovic-i-braze-crna-gora-i-letonija-jacaju-partnerstvo\/#primaryimage","url":"https:\/\/dmcsrb.com\/wp-content\/uploads\/2026\/01\/Filip-Ivanovic-sa-zamjenikom-predsjednika-Odbora-za-evropske-poslove-Ugisom-Rotbergsom.webp","contentUrl":"https:\/\/dmcsrb.com\/wp-content\/uploads\/2026\/01\/Filip-Ivanovic-sa-zamjenikom-predsjednika-Odbora-za-evropske-poslove-Ugisom-Rotbergsom.webp","width":2500,"height":1664},{"@type":"BreadcrumbList","@id":"https:\/\/dmcsrb.com\/politika\/ivanovic-i-braze-crna-gora-i-letonija-jacaju-partnerstvo\/#breadcrumb","itemListElement":[{"@type":"ListItem","position":1,"name":"Home","item":"https:\/\/dmcsrb.com\/"},{"@type":"ListItem","position":2,"name":"Ivanovi\u0107 i Bra\u017ee: Crna Gora i Letonija ja\u010daju partnerstvo"}]},{"@type":"WebSite","@id":"https:\/\/dmcsrb.com\/#website","url":"https:\/\/dmcsrb.com\/","name":"dmcsrb.com","description":"","potentialAction":[{"@type":"SearchAction","target":{"@type":"EntryPoint","urlTemplate":"https:\/\/dmcsrb.com\/?s={search_term_string}"},"query-input":{"@type":"PropertyValueSpecification","valueRequired":true,"valueName":"search_term_string"}}],"inLanguage":"en-GB"},{"@type":"Person","@id":"https:\/\/dmcsrb.com\/#\/schema\/person\/5c39170f12db1b8b457732d0b5c854e2","name":"dmcsrbija.com@gmail.com","image":{"@type":"ImageObject","inLanguage":"en-GB","@id":"https:\/\/secure.gravatar.com\/avatar\/68592660ad6347fad0fb587f8d5d8f1a7b44961362f56e4f2cd524feb87e9069?s=96&d=mm&r=g","url":"https:\/\/secure.gravatar.com\/avatar\/68592660ad6347fad0fb587f8d5d8f1a7b44961362f56e4f2cd524feb87e9069?s=96&d=mm&r=g","contentUrl":"https:\/\/secure.gravatar.com\/avatar\/68592660ad6347fad0fb587f8d5d8f1a7b44961362f56e4f2cd524feb87e9069?s=96&d=mm&r=g","caption":"dmcsrbija.com@gmail.com"},"sameAs":["https:\/\/dmcsrb.com"],"url":"https:\/\/dmcsrb.com\/en\/author\/dmcsrbija-comgmail-com\/"}]}},"_links":{"self":[{"href":"https:\/\/dmcsrb.com\/en\/wp-json\/wp\/v2\/posts\/948859","targetHints":{"allow":["GET"]}}],"collection":[{"href":"https:\/\/dmcsrb.com\/en\/wp-json\/wp\/v2\/posts"}],"about":[{"href":"https:\/\/dmcsrb.com\/en\/wp-json\/wp\/v2\/types\/post"}],"author":[{"embeddable":true,"href":"https:\/\/dmcsrb.com\/en\/wp-json\/wp\/v2\/users\/1"}],"replies":[{"embeddable":true,"href":"https:\/\/dmcsrb.com\/en\/wp-json\/wp\/v2\/comments?post=948859"}],"version-history":[{"count":0,"href":"https:\/\/dmcsrb.com\/en\/wp-json\/wp\/v2\/posts\/948859\/revisions"}],"wp:featuredmedia":[{"embeddable":true,"href":"https:\/\/dmcsrb.com\/en\/wp-json\/wp\/v2\/media\/948860"}],"wp:attachment":[{"href":"https:\/\/dmcsrb.com\/en\/wp-json\/wp\/v2\/media?parent=948859"}],"wp:term":[{"taxonomy":"category","embeddable":true,"href":"https:\/\/dmcsrb.com\/en\/wp-json\/wp\/v2\/categories?post=948859"},{"taxonomy":"post_tag","embeddable":true,"href":"https:\/\/dmcsrb.com\/en\/wp-json\/wp\/v2\/tags?post=948859"},{"taxonomy":"naslovna","embeddable":true,"href":"https:\/\/dmcsrb.com\/en\/wp-json\/wp\/v2\/naslovna?post=948859"}],"curies":[{"name":"wp","href":"https:\/\/api.w.org\/{rel}","templated":true}]}}