{"id":948853,"date":"2025-08-29T05:11:00","date_gmt":"2025-08-29T03:11:00","guid":{"rendered":"https:\/\/dmcsrb.com\/uncategorized\/video-glavni-grad-u-saradnji-sa-preduzecem-zelenilo-pokrenuo-akciju-kosenja-i-uredjenja-dvorista-osnovnih-skola\/"},"modified":"2025-08-29T05:11:00","modified_gmt":"2025-08-29T03:11:00","slug":"video-glavni-grad-u-saradnji-sa-preduzecem-zelenilo-pokrenuo-akciju-kosenja-i-uredjenja-dvorista-osnovnih-skola","status":"publish","type":"post","link":"https:\/\/dmcsrb.com\/en\/podgorica\/video-glavni-grad-u-saradnji-sa-preduzecem-zelenilo-pokrenuo-akciju-kosenja-i-uredjenja-dvorista-osnovnih-skola\/","title":{"rendered":"(VIDEO) Glavni grad u saradnji sa preduze\u0107em &#8220;Zelenilo&#8221; pokrenuo akciju ko\u0161enja i ure\u0111enja dvori\u0161ta osnovnih \u0161kola"},"content":{"rendered":"<p>U susretu novoj \u0161kolskoj godini, Glavni grad je u saradnji sa preduze\u0107ima \u201eZelenilo\u201c i \u201e\u010cisto\u0107a\u201c organizovao akciju ko\u0161enja i ure\u0111enje dvori\u0161ta u osnovnim \u0161kolama u Podgorici. Nadle\u017eni isti\u010du da su cilj ljep\u0161a i urednija dvori\u0161ta, te da podstaknu&nbsp; razvijanje ekolo\u0161ke svijesti i brige o zajednici. Ovaj projekat, kako su najavili,&nbsp; traja\u0107e i narednih dana.<\/p>\n\n\n\n<figure class=\"wp-block-image size-large\"><img decoding=\"async\" src=\"https:\/\/gradski.me\/wp-content\/uploads\/2025\/08\/ljiljanic-1024x494.jpg\" alt=\"\" class=\"wp-image-822158\"\/><\/figure>\n\n\n\n<p>&#8220;Lijepa \u0161kolska dvori\u0161ta su sre\u0107a za \u0111ake. Krenuli smo danas od Osnovne \u0161kole &#8220;Marko Miljanov&#8221; na Koniku kao \u0161to vidite ovo je ogromno dvori\u0161te, vrijedni radnici Zelenila od jutros rade, \u0161to se ti\u010de skupljanja iglica koje se nalaze ovdje do ko\u0161enja, prikupljanja otpada. Ova akcija \u0107e trajati i nakon 1. septembra i ne\u0107e se tada zavr\u0161iti, sve zavisi od kapaciteta i broja prijavljenih \u0161kola jer i sami znate da \u0161kole imaju odre\u0111ena sredstva sa kojim raspola\u017eu za ovaj tip i vrstu sre\u0111ivanja dvori\u0161ta, ali znamo da je to nekada nemogu\u0107e i da nemaju kapaciteta da ga srede&#8221;, kazala je zamjenica gradona\u010delnika Podgorice, Na\u0111a Ljiljani\u0107.<\/p>\n\n\n\n<p>Da se &#8220;Zelenil&#8221; vrlo rado se odazvalo pored svih preuzetih obaveza, istakao je direktor tog gradskog preduze\u0107a, Nemanja Gajovi\u0107.<\/p>\n\n\n\n<figure class=\"wp-block-image size-large\"><img decoding=\"async\" src=\"https:\/\/gradski.me\/wp-content\/uploads\/2025\/08\/ad-2-1024x495.jpg\" alt=\"\" class=\"wp-image-822159\"\/><\/figure>\n\n\n\n<p>&#8220;Ove akcije su akcije koje ujedno nas i ljude i gra\u0111ane ovog grada \u010dine boljima i bude svijest o \u017eivotnoj sredini i one su uvijek dobrodo\u0161le i mi se shodno na\u0161im kapacitetima uvijek trudimo da se odazovemo ovakvim akcijama&#8221;, kazao je on.<\/p>\n\n\n\n<p>U\u010denici navode da su zadovoljni jer \u0107e \u0161kola, zahvaljuju\u0107i ure\u0111enim dvori\u0161tima biti prijatnije mjesto za boravak i dru\u017eenje.<\/p>\n\n\n\n<p>Direktor \u0161kole &#8220;Marko Miljanov&#8221;, Predrag Burzanovi\u0107, ka\u017ee da je ovo jedan od projekata koje planiraju u narednom periodu.<\/p>\n\n\n\n<figure class=\"wp-block-image size-large\"><img decoding=\"async\" src=\"https:\/\/gradski.me\/wp-content\/uploads\/2025\/08\/3-1-1024x483.jpg\" alt=\"\" class=\"wp-image-822160\"\/><\/figure>\n\n\n\n<p>&#8220;Nemjerljivo zna\u010di i ova pomo\u0107 je nemjerljiva i samim tim \u0161to vidimo da nismo sami i da nismo ostavljenji i ka\u017eem pored ovoga sto smo danas uradili mi smo obuhvatili neformalne razgovore u kojima smo dogovorili dalje metode djelovanje i \u0161ta dalje uraditi za godinu dana&#8221;, istakao je on.<\/p>\n\n\n\n<p>Iz Zelenila isti\u010du da su pozitivno iznana\u0111eni sa brojem prijavljenih \u0161kola.<\/p>\n\n\n\n<p>&#8220;Nismo se ograni\u010davali rokovima kako bi negdje ispo\u0161tovali sve zahtjeve koje imamo u \u0161kolama i u dvori\u0161tima istih, ali \u0107emo uredno sve prijavljene \u0161kole urediti i pripremiti \u0111acima da budu na usluzi i koristi. Ja vjerujem u moj tim koji je izabran da radi na ovom projektu i ne sumnjam da ne\u0107emo sti\u0107i i ka\u017eem opet, ne smijemo se ograni\u010diti rokovima jer oni zavise od broja prijavljenih \u0161kola, ali \u0107e sve \u0161kole biti sre\u0111ene i sve biti ispo\u0161tovano.<\/p>\n\n\n\n<p>Osim \u0161kole Marko Miljanov sre\u0111uju se i dvori\u0161ta \u0161kola Radojica Perovi\u0107, Branko Bo\u017eovi\u0107, Sutjeska i Maksim Gorki, zaklju\u010dio je Gajovi\u0107.<\/p>\n\n\n\n<figure class=\"wp-block-embed is-type-video is-provider-youtube wp-block-embed-youtube wp-embed-aspect-16-9 wp-has-aspect-ratio\"><div class=\"wp-block-embed__wrapper\">\n<iframe loading=\"lazy\" title=\"Glavni grad sa preduze\u0107em &quot;Zelenilo&quot; pokrenuo akciju ko\u0161enja i ure\u0111enja dvori\u0161ta osnovnih \u0161kola\" width=\"500\" height=\"281\" src=\"https:\/\/www.youtube.com\/embed\/oc0KkUOWSf0?feature=oembed\" frameborder=\"0\" allow=\"accelerometer; autoplay; clipboard-write; encrypted-media; gyroscope; picture-in-picture; web-share\" referrerpolicy=\"strict-origin-when-cross-origin\" allowfullscreen><\/iframe>\n<\/div><\/figure>","protected":false},"excerpt":{"rendered":"<p>Glavni grad je u saradnji sa preduze\u0107em \u201eZelenilo\u201c pokrenulo akciju ko\u0161enja i ure\u0111enja dvori\u0161ta osnovnih \u0161kola u Podgorici. Nadle\u017eni poru\u010duju da \u0161kolski prostor nije samo u\u010dionica, ve\u0107 mjesto gdje djeca sti\u010du prve \u017eivotne lekcije kroz igru, dru\u017eenje i zajedni\u0161tvo. Ekipa Gradske TV posjetila je \u0161kolu Marko Miljanov na Koniku odakle su krenule akcije sre\u0111ivanja.<\/p>","protected":false},"author":1,"featured_media":948854,"comment_status":"open","ping_status":"open","sticky":false,"template":"","format":"standard","meta":{"_acf_changed":false,"footnotes":""},"categories":[56],"tags":[405,8975,420],"naslovna":[],"class_list":["post-948853","post","type-post","status-publish","format-standard","has-post-thumbnail","hentry","category-podgorica","tag-glavni-grad","tag-os-marko-miljanov","tag-zelenilo"],"acf":[],"yoast_head":"<!-- This site is optimized with the Yoast SEO plugin v27.4 - https:\/\/yoast.com\/product\/yoast-seo-wordpress\/ -->\n<title>(VIDEO) Glavni grad u saradnji sa preduze\u0107em &quot;Zelenilo&quot; pokrenuo akciju ko\u0161enja i ure\u0111enja dvori\u0161ta osnovnih \u0161kola - dmcsrb.com<\/title>\n<meta name=\"robots\" content=\"index, follow, max-snippet:-1, max-image-preview:large, max-video-preview:-1\" \/>\n<link rel=\"canonical\" href=\"https:\/\/dmcsrb.com\/en\/podgorica\/video-glavni-grad-u-saradnji-sa-preduzecem-zelenilo-pokrenuo-akciju-kosenja-i-uredjenja-dvorista-osnovnih-skola\/\" \/>\n<meta property=\"og:locale\" content=\"en_GB\" \/>\n<meta property=\"og:type\" content=\"article\" \/>\n<meta property=\"og:title\" content=\"(VIDEO) Glavni grad u saradnji sa preduze\u0107em &quot;Zelenilo&quot; pokrenuo akciju ko\u0161enja i ure\u0111enja dvori\u0161ta osnovnih \u0161kola - dmcsrb.com\" \/>\n<meta property=\"og:description\" content=\"Glavni grad je u saradnji sa preduze\u0107em \u201eZelenilo\u201c pokrenulo akciju ko\u0161enja i ure\u0111enja dvori\u0161ta osnovnih \u0161kola u Podgorici. Nadle\u017eni poru\u010duju da \u0161kolski prostor nije samo u\u010dionica, ve\u0107 mjesto gdje djeca sti\u010du prve \u017eivotne lekcije kroz igru, dru\u017eenje i zajedni\u0161tvo. Ekipa Gradske TV posjetila je \u0161kolu Marko Miljanov na Koniku odakle su krenule akcije sre\u0111ivanja.\" \/>\n<meta property=\"og:url\" content=\"https:\/\/dmcsrb.com\/en\/podgorica\/video-glavni-grad-u-saradnji-sa-preduzecem-zelenilo-pokrenuo-akciju-kosenja-i-uredjenja-dvorista-osnovnih-skola\/\" \/>\n<meta property=\"og:site_name\" content=\"dmcsrb.com\" \/>\n<meta property=\"article:published_time\" content=\"2025-08-29T03:11:00+00:00\" \/>\n<meta property=\"og:image\" content=\"https:\/\/dmcsrb.com\/wp-content\/uploads\/2026\/01\/nasl-1-1.webp\" \/>\n\t<meta property=\"og:image:width\" content=\"1824\" \/>\n\t<meta property=\"og:image:height\" content=\"873\" \/>\n\t<meta property=\"og:image:type\" content=\"image\/jpeg\" \/>\n<meta name=\"author\" content=\"dmcsrbija.com@gmail.com\" \/>\n<meta name=\"twitter:card\" content=\"summary_large_image\" \/>\n<meta name=\"twitter:label1\" content=\"Written by\" \/>\n\t<meta name=\"twitter:data1\" content=\"dmcsrbija.com@gmail.com\" \/>\n\t<meta name=\"twitter:label2\" content=\"Estimated reading time\" \/>\n\t<meta name=\"twitter:data2\" content=\"2 minutes\" \/>\n<script type=\"application\/ld+json\" class=\"yoast-schema-graph\">{\"@context\":\"https:\\\/\\\/schema.org\",\"@graph\":[{\"@type\":\"Article\",\"@id\":\"https:\\\/\\\/dmcsrb.com\\\/podgorica\\\/video-glavni-grad-u-saradnji-sa-preduzecem-zelenilo-pokrenuo-akciju-kosenja-i-uredjenja-dvorista-osnovnih-skola\\\/#article\",\"isPartOf\":{\"@id\":\"https:\\\/\\\/dmcsrb.com\\\/podgorica\\\/video-glavni-grad-u-saradnji-sa-preduzecem-zelenilo-pokrenuo-akciju-kosenja-i-uredjenja-dvorista-osnovnih-skola\\\/\"},\"author\":{\"name\":\"dmcsrbija.com@gmail.com\",\"@id\":\"https:\\\/\\\/dmcsrb.com\\\/#\\\/schema\\\/person\\\/5c39170f12db1b8b457732d0b5c854e2\"},\"headline\":\"(VIDEO) Glavni grad u saradnji sa preduze\u0107em &#8220;Zelenilo&#8221; pokrenuo akciju ko\u0161enja i ure\u0111enja dvori\u0161ta osnovnih \u0161kola\",\"datePublished\":\"2025-08-29T03:11:00+00:00\",\"mainEntityOfPage\":{\"@id\":\"https:\\\/\\\/dmcsrb.com\\\/podgorica\\\/video-glavni-grad-u-saradnji-sa-preduzecem-zelenilo-pokrenuo-akciju-kosenja-i-uredjenja-dvorista-osnovnih-skola\\\/\"},\"wordCount\":491,\"commentCount\":0,\"image\":{\"@id\":\"https:\\\/\\\/dmcsrb.com\\\/podgorica\\\/video-glavni-grad-u-saradnji-sa-preduzecem-zelenilo-pokrenuo-akciju-kosenja-i-uredjenja-dvorista-osnovnih-skola\\\/#primaryimage\"},\"thumbnailUrl\":\"https:\\\/\\\/dmcsrb.com\\\/wp-content\\\/uploads\\\/2026\\\/01\\\/nasl-1-1.webp\",\"keywords\":[\"glavni grad\",\"O\u0160 \\\"Marko Miljanov\\\"\",\"Zelenilo\"],\"articleSection\":[\"Podgorica\"],\"inLanguage\":\"en-GB\",\"potentialAction\":[{\"@type\":\"CommentAction\",\"name\":\"Comment\",\"target\":[\"https:\\\/\\\/dmcsrb.com\\\/podgorica\\\/video-glavni-grad-u-saradnji-sa-preduzecem-zelenilo-pokrenuo-akciju-kosenja-i-uredjenja-dvorista-osnovnih-skola\\\/#respond\"]}]},{\"@type\":\"WebPage\",\"@id\":\"https:\\\/\\\/dmcsrb.com\\\/podgorica\\\/video-glavni-grad-u-saradnji-sa-preduzecem-zelenilo-pokrenuo-akciju-kosenja-i-uredjenja-dvorista-osnovnih-skola\\\/\",\"url\":\"https:\\\/\\\/dmcsrb.com\\\/podgorica\\\/video-glavni-grad-u-saradnji-sa-preduzecem-zelenilo-pokrenuo-akciju-kosenja-i-uredjenja-dvorista-osnovnih-skola\\\/\",\"name\":\"(VIDEO) Glavni grad u saradnji sa preduze\u0107em \\\"Zelenilo\\\" pokrenuo akciju ko\u0161enja i ure\u0111enja dvori\u0161ta osnovnih \u0161kola - dmcsrb.com\",\"isPartOf\":{\"@id\":\"https:\\\/\\\/dmcsrb.com\\\/#website\"},\"primaryImageOfPage\":{\"@id\":\"https:\\\/\\\/dmcsrb.com\\\/podgorica\\\/video-glavni-grad-u-saradnji-sa-preduzecem-zelenilo-pokrenuo-akciju-kosenja-i-uredjenja-dvorista-osnovnih-skola\\\/#primaryimage\"},\"image\":{\"@id\":\"https:\\\/\\\/dmcsrb.com\\\/podgorica\\\/video-glavni-grad-u-saradnji-sa-preduzecem-zelenilo-pokrenuo-akciju-kosenja-i-uredjenja-dvorista-osnovnih-skola\\\/#primaryimage\"},\"thumbnailUrl\":\"https:\\\/\\\/dmcsrb.com\\\/wp-content\\\/uploads\\\/2026\\\/01\\\/nasl-1-1.webp\",\"datePublished\":\"2025-08-29T03:11:00+00:00\",\"author\":{\"@id\":\"https:\\\/\\\/dmcsrb.com\\\/#\\\/schema\\\/person\\\/5c39170f12db1b8b457732d0b5c854e2\"},\"breadcrumb\":{\"@id\":\"https:\\\/\\\/dmcsrb.com\\\/podgorica\\\/video-glavni-grad-u-saradnji-sa-preduzecem-zelenilo-pokrenuo-akciju-kosenja-i-uredjenja-dvorista-osnovnih-skola\\\/#breadcrumb\"},\"inLanguage\":\"en-GB\",\"potentialAction\":[{\"@type\":\"ReadAction\",\"target\":[\"https:\\\/\\\/dmcsrb.com\\\/podgorica\\\/video-glavni-grad-u-saradnji-sa-preduzecem-zelenilo-pokrenuo-akciju-kosenja-i-uredjenja-dvorista-osnovnih-skola\\\/\"]}]},{\"@type\":\"ImageObject\",\"inLanguage\":\"en-GB\",\"@id\":\"https:\\\/\\\/dmcsrb.com\\\/podgorica\\\/video-glavni-grad-u-saradnji-sa-preduzecem-zelenilo-pokrenuo-akciju-kosenja-i-uredjenja-dvorista-osnovnih-skola\\\/#primaryimage\",\"url\":\"https:\\\/\\\/dmcsrb.com\\\/wp-content\\\/uploads\\\/2026\\\/01\\\/nasl-1-1.webp\",\"contentUrl\":\"https:\\\/\\\/dmcsrb.com\\\/wp-content\\\/uploads\\\/2026\\\/01\\\/nasl-1-1.webp\",\"width\":1824,\"height\":873},{\"@type\":\"BreadcrumbList\",\"@id\":\"https:\\\/\\\/dmcsrb.com\\\/podgorica\\\/video-glavni-grad-u-saradnji-sa-preduzecem-zelenilo-pokrenuo-akciju-kosenja-i-uredjenja-dvorista-osnovnih-skola\\\/#breadcrumb\",\"itemListElement\":[{\"@type\":\"ListItem\",\"position\":1,\"name\":\"Home\",\"item\":\"https:\\\/\\\/dmcsrb.com\\\/\"},{\"@type\":\"ListItem\",\"position\":2,\"name\":\"(VIDEO) Glavni grad u saradnji sa preduze\u0107em &#8220;Zelenilo&#8221; pokrenuo akciju ko\u0161enja i ure\u0111enja dvori\u0161ta osnovnih \u0161kola\"}]},{\"@type\":\"WebSite\",\"@id\":\"https:\\\/\\\/dmcsrb.com\\\/#website\",\"url\":\"https:\\\/\\\/dmcsrb.com\\\/\",\"name\":\"dmcsrb.com\",\"description\":\"\",\"potentialAction\":[{\"@type\":\"SearchAction\",\"target\":{\"@type\":\"EntryPoint\",\"urlTemplate\":\"https:\\\/\\\/dmcsrb.com\\\/?s={search_term_string}\"},\"query-input\":{\"@type\":\"PropertyValueSpecification\",\"valueRequired\":true,\"valueName\":\"search_term_string\"}}],\"inLanguage\":\"en-GB\"},{\"@type\":\"Person\",\"@id\":\"https:\\\/\\\/dmcsrb.com\\\/#\\\/schema\\\/person\\\/5c39170f12db1b8b457732d0b5c854e2\",\"name\":\"dmcsrbija.com@gmail.com\",\"image\":{\"@type\":\"ImageObject\",\"inLanguage\":\"en-GB\",\"@id\":\"https:\\\/\\\/secure.gravatar.com\\\/avatar\\\/68592660ad6347fad0fb587f8d5d8f1a7b44961362f56e4f2cd524feb87e9069?s=96&d=mm&r=g\",\"url\":\"https:\\\/\\\/secure.gravatar.com\\\/avatar\\\/68592660ad6347fad0fb587f8d5d8f1a7b44961362f56e4f2cd524feb87e9069?s=96&d=mm&r=g\",\"contentUrl\":\"https:\\\/\\\/secure.gravatar.com\\\/avatar\\\/68592660ad6347fad0fb587f8d5d8f1a7b44961362f56e4f2cd524feb87e9069?s=96&d=mm&r=g\",\"caption\":\"dmcsrbija.com@gmail.com\"},\"sameAs\":[\"https:\\\/\\\/dmcsrb.com\"],\"url\":\"https:\\\/\\\/dmcsrb.com\\\/en\\\/author\\\/dmcsrbija-comgmail-com\\\/\"}]}<\/script>\n<!-- \/ Yoast SEO plugin. -->","yoast_head_json":{"title":"(VIDEO) Glavni grad u saradnji sa preduze\u0107em \"Zelenilo\" pokrenuo akciju ko\u0161enja i ure\u0111enja dvori\u0161ta osnovnih \u0161kola - dmcsrb.com","robots":{"index":"index","follow":"follow","max-snippet":"max-snippet:-1","max-image-preview":"max-image-preview:large","max-video-preview":"max-video-preview:-1"},"canonical":"https:\/\/dmcsrb.com\/en\/podgorica\/video-glavni-grad-u-saradnji-sa-preduzecem-zelenilo-pokrenuo-akciju-kosenja-i-uredjenja-dvorista-osnovnih-skola\/","og_locale":"en_GB","og_type":"article","og_title":"(VIDEO) Glavni grad u saradnji sa preduze\u0107em \"Zelenilo\" pokrenuo akciju ko\u0161enja i ure\u0111enja dvori\u0161ta osnovnih \u0161kola - dmcsrb.com","og_description":"Glavni grad je u saradnji sa preduze\u0107em \u201eZelenilo\u201c pokrenulo akciju ko\u0161enja i ure\u0111enja dvori\u0161ta osnovnih \u0161kola u Podgorici. Nadle\u017eni poru\u010duju da \u0161kolski prostor nije samo u\u010dionica, ve\u0107 mjesto gdje djeca sti\u010du prve \u017eivotne lekcije kroz igru, dru\u017eenje i zajedni\u0161tvo. Ekipa Gradske TV posjetila je \u0161kolu Marko Miljanov na Koniku odakle su krenule akcije sre\u0111ivanja.","og_url":"https:\/\/dmcsrb.com\/en\/podgorica\/video-glavni-grad-u-saradnji-sa-preduzecem-zelenilo-pokrenuo-akciju-kosenja-i-uredjenja-dvorista-osnovnih-skola\/","og_site_name":"dmcsrb.com","article_published_time":"2025-08-29T03:11:00+00:00","og_image":[{"width":1824,"height":873,"url":"https:\/\/dmcsrb.com\/wp-content\/uploads\/2026\/01\/nasl-1-1.webp","type":"image\/jpeg"}],"author":"dmcsrbija.com@gmail.com","twitter_card":"summary_large_image","twitter_misc":{"Written by":"dmcsrbija.com@gmail.com","Estimated reading time":"2 minutes"},"schema":{"@context":"https:\/\/schema.org","@graph":[{"@type":"Article","@id":"https:\/\/dmcsrb.com\/podgorica\/video-glavni-grad-u-saradnji-sa-preduzecem-zelenilo-pokrenuo-akciju-kosenja-i-uredjenja-dvorista-osnovnih-skola\/#article","isPartOf":{"@id":"https:\/\/dmcsrb.com\/podgorica\/video-glavni-grad-u-saradnji-sa-preduzecem-zelenilo-pokrenuo-akciju-kosenja-i-uredjenja-dvorista-osnovnih-skola\/"},"author":{"name":"dmcsrbija.com@gmail.com","@id":"https:\/\/dmcsrb.com\/#\/schema\/person\/5c39170f12db1b8b457732d0b5c854e2"},"headline":"(VIDEO) Glavni grad u saradnji sa preduze\u0107em &#8220;Zelenilo&#8221; pokrenuo akciju ko\u0161enja i ure\u0111enja dvori\u0161ta osnovnih \u0161kola","datePublished":"2025-08-29T03:11:00+00:00","mainEntityOfPage":{"@id":"https:\/\/dmcsrb.com\/podgorica\/video-glavni-grad-u-saradnji-sa-preduzecem-zelenilo-pokrenuo-akciju-kosenja-i-uredjenja-dvorista-osnovnih-skola\/"},"wordCount":491,"commentCount":0,"image":{"@id":"https:\/\/dmcsrb.com\/podgorica\/video-glavni-grad-u-saradnji-sa-preduzecem-zelenilo-pokrenuo-akciju-kosenja-i-uredjenja-dvorista-osnovnih-skola\/#primaryimage"},"thumbnailUrl":"https:\/\/dmcsrb.com\/wp-content\/uploads\/2026\/01\/nasl-1-1.webp","keywords":["glavni grad","O\u0160 \"Marko Miljanov\"","Zelenilo"],"articleSection":["Podgorica"],"inLanguage":"en-GB","potentialAction":[{"@type":"CommentAction","name":"Comment","target":["https:\/\/dmcsrb.com\/podgorica\/video-glavni-grad-u-saradnji-sa-preduzecem-zelenilo-pokrenuo-akciju-kosenja-i-uredjenja-dvorista-osnovnih-skola\/#respond"]}]},{"@type":"WebPage","@id":"https:\/\/dmcsrb.com\/podgorica\/video-glavni-grad-u-saradnji-sa-preduzecem-zelenilo-pokrenuo-akciju-kosenja-i-uredjenja-dvorista-osnovnih-skola\/","url":"https:\/\/dmcsrb.com\/podgorica\/video-glavni-grad-u-saradnji-sa-preduzecem-zelenilo-pokrenuo-akciju-kosenja-i-uredjenja-dvorista-osnovnih-skola\/","name":"(VIDEO) Glavni grad u saradnji sa preduze\u0107em \"Zelenilo\" pokrenuo akciju ko\u0161enja i ure\u0111enja dvori\u0161ta osnovnih \u0161kola - dmcsrb.com","isPartOf":{"@id":"https:\/\/dmcsrb.com\/#website"},"primaryImageOfPage":{"@id":"https:\/\/dmcsrb.com\/podgorica\/video-glavni-grad-u-saradnji-sa-preduzecem-zelenilo-pokrenuo-akciju-kosenja-i-uredjenja-dvorista-osnovnih-skola\/#primaryimage"},"image":{"@id":"https:\/\/dmcsrb.com\/podgorica\/video-glavni-grad-u-saradnji-sa-preduzecem-zelenilo-pokrenuo-akciju-kosenja-i-uredjenja-dvorista-osnovnih-skola\/#primaryimage"},"thumbnailUrl":"https:\/\/dmcsrb.com\/wp-content\/uploads\/2026\/01\/nasl-1-1.webp","datePublished":"2025-08-29T03:11:00+00:00","author":{"@id":"https:\/\/dmcsrb.com\/#\/schema\/person\/5c39170f12db1b8b457732d0b5c854e2"},"breadcrumb":{"@id":"https:\/\/dmcsrb.com\/podgorica\/video-glavni-grad-u-saradnji-sa-preduzecem-zelenilo-pokrenuo-akciju-kosenja-i-uredjenja-dvorista-osnovnih-skola\/#breadcrumb"},"inLanguage":"en-GB","potentialAction":[{"@type":"ReadAction","target":["https:\/\/dmcsrb.com\/podgorica\/video-glavni-grad-u-saradnji-sa-preduzecem-zelenilo-pokrenuo-akciju-kosenja-i-uredjenja-dvorista-osnovnih-skola\/"]}]},{"@type":"ImageObject","inLanguage":"en-GB","@id":"https:\/\/dmcsrb.com\/podgorica\/video-glavni-grad-u-saradnji-sa-preduzecem-zelenilo-pokrenuo-akciju-kosenja-i-uredjenja-dvorista-osnovnih-skola\/#primaryimage","url":"https:\/\/dmcsrb.com\/wp-content\/uploads\/2026\/01\/nasl-1-1.webp","contentUrl":"https:\/\/dmcsrb.com\/wp-content\/uploads\/2026\/01\/nasl-1-1.webp","width":1824,"height":873},{"@type":"BreadcrumbList","@id":"https:\/\/dmcsrb.com\/podgorica\/video-glavni-grad-u-saradnji-sa-preduzecem-zelenilo-pokrenuo-akciju-kosenja-i-uredjenja-dvorista-osnovnih-skola\/#breadcrumb","itemListElement":[{"@type":"ListItem","position":1,"name":"Home","item":"https:\/\/dmcsrb.com\/"},{"@type":"ListItem","position":2,"name":"(VIDEO) Glavni grad u saradnji sa preduze\u0107em &#8220;Zelenilo&#8221; pokrenuo akciju ko\u0161enja i ure\u0111enja dvori\u0161ta osnovnih \u0161kola"}]},{"@type":"WebSite","@id":"https:\/\/dmcsrb.com\/#website","url":"https:\/\/dmcsrb.com\/","name":"dmcsrb.com","description":"","potentialAction":[{"@type":"SearchAction","target":{"@type":"EntryPoint","urlTemplate":"https:\/\/dmcsrb.com\/?s={search_term_string}"},"query-input":{"@type":"PropertyValueSpecification","valueRequired":true,"valueName":"search_term_string"}}],"inLanguage":"en-GB"},{"@type":"Person","@id":"https:\/\/dmcsrb.com\/#\/schema\/person\/5c39170f12db1b8b457732d0b5c854e2","name":"dmcsrbija.com@gmail.com","image":{"@type":"ImageObject","inLanguage":"en-GB","@id":"https:\/\/secure.gravatar.com\/avatar\/68592660ad6347fad0fb587f8d5d8f1a7b44961362f56e4f2cd524feb87e9069?s=96&d=mm&r=g","url":"https:\/\/secure.gravatar.com\/avatar\/68592660ad6347fad0fb587f8d5d8f1a7b44961362f56e4f2cd524feb87e9069?s=96&d=mm&r=g","contentUrl":"https:\/\/secure.gravatar.com\/avatar\/68592660ad6347fad0fb587f8d5d8f1a7b44961362f56e4f2cd524feb87e9069?s=96&d=mm&r=g","caption":"dmcsrbija.com@gmail.com"},"sameAs":["https:\/\/dmcsrb.com"],"url":"https:\/\/dmcsrb.com\/en\/author\/dmcsrbija-comgmail-com\/"}]}},"_links":{"self":[{"href":"https:\/\/dmcsrb.com\/en\/wp-json\/wp\/v2\/posts\/948853","targetHints":{"allow":["GET"]}}],"collection":[{"href":"https:\/\/dmcsrb.com\/en\/wp-json\/wp\/v2\/posts"}],"about":[{"href":"https:\/\/dmcsrb.com\/en\/wp-json\/wp\/v2\/types\/post"}],"author":[{"embeddable":true,"href":"https:\/\/dmcsrb.com\/en\/wp-json\/wp\/v2\/users\/1"}],"replies":[{"embeddable":true,"href":"https:\/\/dmcsrb.com\/en\/wp-json\/wp\/v2\/comments?post=948853"}],"version-history":[{"count":0,"href":"https:\/\/dmcsrb.com\/en\/wp-json\/wp\/v2\/posts\/948853\/revisions"}],"wp:featuredmedia":[{"embeddable":true,"href":"https:\/\/dmcsrb.com\/en\/wp-json\/wp\/v2\/media\/948854"}],"wp:attachment":[{"href":"https:\/\/dmcsrb.com\/en\/wp-json\/wp\/v2\/media?parent=948853"}],"wp:term":[{"taxonomy":"category","embeddable":true,"href":"https:\/\/dmcsrb.com\/en\/wp-json\/wp\/v2\/categories?post=948853"},{"taxonomy":"post_tag","embeddable":true,"href":"https:\/\/dmcsrb.com\/en\/wp-json\/wp\/v2\/tags?post=948853"},{"taxonomy":"naslovna","embeddable":true,"href":"https:\/\/dmcsrb.com\/en\/wp-json\/wp\/v2\/naslovna?post=948853"}],"curies":[{"name":"wp","href":"https:\/\/api.w.org\/{rel}","templated":true}]}}