{"id":948822,"date":"2025-08-28T13:45:00","date_gmt":"2025-08-28T11:45:00","guid":{"rendered":"https:\/\/dmcsrb.com\/uncategorized\/valancijunas-bice-zabavno-ali-i-tesko-protiv-vucevica\/"},"modified":"2025-08-28T13:45:00","modified_gmt":"2025-08-28T11:45:00","slug":"valancijunas-bice-zabavno-ali-i-tesko-protiv-vucevica","status":"publish","type":"post","link":"https:\/\/dmcsrb.com\/en\/sport\/valancijunas-bice-zabavno-ali-i-tesko-protiv-vucevica\/","title":{"rendered":"Valan\u010dijunas: Bi\u0107e zabavno, ali i te\u0161ko protiv Vu\u010devi\u0107a"},"content":{"rendered":"<p>&#8220;Zelena \u0161uma&#8221; je vi\u0161e od deceniju nerje\u0161iva enigma za &#8220;crvene&#8221;, jer su od nje izgubili na Eurobasketu 2013. godine nakon produ\u017eetaka, a potom i u kvalifikacijama i na samom Svjetskom prvenstvu 2023.<\/p>\n\n\n\n<p>Tim Bo\u0161ka Radovi\u0107a \u0107e poku\u0161ati da iskoristi petu \u0161ansu da sru\u0161i velikana sa Baltika, koji \u0107e predvoditi sjajni centar Jonas Valan\u010dunas.<\/p>\n\n\n\n<p>&#8220;\u010ceka nas isto kao i svake druge ve\u010deri &#8211; te\u017eak susret. Crna Gora ima dobre igra\u010de, poznajem Vu\u010devi\u0107a dugo i bi\u0107e zabavno, ali i te\u0161ko sresti se sa njim. O\u010dekujem odli\u010dnu utakmicu&#8221;, rekao je novi ko\u0161arka\u0161 Denvera za RTCG.<\/p>\n\n\n\n<p>Litvanci su na startu savladali Veliku Britaniju 94:70, iako su Ostrvljani dugo pru\u017eali solidan otpor.<\/p>\n\n\n\n<p>&#8220;Britanija je dobar tim, igra u visokom ritmu, tr\u010di, atletski je dobra. Imali smo neke te\u0161ke bitke sa protivnicima, ali smo sre\u0107ni \u0161to smo izvukli pobjedu. To je najva\u017enije&#8221;.<\/p>\n\n\n\n<p>Valan\u010dunas je nakon pobjede nad Britancima priznao da nije pratio probleme koje ima Crna Gora, ali da ima dovoljno vremena da se upozna sa novim timom.<\/p>\n\n\n\n<figure class=\"wp-block-embed is-type-wp-embed is-provider-gradski-portal wp-block-embed-gradski-portal\"><div class=\"wp-block-embed__wrapper\">\nhttps:\/\/gradski.me\/crna-gora-na-popravnom-protiv-litvanije-simonovic-i-slavkovic-vjeruju-u-pozitivan-rezultat\/\n<\/div><\/figure>\n\n\n\n<p>&#8220;Pogleda\u0107emo skauting rivala, jer se pripremamo utakmicu po utakmicu. Do sada smo mislili na Veliku Britaniju, sada imamo dan i po da se spremimo za Crnu Goru. Uradi\u0107emo sve da se pripremimo&#8221;, zaklju\u010dio je 32-godi\u0161njak iz Utene.<\/p>\n\n\n\n<p>Jedan od aduta selektora Rimasa Kurtinaitisa je plejmejker Rokas Jokubaitis, koji je svjestan da njegov tim mo\u017ee da igra bolje nego na utakmici sa Velikom Britanijom.<\/p>\n\n\n\n<p>&#8220;Prva utakmica je uvijek te\u0161ka. Rezultat pokazuje plus 24, ali mislim da ima mnogo stvari koje mo\u017eemo da popravimo, od procenta \u0161uta i takvih stvari. Prva pobjeda je, ipak, uvijek dobar na\u010din da se po\u010dne prvenstvo&#8221;, naglasio je 24-godi\u0161njak iz Ma\u017eeikaija.<\/p>\n\n\n\n<p>Svjestan je novi organizator igre Bajerna da \u0107e duel sa &#8220;crvenima&#8221; biti te\u017ei nego prvi.<\/p>\n\n\n\n<p>&#8220;Crna Gora je dvostruko bolji tim i dvostruko fizi\u010dki ja\u010da. Sa timovima sa Balkana je uvijek te\u0161ko igrati. Moramo da se odmorimo i da se borimo&#8221;.<\/p>\n\n\n\n<p>Litvanci \u0107e, naravno, najvi\u0161e pa\u017enje obratiti na kapitena Crne Gore.<\/p>\n\n\n\n<p>&#8220;Vu\u010devi\u0107 je NBA zvijezda, godinama je tamo i imali smo puno problema sa njim na Svjetskom prvenstvu na Filipinima 2023. godine. Mora\u0107emo dosta stvari da uradimo da bismo upisali pobjedu&#8221;, poru\u010dio je Jokubaitis.<\/p>","protected":false},"excerpt":{"rendered":"<p>Poslije (ne)prospavane no\u0107i, ko\u0161arka\u0161i Crne Gore su ubjedljivi poraz od Njema\u010dke stavili ad acta, jer ih ve\u0107 sjutra (15.30 \u010dasova, prenos na TVCG 1) \u010deka drugi favorit grupe B, Litvanija.<\/p>","protected":false},"author":1,"featured_media":948600,"comment_status":"open","ping_status":"open","sticky":false,"template":"","format":"standard","meta":{"_acf_changed":false,"footnotes":""},"categories":[148],"tags":[6462,18615,5444,6670,6671],"naslovna":[],"class_list":["post-948822","post","type-post","status-publish","format-standard","has-post-thumbnail","hentry","category-sport","tag-eurobasket-2025","tag-jonas-valancijunas","tag-muska-kosarkaska-reprezentacija-crne-gore","tag-muska-kosarkaska-reprezentacija-litvanije","tag-rokas-jokubaitis"],"acf":[],"yoast_head":"<!-- This site is optimized with the Yoast SEO plugin v27.4 - https:\/\/yoast.com\/product\/yoast-seo-wordpress\/ -->\n<title>Valan\u010dijunas: Bi\u0107e zabavno, ali i te\u0161ko protiv Vu\u010devi\u0107a - dmcsrb.com<\/title>\n<meta name=\"robots\" content=\"index, follow, max-snippet:-1, max-image-preview:large, max-video-preview:-1\" \/>\n<link rel=\"canonical\" href=\"https:\/\/dmcsrb.com\/en\/sport\/valancijunas-bice-zabavno-ali-i-tesko-protiv-vucevica\/\" \/>\n<meta property=\"og:locale\" content=\"en_GB\" \/>\n<meta property=\"og:type\" content=\"article\" \/>\n<meta property=\"og:title\" content=\"Valan\u010dijunas: Bi\u0107e zabavno, ali i te\u0161ko protiv Vu\u010devi\u0107a - dmcsrb.com\" \/>\n<meta property=\"og:description\" content=\"Poslije (ne)prospavane no\u0107i, ko\u0161arka\u0161i Crne Gore su ubjedljivi poraz od Njema\u010dke stavili ad acta, jer ih ve\u0107 sjutra (15.30 \u010dasova, prenos na TVCG 1) \u010deka drugi favorit grupe B, Litvanija.\" \/>\n<meta property=\"og:url\" content=\"https:\/\/dmcsrb.com\/en\/sport\/valancijunas-bice-zabavno-ali-i-tesko-protiv-vucevica\/\" \/>\n<meta property=\"og:site_name\" content=\"dmcsrb.com\" \/>\n<meta property=\"article:published_time\" content=\"2025-08-28T11:45:00+00:00\" \/>\n<meta property=\"og:image\" content=\"https:\/\/dmcsrb.com\/wp-content\/uploads\/2026\/01\/Valancijunas-FIBA.webp\" \/>\n\t<meta property=\"og:image:width\" content=\"2400\" \/>\n\t<meta property=\"og:image:height\" content=\"1601\" \/>\n\t<meta property=\"og:image:type\" content=\"image\/webp\" \/>\n<meta name=\"author\" content=\"dmcsrbija.com@gmail.com\" \/>\n<meta name=\"twitter:card\" content=\"summary_large_image\" \/>\n<meta name=\"twitter:label1\" content=\"Written by\" \/>\n\t<meta name=\"twitter:data1\" content=\"dmcsrbija.com@gmail.com\" \/>\n\t<meta name=\"twitter:label2\" content=\"Estimated reading time\" \/>\n\t<meta name=\"twitter:data2\" content=\"2 minutes\" \/>\n<script type=\"application\/ld+json\" class=\"yoast-schema-graph\">{\"@context\":\"https:\\\/\\\/schema.org\",\"@graph\":[{\"@type\":\"Article\",\"@id\":\"https:\\\/\\\/dmcsrb.com\\\/sport\\\/valancijunas-bice-zabavno-ali-i-tesko-protiv-vucevica\\\/#article\",\"isPartOf\":{\"@id\":\"https:\\\/\\\/dmcsrb.com\\\/sport\\\/valancijunas-bice-zabavno-ali-i-tesko-protiv-vucevica\\\/\"},\"author\":{\"name\":\"dmcsrbija.com@gmail.com\",\"@id\":\"https:\\\/\\\/dmcsrb.com\\\/#\\\/schema\\\/person\\\/5c39170f12db1b8b457732d0b5c854e2\"},\"headline\":\"Valan\u010dijunas: Bi\u0107e zabavno, ali i te\u0161ko protiv Vu\u010devi\u0107a\",\"datePublished\":\"2025-08-28T11:45:00+00:00\",\"mainEntityOfPage\":{\"@id\":\"https:\\\/\\\/dmcsrb.com\\\/sport\\\/valancijunas-bice-zabavno-ali-i-tesko-protiv-vucevica\\\/\"},\"wordCount\":406,\"commentCount\":0,\"image\":{\"@id\":\"https:\\\/\\\/dmcsrb.com\\\/sport\\\/valancijunas-bice-zabavno-ali-i-tesko-protiv-vucevica\\\/#primaryimage\"},\"thumbnailUrl\":\"https:\\\/\\\/dmcsrb.com\\\/wp-content\\\/uploads\\\/2026\\\/01\\\/Valancijunas-FIBA.webp\",\"keywords\":[\"Eurobasket 2025\",\"Jonas Valan\u010dijunas\",\"Mu\u0161ka ko\u0161arka\u0161ka reprezentacija Crne Gore\",\"Mu\u0161ka ko\u0161arka\u0161ka reprezentacija Litvanije\",\"Rokas Jokubaitis\"],\"articleSection\":[\"Sport\"],\"inLanguage\":\"en-GB\",\"potentialAction\":[{\"@type\":\"CommentAction\",\"name\":\"Comment\",\"target\":[\"https:\\\/\\\/dmcsrb.com\\\/sport\\\/valancijunas-bice-zabavno-ali-i-tesko-protiv-vucevica\\\/#respond\"]}]},{\"@type\":\"WebPage\",\"@id\":\"https:\\\/\\\/dmcsrb.com\\\/sport\\\/valancijunas-bice-zabavno-ali-i-tesko-protiv-vucevica\\\/\",\"url\":\"https:\\\/\\\/dmcsrb.com\\\/sport\\\/valancijunas-bice-zabavno-ali-i-tesko-protiv-vucevica\\\/\",\"name\":\"Valan\u010dijunas: Bi\u0107e zabavno, ali i te\u0161ko protiv Vu\u010devi\u0107a - dmcsrb.com\",\"isPartOf\":{\"@id\":\"https:\\\/\\\/dmcsrb.com\\\/#website\"},\"primaryImageOfPage\":{\"@id\":\"https:\\\/\\\/dmcsrb.com\\\/sport\\\/valancijunas-bice-zabavno-ali-i-tesko-protiv-vucevica\\\/#primaryimage\"},\"image\":{\"@id\":\"https:\\\/\\\/dmcsrb.com\\\/sport\\\/valancijunas-bice-zabavno-ali-i-tesko-protiv-vucevica\\\/#primaryimage\"},\"thumbnailUrl\":\"https:\\\/\\\/dmcsrb.com\\\/wp-content\\\/uploads\\\/2026\\\/01\\\/Valancijunas-FIBA.webp\",\"datePublished\":\"2025-08-28T11:45:00+00:00\",\"author\":{\"@id\":\"https:\\\/\\\/dmcsrb.com\\\/#\\\/schema\\\/person\\\/5c39170f12db1b8b457732d0b5c854e2\"},\"breadcrumb\":{\"@id\":\"https:\\\/\\\/dmcsrb.com\\\/sport\\\/valancijunas-bice-zabavno-ali-i-tesko-protiv-vucevica\\\/#breadcrumb\"},\"inLanguage\":\"en-GB\",\"potentialAction\":[{\"@type\":\"ReadAction\",\"target\":[\"https:\\\/\\\/dmcsrb.com\\\/sport\\\/valancijunas-bice-zabavno-ali-i-tesko-protiv-vucevica\\\/\"]}]},{\"@type\":\"ImageObject\",\"inLanguage\":\"en-GB\",\"@id\":\"https:\\\/\\\/dmcsrb.com\\\/sport\\\/valancijunas-bice-zabavno-ali-i-tesko-protiv-vucevica\\\/#primaryimage\",\"url\":\"https:\\\/\\\/dmcsrb.com\\\/wp-content\\\/uploads\\\/2026\\\/01\\\/Valancijunas-FIBA.webp\",\"contentUrl\":\"https:\\\/\\\/dmcsrb.com\\\/wp-content\\\/uploads\\\/2026\\\/01\\\/Valancijunas-FIBA.webp\",\"width\":2400,\"height\":1601},{\"@type\":\"BreadcrumbList\",\"@id\":\"https:\\\/\\\/dmcsrb.com\\\/sport\\\/valancijunas-bice-zabavno-ali-i-tesko-protiv-vucevica\\\/#breadcrumb\",\"itemListElement\":[{\"@type\":\"ListItem\",\"position\":1,\"name\":\"Home\",\"item\":\"https:\\\/\\\/dmcsrb.com\\\/\"},{\"@type\":\"ListItem\",\"position\":2,\"name\":\"Valan\u010dijunas: Bi\u0107e zabavno, ali i te\u0161ko protiv Vu\u010devi\u0107a\"}]},{\"@type\":\"WebSite\",\"@id\":\"https:\\\/\\\/dmcsrb.com\\\/#website\",\"url\":\"https:\\\/\\\/dmcsrb.com\\\/\",\"name\":\"dmcsrb.com\",\"description\":\"\",\"potentialAction\":[{\"@type\":\"SearchAction\",\"target\":{\"@type\":\"EntryPoint\",\"urlTemplate\":\"https:\\\/\\\/dmcsrb.com\\\/?s={search_term_string}\"},\"query-input\":{\"@type\":\"PropertyValueSpecification\",\"valueRequired\":true,\"valueName\":\"search_term_string\"}}],\"inLanguage\":\"en-GB\"},{\"@type\":\"Person\",\"@id\":\"https:\\\/\\\/dmcsrb.com\\\/#\\\/schema\\\/person\\\/5c39170f12db1b8b457732d0b5c854e2\",\"name\":\"dmcsrbija.com@gmail.com\",\"image\":{\"@type\":\"ImageObject\",\"inLanguage\":\"en-GB\",\"@id\":\"https:\\\/\\\/secure.gravatar.com\\\/avatar\\\/68592660ad6347fad0fb587f8d5d8f1a7b44961362f56e4f2cd524feb87e9069?s=96&d=mm&r=g\",\"url\":\"https:\\\/\\\/secure.gravatar.com\\\/avatar\\\/68592660ad6347fad0fb587f8d5d8f1a7b44961362f56e4f2cd524feb87e9069?s=96&d=mm&r=g\",\"contentUrl\":\"https:\\\/\\\/secure.gravatar.com\\\/avatar\\\/68592660ad6347fad0fb587f8d5d8f1a7b44961362f56e4f2cd524feb87e9069?s=96&d=mm&r=g\",\"caption\":\"dmcsrbija.com@gmail.com\"},\"sameAs\":[\"https:\\\/\\\/dmcsrb.com\"],\"url\":\"https:\\\/\\\/dmcsrb.com\\\/en\\\/author\\\/dmcsrbija-comgmail-com\\\/\"}]}<\/script>\n<!-- \/ Yoast SEO plugin. -->","yoast_head_json":{"title":"Valan\u010dijunas: Bi\u0107e zabavno, ali i te\u0161ko protiv Vu\u010devi\u0107a - dmcsrb.com","robots":{"index":"index","follow":"follow","max-snippet":"max-snippet:-1","max-image-preview":"max-image-preview:large","max-video-preview":"max-video-preview:-1"},"canonical":"https:\/\/dmcsrb.com\/en\/sport\/valancijunas-bice-zabavno-ali-i-tesko-protiv-vucevica\/","og_locale":"en_GB","og_type":"article","og_title":"Valan\u010dijunas: Bi\u0107e zabavno, ali i te\u0161ko protiv Vu\u010devi\u0107a - dmcsrb.com","og_description":"Poslije (ne)prospavane no\u0107i, ko\u0161arka\u0161i Crne Gore su ubjedljivi poraz od Njema\u010dke stavili ad acta, jer ih ve\u0107 sjutra (15.30 \u010dasova, prenos na TVCG 1) \u010deka drugi favorit grupe B, Litvanija.","og_url":"https:\/\/dmcsrb.com\/en\/sport\/valancijunas-bice-zabavno-ali-i-tesko-protiv-vucevica\/","og_site_name":"dmcsrb.com","article_published_time":"2025-08-28T11:45:00+00:00","og_image":[{"width":2400,"height":1601,"url":"https:\/\/dmcsrb.com\/wp-content\/uploads\/2026\/01\/Valancijunas-FIBA.webp","type":"image\/webp"}],"author":"dmcsrbija.com@gmail.com","twitter_card":"summary_large_image","twitter_misc":{"Written by":"dmcsrbija.com@gmail.com","Estimated reading time":"2 minutes"},"schema":{"@context":"https:\/\/schema.org","@graph":[{"@type":"Article","@id":"https:\/\/dmcsrb.com\/sport\/valancijunas-bice-zabavno-ali-i-tesko-protiv-vucevica\/#article","isPartOf":{"@id":"https:\/\/dmcsrb.com\/sport\/valancijunas-bice-zabavno-ali-i-tesko-protiv-vucevica\/"},"author":{"name":"dmcsrbija.com@gmail.com","@id":"https:\/\/dmcsrb.com\/#\/schema\/person\/5c39170f12db1b8b457732d0b5c854e2"},"headline":"Valan\u010dijunas: Bi\u0107e zabavno, ali i te\u0161ko protiv Vu\u010devi\u0107a","datePublished":"2025-08-28T11:45:00+00:00","mainEntityOfPage":{"@id":"https:\/\/dmcsrb.com\/sport\/valancijunas-bice-zabavno-ali-i-tesko-protiv-vucevica\/"},"wordCount":406,"commentCount":0,"image":{"@id":"https:\/\/dmcsrb.com\/sport\/valancijunas-bice-zabavno-ali-i-tesko-protiv-vucevica\/#primaryimage"},"thumbnailUrl":"https:\/\/dmcsrb.com\/wp-content\/uploads\/2026\/01\/Valancijunas-FIBA.webp","keywords":["Eurobasket 2025","Jonas Valan\u010dijunas","Mu\u0161ka ko\u0161arka\u0161ka reprezentacija Crne Gore","Mu\u0161ka ko\u0161arka\u0161ka reprezentacija Litvanije","Rokas Jokubaitis"],"articleSection":["Sport"],"inLanguage":"en-GB","potentialAction":[{"@type":"CommentAction","name":"Comment","target":["https:\/\/dmcsrb.com\/sport\/valancijunas-bice-zabavno-ali-i-tesko-protiv-vucevica\/#respond"]}]},{"@type":"WebPage","@id":"https:\/\/dmcsrb.com\/sport\/valancijunas-bice-zabavno-ali-i-tesko-protiv-vucevica\/","url":"https:\/\/dmcsrb.com\/sport\/valancijunas-bice-zabavno-ali-i-tesko-protiv-vucevica\/","name":"Valan\u010dijunas: Bi\u0107e zabavno, ali i te\u0161ko protiv Vu\u010devi\u0107a - dmcsrb.com","isPartOf":{"@id":"https:\/\/dmcsrb.com\/#website"},"primaryImageOfPage":{"@id":"https:\/\/dmcsrb.com\/sport\/valancijunas-bice-zabavno-ali-i-tesko-protiv-vucevica\/#primaryimage"},"image":{"@id":"https:\/\/dmcsrb.com\/sport\/valancijunas-bice-zabavno-ali-i-tesko-protiv-vucevica\/#primaryimage"},"thumbnailUrl":"https:\/\/dmcsrb.com\/wp-content\/uploads\/2026\/01\/Valancijunas-FIBA.webp","datePublished":"2025-08-28T11:45:00+00:00","author":{"@id":"https:\/\/dmcsrb.com\/#\/schema\/person\/5c39170f12db1b8b457732d0b5c854e2"},"breadcrumb":{"@id":"https:\/\/dmcsrb.com\/sport\/valancijunas-bice-zabavno-ali-i-tesko-protiv-vucevica\/#breadcrumb"},"inLanguage":"en-GB","potentialAction":[{"@type":"ReadAction","target":["https:\/\/dmcsrb.com\/sport\/valancijunas-bice-zabavno-ali-i-tesko-protiv-vucevica\/"]}]},{"@type":"ImageObject","inLanguage":"en-GB","@id":"https:\/\/dmcsrb.com\/sport\/valancijunas-bice-zabavno-ali-i-tesko-protiv-vucevica\/#primaryimage","url":"https:\/\/dmcsrb.com\/wp-content\/uploads\/2026\/01\/Valancijunas-FIBA.webp","contentUrl":"https:\/\/dmcsrb.com\/wp-content\/uploads\/2026\/01\/Valancijunas-FIBA.webp","width":2400,"height":1601},{"@type":"BreadcrumbList","@id":"https:\/\/dmcsrb.com\/sport\/valancijunas-bice-zabavno-ali-i-tesko-protiv-vucevica\/#breadcrumb","itemListElement":[{"@type":"ListItem","position":1,"name":"Home","item":"https:\/\/dmcsrb.com\/"},{"@type":"ListItem","position":2,"name":"Valan\u010dijunas: Bi\u0107e zabavno, ali i te\u0161ko protiv Vu\u010devi\u0107a"}]},{"@type":"WebSite","@id":"https:\/\/dmcsrb.com\/#website","url":"https:\/\/dmcsrb.com\/","name":"dmcsrb.com","description":"","potentialAction":[{"@type":"SearchAction","target":{"@type":"EntryPoint","urlTemplate":"https:\/\/dmcsrb.com\/?s={search_term_string}"},"query-input":{"@type":"PropertyValueSpecification","valueRequired":true,"valueName":"search_term_string"}}],"inLanguage":"en-GB"},{"@type":"Person","@id":"https:\/\/dmcsrb.com\/#\/schema\/person\/5c39170f12db1b8b457732d0b5c854e2","name":"dmcsrbija.com@gmail.com","image":{"@type":"ImageObject","inLanguage":"en-GB","@id":"https:\/\/secure.gravatar.com\/avatar\/68592660ad6347fad0fb587f8d5d8f1a7b44961362f56e4f2cd524feb87e9069?s=96&d=mm&r=g","url":"https:\/\/secure.gravatar.com\/avatar\/68592660ad6347fad0fb587f8d5d8f1a7b44961362f56e4f2cd524feb87e9069?s=96&d=mm&r=g","contentUrl":"https:\/\/secure.gravatar.com\/avatar\/68592660ad6347fad0fb587f8d5d8f1a7b44961362f56e4f2cd524feb87e9069?s=96&d=mm&r=g","caption":"dmcsrbija.com@gmail.com"},"sameAs":["https:\/\/dmcsrb.com"],"url":"https:\/\/dmcsrb.com\/en\/author\/dmcsrbija-comgmail-com\/"}]}},"_links":{"self":[{"href":"https:\/\/dmcsrb.com\/en\/wp-json\/wp\/v2\/posts\/948822","targetHints":{"allow":["GET"]}}],"collection":[{"href":"https:\/\/dmcsrb.com\/en\/wp-json\/wp\/v2\/posts"}],"about":[{"href":"https:\/\/dmcsrb.com\/en\/wp-json\/wp\/v2\/types\/post"}],"author":[{"embeddable":true,"href":"https:\/\/dmcsrb.com\/en\/wp-json\/wp\/v2\/users\/1"}],"replies":[{"embeddable":true,"href":"https:\/\/dmcsrb.com\/en\/wp-json\/wp\/v2\/comments?post=948822"}],"version-history":[{"count":0,"href":"https:\/\/dmcsrb.com\/en\/wp-json\/wp\/v2\/posts\/948822\/revisions"}],"wp:featuredmedia":[{"embeddable":true,"href":"https:\/\/dmcsrb.com\/en\/wp-json\/wp\/v2\/media\/948600"}],"wp:attachment":[{"href":"https:\/\/dmcsrb.com\/en\/wp-json\/wp\/v2\/media?parent=948822"}],"wp:term":[{"taxonomy":"category","embeddable":true,"href":"https:\/\/dmcsrb.com\/en\/wp-json\/wp\/v2\/categories?post=948822"},{"taxonomy":"post_tag","embeddable":true,"href":"https:\/\/dmcsrb.com\/en\/wp-json\/wp\/v2\/tags?post=948822"},{"taxonomy":"naslovna","embeddable":true,"href":"https:\/\/dmcsrb.com\/en\/wp-json\/wp\/v2\/naslovna?post=948822"}],"curies":[{"name":"wp","href":"https:\/\/api.w.org\/{rel}","templated":true}]}}