{"id":948811,"date":"2025-08-28T12:24:00","date_gmt":"2025-08-28T10:24:00","guid":{"rendered":"https:\/\/dmcsrb.com\/uncategorized\/bojana-popovic-u-strucnom-stabu-reprezentacije-danske\/"},"modified":"2025-08-28T12:24:00","modified_gmt":"2025-08-28T10:24:00","slug":"bojana-popovic-u-strucnom-stabu-reprezentacije-danske","status":"publish","type":"post","link":"https:\/\/dmcsrb.com\/en\/sport\/bojana-popovic-u-strucnom-stabu-reprezentacije-danske\/","title":{"rendered":"Bojana Popovi\u0107 u stru\u010dnom \u0161tabu reprezentacije Danske"},"content":{"rendered":"<p><a><\/a>Tomsen je nedavno preuzela jednu od najboljih reprezentacija Evrope od Jespera Jensena i potpisala ugovor do 2028. godine, a jedan od prvih poteza bio je poziv Bojani Popovi\u0107 da joj se pridru\u017ei u stru\u010dnom \u0161tabu.<\/p>\n\n\n\n<p>&#8220;Kakva \u010dast je ukazana jednoj od najboljih rukometa\u0161ica svih vremena govori i to \u0161to \u0107e prvi put u istoriji u stru\u010dnom \u0161tabu reprezentacije Danske biti stranac. \u017dRK OTP Group Budu\u0107nost dao je saglasnost Popovi\u0107 da prihvati ovu ulogu, \u0161to \u0107e ujedno biti i njen povratak u reprezentativni rukomet. Podsje\u0107amo, Popovi\u0107 je od 2021. do aprila pro\u0161le godine bila selektorka reprezentacije Crne Gore, sa kojom je ostvarila veliki uspjeh \u2013 bronzanu medalju na EHF EURO 2022&#8221;, podsje\u0107aju iz Budu\u0107nosti. <\/p>\n\n\n\n<p>Kao \u010dlan stru\u010dnog \u0161taba danske reprezentacije, Popovi\u0107 \u0107e sara\u0111ivati sa iskusnom Tomsen, koja iza sebe ima bogatu trenersku karijeru u brojnim klubovima, kao i sa selekcijama \u0160vedske i Danske, uz osvojene \u010detiri medalje na najve\u0107im takmi\u010denjima.<\/p>\n\n\n\n<p>Za Popovi\u0107 ovo predstavlja priliku da jo\u0161 jednom bude dio najve\u0107e rukometne scene i da doprinese borbi danske reprezentacije za najvi\u0161e ciljeve na evropskom i svjetskom nivou.<\/p>\n\n\n\n<p>&#8220;\u017dRK OTP Group Budu\u0107nost s ponosom i iskrenim zadovoljstvom \u017eeli Bojani Popovi\u0107 mnogo uspjeha i na reprezentativnom planu. Vjerujemo da \u0107e svojim znanjem, iskustvom i posve\u0107eno\u0161\u0107u dati zna\u010dajan doprinos i kao \u010dlan stru\u010dnog \u0161taba danske reprezentacije. Istovremeno, \u017eelimo da naglasimo da je primarni posao Popovi\u0107 pozicija trenera \u017dRK OTP Group Budu\u0107nost. Njeno anga\u017eovanje u stru\u010dnom \u0161tabu Danske ne\u0107e se poklapati sa klupskim obavezama i izazovima koji nas o\u010dekuju u novoj sezoni, posebno sa nastupima u EHF Ligi \u0161ampiona koja po\u010dinje 7. septembra&#8221;, zaklju\u010duju iz \u017dRK OTP Group Budu\u0107nost. <\/p>\n\n\n\n<p><\/p>","protected":false},"excerpt":{"rendered":"<p>Trener Budu\u0107nosti OTP Group Bojana Popovi\u0107 bi\u0107e \u010dlan stru\u010dnog \u0161taba nove selektorke danske reprezentacije Hele Tomsen, saop\u0161teno je iz pogodi\u010dkog kluba.<\/p>","protected":false},"author":1,"featured_media":946293,"comment_status":"open","ping_status":"open","sticky":false,"template":"","format":"standard","meta":{"_acf_changed":false,"footnotes":""},"categories":[148],"tags":[7007,2235],"naslovna":[],"class_list":["post-948811","post","type-post","status-publish","format-standard","has-post-thumbnail","hentry","category-sport","tag-bojana-popovic","tag-zenska-rukometna-reprezentacija-danske"],"acf":[],"yoast_head":"<!-- This site is optimized with the Yoast SEO plugin v27.4 - https:\/\/yoast.com\/product\/yoast-seo-wordpress\/ -->\n<title>Bojana Popovi\u0107 u stru\u010dnom \u0161tabu reprezentacije Danske - dmcsrb.com<\/title>\n<meta name=\"robots\" content=\"index, follow, max-snippet:-1, max-image-preview:large, max-video-preview:-1\" \/>\n<link rel=\"canonical\" href=\"https:\/\/dmcsrb.com\/en\/sport\/bojana-popovic-u-strucnom-stabu-reprezentacije-danske\/\" \/>\n<meta property=\"og:locale\" content=\"en_GB\" \/>\n<meta property=\"og:type\" content=\"article\" \/>\n<meta property=\"og:title\" content=\"Bojana Popovi\u0107 u stru\u010dnom \u0161tabu reprezentacije Danske - dmcsrb.com\" \/>\n<meta property=\"og:description\" content=\"Trener Budu\u0107nosti OTP Group Bojana Popovi\u0107 bi\u0107e \u010dlan stru\u010dnog \u0161taba nove selektorke danske reprezentacije Hele Tomsen, saop\u0161teno je iz pogodi\u010dkog kluba.\" \/>\n<meta property=\"og:url\" content=\"https:\/\/dmcsrb.com\/en\/sport\/bojana-popovic-u-strucnom-stabu-reprezentacije-danske\/\" \/>\n<meta property=\"og:site_name\" content=\"dmcsrb.com\" \/>\n<meta property=\"article:published_time\" content=\"2025-08-28T10:24:00+00:00\" \/>\n<meta property=\"og:image\" content=\"https:\/\/dmcsrb.com\/wp-content\/uploads\/2026\/01\/Bojana-Popovic-Dejan-Starcevic-.webp\" \/>\n\t<meta property=\"og:image:width\" content=\"1200\" \/>\n\t<meta property=\"og:image:height\" content=\"800\" \/>\n\t<meta property=\"og:image:type\" content=\"image\/jpeg\" \/>\n<meta name=\"author\" content=\"dmcsrbija.com@gmail.com\" \/>\n<meta name=\"twitter:card\" content=\"summary_large_image\" \/>\n<meta name=\"twitter:label1\" content=\"Written by\" \/>\n\t<meta name=\"twitter:data1\" content=\"dmcsrbija.com@gmail.com\" \/>\n\t<meta name=\"twitter:label2\" content=\"Estimated reading time\" \/>\n\t<meta name=\"twitter:data2\" content=\"1 minute\" \/>\n<script type=\"application\/ld+json\" class=\"yoast-schema-graph\">{\"@context\":\"https:\\\/\\\/schema.org\",\"@graph\":[{\"@type\":\"Article\",\"@id\":\"https:\\\/\\\/dmcsrb.com\\\/sport\\\/bojana-popovic-u-strucnom-stabu-reprezentacije-danske\\\/#article\",\"isPartOf\":{\"@id\":\"https:\\\/\\\/dmcsrb.com\\\/sport\\\/bojana-popovic-u-strucnom-stabu-reprezentacije-danske\\\/\"},\"author\":{\"name\":\"dmcsrbija.com@gmail.com\",\"@id\":\"https:\\\/\\\/dmcsrb.com\\\/#\\\/schema\\\/person\\\/5c39170f12db1b8b457732d0b5c854e2\"},\"headline\":\"Bojana Popovi\u0107 u stru\u010dnom \u0161tabu reprezentacije Danske\",\"datePublished\":\"2025-08-28T10:24:00+00:00\",\"mainEntityOfPage\":{\"@id\":\"https:\\\/\\\/dmcsrb.com\\\/sport\\\/bojana-popovic-u-strucnom-stabu-reprezentacije-danske\\\/\"},\"wordCount\":295,\"commentCount\":0,\"image\":{\"@id\":\"https:\\\/\\\/dmcsrb.com\\\/sport\\\/bojana-popovic-u-strucnom-stabu-reprezentacije-danske\\\/#primaryimage\"},\"thumbnailUrl\":\"https:\\\/\\\/dmcsrb.com\\\/wp-content\\\/uploads\\\/2026\\\/01\\\/Bojana-Popovic-Dejan-Starcevic-.webp\",\"keywords\":[\"Bojana Popovi\u0107\",\"\u017denska rukometna reprezentacija Danske\"],\"articleSection\":[\"Sport\"],\"inLanguage\":\"en-GB\",\"potentialAction\":[{\"@type\":\"CommentAction\",\"name\":\"Comment\",\"target\":[\"https:\\\/\\\/dmcsrb.com\\\/sport\\\/bojana-popovic-u-strucnom-stabu-reprezentacije-danske\\\/#respond\"]}]},{\"@type\":\"WebPage\",\"@id\":\"https:\\\/\\\/dmcsrb.com\\\/sport\\\/bojana-popovic-u-strucnom-stabu-reprezentacije-danske\\\/\",\"url\":\"https:\\\/\\\/dmcsrb.com\\\/sport\\\/bojana-popovic-u-strucnom-stabu-reprezentacije-danske\\\/\",\"name\":\"Bojana Popovi\u0107 u stru\u010dnom \u0161tabu reprezentacije Danske - dmcsrb.com\",\"isPartOf\":{\"@id\":\"https:\\\/\\\/dmcsrb.com\\\/#website\"},\"primaryImageOfPage\":{\"@id\":\"https:\\\/\\\/dmcsrb.com\\\/sport\\\/bojana-popovic-u-strucnom-stabu-reprezentacije-danske\\\/#primaryimage\"},\"image\":{\"@id\":\"https:\\\/\\\/dmcsrb.com\\\/sport\\\/bojana-popovic-u-strucnom-stabu-reprezentacije-danske\\\/#primaryimage\"},\"thumbnailUrl\":\"https:\\\/\\\/dmcsrb.com\\\/wp-content\\\/uploads\\\/2026\\\/01\\\/Bojana-Popovic-Dejan-Starcevic-.webp\",\"datePublished\":\"2025-08-28T10:24:00+00:00\",\"author\":{\"@id\":\"https:\\\/\\\/dmcsrb.com\\\/#\\\/schema\\\/person\\\/5c39170f12db1b8b457732d0b5c854e2\"},\"breadcrumb\":{\"@id\":\"https:\\\/\\\/dmcsrb.com\\\/sport\\\/bojana-popovic-u-strucnom-stabu-reprezentacije-danske\\\/#breadcrumb\"},\"inLanguage\":\"en-GB\",\"potentialAction\":[{\"@type\":\"ReadAction\",\"target\":[\"https:\\\/\\\/dmcsrb.com\\\/sport\\\/bojana-popovic-u-strucnom-stabu-reprezentacije-danske\\\/\"]}]},{\"@type\":\"ImageObject\",\"inLanguage\":\"en-GB\",\"@id\":\"https:\\\/\\\/dmcsrb.com\\\/sport\\\/bojana-popovic-u-strucnom-stabu-reprezentacije-danske\\\/#primaryimage\",\"url\":\"https:\\\/\\\/dmcsrb.com\\\/wp-content\\\/uploads\\\/2026\\\/01\\\/Bojana-Popovic-Dejan-Starcevic-.webp\",\"contentUrl\":\"https:\\\/\\\/dmcsrb.com\\\/wp-content\\\/uploads\\\/2026\\\/01\\\/Bojana-Popovic-Dejan-Starcevic-.webp\",\"width\":1200,\"height\":800},{\"@type\":\"BreadcrumbList\",\"@id\":\"https:\\\/\\\/dmcsrb.com\\\/sport\\\/bojana-popovic-u-strucnom-stabu-reprezentacije-danske\\\/#breadcrumb\",\"itemListElement\":[{\"@type\":\"ListItem\",\"position\":1,\"name\":\"Home\",\"item\":\"https:\\\/\\\/dmcsrb.com\\\/\"},{\"@type\":\"ListItem\",\"position\":2,\"name\":\"Bojana Popovi\u0107 u stru\u010dnom \u0161tabu reprezentacije Danske\"}]},{\"@type\":\"WebSite\",\"@id\":\"https:\\\/\\\/dmcsrb.com\\\/#website\",\"url\":\"https:\\\/\\\/dmcsrb.com\\\/\",\"name\":\"dmcsrb.com\",\"description\":\"\",\"potentialAction\":[{\"@type\":\"SearchAction\",\"target\":{\"@type\":\"EntryPoint\",\"urlTemplate\":\"https:\\\/\\\/dmcsrb.com\\\/?s={search_term_string}\"},\"query-input\":{\"@type\":\"PropertyValueSpecification\",\"valueRequired\":true,\"valueName\":\"search_term_string\"}}],\"inLanguage\":\"en-GB\"},{\"@type\":\"Person\",\"@id\":\"https:\\\/\\\/dmcsrb.com\\\/#\\\/schema\\\/person\\\/5c39170f12db1b8b457732d0b5c854e2\",\"name\":\"dmcsrbija.com@gmail.com\",\"image\":{\"@type\":\"ImageObject\",\"inLanguage\":\"en-GB\",\"@id\":\"https:\\\/\\\/secure.gravatar.com\\\/avatar\\\/68592660ad6347fad0fb587f8d5d8f1a7b44961362f56e4f2cd524feb87e9069?s=96&d=mm&r=g\",\"url\":\"https:\\\/\\\/secure.gravatar.com\\\/avatar\\\/68592660ad6347fad0fb587f8d5d8f1a7b44961362f56e4f2cd524feb87e9069?s=96&d=mm&r=g\",\"contentUrl\":\"https:\\\/\\\/secure.gravatar.com\\\/avatar\\\/68592660ad6347fad0fb587f8d5d8f1a7b44961362f56e4f2cd524feb87e9069?s=96&d=mm&r=g\",\"caption\":\"dmcsrbija.com@gmail.com\"},\"sameAs\":[\"https:\\\/\\\/dmcsrb.com\"],\"url\":\"https:\\\/\\\/dmcsrb.com\\\/en\\\/author\\\/dmcsrbija-comgmail-com\\\/\"}]}<\/script>\n<!-- \/ Yoast SEO plugin. -->","yoast_head_json":{"title":"Bojana Popovi\u0107 u stru\u010dnom \u0161tabu reprezentacije Danske - dmcsrb.com","robots":{"index":"index","follow":"follow","max-snippet":"max-snippet:-1","max-image-preview":"max-image-preview:large","max-video-preview":"max-video-preview:-1"},"canonical":"https:\/\/dmcsrb.com\/en\/sport\/bojana-popovic-u-strucnom-stabu-reprezentacije-danske\/","og_locale":"en_GB","og_type":"article","og_title":"Bojana Popovi\u0107 u stru\u010dnom \u0161tabu reprezentacije Danske - dmcsrb.com","og_description":"Trener Budu\u0107nosti OTP Group Bojana Popovi\u0107 bi\u0107e \u010dlan stru\u010dnog \u0161taba nove selektorke danske reprezentacije Hele Tomsen, saop\u0161teno je iz pogodi\u010dkog kluba.","og_url":"https:\/\/dmcsrb.com\/en\/sport\/bojana-popovic-u-strucnom-stabu-reprezentacije-danske\/","og_site_name":"dmcsrb.com","article_published_time":"2025-08-28T10:24:00+00:00","og_image":[{"width":1200,"height":800,"url":"https:\/\/dmcsrb.com\/wp-content\/uploads\/2026\/01\/Bojana-Popovic-Dejan-Starcevic-.webp","type":"image\/jpeg"}],"author":"dmcsrbija.com@gmail.com","twitter_card":"summary_large_image","twitter_misc":{"Written by":"dmcsrbija.com@gmail.com","Estimated reading time":"1 minute"},"schema":{"@context":"https:\/\/schema.org","@graph":[{"@type":"Article","@id":"https:\/\/dmcsrb.com\/sport\/bojana-popovic-u-strucnom-stabu-reprezentacije-danske\/#article","isPartOf":{"@id":"https:\/\/dmcsrb.com\/sport\/bojana-popovic-u-strucnom-stabu-reprezentacije-danske\/"},"author":{"name":"dmcsrbija.com@gmail.com","@id":"https:\/\/dmcsrb.com\/#\/schema\/person\/5c39170f12db1b8b457732d0b5c854e2"},"headline":"Bojana Popovi\u0107 u stru\u010dnom \u0161tabu reprezentacije Danske","datePublished":"2025-08-28T10:24:00+00:00","mainEntityOfPage":{"@id":"https:\/\/dmcsrb.com\/sport\/bojana-popovic-u-strucnom-stabu-reprezentacije-danske\/"},"wordCount":295,"commentCount":0,"image":{"@id":"https:\/\/dmcsrb.com\/sport\/bojana-popovic-u-strucnom-stabu-reprezentacije-danske\/#primaryimage"},"thumbnailUrl":"https:\/\/dmcsrb.com\/wp-content\/uploads\/2026\/01\/Bojana-Popovic-Dejan-Starcevic-.webp","keywords":["Bojana Popovi\u0107","\u017denska rukometna reprezentacija Danske"],"articleSection":["Sport"],"inLanguage":"en-GB","potentialAction":[{"@type":"CommentAction","name":"Comment","target":["https:\/\/dmcsrb.com\/sport\/bojana-popovic-u-strucnom-stabu-reprezentacije-danske\/#respond"]}]},{"@type":"WebPage","@id":"https:\/\/dmcsrb.com\/sport\/bojana-popovic-u-strucnom-stabu-reprezentacije-danske\/","url":"https:\/\/dmcsrb.com\/sport\/bojana-popovic-u-strucnom-stabu-reprezentacije-danske\/","name":"Bojana Popovi\u0107 u stru\u010dnom \u0161tabu reprezentacije Danske - dmcsrb.com","isPartOf":{"@id":"https:\/\/dmcsrb.com\/#website"},"primaryImageOfPage":{"@id":"https:\/\/dmcsrb.com\/sport\/bojana-popovic-u-strucnom-stabu-reprezentacije-danske\/#primaryimage"},"image":{"@id":"https:\/\/dmcsrb.com\/sport\/bojana-popovic-u-strucnom-stabu-reprezentacije-danske\/#primaryimage"},"thumbnailUrl":"https:\/\/dmcsrb.com\/wp-content\/uploads\/2026\/01\/Bojana-Popovic-Dejan-Starcevic-.webp","datePublished":"2025-08-28T10:24:00+00:00","author":{"@id":"https:\/\/dmcsrb.com\/#\/schema\/person\/5c39170f12db1b8b457732d0b5c854e2"},"breadcrumb":{"@id":"https:\/\/dmcsrb.com\/sport\/bojana-popovic-u-strucnom-stabu-reprezentacije-danske\/#breadcrumb"},"inLanguage":"en-GB","potentialAction":[{"@type":"ReadAction","target":["https:\/\/dmcsrb.com\/sport\/bojana-popovic-u-strucnom-stabu-reprezentacije-danske\/"]}]},{"@type":"ImageObject","inLanguage":"en-GB","@id":"https:\/\/dmcsrb.com\/sport\/bojana-popovic-u-strucnom-stabu-reprezentacije-danske\/#primaryimage","url":"https:\/\/dmcsrb.com\/wp-content\/uploads\/2026\/01\/Bojana-Popovic-Dejan-Starcevic-.webp","contentUrl":"https:\/\/dmcsrb.com\/wp-content\/uploads\/2026\/01\/Bojana-Popovic-Dejan-Starcevic-.webp","width":1200,"height":800},{"@type":"BreadcrumbList","@id":"https:\/\/dmcsrb.com\/sport\/bojana-popovic-u-strucnom-stabu-reprezentacije-danske\/#breadcrumb","itemListElement":[{"@type":"ListItem","position":1,"name":"Home","item":"https:\/\/dmcsrb.com\/"},{"@type":"ListItem","position":2,"name":"Bojana Popovi\u0107 u stru\u010dnom \u0161tabu reprezentacije Danske"}]},{"@type":"WebSite","@id":"https:\/\/dmcsrb.com\/#website","url":"https:\/\/dmcsrb.com\/","name":"dmcsrb.com","description":"","potentialAction":[{"@type":"SearchAction","target":{"@type":"EntryPoint","urlTemplate":"https:\/\/dmcsrb.com\/?s={search_term_string}"},"query-input":{"@type":"PropertyValueSpecification","valueRequired":true,"valueName":"search_term_string"}}],"inLanguage":"en-GB"},{"@type":"Person","@id":"https:\/\/dmcsrb.com\/#\/schema\/person\/5c39170f12db1b8b457732d0b5c854e2","name":"dmcsrbija.com@gmail.com","image":{"@type":"ImageObject","inLanguage":"en-GB","@id":"https:\/\/secure.gravatar.com\/avatar\/68592660ad6347fad0fb587f8d5d8f1a7b44961362f56e4f2cd524feb87e9069?s=96&d=mm&r=g","url":"https:\/\/secure.gravatar.com\/avatar\/68592660ad6347fad0fb587f8d5d8f1a7b44961362f56e4f2cd524feb87e9069?s=96&d=mm&r=g","contentUrl":"https:\/\/secure.gravatar.com\/avatar\/68592660ad6347fad0fb587f8d5d8f1a7b44961362f56e4f2cd524feb87e9069?s=96&d=mm&r=g","caption":"dmcsrbija.com@gmail.com"},"sameAs":["https:\/\/dmcsrb.com"],"url":"https:\/\/dmcsrb.com\/en\/author\/dmcsrbija-comgmail-com\/"}]}},"_links":{"self":[{"href":"https:\/\/dmcsrb.com\/en\/wp-json\/wp\/v2\/posts\/948811","targetHints":{"allow":["GET"]}}],"collection":[{"href":"https:\/\/dmcsrb.com\/en\/wp-json\/wp\/v2\/posts"}],"about":[{"href":"https:\/\/dmcsrb.com\/en\/wp-json\/wp\/v2\/types\/post"}],"author":[{"embeddable":true,"href":"https:\/\/dmcsrb.com\/en\/wp-json\/wp\/v2\/users\/1"}],"replies":[{"embeddable":true,"href":"https:\/\/dmcsrb.com\/en\/wp-json\/wp\/v2\/comments?post=948811"}],"version-history":[{"count":0,"href":"https:\/\/dmcsrb.com\/en\/wp-json\/wp\/v2\/posts\/948811\/revisions"}],"wp:featuredmedia":[{"embeddable":true,"href":"https:\/\/dmcsrb.com\/en\/wp-json\/wp\/v2\/media\/946293"}],"wp:attachment":[{"href":"https:\/\/dmcsrb.com\/en\/wp-json\/wp\/v2\/media?parent=948811"}],"wp:term":[{"taxonomy":"category","embeddable":true,"href":"https:\/\/dmcsrb.com\/en\/wp-json\/wp\/v2\/categories?post=948811"},{"taxonomy":"post_tag","embeddable":true,"href":"https:\/\/dmcsrb.com\/en\/wp-json\/wp\/v2\/tags?post=948811"},{"taxonomy":"naslovna","embeddable":true,"href":"https:\/\/dmcsrb.com\/en\/wp-json\/wp\/v2\/naslovna?post=948811"}],"curies":[{"name":"wp","href":"https:\/\/api.w.org\/{rel}","templated":true}]}}