{"id":948787,"date":"2025-08-28T10:55:33","date_gmt":"2025-08-28T08:55:33","guid":{"rendered":"https:\/\/dmcsrb.com\/uncategorized\/radnici-linijskog-prevoza-spasili-bebu-koja-je-bila-zaglavljena-u-automobilu\/"},"modified":"2025-08-28T10:55:33","modified_gmt":"2025-08-28T08:55:33","slug":"radnici-linijskog-prevoza-spasili-bebu-koja-je-bila-zaglavljena-u-automobilu","status":"publish","type":"post","link":"https:\/\/dmcsrb.com\/en\/podgorica\/radnici-linijskog-prevoza-spasili-bebu-koja-je-bila-zaglavljena-u-automobilu\/","title":{"rendered":"Radnici linijskog prevoza spasili bebu koja je bila zaglavljena u automobilu"},"content":{"rendered":"<p><\/p>\n\n\n\n<p>\u201cPravovremenom reakcijom pritekli su u pomo\u0107 sugra\u0111anki u nevolji i uspje\u0161no spasili bebu koja je bila zaglavljena u automobilu\u201d, navodi se u objavi ovog preduze\u0107a na dru\u0161tvenim mre\u017eama.<\/p>\n\n\n\n<p>Navode da taj \u010din potvr\u0111uje da su odgovornost i briga za druge temeljne vrijednosti na kojima se zasniva rad preduze\u0107a.<\/p>","protected":false},"excerpt":{"rendered":"<p>Radnici linijskog prevoza pokazali su izuzetnu humanost i prisebnost u vanrednoj situaciji koja se dogodila sino\u0107, 27. avgusta, u neposrednoj blizini firme, istakli su iz tog gradskog preduze\u0107a.<\/p>","protected":false},"author":1,"featured_media":916821,"comment_status":"open","ping_status":"open","sticky":false,"template":"","format":"standard","meta":{"_acf_changed":false,"footnotes":""},"categories":[56],"tags":[405,8369,18595],"naslovna":[],"class_list":["post-948787","post","type-post","status-publish","format-standard","has-post-thumbnail","hentry","category-podgorica","tag-glavni-grad","tag-linijski-prevoz","tag-spasavanje-bebe"],"acf":[],"yoast_head":"<!-- This site is optimized with the Yoast SEO plugin v27.4 - https:\/\/yoast.com\/product\/yoast-seo-wordpress\/ -->\n<title>Radnici linijskog prevoza spasili bebu koja je bila zaglavljena u automobilu - dmcsrb.com<\/title>\n<meta name=\"robots\" content=\"index, follow, max-snippet:-1, max-image-preview:large, max-video-preview:-1\" \/>\n<link rel=\"canonical\" href=\"https:\/\/dmcsrb.com\/en\/podgorica\/radnici-linijskog-prevoza-spasili-bebu-koja-je-bila-zaglavljena-u-automobilu\/\" \/>\n<meta property=\"og:locale\" content=\"en_GB\" \/>\n<meta property=\"og:type\" content=\"article\" \/>\n<meta property=\"og:title\" content=\"Radnici linijskog prevoza spasili bebu koja je bila zaglavljena u automobilu - dmcsrb.com\" \/>\n<meta property=\"og:description\" content=\"Radnici linijskog prevoza pokazali su izuzetnu humanost i prisebnost u vanrednoj situaciji koja se dogodila sino\u0107, 27. avgusta, u neposrednoj blizini firme, istakli su iz tog gradskog preduze\u0107a.\" \/>\n<meta property=\"og:url\" content=\"https:\/\/dmcsrb.com\/en\/podgorica\/radnici-linijskog-prevoza-spasili-bebu-koja-je-bila-zaglavljena-u-automobilu\/\" \/>\n<meta property=\"og:site_name\" content=\"dmcsrb.com\" \/>\n<meta property=\"article:published_time\" content=\"2025-08-28T08:55:33+00:00\" \/>\n<meta property=\"og:image\" content=\"https:\/\/dmcsrb.com\/wp-content\/uploads\/2026\/01\/autobus-scaled-1.jpg\" \/>\n\t<meta property=\"og:image:width\" content=\"2560\" \/>\n\t<meta property=\"og:image:height\" content=\"1872\" \/>\n\t<meta property=\"og:image:type\" content=\"image\/jpeg\" \/>\n<meta name=\"author\" content=\"dmcsrbija.com@gmail.com\" \/>\n<meta name=\"twitter:card\" content=\"summary_large_image\" \/>\n<meta name=\"twitter:label1\" content=\"Written by\" \/>\n\t<meta name=\"twitter:data1\" content=\"dmcsrbija.com@gmail.com\" \/>\n<script type=\"application\/ld+json\" class=\"yoast-schema-graph\">{\"@context\":\"https:\\\/\\\/schema.org\",\"@graph\":[{\"@type\":\"Article\",\"@id\":\"https:\\\/\\\/dmcsrb.com\\\/podgorica\\\/radnici-linijskog-prevoza-spasili-bebu-koja-je-bila-zaglavljena-u-automobilu\\\/#article\",\"isPartOf\":{\"@id\":\"https:\\\/\\\/dmcsrb.com\\\/podgorica\\\/radnici-linijskog-prevoza-spasili-bebu-koja-je-bila-zaglavljena-u-automobilu\\\/\"},\"author\":{\"name\":\"dmcsrbija.com@gmail.com\",\"@id\":\"https:\\\/\\\/dmcsrb.com\\\/#\\\/schema\\\/person\\\/5c39170f12db1b8b457732d0b5c854e2\"},\"headline\":\"Radnici linijskog prevoza spasili bebu koja je bila zaglavljena u automobilu\",\"datePublished\":\"2025-08-28T08:55:33+00:00\",\"mainEntityOfPage\":{\"@id\":\"https:\\\/\\\/dmcsrb.com\\\/podgorica\\\/radnici-linijskog-prevoza-spasili-bebu-koja-je-bila-zaglavljena-u-automobilu\\\/\"},\"wordCount\":66,\"commentCount\":0,\"image\":{\"@id\":\"https:\\\/\\\/dmcsrb.com\\\/podgorica\\\/radnici-linijskog-prevoza-spasili-bebu-koja-je-bila-zaglavljena-u-automobilu\\\/#primaryimage\"},\"thumbnailUrl\":\"https:\\\/\\\/dmcsrb.com\\\/wp-content\\\/uploads\\\/2026\\\/01\\\/autobus-scaled-1.jpg\",\"keywords\":[\"glavni grad\",\"Linijski prevoz\",\"Spa\u0161avanje bebe\"],\"articleSection\":[\"Podgorica\"],\"inLanguage\":\"en-GB\",\"potentialAction\":[{\"@type\":\"CommentAction\",\"name\":\"Comment\",\"target\":[\"https:\\\/\\\/dmcsrb.com\\\/podgorica\\\/radnici-linijskog-prevoza-spasili-bebu-koja-je-bila-zaglavljena-u-automobilu\\\/#respond\"]}]},{\"@type\":\"WebPage\",\"@id\":\"https:\\\/\\\/dmcsrb.com\\\/podgorica\\\/radnici-linijskog-prevoza-spasili-bebu-koja-je-bila-zaglavljena-u-automobilu\\\/\",\"url\":\"https:\\\/\\\/dmcsrb.com\\\/podgorica\\\/radnici-linijskog-prevoza-spasili-bebu-koja-je-bila-zaglavljena-u-automobilu\\\/\",\"name\":\"Radnici linijskog prevoza spasili bebu koja je bila zaglavljena u automobilu - dmcsrb.com\",\"isPartOf\":{\"@id\":\"https:\\\/\\\/dmcsrb.com\\\/#website\"},\"primaryImageOfPage\":{\"@id\":\"https:\\\/\\\/dmcsrb.com\\\/podgorica\\\/radnici-linijskog-prevoza-spasili-bebu-koja-je-bila-zaglavljena-u-automobilu\\\/#primaryimage\"},\"image\":{\"@id\":\"https:\\\/\\\/dmcsrb.com\\\/podgorica\\\/radnici-linijskog-prevoza-spasili-bebu-koja-je-bila-zaglavljena-u-automobilu\\\/#primaryimage\"},\"thumbnailUrl\":\"https:\\\/\\\/dmcsrb.com\\\/wp-content\\\/uploads\\\/2026\\\/01\\\/autobus-scaled-1.jpg\",\"datePublished\":\"2025-08-28T08:55:33+00:00\",\"author\":{\"@id\":\"https:\\\/\\\/dmcsrb.com\\\/#\\\/schema\\\/person\\\/5c39170f12db1b8b457732d0b5c854e2\"},\"breadcrumb\":{\"@id\":\"https:\\\/\\\/dmcsrb.com\\\/podgorica\\\/radnici-linijskog-prevoza-spasili-bebu-koja-je-bila-zaglavljena-u-automobilu\\\/#breadcrumb\"},\"inLanguage\":\"en-GB\",\"potentialAction\":[{\"@type\":\"ReadAction\",\"target\":[\"https:\\\/\\\/dmcsrb.com\\\/podgorica\\\/radnici-linijskog-prevoza-spasili-bebu-koja-je-bila-zaglavljena-u-automobilu\\\/\"]}]},{\"@type\":\"ImageObject\",\"inLanguage\":\"en-GB\",\"@id\":\"https:\\\/\\\/dmcsrb.com\\\/podgorica\\\/radnici-linijskog-prevoza-spasili-bebu-koja-je-bila-zaglavljena-u-automobilu\\\/#primaryimage\",\"url\":\"https:\\\/\\\/dmcsrb.com\\\/wp-content\\\/uploads\\\/2026\\\/01\\\/autobus-scaled-1.jpg\",\"contentUrl\":\"https:\\\/\\\/dmcsrb.com\\\/wp-content\\\/uploads\\\/2026\\\/01\\\/autobus-scaled-1.jpg\",\"width\":2560,\"height\":1872},{\"@type\":\"BreadcrumbList\",\"@id\":\"https:\\\/\\\/dmcsrb.com\\\/podgorica\\\/radnici-linijskog-prevoza-spasili-bebu-koja-je-bila-zaglavljena-u-automobilu\\\/#breadcrumb\",\"itemListElement\":[{\"@type\":\"ListItem\",\"position\":1,\"name\":\"Home\",\"item\":\"https:\\\/\\\/dmcsrb.com\\\/\"},{\"@type\":\"ListItem\",\"position\":2,\"name\":\"Radnici linijskog prevoza spasili bebu koja je bila zaglavljena u automobilu\"}]},{\"@type\":\"WebSite\",\"@id\":\"https:\\\/\\\/dmcsrb.com\\\/#website\",\"url\":\"https:\\\/\\\/dmcsrb.com\\\/\",\"name\":\"dmcsrb.com\",\"description\":\"\",\"potentialAction\":[{\"@type\":\"SearchAction\",\"target\":{\"@type\":\"EntryPoint\",\"urlTemplate\":\"https:\\\/\\\/dmcsrb.com\\\/?s={search_term_string}\"},\"query-input\":{\"@type\":\"PropertyValueSpecification\",\"valueRequired\":true,\"valueName\":\"search_term_string\"}}],\"inLanguage\":\"en-GB\"},{\"@type\":\"Person\",\"@id\":\"https:\\\/\\\/dmcsrb.com\\\/#\\\/schema\\\/person\\\/5c39170f12db1b8b457732d0b5c854e2\",\"name\":\"dmcsrbija.com@gmail.com\",\"image\":{\"@type\":\"ImageObject\",\"inLanguage\":\"en-GB\",\"@id\":\"https:\\\/\\\/secure.gravatar.com\\\/avatar\\\/68592660ad6347fad0fb587f8d5d8f1a7b44961362f56e4f2cd524feb87e9069?s=96&d=mm&r=g\",\"url\":\"https:\\\/\\\/secure.gravatar.com\\\/avatar\\\/68592660ad6347fad0fb587f8d5d8f1a7b44961362f56e4f2cd524feb87e9069?s=96&d=mm&r=g\",\"contentUrl\":\"https:\\\/\\\/secure.gravatar.com\\\/avatar\\\/68592660ad6347fad0fb587f8d5d8f1a7b44961362f56e4f2cd524feb87e9069?s=96&d=mm&r=g\",\"caption\":\"dmcsrbija.com@gmail.com\"},\"sameAs\":[\"https:\\\/\\\/dmcsrb.com\"],\"url\":\"https:\\\/\\\/dmcsrb.com\\\/en\\\/author\\\/dmcsrbija-comgmail-com\\\/\"}]}<\/script>\n<!-- \/ Yoast SEO plugin. -->","yoast_head_json":{"title":"Radnici linijskog prevoza spasili bebu koja je bila zaglavljena u automobilu - dmcsrb.com","robots":{"index":"index","follow":"follow","max-snippet":"max-snippet:-1","max-image-preview":"max-image-preview:large","max-video-preview":"max-video-preview:-1"},"canonical":"https:\/\/dmcsrb.com\/en\/podgorica\/radnici-linijskog-prevoza-spasili-bebu-koja-je-bila-zaglavljena-u-automobilu\/","og_locale":"en_GB","og_type":"article","og_title":"Radnici linijskog prevoza spasili bebu koja je bila zaglavljena u automobilu - dmcsrb.com","og_description":"Radnici linijskog prevoza pokazali su izuzetnu humanost i prisebnost u vanrednoj situaciji koja se dogodila sino\u0107, 27. avgusta, u neposrednoj blizini firme, istakli su iz tog gradskog preduze\u0107a.","og_url":"https:\/\/dmcsrb.com\/en\/podgorica\/radnici-linijskog-prevoza-spasili-bebu-koja-je-bila-zaglavljena-u-automobilu\/","og_site_name":"dmcsrb.com","article_published_time":"2025-08-28T08:55:33+00:00","og_image":[{"width":2560,"height":1872,"url":"https:\/\/dmcsrb.com\/wp-content\/uploads\/2026\/01\/autobus-scaled-1.jpg","type":"image\/jpeg"}],"author":"dmcsrbija.com@gmail.com","twitter_card":"summary_large_image","twitter_misc":{"Written by":"dmcsrbija.com@gmail.com"},"schema":{"@context":"https:\/\/schema.org","@graph":[{"@type":"Article","@id":"https:\/\/dmcsrb.com\/podgorica\/radnici-linijskog-prevoza-spasili-bebu-koja-je-bila-zaglavljena-u-automobilu\/#article","isPartOf":{"@id":"https:\/\/dmcsrb.com\/podgorica\/radnici-linijskog-prevoza-spasili-bebu-koja-je-bila-zaglavljena-u-automobilu\/"},"author":{"name":"dmcsrbija.com@gmail.com","@id":"https:\/\/dmcsrb.com\/#\/schema\/person\/5c39170f12db1b8b457732d0b5c854e2"},"headline":"Radnici linijskog prevoza spasili bebu koja je bila zaglavljena u automobilu","datePublished":"2025-08-28T08:55:33+00:00","mainEntityOfPage":{"@id":"https:\/\/dmcsrb.com\/podgorica\/radnici-linijskog-prevoza-spasili-bebu-koja-je-bila-zaglavljena-u-automobilu\/"},"wordCount":66,"commentCount":0,"image":{"@id":"https:\/\/dmcsrb.com\/podgorica\/radnici-linijskog-prevoza-spasili-bebu-koja-je-bila-zaglavljena-u-automobilu\/#primaryimage"},"thumbnailUrl":"https:\/\/dmcsrb.com\/wp-content\/uploads\/2026\/01\/autobus-scaled-1.jpg","keywords":["glavni grad","Linijski prevoz","Spa\u0161avanje bebe"],"articleSection":["Podgorica"],"inLanguage":"en-GB","potentialAction":[{"@type":"CommentAction","name":"Comment","target":["https:\/\/dmcsrb.com\/podgorica\/radnici-linijskog-prevoza-spasili-bebu-koja-je-bila-zaglavljena-u-automobilu\/#respond"]}]},{"@type":"WebPage","@id":"https:\/\/dmcsrb.com\/podgorica\/radnici-linijskog-prevoza-spasili-bebu-koja-je-bila-zaglavljena-u-automobilu\/","url":"https:\/\/dmcsrb.com\/podgorica\/radnici-linijskog-prevoza-spasili-bebu-koja-je-bila-zaglavljena-u-automobilu\/","name":"Radnici linijskog prevoza spasili bebu koja je bila zaglavljena u automobilu - dmcsrb.com","isPartOf":{"@id":"https:\/\/dmcsrb.com\/#website"},"primaryImageOfPage":{"@id":"https:\/\/dmcsrb.com\/podgorica\/radnici-linijskog-prevoza-spasili-bebu-koja-je-bila-zaglavljena-u-automobilu\/#primaryimage"},"image":{"@id":"https:\/\/dmcsrb.com\/podgorica\/radnici-linijskog-prevoza-spasili-bebu-koja-je-bila-zaglavljena-u-automobilu\/#primaryimage"},"thumbnailUrl":"https:\/\/dmcsrb.com\/wp-content\/uploads\/2026\/01\/autobus-scaled-1.jpg","datePublished":"2025-08-28T08:55:33+00:00","author":{"@id":"https:\/\/dmcsrb.com\/#\/schema\/person\/5c39170f12db1b8b457732d0b5c854e2"},"breadcrumb":{"@id":"https:\/\/dmcsrb.com\/podgorica\/radnici-linijskog-prevoza-spasili-bebu-koja-je-bila-zaglavljena-u-automobilu\/#breadcrumb"},"inLanguage":"en-GB","potentialAction":[{"@type":"ReadAction","target":["https:\/\/dmcsrb.com\/podgorica\/radnici-linijskog-prevoza-spasili-bebu-koja-je-bila-zaglavljena-u-automobilu\/"]}]},{"@type":"ImageObject","inLanguage":"en-GB","@id":"https:\/\/dmcsrb.com\/podgorica\/radnici-linijskog-prevoza-spasili-bebu-koja-je-bila-zaglavljena-u-automobilu\/#primaryimage","url":"https:\/\/dmcsrb.com\/wp-content\/uploads\/2026\/01\/autobus-scaled-1.jpg","contentUrl":"https:\/\/dmcsrb.com\/wp-content\/uploads\/2026\/01\/autobus-scaled-1.jpg","width":2560,"height":1872},{"@type":"BreadcrumbList","@id":"https:\/\/dmcsrb.com\/podgorica\/radnici-linijskog-prevoza-spasili-bebu-koja-je-bila-zaglavljena-u-automobilu\/#breadcrumb","itemListElement":[{"@type":"ListItem","position":1,"name":"Home","item":"https:\/\/dmcsrb.com\/"},{"@type":"ListItem","position":2,"name":"Radnici linijskog prevoza spasili bebu koja je bila zaglavljena u automobilu"}]},{"@type":"WebSite","@id":"https:\/\/dmcsrb.com\/#website","url":"https:\/\/dmcsrb.com\/","name":"dmcsrb.com","description":"","potentialAction":[{"@type":"SearchAction","target":{"@type":"EntryPoint","urlTemplate":"https:\/\/dmcsrb.com\/?s={search_term_string}"},"query-input":{"@type":"PropertyValueSpecification","valueRequired":true,"valueName":"search_term_string"}}],"inLanguage":"en-GB"},{"@type":"Person","@id":"https:\/\/dmcsrb.com\/#\/schema\/person\/5c39170f12db1b8b457732d0b5c854e2","name":"dmcsrbija.com@gmail.com","image":{"@type":"ImageObject","inLanguage":"en-GB","@id":"https:\/\/secure.gravatar.com\/avatar\/68592660ad6347fad0fb587f8d5d8f1a7b44961362f56e4f2cd524feb87e9069?s=96&d=mm&r=g","url":"https:\/\/secure.gravatar.com\/avatar\/68592660ad6347fad0fb587f8d5d8f1a7b44961362f56e4f2cd524feb87e9069?s=96&d=mm&r=g","contentUrl":"https:\/\/secure.gravatar.com\/avatar\/68592660ad6347fad0fb587f8d5d8f1a7b44961362f56e4f2cd524feb87e9069?s=96&d=mm&r=g","caption":"dmcsrbija.com@gmail.com"},"sameAs":["https:\/\/dmcsrb.com"],"url":"https:\/\/dmcsrb.com\/en\/author\/dmcsrbija-comgmail-com\/"}]}},"_links":{"self":[{"href":"https:\/\/dmcsrb.com\/en\/wp-json\/wp\/v2\/posts\/948787","targetHints":{"allow":["GET"]}}],"collection":[{"href":"https:\/\/dmcsrb.com\/en\/wp-json\/wp\/v2\/posts"}],"about":[{"href":"https:\/\/dmcsrb.com\/en\/wp-json\/wp\/v2\/types\/post"}],"author":[{"embeddable":true,"href":"https:\/\/dmcsrb.com\/en\/wp-json\/wp\/v2\/users\/1"}],"replies":[{"embeddable":true,"href":"https:\/\/dmcsrb.com\/en\/wp-json\/wp\/v2\/comments?post=948787"}],"version-history":[{"count":0,"href":"https:\/\/dmcsrb.com\/en\/wp-json\/wp\/v2\/posts\/948787\/revisions"}],"wp:featuredmedia":[{"embeddable":true,"href":"https:\/\/dmcsrb.com\/en\/wp-json\/wp\/v2\/media\/916821"}],"wp:attachment":[{"href":"https:\/\/dmcsrb.com\/en\/wp-json\/wp\/v2\/media?parent=948787"}],"wp:term":[{"taxonomy":"category","embeddable":true,"href":"https:\/\/dmcsrb.com\/en\/wp-json\/wp\/v2\/categories?post=948787"},{"taxonomy":"post_tag","embeddable":true,"href":"https:\/\/dmcsrb.com\/en\/wp-json\/wp\/v2\/tags?post=948787"},{"taxonomy":"naslovna","embeddable":true,"href":"https:\/\/dmcsrb.com\/en\/wp-json\/wp\/v2\/naslovna?post=948787"}],"curies":[{"name":"wp","href":"https:\/\/api.w.org\/{rel}","templated":true}]}}