{"id":948776,"date":"2025-08-28T10:43:00","date_gmt":"2025-08-28T08:43:00","guid":{"rendered":"https:\/\/dmcsrb.com\/uncategorized\/mujovic-izgradnja-kolektora-mora-poceti-do-kraja-godine-knezevic-jasno-rekao-da-nece-opstruirati-gradnju\/"},"modified":"2025-08-28T10:43:00","modified_gmt":"2025-08-28T08:43:00","slug":"mujovic-izgradnja-kolektora-mora-poceti-do-kraja-godine-knezevic-jasno-rekao-da-nece-opstruirati-gradnju","status":"publish","type":"post","link":"https:\/\/dmcsrb.com\/en\/podgorica\/mujovic-izgradnja-kolektora-mora-poceti-do-kraja-godine-knezevic-jasno-rekao-da-nece-opstruirati-gradnju\/","title":{"rendered":"Mujovi\u0107: Izgradnja kolektora mora po\u010deti do kraja godine, Kne\u017eevi\u0107 jasno rekao da ne\u0107e opstruirati gradnju"},"content":{"rendered":"<p><\/p>\n\n\n\n<p><\/p>\n\n\n\n<p>Mujovi\u0107 je potvrdio da je nedavno odr\u017ean sastanak u zgradi glavnog grada, a na kojem su osim njega prisustvovali i premijer Milojko Spaji\u0107, Milan Kne\u017eevi\u0107, Andrija Mandi\u0107 i amabasador Evropske unije u Crnoj Gori Johan Satler.<\/p>\n\n\n\n<p>&#8220;Nije to bio nikakav tajni sastanak. Da li uop\u0161te mo\u017ee biti ne\u0161to tajno u zgradi glavnog grada, gdje radi 50 odsto \u010dlanova DPS-a. To je bio sastanak grupe ljudi koja mo\u017ee da rije\u0161i ovaj problem. Ovaj momenat nije najbolji za politi\u010dka prepucavanja i podgrijavanje politi\u010dkih tenzija, kao i prozivanje bilo koga da je politi\u010dki kriv i da je neko nekoga prodao. Treba samo da govorimo o tome \u0161ta zna\u010di prolongiranje izgradnje ovakvog objekta i \u0161ta zna\u010di sa ekolo\u0161kog aspekta i budu\u0107nosti razvoja Podgorice&#8221;, kazao je Mujovi\u0107.<\/p>\n\n\n\n<p>Isti\u010de da je Kne\u017eevi\u0107 na sastanku jasno rekao da ne\u0107e ni na koji na\u010din opstruirati izgradnju kolektorskog postrojenja.<\/p>\n\n\n\n<p>&#8220;Zadr\u017eava svoj stav po pitanju da li treba gradili ili ne, ali i da nikakve opstrukcije ne\u0107e vr\u0161iti. To je jasan i precizan stav koji je Kne\u017eevi\u0107 rekao pred nama&#8221;, istakao je Mujovi\u0107.<\/p>\n\n\n\n<p>Prema njegovim rije\u010dima, Glavni grad je trenutno u situaciji kad se postrojenje mora \u0161to prije raditi. <\/p>\n\n\n\n<p>&#8220;Iscrpili smo sve mogu\u0107e opcije i jedino \u0161to sada mo\u017eemo je da se postrojenje radi u Botunu. Po\u010detak gradnje, ukoliko ne \u017eelimo pla\u0107ati penale, mora biti do kraja godine. Sa\u010deka\u0107emo stav Agencije za za\u0161titu \u017eivotne sredine, u smislu da li je postrojenje opasno po lokalno stanovni\u0161tvo i Botun. Ako odgovor bude pozitivan, nemogu\u0107e je dobiti gra\u0111evinsku dozvolu i nema gradnje. Ako se poka\u017ee da nema problema sa aspekta izgradnje tog postrojenja i negativnog uticaja na \u017eivotnu sredinu, onda je to momenat kada prestaju svi racionalni razlozi i kada treba da se ujedinimo i gradimo postrojenje&#8221;, kazao je Mujovi\u0107.<\/p>\n\n\n\n<p>On je naveo da imaju odgovore na sva pitanja, kao i da \u0107e izgradnjom postrojenja biti zaposleno oko 50 ljudi.<\/p>\n\n\n\n<p>&#8220;Detaljno sam se bavio ovim pitanjem i jedna od stvari sa kojom sam se suo\u010dio je bojazan mje\u0161tana da je oprema stara i \u0161tetna. Analizirao sam opremu i po\u0161ao kod jedne konkurentske kompanije, najve\u0107eg proizvo\u0111a\u010da i najve\u0107e kompanije u oblasti ekologije koja zapo\u0161ljava 220.000 ljudi u svijetu na razli\u010ditim lokacijama. Pitao sam ih za na\u0161u opremu i rekli su da misle da imaju bolju, ali i da je na\u0161a sasvim adekvatna i zadovoljavaju\u0107a. Meni je savjest \u010dista i ja u pri\u010du da se u postrojenje u Botunu treba graditi, ulazim potpuno mentalno svjestan da radimo dobru stvar za Podgoricu i Zetu&#8221;, istakao je Mujovi\u0107.<\/p>\n\n\n\n<p>Isti\u010de da su odbornici DPS-a Andrija Klikovac i Vladan Arsovi\u0107 svojim komentarima na dru\u0161tvenim mre\u017eama napravili kontra uslugu Glavnom gradu, izazvali talas nezadovoljstva svojim istupima i da su nanijeli \u0161tetu gradu kod me\u0111unarodnih partnera. Poru\u010duje da je njihov istup na\u010din kako se stvara negativna atmosfera.<\/p>\n\n\n\n<p><strong>Klikovac: Kne\u017eevi\u0107 glavni krivac ako ne bude izgradnje kolektora<\/strong><\/p>\n\n\n\n<p>Odbornik DPS-a Andrija Klikovac je naveo da vrlo pa\u017eljivo govori o izgradnji kolektora i da je jasno da je situacija vrlo ozbiljna, kao i da je postrojenje potrebno Zeti i Podgorici.<\/p>\n\n\n\n<p>&#8220;Zeti je \u010dak i potrebnije postrojenje, jer fekalije iz Podgorice oti\u010du rijekom Mora\u010dom u Skadarsko jezero, a Zeta \u017eivi na toj rijeci i jezeru. Nejasno je kako jedan dio gra\u0111ana ne shvata \u0161ta se de\u0161ava sa Mora\u010dom. Za sve \u0161to se de\u0161ava u vezi izgradnje kolektora politi\u010dki je kriv Milan Kne\u017eevi\u0107, koji daje instrukcije mje\u0161tanima. Ako ne bude izgradnje bi\u0107e kriv samo Kne\u017eevi\u0107, a ve\u0107 su izgubljene \u010detiri godine. Znamo kakvi su mu sad stavovi i \u0161ta poku\u0161ava. Ni Vi, ni Spaji\u0107, ni Satler niste krivi. Ova situacija se koristila i ranije da se opstrui\u0161e rad Glavnog grada&#8221;, kazao je Klikovac na dana\u0161njoj sjednici.<\/p>\n\n\n\n<p>Odbornik DPS-a Vladan Arsovi\u0107 je naveo da su svi svjesni lo\u0161eg stanja Mora\u010de, a da je Kne\u017eevi\u0107 glavni krivac jer radovi ne po\u010dinju.<\/p>","protected":false},"excerpt":{"rendered":"<p>Gradona\u010delnik Sa\u0161a Mujovi\u0107 je kazao na dana\u0161njoj sjednici Skup\u0161tine Glavnog grada da izgradnja kolektora mora zapo\u010deti do kraja godine, te da posljedice, ukoliko se to ne desi, mogu biti ogromne za Podgoricu. On je danas naveo da je Milan Kne\u017eevi\u0107 na nedavno odr\u017eanom sastanku jasno rekao da ne\u0107e opstruirati izgradnju kolektora.<\/p>","protected":false},"author":1,"featured_media":910906,"comment_status":"open","ping_status":"open","sticky":false,"template":"","format":"standard","meta":{"_acf_changed":false,"footnotes":""},"categories":[56],"tags":[2038,405,174,18591],"naslovna":[],"class_list":["post-948776","post","type-post","status-publish","format-standard","has-post-thumbnail","hentry","category-podgorica","tag-andrija-klikovac","tag-glavni-grad","tag-sasa-mujovic","tag-vladan-arsovic"],"acf":[],"yoast_head":"<!-- This site is optimized with the Yoast SEO plugin v27.4 - https:\/\/yoast.com\/product\/yoast-seo-wordpress\/ -->\n<title>Mujovi\u0107: Izgradnja kolektora mora po\u010deti do kraja godine, Kne\u017eevi\u0107 jasno rekao da ne\u0107e opstruirati gradnju - dmcsrb.com<\/title>\n<meta name=\"robots\" content=\"index, follow, max-snippet:-1, max-image-preview:large, max-video-preview:-1\" \/>\n<link rel=\"canonical\" href=\"https:\/\/dmcsrb.com\/en\/podgorica\/mujovic-izgradnja-kolektora-mora-poceti-do-kraja-godine-knezevic-jasno-rekao-da-nece-opstruirati-gradnju\/\" \/>\n<meta property=\"og:locale\" content=\"en_GB\" \/>\n<meta property=\"og:type\" content=\"article\" \/>\n<meta property=\"og:title\" content=\"Mujovi\u0107: Izgradnja kolektora mora po\u010deti do kraja godine, Kne\u017eevi\u0107 jasno rekao da ne\u0107e opstruirati gradnju - dmcsrb.com\" \/>\n<meta property=\"og:description\" content=\"Gradona\u010delnik Sa\u0161a Mujovi\u0107 je kazao na dana\u0161njoj sjednici Skup\u0161tine Glavnog grada da izgradnja kolektora mora zapo\u010deti do kraja godine, te da posljedice, ukoliko se to ne desi, mogu biti ogromne za Podgoricu. On je danas naveo da je Milan Kne\u017eevi\u0107 na nedavno odr\u017eanom sastanku jasno rekao da ne\u0107e opstruirati izgradnju kolektora.\" \/>\n<meta property=\"og:url\" content=\"https:\/\/dmcsrb.com\/en\/podgorica\/mujovic-izgradnja-kolektora-mora-poceti-do-kraja-godine-knezevic-jasno-rekao-da-nece-opstruirati-gradnju\/\" \/>\n<meta property=\"og:site_name\" content=\"dmcsrb.com\" \/>\n<meta property=\"article:published_time\" content=\"2025-08-28T08:43:00+00:00\" \/>\n<meta property=\"og:image\" content=\"https:\/\/dmcsrb.com\/wp-content\/uploads\/2026\/01\/Sasa-Mujovic-Foto-Glavni-grad-Podgorica.jpg\" \/>\n\t<meta property=\"og:image:width\" content=\"1000\" \/>\n\t<meta property=\"og:image:height\" content=\"555\" \/>\n\t<meta property=\"og:image:type\" content=\"image\/jpeg\" \/>\n<meta name=\"author\" content=\"dmcsrbija.com@gmail.com\" \/>\n<meta name=\"twitter:card\" content=\"summary_large_image\" \/>\n<meta name=\"twitter:label1\" content=\"Written by\" \/>\n\t<meta name=\"twitter:data1\" content=\"dmcsrbija.com@gmail.com\" \/>\n\t<meta name=\"twitter:label2\" content=\"Estimated reading time\" \/>\n\t<meta name=\"twitter:data2\" content=\"3 minutes\" \/>\n<script type=\"application\/ld+json\" class=\"yoast-schema-graph\">{\"@context\":\"https:\\\/\\\/schema.org\",\"@graph\":[{\"@type\":\"Article\",\"@id\":\"https:\\\/\\\/dmcsrb.com\\\/podgorica\\\/mujovic-izgradnja-kolektora-mora-poceti-do-kraja-godine-knezevic-jasno-rekao-da-nece-opstruirati-gradnju\\\/#article\",\"isPartOf\":{\"@id\":\"https:\\\/\\\/dmcsrb.com\\\/podgorica\\\/mujovic-izgradnja-kolektora-mora-poceti-do-kraja-godine-knezevic-jasno-rekao-da-nece-opstruirati-gradnju\\\/\"},\"author\":{\"name\":\"dmcsrbija.com@gmail.com\",\"@id\":\"https:\\\/\\\/dmcsrb.com\\\/#\\\/schema\\\/person\\\/5c39170f12db1b8b457732d0b5c854e2\"},\"headline\":\"Mujovi\u0107: Izgradnja kolektora mora po\u010deti do kraja godine, Kne\u017eevi\u0107 jasno rekao da ne\u0107e opstruirati gradnju\",\"datePublished\":\"2025-08-28T08:43:00+00:00\",\"mainEntityOfPage\":{\"@id\":\"https:\\\/\\\/dmcsrb.com\\\/podgorica\\\/mujovic-izgradnja-kolektora-mora-poceti-do-kraja-godine-knezevic-jasno-rekao-da-nece-opstruirati-gradnju\\\/\"},\"wordCount\":711,\"commentCount\":0,\"image\":{\"@id\":\"https:\\\/\\\/dmcsrb.com\\\/podgorica\\\/mujovic-izgradnja-kolektora-mora-poceti-do-kraja-godine-knezevic-jasno-rekao-da-nece-opstruirati-gradnju\\\/#primaryimage\"},\"thumbnailUrl\":\"https:\\\/\\\/dmcsrb.com\\\/wp-content\\\/uploads\\\/2026\\\/01\\\/Sasa-Mujovic-Foto-Glavni-grad-Podgorica.jpg\",\"keywords\":[\"Andrija Klikovac\",\"glavni grad\",\"Sa\u0161a Mujovi\u0107\",\"Vladan Arsovi\u0107\"],\"articleSection\":[\"Podgorica\"],\"inLanguage\":\"en-GB\",\"potentialAction\":[{\"@type\":\"CommentAction\",\"name\":\"Comment\",\"target\":[\"https:\\\/\\\/dmcsrb.com\\\/podgorica\\\/mujovic-izgradnja-kolektora-mora-poceti-do-kraja-godine-knezevic-jasno-rekao-da-nece-opstruirati-gradnju\\\/#respond\"]}]},{\"@type\":\"WebPage\",\"@id\":\"https:\\\/\\\/dmcsrb.com\\\/podgorica\\\/mujovic-izgradnja-kolektora-mora-poceti-do-kraja-godine-knezevic-jasno-rekao-da-nece-opstruirati-gradnju\\\/\",\"url\":\"https:\\\/\\\/dmcsrb.com\\\/podgorica\\\/mujovic-izgradnja-kolektora-mora-poceti-do-kraja-godine-knezevic-jasno-rekao-da-nece-opstruirati-gradnju\\\/\",\"name\":\"Mujovi\u0107: Izgradnja kolektora mora po\u010deti do kraja godine, Kne\u017eevi\u0107 jasno rekao da ne\u0107e opstruirati gradnju - dmcsrb.com\",\"isPartOf\":{\"@id\":\"https:\\\/\\\/dmcsrb.com\\\/#website\"},\"primaryImageOfPage\":{\"@id\":\"https:\\\/\\\/dmcsrb.com\\\/podgorica\\\/mujovic-izgradnja-kolektora-mora-poceti-do-kraja-godine-knezevic-jasno-rekao-da-nece-opstruirati-gradnju\\\/#primaryimage\"},\"image\":{\"@id\":\"https:\\\/\\\/dmcsrb.com\\\/podgorica\\\/mujovic-izgradnja-kolektora-mora-poceti-do-kraja-godine-knezevic-jasno-rekao-da-nece-opstruirati-gradnju\\\/#primaryimage\"},\"thumbnailUrl\":\"https:\\\/\\\/dmcsrb.com\\\/wp-content\\\/uploads\\\/2026\\\/01\\\/Sasa-Mujovic-Foto-Glavni-grad-Podgorica.jpg\",\"datePublished\":\"2025-08-28T08:43:00+00:00\",\"author\":{\"@id\":\"https:\\\/\\\/dmcsrb.com\\\/#\\\/schema\\\/person\\\/5c39170f12db1b8b457732d0b5c854e2\"},\"breadcrumb\":{\"@id\":\"https:\\\/\\\/dmcsrb.com\\\/podgorica\\\/mujovic-izgradnja-kolektora-mora-poceti-do-kraja-godine-knezevic-jasno-rekao-da-nece-opstruirati-gradnju\\\/#breadcrumb\"},\"inLanguage\":\"en-GB\",\"potentialAction\":[{\"@type\":\"ReadAction\",\"target\":[\"https:\\\/\\\/dmcsrb.com\\\/podgorica\\\/mujovic-izgradnja-kolektora-mora-poceti-do-kraja-godine-knezevic-jasno-rekao-da-nece-opstruirati-gradnju\\\/\"]}]},{\"@type\":\"ImageObject\",\"inLanguage\":\"en-GB\",\"@id\":\"https:\\\/\\\/dmcsrb.com\\\/podgorica\\\/mujovic-izgradnja-kolektora-mora-poceti-do-kraja-godine-knezevic-jasno-rekao-da-nece-opstruirati-gradnju\\\/#primaryimage\",\"url\":\"https:\\\/\\\/dmcsrb.com\\\/wp-content\\\/uploads\\\/2026\\\/01\\\/Sasa-Mujovic-Foto-Glavni-grad-Podgorica.jpg\",\"contentUrl\":\"https:\\\/\\\/dmcsrb.com\\\/wp-content\\\/uploads\\\/2026\\\/01\\\/Sasa-Mujovic-Foto-Glavni-grad-Podgorica.jpg\",\"width\":1000,\"height\":555},{\"@type\":\"BreadcrumbList\",\"@id\":\"https:\\\/\\\/dmcsrb.com\\\/podgorica\\\/mujovic-izgradnja-kolektora-mora-poceti-do-kraja-godine-knezevic-jasno-rekao-da-nece-opstruirati-gradnju\\\/#breadcrumb\",\"itemListElement\":[{\"@type\":\"ListItem\",\"position\":1,\"name\":\"Home\",\"item\":\"https:\\\/\\\/dmcsrb.com\\\/\"},{\"@type\":\"ListItem\",\"position\":2,\"name\":\"Mujovi\u0107: Izgradnja kolektora mora po\u010deti do kraja godine, Kne\u017eevi\u0107 jasno rekao da ne\u0107e opstruirati gradnju\"}]},{\"@type\":\"WebSite\",\"@id\":\"https:\\\/\\\/dmcsrb.com\\\/#website\",\"url\":\"https:\\\/\\\/dmcsrb.com\\\/\",\"name\":\"dmcsrb.com\",\"description\":\"\",\"potentialAction\":[{\"@type\":\"SearchAction\",\"target\":{\"@type\":\"EntryPoint\",\"urlTemplate\":\"https:\\\/\\\/dmcsrb.com\\\/?s={search_term_string}\"},\"query-input\":{\"@type\":\"PropertyValueSpecification\",\"valueRequired\":true,\"valueName\":\"search_term_string\"}}],\"inLanguage\":\"en-GB\"},{\"@type\":\"Person\",\"@id\":\"https:\\\/\\\/dmcsrb.com\\\/#\\\/schema\\\/person\\\/5c39170f12db1b8b457732d0b5c854e2\",\"name\":\"dmcsrbija.com@gmail.com\",\"image\":{\"@type\":\"ImageObject\",\"inLanguage\":\"en-GB\",\"@id\":\"https:\\\/\\\/secure.gravatar.com\\\/avatar\\\/68592660ad6347fad0fb587f8d5d8f1a7b44961362f56e4f2cd524feb87e9069?s=96&d=mm&r=g\",\"url\":\"https:\\\/\\\/secure.gravatar.com\\\/avatar\\\/68592660ad6347fad0fb587f8d5d8f1a7b44961362f56e4f2cd524feb87e9069?s=96&d=mm&r=g\",\"contentUrl\":\"https:\\\/\\\/secure.gravatar.com\\\/avatar\\\/68592660ad6347fad0fb587f8d5d8f1a7b44961362f56e4f2cd524feb87e9069?s=96&d=mm&r=g\",\"caption\":\"dmcsrbija.com@gmail.com\"},\"sameAs\":[\"https:\\\/\\\/dmcsrb.com\"],\"url\":\"https:\\\/\\\/dmcsrb.com\\\/en\\\/author\\\/dmcsrbija-comgmail-com\\\/\"}]}<\/script>\n<!-- \/ Yoast SEO plugin. -->","yoast_head_json":{"title":"Mujovi\u0107: Izgradnja kolektora mora po\u010deti do kraja godine, Kne\u017eevi\u0107 jasno rekao da ne\u0107e opstruirati gradnju - dmcsrb.com","robots":{"index":"index","follow":"follow","max-snippet":"max-snippet:-1","max-image-preview":"max-image-preview:large","max-video-preview":"max-video-preview:-1"},"canonical":"https:\/\/dmcsrb.com\/en\/podgorica\/mujovic-izgradnja-kolektora-mora-poceti-do-kraja-godine-knezevic-jasno-rekao-da-nece-opstruirati-gradnju\/","og_locale":"en_GB","og_type":"article","og_title":"Mujovi\u0107: Izgradnja kolektora mora po\u010deti do kraja godine, Kne\u017eevi\u0107 jasno rekao da ne\u0107e opstruirati gradnju - dmcsrb.com","og_description":"Gradona\u010delnik Sa\u0161a Mujovi\u0107 je kazao na dana\u0161njoj sjednici Skup\u0161tine Glavnog grada da izgradnja kolektora mora zapo\u010deti do kraja godine, te da posljedice, ukoliko se to ne desi, mogu biti ogromne za Podgoricu. On je danas naveo da je Milan Kne\u017eevi\u0107 na nedavno odr\u017eanom sastanku jasno rekao da ne\u0107e opstruirati izgradnju kolektora.","og_url":"https:\/\/dmcsrb.com\/en\/podgorica\/mujovic-izgradnja-kolektora-mora-poceti-do-kraja-godine-knezevic-jasno-rekao-da-nece-opstruirati-gradnju\/","og_site_name":"dmcsrb.com","article_published_time":"2025-08-28T08:43:00+00:00","og_image":[{"width":1000,"height":555,"url":"https:\/\/dmcsrb.com\/wp-content\/uploads\/2026\/01\/Sasa-Mujovic-Foto-Glavni-grad-Podgorica.jpg","type":"image\/jpeg"}],"author":"dmcsrbija.com@gmail.com","twitter_card":"summary_large_image","twitter_misc":{"Written by":"dmcsrbija.com@gmail.com","Estimated reading time":"3 minutes"},"schema":{"@context":"https:\/\/schema.org","@graph":[{"@type":"Article","@id":"https:\/\/dmcsrb.com\/podgorica\/mujovic-izgradnja-kolektora-mora-poceti-do-kraja-godine-knezevic-jasno-rekao-da-nece-opstruirati-gradnju\/#article","isPartOf":{"@id":"https:\/\/dmcsrb.com\/podgorica\/mujovic-izgradnja-kolektora-mora-poceti-do-kraja-godine-knezevic-jasno-rekao-da-nece-opstruirati-gradnju\/"},"author":{"name":"dmcsrbija.com@gmail.com","@id":"https:\/\/dmcsrb.com\/#\/schema\/person\/5c39170f12db1b8b457732d0b5c854e2"},"headline":"Mujovi\u0107: Izgradnja kolektora mora po\u010deti do kraja godine, Kne\u017eevi\u0107 jasno rekao da ne\u0107e opstruirati gradnju","datePublished":"2025-08-28T08:43:00+00:00","mainEntityOfPage":{"@id":"https:\/\/dmcsrb.com\/podgorica\/mujovic-izgradnja-kolektora-mora-poceti-do-kraja-godine-knezevic-jasno-rekao-da-nece-opstruirati-gradnju\/"},"wordCount":711,"commentCount":0,"image":{"@id":"https:\/\/dmcsrb.com\/podgorica\/mujovic-izgradnja-kolektora-mora-poceti-do-kraja-godine-knezevic-jasno-rekao-da-nece-opstruirati-gradnju\/#primaryimage"},"thumbnailUrl":"https:\/\/dmcsrb.com\/wp-content\/uploads\/2026\/01\/Sasa-Mujovic-Foto-Glavni-grad-Podgorica.jpg","keywords":["Andrija Klikovac","glavni grad","Sa\u0161a Mujovi\u0107","Vladan Arsovi\u0107"],"articleSection":["Podgorica"],"inLanguage":"en-GB","potentialAction":[{"@type":"CommentAction","name":"Comment","target":["https:\/\/dmcsrb.com\/podgorica\/mujovic-izgradnja-kolektora-mora-poceti-do-kraja-godine-knezevic-jasno-rekao-da-nece-opstruirati-gradnju\/#respond"]}]},{"@type":"WebPage","@id":"https:\/\/dmcsrb.com\/podgorica\/mujovic-izgradnja-kolektora-mora-poceti-do-kraja-godine-knezevic-jasno-rekao-da-nece-opstruirati-gradnju\/","url":"https:\/\/dmcsrb.com\/podgorica\/mujovic-izgradnja-kolektora-mora-poceti-do-kraja-godine-knezevic-jasno-rekao-da-nece-opstruirati-gradnju\/","name":"Mujovi\u0107: Izgradnja kolektora mora po\u010deti do kraja godine, Kne\u017eevi\u0107 jasno rekao da ne\u0107e opstruirati gradnju - dmcsrb.com","isPartOf":{"@id":"https:\/\/dmcsrb.com\/#website"},"primaryImageOfPage":{"@id":"https:\/\/dmcsrb.com\/podgorica\/mujovic-izgradnja-kolektora-mora-poceti-do-kraja-godine-knezevic-jasno-rekao-da-nece-opstruirati-gradnju\/#primaryimage"},"image":{"@id":"https:\/\/dmcsrb.com\/podgorica\/mujovic-izgradnja-kolektora-mora-poceti-do-kraja-godine-knezevic-jasno-rekao-da-nece-opstruirati-gradnju\/#primaryimage"},"thumbnailUrl":"https:\/\/dmcsrb.com\/wp-content\/uploads\/2026\/01\/Sasa-Mujovic-Foto-Glavni-grad-Podgorica.jpg","datePublished":"2025-08-28T08:43:00+00:00","author":{"@id":"https:\/\/dmcsrb.com\/#\/schema\/person\/5c39170f12db1b8b457732d0b5c854e2"},"breadcrumb":{"@id":"https:\/\/dmcsrb.com\/podgorica\/mujovic-izgradnja-kolektora-mora-poceti-do-kraja-godine-knezevic-jasno-rekao-da-nece-opstruirati-gradnju\/#breadcrumb"},"inLanguage":"en-GB","potentialAction":[{"@type":"ReadAction","target":["https:\/\/dmcsrb.com\/podgorica\/mujovic-izgradnja-kolektora-mora-poceti-do-kraja-godine-knezevic-jasno-rekao-da-nece-opstruirati-gradnju\/"]}]},{"@type":"ImageObject","inLanguage":"en-GB","@id":"https:\/\/dmcsrb.com\/podgorica\/mujovic-izgradnja-kolektora-mora-poceti-do-kraja-godine-knezevic-jasno-rekao-da-nece-opstruirati-gradnju\/#primaryimage","url":"https:\/\/dmcsrb.com\/wp-content\/uploads\/2026\/01\/Sasa-Mujovic-Foto-Glavni-grad-Podgorica.jpg","contentUrl":"https:\/\/dmcsrb.com\/wp-content\/uploads\/2026\/01\/Sasa-Mujovic-Foto-Glavni-grad-Podgorica.jpg","width":1000,"height":555},{"@type":"BreadcrumbList","@id":"https:\/\/dmcsrb.com\/podgorica\/mujovic-izgradnja-kolektora-mora-poceti-do-kraja-godine-knezevic-jasno-rekao-da-nece-opstruirati-gradnju\/#breadcrumb","itemListElement":[{"@type":"ListItem","position":1,"name":"Home","item":"https:\/\/dmcsrb.com\/"},{"@type":"ListItem","position":2,"name":"Mujovi\u0107: Izgradnja kolektora mora po\u010deti do kraja godine, Kne\u017eevi\u0107 jasno rekao da ne\u0107e opstruirati gradnju"}]},{"@type":"WebSite","@id":"https:\/\/dmcsrb.com\/#website","url":"https:\/\/dmcsrb.com\/","name":"dmcsrb.com","description":"","potentialAction":[{"@type":"SearchAction","target":{"@type":"EntryPoint","urlTemplate":"https:\/\/dmcsrb.com\/?s={search_term_string}"},"query-input":{"@type":"PropertyValueSpecification","valueRequired":true,"valueName":"search_term_string"}}],"inLanguage":"en-GB"},{"@type":"Person","@id":"https:\/\/dmcsrb.com\/#\/schema\/person\/5c39170f12db1b8b457732d0b5c854e2","name":"dmcsrbija.com@gmail.com","image":{"@type":"ImageObject","inLanguage":"en-GB","@id":"https:\/\/secure.gravatar.com\/avatar\/68592660ad6347fad0fb587f8d5d8f1a7b44961362f56e4f2cd524feb87e9069?s=96&d=mm&r=g","url":"https:\/\/secure.gravatar.com\/avatar\/68592660ad6347fad0fb587f8d5d8f1a7b44961362f56e4f2cd524feb87e9069?s=96&d=mm&r=g","contentUrl":"https:\/\/secure.gravatar.com\/avatar\/68592660ad6347fad0fb587f8d5d8f1a7b44961362f56e4f2cd524feb87e9069?s=96&d=mm&r=g","caption":"dmcsrbija.com@gmail.com"},"sameAs":["https:\/\/dmcsrb.com"],"url":"https:\/\/dmcsrb.com\/en\/author\/dmcsrbija-comgmail-com\/"}]}},"_links":{"self":[{"href":"https:\/\/dmcsrb.com\/en\/wp-json\/wp\/v2\/posts\/948776","targetHints":{"allow":["GET"]}}],"collection":[{"href":"https:\/\/dmcsrb.com\/en\/wp-json\/wp\/v2\/posts"}],"about":[{"href":"https:\/\/dmcsrb.com\/en\/wp-json\/wp\/v2\/types\/post"}],"author":[{"embeddable":true,"href":"https:\/\/dmcsrb.com\/en\/wp-json\/wp\/v2\/users\/1"}],"replies":[{"embeddable":true,"href":"https:\/\/dmcsrb.com\/en\/wp-json\/wp\/v2\/comments?post=948776"}],"version-history":[{"count":0,"href":"https:\/\/dmcsrb.com\/en\/wp-json\/wp\/v2\/posts\/948776\/revisions"}],"wp:featuredmedia":[{"embeddable":true,"href":"https:\/\/dmcsrb.com\/en\/wp-json\/wp\/v2\/media\/910906"}],"wp:attachment":[{"href":"https:\/\/dmcsrb.com\/en\/wp-json\/wp\/v2\/media?parent=948776"}],"wp:term":[{"taxonomy":"category","embeddable":true,"href":"https:\/\/dmcsrb.com\/en\/wp-json\/wp\/v2\/categories?post=948776"},{"taxonomy":"post_tag","embeddable":true,"href":"https:\/\/dmcsrb.com\/en\/wp-json\/wp\/v2\/tags?post=948776"},{"taxonomy":"naslovna","embeddable":true,"href":"https:\/\/dmcsrb.com\/en\/wp-json\/wp\/v2\/naslovna?post=948776"}],"curies":[{"name":"wp","href":"https:\/\/api.w.org\/{rel}","templated":true}]}}