{"id":948718,"date":"2025-08-28T06:44:00","date_gmt":"2025-08-28T04:44:00","guid":{"rendered":"https:\/\/dmcsrb.com\/uncategorized\/milatovic-kolasin-posjeduje-ogroman-turisticki-i-privredni-potencijal-vazna-tacka-na-mapi-razvoja-crne-gore\/"},"modified":"2025-08-28T06:44:00","modified_gmt":"2025-08-28T04:44:00","slug":"milatovic-kolasin-posjeduje-ogroman-turisticki-i-privredni-potencijal-vazna-tacka-na-mapi-razvoja-crne-gore","status":"publish","type":"post","link":"https:\/\/dmcsrb.com\/en\/politika\/milatovic-kolasin-posjeduje-ogroman-turisticki-i-privredni-potencijal-vazna-tacka-na-mapi-razvoja-crne-gore\/","title":{"rendered":"Milatovi\u0107: Kola\u0161in posjeduje ogroman turisti\u010dki i privredni potencijal, va\u017ena ta\u010dka na mapi razvoja Crne Gore"},"content":{"rendered":"<p><\/p>\n\n\n\n<p>\u201cDan op\u0161tine \u2013 praznik je koji simbolizuje snagu zajednice, slavnu istoriju i posve\u0107enost vrijednostima na kojima po\u010diva savremena Crna Gora. Danas obilje\u017eavamo va\u017ean istorijski trenutak \u2013 dan kada je Kola\u0161in oslobo\u0111en u Narodnooslobodila\u010dkoj borbi 1944. godine, \u010dime je postao dio \u0161ireg pokreta za slobodu i obnovu na\u0161e domovine. Ovaj datum nije samo podsjetnik na pro\u0161lost, ve\u0107 i \u017eivi simbol borbe za pravednije dru\u0161tvo, otpora okupaciji i odanosti slobodarskoj tradiciji. Ovaj datum je tako\u0111e podsjetnik na brojne junake, intelektualce i revolucionare koji su oblikovali put Crne Gore, a \u010dija posve\u0107enost idealima jednakosti i pravde ostaje trajna inspiracija za sve koji vjeruju u snagu zajedni\u010dke dobrobiti&#8221;, kazao je Milatovi\u0107.<\/p>\n\n\n\n<p>Isti\u010de da Kola\u0161in posjeduje ogroman turisti\u010dki i privredni potencijal.<\/p>\n\n\n\n<p>&#8220;Razvoj ski-centara, unapre\u0111enje infrastrukture, sve ve\u0107e interesovanje investitora, ali i sna\u017ena orijentacija ka odr\u017eivom turizmu i ekolo\u0161koj ravnote\u017ei, pozicioniraju Kola\u0161in kao va\u017enu ta\u010dku na mapi razvoja Crne Gore. Naravno, razvoj nije bez izazova \u2013 od ja\u010danja lokalne ekonomije, otvaranja kvalitetnih radnih mjesta i zadr\u017eavanja mladih, do o\u010duvanja kulturnog identiteta i prirodnih resursa. Ali uvjeren sam da \u0107ete, kao i mnogo puta do sada, pokazati snagu zajedni\u0161tva, mudrost u odlu\u010divanju i spremnost da u partnerstvu sa dr\u017eavnim institucijama i privrednim sektorom izgradite jo\u0161 sna\u017eniju i otporniju zajednicu. Ovaj grad ima neupitan potencijal da postane primjer odr\u017eivog razvoja, stoga vjerujem da \u0107emo svi zajedno, sa odlu\u010dno\u0161\u0107u i vizijom, raditi na tome da Kola\u0161in bude jo\u0161 razvijeniji, privla\u010dniji i konkurentniji, kako za doma\u0107e stanovni\u0161tvo tako i za goste iz svih krajeva svijeta&#8221;, istakao je Milatovi\u0107 i dodaje:<\/p>\n\n\n\n<p>&#8220;U tom duhu, jo\u0161 jednom vam \u010destitam Dan op\u0161tine. Neka Kola\u0161in ostane svjetionik sjevera i bude mjesto koje nadahnjuje svojim ljudskim potencijalom, vrijednostima i prirodnim ljepotama\u201d, stoji u \u010destitki predsjednika Milatovi\u0107a.<\/p>","protected":false},"excerpt":{"rendered":"<p>Predsjednik Crne Gore Jakov Milatovi\u0107 uputio je srda\u010dne \u010destitke povodom Dana op\u0161tine Kola\u0161in rukovodstvu op\u0161tine, odbornicama i odbornicima i svim stanovnicima tog grada.<\/p>","protected":false},"author":1,"featured_media":943585,"comment_status":"open","ping_status":"open","sticky":false,"template":"","format":"standard","meta":{"_acf_changed":false,"footnotes":""},"categories":[12],"tags":[18577,90],"naslovna":[],"class_list":["post-948718","post","type-post","status-publish","format-standard","has-post-thumbnail","hentry","category-politika","tag-dan-opstine-kolasin","tag-jakov-milatovic"],"acf":[],"yoast_head":"<!-- This site is optimized with the Yoast SEO plugin v27.0 - https:\/\/yoast.com\/product\/yoast-seo-wordpress\/ -->\n<title>Milatovi\u0107: Kola\u0161in posjeduje ogroman turisti\u010dki i privredni potencijal, va\u017ena ta\u010dka na mapi razvoja Crne Gore - dmcsrb.com<\/title>\n<meta name=\"robots\" content=\"index, follow, max-snippet:-1, max-image-preview:large, max-video-preview:-1\" \/>\n<link rel=\"canonical\" href=\"https:\/\/dmcsrb.com\/en\/politika\/milatovic-kolasin-posjeduje-ogroman-turisticki-i-privredni-potencijal-vazna-tacka-na-mapi-razvoja-crne-gore\/\" \/>\n<meta property=\"og:locale\" content=\"en_GB\" \/>\n<meta property=\"og:type\" content=\"article\" \/>\n<meta property=\"og:title\" content=\"Milatovi\u0107: Kola\u0161in posjeduje ogroman turisti\u010dki i privredni potencijal, va\u017ena ta\u010dka na mapi razvoja Crne Gore - dmcsrb.com\" \/>\n<meta property=\"og:description\" content=\"Predsjednik Crne Gore Jakov Milatovi\u0107 uputio je srda\u010dne \u010destitke povodom Dana op\u0161tine Kola\u0161in rukovodstvu op\u0161tine, odbornicama i odbornicima i svim stanovnicima tog grada.\" \/>\n<meta property=\"og:url\" content=\"https:\/\/dmcsrb.com\/en\/politika\/milatovic-kolasin-posjeduje-ogroman-turisticki-i-privredni-potencijal-vazna-tacka-na-mapi-razvoja-crne-gore\/\" \/>\n<meta property=\"og:site_name\" content=\"dmcsrb.com\" \/>\n<meta property=\"article:published_time\" content=\"2025-08-28T04:44:00+00:00\" \/>\n<meta property=\"og:image\" content=\"https:\/\/dmcsrb.com\/wp-content\/uploads\/2026\/01\/press-1-1684936951859-1-1-2-1000x555-1.webp\" \/>\n\t<meta property=\"og:image:width\" content=\"1000\" \/>\n\t<meta property=\"og:image:height\" content=\"555\" \/>\n\t<meta property=\"og:image:type\" content=\"image\/jpeg\" \/>\n<meta name=\"author\" content=\"dmcsrbija.com@gmail.com\" \/>\n<meta name=\"twitter:card\" content=\"summary_large_image\" \/>\n<meta name=\"twitter:label1\" content=\"Written by\" \/>\n\t<meta name=\"twitter:data1\" content=\"dmcsrbija.com@gmail.com\" \/>\n\t<meta name=\"twitter:label2\" content=\"Estimated reading time\" \/>\n\t<meta name=\"twitter:data2\" content=\"2 minutes\" \/>\n<script type=\"application\/ld+json\" class=\"yoast-schema-graph\">{\"@context\":\"https:\/\/schema.org\",\"@graph\":[{\"@type\":\"Article\",\"@id\":\"https:\/\/dmcsrb.com\/politika\/milatovic-kolasin-posjeduje-ogroman-turisticki-i-privredni-potencijal-vazna-tacka-na-mapi-razvoja-crne-gore\/#article\",\"isPartOf\":{\"@id\":\"https:\/\/dmcsrb.com\/politika\/milatovic-kolasin-posjeduje-ogroman-turisticki-i-privredni-potencijal-vazna-tacka-na-mapi-razvoja-crne-gore\/\"},\"author\":{\"name\":\"dmcsrbija.com@gmail.com\",\"@id\":\"https:\/\/dmcsrb.com\/#\/schema\/person\/5c39170f12db1b8b457732d0b5c854e2\"},\"headline\":\"Milatovi\u0107: Kola\u0161in posjeduje ogroman turisti\u010dki i privredni potencijal, va\u017ena ta\u010dka na mapi razvoja Crne Gore\",\"datePublished\":\"2025-08-28T04:44:00+00:00\",\"mainEntityOfPage\":{\"@id\":\"https:\/\/dmcsrb.com\/politika\/milatovic-kolasin-posjeduje-ogroman-turisticki-i-privredni-potencijal-vazna-tacka-na-mapi-razvoja-crne-gore\/\"},\"wordCount\":339,\"commentCount\":0,\"image\":{\"@id\":\"https:\/\/dmcsrb.com\/politika\/milatovic-kolasin-posjeduje-ogroman-turisticki-i-privredni-potencijal-vazna-tacka-na-mapi-razvoja-crne-gore\/#primaryimage\"},\"thumbnailUrl\":\"https:\/\/dmcsrb.com\/wp-content\/uploads\/2026\/01\/press-1-1684936951859-1-1-2-1000x555-1.webp\",\"keywords\":[\"Dan op\u0161tine Kola\u0161in\",\"Jakov Milatovi\u0107\"],\"articleSection\":[\"Politika\"],\"inLanguage\":\"en-GB\",\"potentialAction\":[{\"@type\":\"CommentAction\",\"name\":\"Comment\",\"target\":[\"https:\/\/dmcsrb.com\/politika\/milatovic-kolasin-posjeduje-ogroman-turisticki-i-privredni-potencijal-vazna-tacka-na-mapi-razvoja-crne-gore\/#respond\"]}]},{\"@type\":\"WebPage\",\"@id\":\"https:\/\/dmcsrb.com\/politika\/milatovic-kolasin-posjeduje-ogroman-turisticki-i-privredni-potencijal-vazna-tacka-na-mapi-razvoja-crne-gore\/\",\"url\":\"https:\/\/dmcsrb.com\/politika\/milatovic-kolasin-posjeduje-ogroman-turisticki-i-privredni-potencijal-vazna-tacka-na-mapi-razvoja-crne-gore\/\",\"name\":\"Milatovi\u0107: Kola\u0161in posjeduje ogroman turisti\u010dki i privredni potencijal, va\u017ena ta\u010dka na mapi razvoja Crne Gore - dmcsrb.com\",\"isPartOf\":{\"@id\":\"https:\/\/dmcsrb.com\/#website\"},\"primaryImageOfPage\":{\"@id\":\"https:\/\/dmcsrb.com\/politika\/milatovic-kolasin-posjeduje-ogroman-turisticki-i-privredni-potencijal-vazna-tacka-na-mapi-razvoja-crne-gore\/#primaryimage\"},\"image\":{\"@id\":\"https:\/\/dmcsrb.com\/politika\/milatovic-kolasin-posjeduje-ogroman-turisticki-i-privredni-potencijal-vazna-tacka-na-mapi-razvoja-crne-gore\/#primaryimage\"},\"thumbnailUrl\":\"https:\/\/dmcsrb.com\/wp-content\/uploads\/2026\/01\/press-1-1684936951859-1-1-2-1000x555-1.webp\",\"datePublished\":\"2025-08-28T04:44:00+00:00\",\"author\":{\"@id\":\"https:\/\/dmcsrb.com\/#\/schema\/person\/5c39170f12db1b8b457732d0b5c854e2\"},\"breadcrumb\":{\"@id\":\"https:\/\/dmcsrb.com\/politika\/milatovic-kolasin-posjeduje-ogroman-turisticki-i-privredni-potencijal-vazna-tacka-na-mapi-razvoja-crne-gore\/#breadcrumb\"},\"inLanguage\":\"en-GB\",\"potentialAction\":[{\"@type\":\"ReadAction\",\"target\":[\"https:\/\/dmcsrb.com\/politika\/milatovic-kolasin-posjeduje-ogroman-turisticki-i-privredni-potencijal-vazna-tacka-na-mapi-razvoja-crne-gore\/\"]}]},{\"@type\":\"ImageObject\",\"inLanguage\":\"en-GB\",\"@id\":\"https:\/\/dmcsrb.com\/politika\/milatovic-kolasin-posjeduje-ogroman-turisticki-i-privredni-potencijal-vazna-tacka-na-mapi-razvoja-crne-gore\/#primaryimage\",\"url\":\"https:\/\/dmcsrb.com\/wp-content\/uploads\/2026\/01\/press-1-1684936951859-1-1-2-1000x555-1.webp\",\"contentUrl\":\"https:\/\/dmcsrb.com\/wp-content\/uploads\/2026\/01\/press-1-1684936951859-1-1-2-1000x555-1.webp\",\"width\":1000,\"height\":555},{\"@type\":\"BreadcrumbList\",\"@id\":\"https:\/\/dmcsrb.com\/politika\/milatovic-kolasin-posjeduje-ogroman-turisticki-i-privredni-potencijal-vazna-tacka-na-mapi-razvoja-crne-gore\/#breadcrumb\",\"itemListElement\":[{\"@type\":\"ListItem\",\"position\":1,\"name\":\"Home\",\"item\":\"https:\/\/dmcsrb.com\/\"},{\"@type\":\"ListItem\",\"position\":2,\"name\":\"Milatovi\u0107: Kola\u0161in posjeduje ogroman turisti\u010dki i privredni potencijal, va\u017ena ta\u010dka na mapi razvoja Crne Gore\"}]},{\"@type\":\"WebSite\",\"@id\":\"https:\/\/dmcsrb.com\/#website\",\"url\":\"https:\/\/dmcsrb.com\/\",\"name\":\"dmcsrb.com\",\"description\":\"\",\"potentialAction\":[{\"@type\":\"SearchAction\",\"target\":{\"@type\":\"EntryPoint\",\"urlTemplate\":\"https:\/\/dmcsrb.com\/?s={search_term_string}\"},\"query-input\":{\"@type\":\"PropertyValueSpecification\",\"valueRequired\":true,\"valueName\":\"search_term_string\"}}],\"inLanguage\":\"en-GB\"},{\"@type\":\"Person\",\"@id\":\"https:\/\/dmcsrb.com\/#\/schema\/person\/5c39170f12db1b8b457732d0b5c854e2\",\"name\":\"dmcsrbija.com@gmail.com\",\"image\":{\"@type\":\"ImageObject\",\"inLanguage\":\"en-GB\",\"@id\":\"https:\/\/dmcsrb.com\/#\/schema\/person\/image\/\",\"url\":\"https:\/\/secure.gravatar.com\/avatar\/68592660ad6347fad0fb587f8d5d8f1a7b44961362f56e4f2cd524feb87e9069?s=96&d=mm&r=g\",\"contentUrl\":\"https:\/\/secure.gravatar.com\/avatar\/68592660ad6347fad0fb587f8d5d8f1a7b44961362f56e4f2cd524feb87e9069?s=96&d=mm&r=g\",\"caption\":\"dmcsrbija.com@gmail.com\"},\"sameAs\":[\"https:\/\/dmcsrb.com\"],\"url\":\"https:\/\/dmcsrb.com\/en\/author\/dmcsrbija-comgmail-com\/\"}]}<\/script>\n<!-- \/ Yoast SEO plugin. -->","yoast_head_json":{"title":"Milatovi\u0107: Kola\u0161in posjeduje ogroman turisti\u010dki i privredni potencijal, va\u017ena ta\u010dka na mapi razvoja Crne Gore - dmcsrb.com","robots":{"index":"index","follow":"follow","max-snippet":"max-snippet:-1","max-image-preview":"max-image-preview:large","max-video-preview":"max-video-preview:-1"},"canonical":"https:\/\/dmcsrb.com\/en\/politika\/milatovic-kolasin-posjeduje-ogroman-turisticki-i-privredni-potencijal-vazna-tacka-na-mapi-razvoja-crne-gore\/","og_locale":"en_GB","og_type":"article","og_title":"Milatovi\u0107: Kola\u0161in posjeduje ogroman turisti\u010dki i privredni potencijal, va\u017ena ta\u010dka na mapi razvoja Crne Gore - dmcsrb.com","og_description":"Predsjednik Crne Gore Jakov Milatovi\u0107 uputio je srda\u010dne \u010destitke povodom Dana op\u0161tine Kola\u0161in rukovodstvu op\u0161tine, odbornicama i odbornicima i svim stanovnicima tog grada.","og_url":"https:\/\/dmcsrb.com\/en\/politika\/milatovic-kolasin-posjeduje-ogroman-turisticki-i-privredni-potencijal-vazna-tacka-na-mapi-razvoja-crne-gore\/","og_site_name":"dmcsrb.com","article_published_time":"2025-08-28T04:44:00+00:00","og_image":[{"width":1000,"height":555,"url":"https:\/\/dmcsrb.com\/wp-content\/uploads\/2026\/01\/press-1-1684936951859-1-1-2-1000x555-1.webp","type":"image\/jpeg"}],"author":"dmcsrbija.com@gmail.com","twitter_card":"summary_large_image","twitter_misc":{"Written by":"dmcsrbija.com@gmail.com","Estimated reading time":"2 minutes"},"schema":{"@context":"https:\/\/schema.org","@graph":[{"@type":"Article","@id":"https:\/\/dmcsrb.com\/politika\/milatovic-kolasin-posjeduje-ogroman-turisticki-i-privredni-potencijal-vazna-tacka-na-mapi-razvoja-crne-gore\/#article","isPartOf":{"@id":"https:\/\/dmcsrb.com\/politika\/milatovic-kolasin-posjeduje-ogroman-turisticki-i-privredni-potencijal-vazna-tacka-na-mapi-razvoja-crne-gore\/"},"author":{"name":"dmcsrbija.com@gmail.com","@id":"https:\/\/dmcsrb.com\/#\/schema\/person\/5c39170f12db1b8b457732d0b5c854e2"},"headline":"Milatovi\u0107: Kola\u0161in posjeduje ogroman turisti\u010dki i privredni potencijal, va\u017ena ta\u010dka na mapi razvoja Crne Gore","datePublished":"2025-08-28T04:44:00+00:00","mainEntityOfPage":{"@id":"https:\/\/dmcsrb.com\/politika\/milatovic-kolasin-posjeduje-ogroman-turisticki-i-privredni-potencijal-vazna-tacka-na-mapi-razvoja-crne-gore\/"},"wordCount":339,"commentCount":0,"image":{"@id":"https:\/\/dmcsrb.com\/politika\/milatovic-kolasin-posjeduje-ogroman-turisticki-i-privredni-potencijal-vazna-tacka-na-mapi-razvoja-crne-gore\/#primaryimage"},"thumbnailUrl":"https:\/\/dmcsrb.com\/wp-content\/uploads\/2026\/01\/press-1-1684936951859-1-1-2-1000x555-1.webp","keywords":["Dan op\u0161tine Kola\u0161in","Jakov Milatovi\u0107"],"articleSection":["Politika"],"inLanguage":"en-GB","potentialAction":[{"@type":"CommentAction","name":"Comment","target":["https:\/\/dmcsrb.com\/politika\/milatovic-kolasin-posjeduje-ogroman-turisticki-i-privredni-potencijal-vazna-tacka-na-mapi-razvoja-crne-gore\/#respond"]}]},{"@type":"WebPage","@id":"https:\/\/dmcsrb.com\/politika\/milatovic-kolasin-posjeduje-ogroman-turisticki-i-privredni-potencijal-vazna-tacka-na-mapi-razvoja-crne-gore\/","url":"https:\/\/dmcsrb.com\/politika\/milatovic-kolasin-posjeduje-ogroman-turisticki-i-privredni-potencijal-vazna-tacka-na-mapi-razvoja-crne-gore\/","name":"Milatovi\u0107: Kola\u0161in posjeduje ogroman turisti\u010dki i privredni potencijal, va\u017ena ta\u010dka na mapi razvoja Crne Gore - dmcsrb.com","isPartOf":{"@id":"https:\/\/dmcsrb.com\/#website"},"primaryImageOfPage":{"@id":"https:\/\/dmcsrb.com\/politika\/milatovic-kolasin-posjeduje-ogroman-turisticki-i-privredni-potencijal-vazna-tacka-na-mapi-razvoja-crne-gore\/#primaryimage"},"image":{"@id":"https:\/\/dmcsrb.com\/politika\/milatovic-kolasin-posjeduje-ogroman-turisticki-i-privredni-potencijal-vazna-tacka-na-mapi-razvoja-crne-gore\/#primaryimage"},"thumbnailUrl":"https:\/\/dmcsrb.com\/wp-content\/uploads\/2026\/01\/press-1-1684936951859-1-1-2-1000x555-1.webp","datePublished":"2025-08-28T04:44:00+00:00","author":{"@id":"https:\/\/dmcsrb.com\/#\/schema\/person\/5c39170f12db1b8b457732d0b5c854e2"},"breadcrumb":{"@id":"https:\/\/dmcsrb.com\/politika\/milatovic-kolasin-posjeduje-ogroman-turisticki-i-privredni-potencijal-vazna-tacka-na-mapi-razvoja-crne-gore\/#breadcrumb"},"inLanguage":"en-GB","potentialAction":[{"@type":"ReadAction","target":["https:\/\/dmcsrb.com\/politika\/milatovic-kolasin-posjeduje-ogroman-turisticki-i-privredni-potencijal-vazna-tacka-na-mapi-razvoja-crne-gore\/"]}]},{"@type":"ImageObject","inLanguage":"en-GB","@id":"https:\/\/dmcsrb.com\/politika\/milatovic-kolasin-posjeduje-ogroman-turisticki-i-privredni-potencijal-vazna-tacka-na-mapi-razvoja-crne-gore\/#primaryimage","url":"https:\/\/dmcsrb.com\/wp-content\/uploads\/2026\/01\/press-1-1684936951859-1-1-2-1000x555-1.webp","contentUrl":"https:\/\/dmcsrb.com\/wp-content\/uploads\/2026\/01\/press-1-1684936951859-1-1-2-1000x555-1.webp","width":1000,"height":555},{"@type":"BreadcrumbList","@id":"https:\/\/dmcsrb.com\/politika\/milatovic-kolasin-posjeduje-ogroman-turisticki-i-privredni-potencijal-vazna-tacka-na-mapi-razvoja-crne-gore\/#breadcrumb","itemListElement":[{"@type":"ListItem","position":1,"name":"Home","item":"https:\/\/dmcsrb.com\/"},{"@type":"ListItem","position":2,"name":"Milatovi\u0107: Kola\u0161in posjeduje ogroman turisti\u010dki i privredni potencijal, va\u017ena ta\u010dka na mapi razvoja Crne Gore"}]},{"@type":"WebSite","@id":"https:\/\/dmcsrb.com\/#website","url":"https:\/\/dmcsrb.com\/","name":"dmcsrb.com","description":"","potentialAction":[{"@type":"SearchAction","target":{"@type":"EntryPoint","urlTemplate":"https:\/\/dmcsrb.com\/?s={search_term_string}"},"query-input":{"@type":"PropertyValueSpecification","valueRequired":true,"valueName":"search_term_string"}}],"inLanguage":"en-GB"},{"@type":"Person","@id":"https:\/\/dmcsrb.com\/#\/schema\/person\/5c39170f12db1b8b457732d0b5c854e2","name":"dmcsrbija.com@gmail.com","image":{"@type":"ImageObject","inLanguage":"en-GB","@id":"https:\/\/dmcsrb.com\/#\/schema\/person\/image\/","url":"https:\/\/secure.gravatar.com\/avatar\/68592660ad6347fad0fb587f8d5d8f1a7b44961362f56e4f2cd524feb87e9069?s=96&d=mm&r=g","contentUrl":"https:\/\/secure.gravatar.com\/avatar\/68592660ad6347fad0fb587f8d5d8f1a7b44961362f56e4f2cd524feb87e9069?s=96&d=mm&r=g","caption":"dmcsrbija.com@gmail.com"},"sameAs":["https:\/\/dmcsrb.com"],"url":"https:\/\/dmcsrb.com\/en\/author\/dmcsrbija-comgmail-com\/"}]}},"_links":{"self":[{"href":"https:\/\/dmcsrb.com\/en\/wp-json\/wp\/v2\/posts\/948718","targetHints":{"allow":["GET"]}}],"collection":[{"href":"https:\/\/dmcsrb.com\/en\/wp-json\/wp\/v2\/posts"}],"about":[{"href":"https:\/\/dmcsrb.com\/en\/wp-json\/wp\/v2\/types\/post"}],"author":[{"embeddable":true,"href":"https:\/\/dmcsrb.com\/en\/wp-json\/wp\/v2\/users\/1"}],"replies":[{"embeddable":true,"href":"https:\/\/dmcsrb.com\/en\/wp-json\/wp\/v2\/comments?post=948718"}],"version-history":[{"count":0,"href":"https:\/\/dmcsrb.com\/en\/wp-json\/wp\/v2\/posts\/948718\/revisions"}],"wp:featuredmedia":[{"embeddable":true,"href":"https:\/\/dmcsrb.com\/en\/wp-json\/wp\/v2\/media\/943585"}],"wp:attachment":[{"href":"https:\/\/dmcsrb.com\/en\/wp-json\/wp\/v2\/media?parent=948718"}],"wp:term":[{"taxonomy":"category","embeddable":true,"href":"https:\/\/dmcsrb.com\/en\/wp-json\/wp\/v2\/categories?post=948718"},{"taxonomy":"post_tag","embeddable":true,"href":"https:\/\/dmcsrb.com\/en\/wp-json\/wp\/v2\/tags?post=948718"},{"taxonomy":"naslovna","embeddable":true,"href":"https:\/\/dmcsrb.com\/en\/wp-json\/wp\/v2\/naslovna?post=948718"}],"curies":[{"name":"wp","href":"https:\/\/api.w.org\/{rel}","templated":true}]}}