{"id":948642,"date":"2025-08-27T17:16:00","date_gmt":"2025-08-27T15:16:00","guid":{"rendered":"https:\/\/dmcsrb.com\/uncategorized\/video-mjesne-zajednice-u-podgorici-trenutno-funkcionisu-bez-predsjednika-andjusic-stanje-na-terenu-ne-trpi\/"},"modified":"2025-08-27T17:16:00","modified_gmt":"2025-08-27T15:16:00","slug":"video-mjesne-zajednice-u-podgorici-trenutno-funkcionisu-bez-predsjednika-andjusic-stanje-na-terenu-ne-trpi","status":"publish","type":"post","link":"https:\/\/dmcsrb.com\/en\/podgorica\/video-mjesne-zajednice-u-podgorici-trenutno-funkcionisu-bez-predsjednika-andjusic-stanje-na-terenu-ne-trpi\/","title":{"rendered":"(VIDEO) Mjesne zajednice u Podgorici trenutno funkcioni\u0161u bez predsjednika; An\u0111u\u0161i\u0107: Stanje na terenu ne trpi"},"content":{"rendered":"<p><\/p>\n\n\n\n<p>Sekretarka Sekretarijata za lokalnu samoupravu i saradnju sa civilnim dru\u0161tvom Glavnog grada, Sla\u0111ana An\u0111u\u0161i\u0107, kazala je za Gradsku da se trude da stanje na terenu ne trpi.<\/p>\n\n\n\n<p>&#8220;Tu su na\u0161i referenti za rad sa mjesnim zajednicama koji svakodnevno obavljaju svoje poslove, komuniciraju sa gra\u0111anima, primaju njihove zahtjeve, prosle\u0111uju ih i, da ka\u017eem, obilaze teren i rje\u0161avaju neke manje probleme koji su u mjesnim zajednicama, uz komunikaciju sa Sekretarijatom za lokalnu samoupravu i naravno ostalim slu\u017ebama Glavnog grada&#8221;, kazala je An\u0111u\u0161i\u0107.<\/p>\n\n\n\n<figure class=\"wp-block-image size-large is-resized\"><img decoding=\"async\" src=\"https:\/\/gradski.me\/wp-content\/uploads\/2025\/08\/Podgorica-Stari-aerodrom-foto-gradski-1024x621.jpg\" alt=\"\" class=\"wp-image-821448\" style=\"width:769px;height:auto\"\/><figcaption class=\"wp-element-caption\"><strong><em>Foto: Gradski.me<\/em><\/strong><\/figcaption><\/figure>\n\n\n\n<p>Nagla\u0161ava da gra\u0111ani mogu da se obrate referentima svakog dana od 8 do 16 \u010dasova.<\/p>\n\n\n\n<p>&#8220;U slu\u010daju odmora i bolovanja uveli smo uredske dane, o \u010demu uredno obavje\u0161tavamo putem na\u0161e stranice. Dakle, u svakom momentu znamo raspored svih slu\u017ebenika, tako da u toku nedjelje u svakoj mjesnoj zajednici imamo slu\u017ebenika koji obavlja poslove za koje je nadle\u017ena mjesna zajednica&#8221;, navela je An\u0111u\u0161i\u0107.<\/p>\n\n\n\n<p>Najvi\u0161e zahtjeva dolazi upravo iz mjesnih zajednica u ruralnom podru\u010dju, a ve\u0107inom se odnose na putnu infrastrukturu i vodosnabdijevanje.<\/p>\n\n\n\n<p>&#8220;U ovom trenutku u toku su radovi u gornjoj Lje\u0161anskoj nahiji na vodovodu i na podru\u010dju Bratono\u017ei\u0107a u Pelevom brijegu, dok je u donjoj Lje\u0161anskoj nahiji i Dajbabama u toku rekonstrukcija vodovodne mre\u017ee, \u0161to \u0107e se nastaviti i u budu\u0107em periodu&#8221;, kazala je An\u0111u\u0161i\u0107.<\/p>\n\n\n\n<p>Isti\u010de da je tokom ovog ljeta, u odnosu na prethodne godine u zna\u010dajnoj mjeri pove\u0107an broj zahtjeva stanovnika iz ruralnih podru\u010dja vezano za dovoz vode. Gradske slu\u017ebe su takve zahtjeve od sto\u010dara i poljoprivrednika dobijale svakodnevno, a An\u0111u\u0161i\u0107 poru\u010duje da proizvo\u0111a\u010dima treba pomo\u0107i, ne samo sa nivoa Glavnog grada, ve\u0107 i sa nacionalnog nivoa.<\/p>\n\n\n\n<figure class=\"wp-block-embed is-type-video is-provider-youtube wp-block-embed-youtube wp-embed-aspect-16-9 wp-has-aspect-ratio\"><div class=\"wp-block-embed__wrapper\">\n<iframe loading=\"lazy\" title=\"Mjesne zajednice u Podgorici funkcioni\u0161u bez predsjednika; An\u0111u\u0161i\u0107: Stanje na terenu ne trpi\" width=\"500\" height=\"281\" src=\"https:\/\/www.youtube.com\/embed\/m2iufA_FWIk?feature=oembed\" frameborder=\"0\" allow=\"accelerometer; autoplay; clipboard-write; encrypted-media; gyroscope; picture-in-picture; web-share\" referrerpolicy=\"strict-origin-when-cross-origin\" allowfullscreen><\/iframe>\n<\/div><\/figure>","protected":false},"excerpt":{"rendered":"<p>U Podgorici postoji 40 mjesnih zajednica, od kojih 23 u urbanom, a preostalih 17 u ruralnom dijelu Podgorice, koje trenutno funkcioni\u0161u bez vr\u0161ilaca du\u017enosti predsjednika Savjeta mjesnih zajednica, na \u010dije se imenovanje \u010deka odluka o izboru koju treba da donese predsjednik Skup\u0161tine Glavnog grada.<\/p>","protected":false},"author":1,"featured_media":948643,"comment_status":"open","ping_status":"open","sticky":false,"template":"","format":"standard","meta":{"_acf_changed":false,"footnotes":""},"categories":[56],"tags":[2546,15816],"naslovna":[],"class_list":["post-948642","post","type-post","status-publish","format-standard","has-post-thumbnail","hentry","category-podgorica","tag-mjesne-zajednice","tag-sladjana-andjusic"],"acf":[],"yoast_head":"<!-- This site is optimized with the Yoast SEO plugin v27.0 - https:\/\/yoast.com\/product\/yoast-seo-wordpress\/ -->\n<title>(VIDEO) Mjesne zajednice u Podgorici trenutno funkcioni\u0161u bez predsjednika; An\u0111u\u0161i\u0107: Stanje na terenu ne trpi - dmcsrb.com<\/title>\n<meta name=\"robots\" content=\"index, follow, max-snippet:-1, max-image-preview:large, max-video-preview:-1\" \/>\n<link rel=\"canonical\" href=\"https:\/\/dmcsrb.com\/en\/podgorica\/video-mjesne-zajednice-u-podgorici-trenutno-funkcionisu-bez-predsjednika-andjusic-stanje-na-terenu-ne-trpi\/\" \/>\n<meta property=\"og:locale\" content=\"en_GB\" \/>\n<meta property=\"og:type\" content=\"article\" \/>\n<meta property=\"og:title\" content=\"(VIDEO) Mjesne zajednice u Podgorici trenutno funkcioni\u0161u bez predsjednika; An\u0111u\u0161i\u0107: Stanje na terenu ne trpi - dmcsrb.com\" \/>\n<meta property=\"og:description\" content=\"U Podgorici postoji 40 mjesnih zajednica, od kojih 23 u urbanom, a preostalih 17 u ruralnom dijelu Podgorice, koje trenutno funkcioni\u0161u bez vr\u0161ilaca du\u017enosti predsjednika Savjeta mjesnih zajednica, na \u010dije se imenovanje \u010deka odluka o izboru koju treba da donese predsjednik Skup\u0161tine Glavnog grada.\" \/>\n<meta property=\"og:url\" content=\"https:\/\/dmcsrb.com\/en\/podgorica\/video-mjesne-zajednice-u-podgorici-trenutno-funkcionisu-bez-predsjednika-andjusic-stanje-na-terenu-ne-trpi\/\" \/>\n<meta property=\"og:site_name\" content=\"dmcsrb.com\" \/>\n<meta property=\"article:published_time\" content=\"2025-08-27T15:16:00+00:00\" \/>\n<meta property=\"og:image\" content=\"https:\/\/dmcsrb.com\/wp-content\/uploads\/2026\/01\/Sladjana-Andjusic-sekretarka-foto-Gradski-me.webp\" \/>\n\t<meta property=\"og:image:width\" content=\"1340\" \/>\n\t<meta property=\"og:image:height\" content=\"792\" \/>\n\t<meta property=\"og:image:type\" content=\"image\/jpeg\" \/>\n<meta name=\"author\" content=\"dmcsrbija.com@gmail.com\" \/>\n<meta name=\"twitter:card\" content=\"summary_large_image\" \/>\n<meta name=\"twitter:label1\" content=\"Written by\" \/>\n\t<meta name=\"twitter:data1\" content=\"dmcsrbija.com@gmail.com\" \/>\n\t<meta name=\"twitter:label2\" content=\"Estimated reading time\" \/>\n\t<meta name=\"twitter:data2\" content=\"2 minutes\" \/>\n<script type=\"application\/ld+json\" class=\"yoast-schema-graph\">{\"@context\":\"https:\/\/schema.org\",\"@graph\":[{\"@type\":\"Article\",\"@id\":\"https:\/\/dmcsrb.com\/podgorica\/video-mjesne-zajednice-u-podgorici-trenutno-funkcionisu-bez-predsjednika-andjusic-stanje-na-terenu-ne-trpi\/#article\",\"isPartOf\":{\"@id\":\"https:\/\/dmcsrb.com\/podgorica\/video-mjesne-zajednice-u-podgorici-trenutno-funkcionisu-bez-predsjednika-andjusic-stanje-na-terenu-ne-trpi\/\"},\"author\":{\"name\":\"dmcsrbija.com@gmail.com\",\"@id\":\"https:\/\/dmcsrb.com\/#\/schema\/person\/5c39170f12db1b8b457732d0b5c854e2\"},\"headline\":\"(VIDEO) Mjesne zajednice u Podgorici trenutno funkcioni\u0161u bez predsjednika; An\u0111u\u0161i\u0107: Stanje na terenu ne trpi\",\"datePublished\":\"2025-08-27T15:16:00+00:00\",\"mainEntityOfPage\":{\"@id\":\"https:\/\/dmcsrb.com\/podgorica\/video-mjesne-zajednice-u-podgorici-trenutno-funkcionisu-bez-predsjednika-andjusic-stanje-na-terenu-ne-trpi\/\"},\"wordCount\":333,\"commentCount\":0,\"image\":{\"@id\":\"https:\/\/dmcsrb.com\/podgorica\/video-mjesne-zajednice-u-podgorici-trenutno-funkcionisu-bez-predsjednika-andjusic-stanje-na-terenu-ne-trpi\/#primaryimage\"},\"thumbnailUrl\":\"https:\/\/dmcsrb.com\/wp-content\/uploads\/2026\/01\/Sladjana-Andjusic-sekretarka-foto-Gradski-me.webp\",\"keywords\":[\"mjesne zajednice\",\"Sla\u0111ana An\u0111u\u0161i\u0107\"],\"articleSection\":[\"Podgorica\"],\"inLanguage\":\"en-GB\",\"potentialAction\":[{\"@type\":\"CommentAction\",\"name\":\"Comment\",\"target\":[\"https:\/\/dmcsrb.com\/podgorica\/video-mjesne-zajednice-u-podgorici-trenutno-funkcionisu-bez-predsjednika-andjusic-stanje-na-terenu-ne-trpi\/#respond\"]}]},{\"@type\":\"WebPage\",\"@id\":\"https:\/\/dmcsrb.com\/podgorica\/video-mjesne-zajednice-u-podgorici-trenutno-funkcionisu-bez-predsjednika-andjusic-stanje-na-terenu-ne-trpi\/\",\"url\":\"https:\/\/dmcsrb.com\/podgorica\/video-mjesne-zajednice-u-podgorici-trenutno-funkcionisu-bez-predsjednika-andjusic-stanje-na-terenu-ne-trpi\/\",\"name\":\"(VIDEO) Mjesne zajednice u Podgorici trenutno funkcioni\u0161u bez predsjednika; An\u0111u\u0161i\u0107: Stanje na terenu ne trpi - dmcsrb.com\",\"isPartOf\":{\"@id\":\"https:\/\/dmcsrb.com\/#website\"},\"primaryImageOfPage\":{\"@id\":\"https:\/\/dmcsrb.com\/podgorica\/video-mjesne-zajednice-u-podgorici-trenutno-funkcionisu-bez-predsjednika-andjusic-stanje-na-terenu-ne-trpi\/#primaryimage\"},\"image\":{\"@id\":\"https:\/\/dmcsrb.com\/podgorica\/video-mjesne-zajednice-u-podgorici-trenutno-funkcionisu-bez-predsjednika-andjusic-stanje-na-terenu-ne-trpi\/#primaryimage\"},\"thumbnailUrl\":\"https:\/\/dmcsrb.com\/wp-content\/uploads\/2026\/01\/Sladjana-Andjusic-sekretarka-foto-Gradski-me.webp\",\"datePublished\":\"2025-08-27T15:16:00+00:00\",\"author\":{\"@id\":\"https:\/\/dmcsrb.com\/#\/schema\/person\/5c39170f12db1b8b457732d0b5c854e2\"},\"breadcrumb\":{\"@id\":\"https:\/\/dmcsrb.com\/podgorica\/video-mjesne-zajednice-u-podgorici-trenutno-funkcionisu-bez-predsjednika-andjusic-stanje-na-terenu-ne-trpi\/#breadcrumb\"},\"inLanguage\":\"en-GB\",\"potentialAction\":[{\"@type\":\"ReadAction\",\"target\":[\"https:\/\/dmcsrb.com\/podgorica\/video-mjesne-zajednice-u-podgorici-trenutno-funkcionisu-bez-predsjednika-andjusic-stanje-na-terenu-ne-trpi\/\"]}]},{\"@type\":\"ImageObject\",\"inLanguage\":\"en-GB\",\"@id\":\"https:\/\/dmcsrb.com\/podgorica\/video-mjesne-zajednice-u-podgorici-trenutno-funkcionisu-bez-predsjednika-andjusic-stanje-na-terenu-ne-trpi\/#primaryimage\",\"url\":\"https:\/\/dmcsrb.com\/wp-content\/uploads\/2026\/01\/Sladjana-Andjusic-sekretarka-foto-Gradski-me.webp\",\"contentUrl\":\"https:\/\/dmcsrb.com\/wp-content\/uploads\/2026\/01\/Sladjana-Andjusic-sekretarka-foto-Gradski-me.webp\",\"width\":1340,\"height\":792},{\"@type\":\"BreadcrumbList\",\"@id\":\"https:\/\/dmcsrb.com\/podgorica\/video-mjesne-zajednice-u-podgorici-trenutno-funkcionisu-bez-predsjednika-andjusic-stanje-na-terenu-ne-trpi\/#breadcrumb\",\"itemListElement\":[{\"@type\":\"ListItem\",\"position\":1,\"name\":\"Home\",\"item\":\"https:\/\/dmcsrb.com\/\"},{\"@type\":\"ListItem\",\"position\":2,\"name\":\"(VIDEO) Mjesne zajednice u Podgorici trenutno funkcioni\u0161u bez predsjednika; An\u0111u\u0161i\u0107: Stanje na terenu ne trpi\"}]},{\"@type\":\"WebSite\",\"@id\":\"https:\/\/dmcsrb.com\/#website\",\"url\":\"https:\/\/dmcsrb.com\/\",\"name\":\"dmcsrb.com\",\"description\":\"\",\"potentialAction\":[{\"@type\":\"SearchAction\",\"target\":{\"@type\":\"EntryPoint\",\"urlTemplate\":\"https:\/\/dmcsrb.com\/?s={search_term_string}\"},\"query-input\":{\"@type\":\"PropertyValueSpecification\",\"valueRequired\":true,\"valueName\":\"search_term_string\"}}],\"inLanguage\":\"en-GB\"},{\"@type\":\"Person\",\"@id\":\"https:\/\/dmcsrb.com\/#\/schema\/person\/5c39170f12db1b8b457732d0b5c854e2\",\"name\":\"dmcsrbija.com@gmail.com\",\"image\":{\"@type\":\"ImageObject\",\"inLanguage\":\"en-GB\",\"@id\":\"https:\/\/dmcsrb.com\/#\/schema\/person\/image\/\",\"url\":\"https:\/\/secure.gravatar.com\/avatar\/68592660ad6347fad0fb587f8d5d8f1a7b44961362f56e4f2cd524feb87e9069?s=96&d=mm&r=g\",\"contentUrl\":\"https:\/\/secure.gravatar.com\/avatar\/68592660ad6347fad0fb587f8d5d8f1a7b44961362f56e4f2cd524feb87e9069?s=96&d=mm&r=g\",\"caption\":\"dmcsrbija.com@gmail.com\"},\"sameAs\":[\"https:\/\/dmcsrb.com\"],\"url\":\"https:\/\/dmcsrb.com\/en\/author\/dmcsrbija-comgmail-com\/\"}]}<\/script>\n<!-- \/ Yoast SEO plugin. -->","yoast_head_json":{"title":"(VIDEO) Mjesne zajednice u Podgorici trenutno funkcioni\u0161u bez predsjednika; An\u0111u\u0161i\u0107: Stanje na terenu ne trpi - dmcsrb.com","robots":{"index":"index","follow":"follow","max-snippet":"max-snippet:-1","max-image-preview":"max-image-preview:large","max-video-preview":"max-video-preview:-1"},"canonical":"https:\/\/dmcsrb.com\/en\/podgorica\/video-mjesne-zajednice-u-podgorici-trenutno-funkcionisu-bez-predsjednika-andjusic-stanje-na-terenu-ne-trpi\/","og_locale":"en_GB","og_type":"article","og_title":"(VIDEO) Mjesne zajednice u Podgorici trenutno funkcioni\u0161u bez predsjednika; An\u0111u\u0161i\u0107: Stanje na terenu ne trpi - dmcsrb.com","og_description":"U Podgorici postoji 40 mjesnih zajednica, od kojih 23 u urbanom, a preostalih 17 u ruralnom dijelu Podgorice, koje trenutno funkcioni\u0161u bez vr\u0161ilaca du\u017enosti predsjednika Savjeta mjesnih zajednica, na \u010dije se imenovanje \u010deka odluka o izboru koju treba da donese predsjednik Skup\u0161tine Glavnog grada.","og_url":"https:\/\/dmcsrb.com\/en\/podgorica\/video-mjesne-zajednice-u-podgorici-trenutno-funkcionisu-bez-predsjednika-andjusic-stanje-na-terenu-ne-trpi\/","og_site_name":"dmcsrb.com","article_published_time":"2025-08-27T15:16:00+00:00","og_image":[{"width":1340,"height":792,"url":"https:\/\/dmcsrb.com\/wp-content\/uploads\/2026\/01\/Sladjana-Andjusic-sekretarka-foto-Gradski-me.webp","type":"image\/jpeg"}],"author":"dmcsrbija.com@gmail.com","twitter_card":"summary_large_image","twitter_misc":{"Written by":"dmcsrbija.com@gmail.com","Estimated reading time":"2 minutes"},"schema":{"@context":"https:\/\/schema.org","@graph":[{"@type":"Article","@id":"https:\/\/dmcsrb.com\/podgorica\/video-mjesne-zajednice-u-podgorici-trenutno-funkcionisu-bez-predsjednika-andjusic-stanje-na-terenu-ne-trpi\/#article","isPartOf":{"@id":"https:\/\/dmcsrb.com\/podgorica\/video-mjesne-zajednice-u-podgorici-trenutno-funkcionisu-bez-predsjednika-andjusic-stanje-na-terenu-ne-trpi\/"},"author":{"name":"dmcsrbija.com@gmail.com","@id":"https:\/\/dmcsrb.com\/#\/schema\/person\/5c39170f12db1b8b457732d0b5c854e2"},"headline":"(VIDEO) Mjesne zajednice u Podgorici trenutno funkcioni\u0161u bez predsjednika; An\u0111u\u0161i\u0107: Stanje na terenu ne trpi","datePublished":"2025-08-27T15:16:00+00:00","mainEntityOfPage":{"@id":"https:\/\/dmcsrb.com\/podgorica\/video-mjesne-zajednice-u-podgorici-trenutno-funkcionisu-bez-predsjednika-andjusic-stanje-na-terenu-ne-trpi\/"},"wordCount":333,"commentCount":0,"image":{"@id":"https:\/\/dmcsrb.com\/podgorica\/video-mjesne-zajednice-u-podgorici-trenutno-funkcionisu-bez-predsjednika-andjusic-stanje-na-terenu-ne-trpi\/#primaryimage"},"thumbnailUrl":"https:\/\/dmcsrb.com\/wp-content\/uploads\/2026\/01\/Sladjana-Andjusic-sekretarka-foto-Gradski-me.webp","keywords":["mjesne zajednice","Sla\u0111ana An\u0111u\u0161i\u0107"],"articleSection":["Podgorica"],"inLanguage":"en-GB","potentialAction":[{"@type":"CommentAction","name":"Comment","target":["https:\/\/dmcsrb.com\/podgorica\/video-mjesne-zajednice-u-podgorici-trenutno-funkcionisu-bez-predsjednika-andjusic-stanje-na-terenu-ne-trpi\/#respond"]}]},{"@type":"WebPage","@id":"https:\/\/dmcsrb.com\/podgorica\/video-mjesne-zajednice-u-podgorici-trenutno-funkcionisu-bez-predsjednika-andjusic-stanje-na-terenu-ne-trpi\/","url":"https:\/\/dmcsrb.com\/podgorica\/video-mjesne-zajednice-u-podgorici-trenutno-funkcionisu-bez-predsjednika-andjusic-stanje-na-terenu-ne-trpi\/","name":"(VIDEO) Mjesne zajednice u Podgorici trenutno funkcioni\u0161u bez predsjednika; An\u0111u\u0161i\u0107: Stanje na terenu ne trpi - dmcsrb.com","isPartOf":{"@id":"https:\/\/dmcsrb.com\/#website"},"primaryImageOfPage":{"@id":"https:\/\/dmcsrb.com\/podgorica\/video-mjesne-zajednice-u-podgorici-trenutno-funkcionisu-bez-predsjednika-andjusic-stanje-na-terenu-ne-trpi\/#primaryimage"},"image":{"@id":"https:\/\/dmcsrb.com\/podgorica\/video-mjesne-zajednice-u-podgorici-trenutno-funkcionisu-bez-predsjednika-andjusic-stanje-na-terenu-ne-trpi\/#primaryimage"},"thumbnailUrl":"https:\/\/dmcsrb.com\/wp-content\/uploads\/2026\/01\/Sladjana-Andjusic-sekretarka-foto-Gradski-me.webp","datePublished":"2025-08-27T15:16:00+00:00","author":{"@id":"https:\/\/dmcsrb.com\/#\/schema\/person\/5c39170f12db1b8b457732d0b5c854e2"},"breadcrumb":{"@id":"https:\/\/dmcsrb.com\/podgorica\/video-mjesne-zajednice-u-podgorici-trenutno-funkcionisu-bez-predsjednika-andjusic-stanje-na-terenu-ne-trpi\/#breadcrumb"},"inLanguage":"en-GB","potentialAction":[{"@type":"ReadAction","target":["https:\/\/dmcsrb.com\/podgorica\/video-mjesne-zajednice-u-podgorici-trenutno-funkcionisu-bez-predsjednika-andjusic-stanje-na-terenu-ne-trpi\/"]}]},{"@type":"ImageObject","inLanguage":"en-GB","@id":"https:\/\/dmcsrb.com\/podgorica\/video-mjesne-zajednice-u-podgorici-trenutno-funkcionisu-bez-predsjednika-andjusic-stanje-na-terenu-ne-trpi\/#primaryimage","url":"https:\/\/dmcsrb.com\/wp-content\/uploads\/2026\/01\/Sladjana-Andjusic-sekretarka-foto-Gradski-me.webp","contentUrl":"https:\/\/dmcsrb.com\/wp-content\/uploads\/2026\/01\/Sladjana-Andjusic-sekretarka-foto-Gradski-me.webp","width":1340,"height":792},{"@type":"BreadcrumbList","@id":"https:\/\/dmcsrb.com\/podgorica\/video-mjesne-zajednice-u-podgorici-trenutno-funkcionisu-bez-predsjednika-andjusic-stanje-na-terenu-ne-trpi\/#breadcrumb","itemListElement":[{"@type":"ListItem","position":1,"name":"Home","item":"https:\/\/dmcsrb.com\/"},{"@type":"ListItem","position":2,"name":"(VIDEO) Mjesne zajednice u Podgorici trenutno funkcioni\u0161u bez predsjednika; An\u0111u\u0161i\u0107: Stanje na terenu ne trpi"}]},{"@type":"WebSite","@id":"https:\/\/dmcsrb.com\/#website","url":"https:\/\/dmcsrb.com\/","name":"dmcsrb.com","description":"","potentialAction":[{"@type":"SearchAction","target":{"@type":"EntryPoint","urlTemplate":"https:\/\/dmcsrb.com\/?s={search_term_string}"},"query-input":{"@type":"PropertyValueSpecification","valueRequired":true,"valueName":"search_term_string"}}],"inLanguage":"en-GB"},{"@type":"Person","@id":"https:\/\/dmcsrb.com\/#\/schema\/person\/5c39170f12db1b8b457732d0b5c854e2","name":"dmcsrbija.com@gmail.com","image":{"@type":"ImageObject","inLanguage":"en-GB","@id":"https:\/\/dmcsrb.com\/#\/schema\/person\/image\/","url":"https:\/\/secure.gravatar.com\/avatar\/68592660ad6347fad0fb587f8d5d8f1a7b44961362f56e4f2cd524feb87e9069?s=96&d=mm&r=g","contentUrl":"https:\/\/secure.gravatar.com\/avatar\/68592660ad6347fad0fb587f8d5d8f1a7b44961362f56e4f2cd524feb87e9069?s=96&d=mm&r=g","caption":"dmcsrbija.com@gmail.com"},"sameAs":["https:\/\/dmcsrb.com"],"url":"https:\/\/dmcsrb.com\/en\/author\/dmcsrbija-comgmail-com\/"}]}},"_links":{"self":[{"href":"https:\/\/dmcsrb.com\/en\/wp-json\/wp\/v2\/posts\/948642","targetHints":{"allow":["GET"]}}],"collection":[{"href":"https:\/\/dmcsrb.com\/en\/wp-json\/wp\/v2\/posts"}],"about":[{"href":"https:\/\/dmcsrb.com\/en\/wp-json\/wp\/v2\/types\/post"}],"author":[{"embeddable":true,"href":"https:\/\/dmcsrb.com\/en\/wp-json\/wp\/v2\/users\/1"}],"replies":[{"embeddable":true,"href":"https:\/\/dmcsrb.com\/en\/wp-json\/wp\/v2\/comments?post=948642"}],"version-history":[{"count":0,"href":"https:\/\/dmcsrb.com\/en\/wp-json\/wp\/v2\/posts\/948642\/revisions"}],"wp:featuredmedia":[{"embeddable":true,"href":"https:\/\/dmcsrb.com\/en\/wp-json\/wp\/v2\/media\/948643"}],"wp:attachment":[{"href":"https:\/\/dmcsrb.com\/en\/wp-json\/wp\/v2\/media?parent=948642"}],"wp:term":[{"taxonomy":"category","embeddable":true,"href":"https:\/\/dmcsrb.com\/en\/wp-json\/wp\/v2\/categories?post=948642"},{"taxonomy":"post_tag","embeddable":true,"href":"https:\/\/dmcsrb.com\/en\/wp-json\/wp\/v2\/tags?post=948642"},{"taxonomy":"naslovna","embeddable":true,"href":"https:\/\/dmcsrb.com\/en\/wp-json\/wp\/v2\/naslovna?post=948642"}],"curies":[{"name":"wp","href":"https:\/\/api.w.org\/{rel}","templated":true}]}}