{"id":948630,"date":"2025-08-27T15:00:00","date_gmt":"2025-08-27T13:00:00","guid":{"rendered":"https:\/\/dmcsrb.com\/uncategorized\/podrska-estonije-evropskom-putu-i-digitalnoj-transformaciji-crne-gore\/"},"modified":"2025-08-27T15:00:00","modified_gmt":"2025-08-27T13:00:00","slug":"podrska-estonije-evropskom-putu-i-digitalnoj-transformaciji-crne-gore","status":"publish","type":"post","link":"https:\/\/dmcsrb.com\/en\/nekategorisano\/podrska-estonije-evropskom-putu-i-digitalnoj-transformaciji-crne-gore\/","title":{"rendered":"Podr\u0161ka Estonije evropskom putu i digitalnoj transformaciji Crne Gore"},"content":{"rendered":"<p><\/p>\n\n\n\n<p>Potpredsjednik Ivanovi\u0107 je istakao da je \u010dlanstvo u Evropskoj uniji glavni spoljnopoliti\u010dki cilj Crne Gore i podsjetio da je plan da do 2026. godine budu zatvorena sva pregovara\u010dka poglavlja, a da Crna Gora do 2028. postane punopravna \u010dlanica. On je naglasio da je cilj njegove posjete Estoniji da se dodatno u\u010dvrste politi\u010dki odnosi, kroz konkretne vidove saradnje, te potvrdi kontinuirana podr\u0161ka Estonije evropskom putu Crne Gore. Posebno je zahvalio na dosada\u0161njoj podr\u0161ci i izrazio o\u010dekivanje da \u0107e se ona nastaviti i u narednim fazama pregovora.<\/p>\n\n\n\n<p>Ivanovi\u0107 je upoznao sagovornika sa tokom pregovora, zatvorenim poglavljima i planovima za dalje reformske aktivnosti. On je istakao da da je od posebnog zna\u010daja cinjenica da \u010dlanstvo u EU u\u017eiva visoku javnu podr\u0161ku u crnogorskom dru\u0161tvu, te da o evropskoj integraciji postoji konsenzus svih politi\u010dkih partija u Skup\u0161tini Crne Gore.<\/p>\n\n\n\n<p>Tali je pohvalio napredak Crne Gore u pregovara\u010dkom procesu, ocijeniv\u0161i da je ostvareni rezultat izuzetan. On je poru\u010dio da je Estonija uvijek bila sna\u017ean zagovornik politike pro\u0161irenja EU i izrazio uvjerenje da \u0107e Crna Gora biti naredna \u010dlanica Unije. Tali je naglasio da Estonija stavlja na raspolaganje svoje iskustvo iz procesa pristupanja i izrazio spremnost za dalju podr\u0161ku Crnoj Gori.<\/p>\n\n\n\n<p>Tokom razgovora razmijenjena su mi\u0161ljenja i o regionalnim i globalnim prilikama, pri \u010demu je potvr\u0111eno da Crna Gora i Estonija dijele zajedni\u010dke vrijednosti i ciljeve u okviru evropske i evroatlantske zajednice. Posebno je apostrofirana kontinuirana stoprocentna uskla\u0111enost Crne Gore sa Zajedni\u010dkom spoljnom i bezbjednosnom politikom EU.<\/p>\n\n\n\n<p>U okviru posjete Estoniji, potpredsjednik Ivanovi\u0107 obi\u0161ao je i e-Estonia Brifing Centar, gdje mu je predstavljeno kako je digitalna transformacija u\u010dinila Estoniju jednim od globalnih lidera u ovoj oblasti. Ivanovi\u0107 je naglasio da Crna Gora \u017eeli da slijedi primjere najboljih praksi i da iskustva Estonije mogu biti od posebnog zna\u010daja za ja\u010danje digitalnih servisa i unaprje\u0111enje rada institucija.<\/p>\n\n\n\n<figure class=\"wp-block-image size-large\"><img decoding=\"async\" src=\"https:\/\/gradski.me\/wp-content\/uploads\/2025\/08\/Filip-Ivanovic-Hanes-Astok-1024x682.jpg\" alt=\"\" class=\"wp-image-821344\"\/><\/figure>\n\n\n\n<p>Potpredsjednik se sastao i sa izvr\u0161nim direktorom i predsjednikom Upravnog odbora Akademije za elektronsko upravljanje (eGA) <strong>Hanesom Astokom<\/strong> i njegovim saradnicima. Tom prilikom upoznat je sa aktivnostima eGA u Crnoj Gori. Predstavnici eGA izrazili su spremnost da pro\u0161ire obim saradnje i stave svoju ekspertizu i iskustvo na raspolaganje Crnoj Gori u daljem procesu digitalne transformacije.<\/p>\n\n\n\n<p>Tokom boravka u Talinu, Ivanovi\u0107 se sastao i sa predstavnicima Estonskog udru\u017eenja za informacionu tehnologiju i telekomunikacije, s kojima je razgovarao o mogu\u0107nostima povezivanja crnogorskih i estonskih kompanija u oblasti digitalnih inovacija, telekomunikacija i IT rje\u0161enja, kao i potencijalnim prilikama za estonske kompanije na crnogorskom tr\u017ei\u0161tu.<\/p>","protected":false},"excerpt":{"rendered":"<p>Potpredsjednik Vlade Crne Gore za vanjske i evropske poslove dr Filip Ivanovi\u0107 sastao se u Parlamentu Estonije sa predsjednikom Odbora za EU poslove i predsjednikom parlamentarne Grupe prijateljstva Estonije i Crne Gore, Peterom Talijem. Fokus razgovora bio je na ja\u010danju bilateralnih odnosa i potvrdi evropske perspektive Crne Gore.<\/p>","protected":false},"author":1,"featured_media":948631,"comment_status":"open","ping_status":"open","sticky":false,"template":"","format":"standard","meta":{"_acf_changed":false,"footnotes":""},"categories":[16320],"tags":[95,2668,8636,5211],"naslovna":[],"class_list":["post-948630","post","type-post","status-publish","format-standard","has-post-thumbnail","hentry","category-nekategorisano","tag-crna-gora","tag-digitalna-transformacija","tag-estonija","tag-evropski-put"],"acf":[],"yoast_head":"<!-- This site is optimized with the Yoast SEO plugin v27.4 - https:\/\/yoast.com\/product\/yoast-seo-wordpress\/ -->\n<title>Podr\u0161ka Estonije evropskom putu i digitalnoj transformaciji Crne Gore - dmcsrb.com<\/title>\n<meta name=\"robots\" content=\"index, follow, max-snippet:-1, max-image-preview:large, max-video-preview:-1\" \/>\n<link rel=\"canonical\" href=\"https:\/\/dmcsrb.com\/en\/nekategorisano\/podrska-estonije-evropskom-putu-i-digitalnoj-transformaciji-crne-gore\/\" \/>\n<meta property=\"og:locale\" content=\"en_GB\" \/>\n<meta property=\"og:type\" content=\"article\" \/>\n<meta property=\"og:title\" content=\"Podr\u0161ka Estonije evropskom putu i digitalnoj transformaciji Crne Gore - dmcsrb.com\" \/>\n<meta property=\"og:description\" content=\"Potpredsjednik Vlade Crne Gore za vanjske i evropske poslove dr Filip Ivanovi\u0107 sastao se u Parlamentu Estonije sa predsjednikom Odbora za EU poslove i predsjednikom parlamentarne Grupe prijateljstva Estonije i Crne Gore, Peterom Talijem. Fokus razgovora bio je na ja\u010danju bilateralnih odnosa i potvrdi evropske perspektive Crne Gore.\" \/>\n<meta property=\"og:url\" content=\"https:\/\/dmcsrb.com\/en\/nekategorisano\/podrska-estonije-evropskom-putu-i-digitalnoj-transformaciji-crne-gore\/\" \/>\n<meta property=\"og:site_name\" content=\"dmcsrb.com\" \/>\n<meta property=\"article:published_time\" content=\"2025-08-27T13:00:00+00:00\" \/>\n<meta property=\"og:image\" content=\"https:\/\/dmcsrb.com\/wp-content\/uploads\/2026\/01\/Filip-Ivanovic-Peter-Tali.webp\" \/>\n\t<meta property=\"og:image:width\" content=\"2500\" \/>\n\t<meta property=\"og:image:height\" content=\"1664\" \/>\n\t<meta property=\"og:image:type\" content=\"image\/jpeg\" \/>\n<meta name=\"author\" content=\"dmcsrbija.com@gmail.com\" \/>\n<meta name=\"twitter:card\" content=\"summary_large_image\" \/>\n<meta name=\"twitter:label1\" content=\"Written by\" \/>\n\t<meta name=\"twitter:data1\" content=\"dmcsrbija.com@gmail.com\" \/>\n\t<meta name=\"twitter:label2\" content=\"Estimated reading time\" \/>\n\t<meta name=\"twitter:data2\" content=\"2 minutes\" \/>\n<script type=\"application\/ld+json\" class=\"yoast-schema-graph\">{\"@context\":\"https:\\\/\\\/schema.org\",\"@graph\":[{\"@type\":\"Article\",\"@id\":\"https:\\\/\\\/dmcsrb.com\\\/en\\\/nekategorisano\\\/podrska-estonije-evropskom-putu-i-digitalnoj-transformaciji-crne-gore\\\/#article\",\"isPartOf\":{\"@id\":\"https:\\\/\\\/dmcsrb.com\\\/en\\\/nekategorisano\\\/podrska-estonije-evropskom-putu-i-digitalnoj-transformaciji-crne-gore\\\/\"},\"author\":{\"name\":\"dmcsrbija.com@gmail.com\",\"@id\":\"https:\\\/\\\/dmcsrb.com\\\/#\\\/schema\\\/person\\\/5c39170f12db1b8b457732d0b5c854e2\"},\"headline\":\"Podr\u0161ka Estonije evropskom putu i digitalnoj transformaciji Crne Gore\",\"datePublished\":\"2025-08-27T13:00:00+00:00\",\"mainEntityOfPage\":{\"@id\":\"https:\\\/\\\/dmcsrb.com\\\/en\\\/nekategorisano\\\/podrska-estonije-evropskom-putu-i-digitalnoj-transformaciji-crne-gore\\\/\"},\"wordCount\":445,\"commentCount\":0,\"image\":{\"@id\":\"https:\\\/\\\/dmcsrb.com\\\/en\\\/nekategorisano\\\/podrska-estonije-evropskom-putu-i-digitalnoj-transformaciji-crne-gore\\\/#primaryimage\"},\"thumbnailUrl\":\"https:\\\/\\\/dmcsrb.com\\\/wp-content\\\/uploads\\\/2026\\\/01\\\/Filip-Ivanovic-Peter-Tali.webp\",\"keywords\":[\"Crna Gora\",\"digitalna transformacija\",\"Estonija\",\"evropski put\"],\"articleSection\":[\"Nekategorisano\"],\"inLanguage\":\"en-GB\",\"potentialAction\":[{\"@type\":\"CommentAction\",\"name\":\"Comment\",\"target\":[\"https:\\\/\\\/dmcsrb.com\\\/en\\\/nekategorisano\\\/podrska-estonije-evropskom-putu-i-digitalnoj-transformaciji-crne-gore\\\/#respond\"]}]},{\"@type\":\"WebPage\",\"@id\":\"https:\\\/\\\/dmcsrb.com\\\/en\\\/nekategorisano\\\/podrska-estonije-evropskom-putu-i-digitalnoj-transformaciji-crne-gore\\\/\",\"url\":\"https:\\\/\\\/dmcsrb.com\\\/en\\\/nekategorisano\\\/podrska-estonije-evropskom-putu-i-digitalnoj-transformaciji-crne-gore\\\/\",\"name\":\"Podr\u0161ka Estonije evropskom putu i digitalnoj transformaciji Crne Gore - dmcsrb.com\",\"isPartOf\":{\"@id\":\"https:\\\/\\\/dmcsrb.com\\\/#website\"},\"primaryImageOfPage\":{\"@id\":\"https:\\\/\\\/dmcsrb.com\\\/en\\\/nekategorisano\\\/podrska-estonije-evropskom-putu-i-digitalnoj-transformaciji-crne-gore\\\/#primaryimage\"},\"image\":{\"@id\":\"https:\\\/\\\/dmcsrb.com\\\/en\\\/nekategorisano\\\/podrska-estonije-evropskom-putu-i-digitalnoj-transformaciji-crne-gore\\\/#primaryimage\"},\"thumbnailUrl\":\"https:\\\/\\\/dmcsrb.com\\\/wp-content\\\/uploads\\\/2026\\\/01\\\/Filip-Ivanovic-Peter-Tali.webp\",\"datePublished\":\"2025-08-27T13:00:00+00:00\",\"author\":{\"@id\":\"https:\\\/\\\/dmcsrb.com\\\/#\\\/schema\\\/person\\\/5c39170f12db1b8b457732d0b5c854e2\"},\"breadcrumb\":{\"@id\":\"https:\\\/\\\/dmcsrb.com\\\/en\\\/nekategorisano\\\/podrska-estonije-evropskom-putu-i-digitalnoj-transformaciji-crne-gore\\\/#breadcrumb\"},\"inLanguage\":\"en-GB\",\"potentialAction\":[{\"@type\":\"ReadAction\",\"target\":[\"https:\\\/\\\/dmcsrb.com\\\/en\\\/nekategorisano\\\/podrska-estonije-evropskom-putu-i-digitalnoj-transformaciji-crne-gore\\\/\"]}]},{\"@type\":\"ImageObject\",\"inLanguage\":\"en-GB\",\"@id\":\"https:\\\/\\\/dmcsrb.com\\\/en\\\/nekategorisano\\\/podrska-estonije-evropskom-putu-i-digitalnoj-transformaciji-crne-gore\\\/#primaryimage\",\"url\":\"https:\\\/\\\/dmcsrb.com\\\/wp-content\\\/uploads\\\/2026\\\/01\\\/Filip-Ivanovic-Peter-Tali.webp\",\"contentUrl\":\"https:\\\/\\\/dmcsrb.com\\\/wp-content\\\/uploads\\\/2026\\\/01\\\/Filip-Ivanovic-Peter-Tali.webp\",\"width\":2500,\"height\":1664},{\"@type\":\"BreadcrumbList\",\"@id\":\"https:\\\/\\\/dmcsrb.com\\\/en\\\/nekategorisano\\\/podrska-estonije-evropskom-putu-i-digitalnoj-transformaciji-crne-gore\\\/#breadcrumb\",\"itemListElement\":[{\"@type\":\"ListItem\",\"position\":1,\"name\":\"Home\",\"item\":\"https:\\\/\\\/dmcsrb.com\\\/\"},{\"@type\":\"ListItem\",\"position\":2,\"name\":\"Podr\u0161ka Estonije evropskom putu i digitalnoj transformaciji Crne Gore\"}]},{\"@type\":\"WebSite\",\"@id\":\"https:\\\/\\\/dmcsrb.com\\\/#website\",\"url\":\"https:\\\/\\\/dmcsrb.com\\\/\",\"name\":\"dmcsrb.com\",\"description\":\"\",\"potentialAction\":[{\"@type\":\"SearchAction\",\"target\":{\"@type\":\"EntryPoint\",\"urlTemplate\":\"https:\\\/\\\/dmcsrb.com\\\/?s={search_term_string}\"},\"query-input\":{\"@type\":\"PropertyValueSpecification\",\"valueRequired\":true,\"valueName\":\"search_term_string\"}}],\"inLanguage\":\"en-GB\"},{\"@type\":\"Person\",\"@id\":\"https:\\\/\\\/dmcsrb.com\\\/#\\\/schema\\\/person\\\/5c39170f12db1b8b457732d0b5c854e2\",\"name\":\"dmcsrbija.com@gmail.com\",\"image\":{\"@type\":\"ImageObject\",\"inLanguage\":\"en-GB\",\"@id\":\"https:\\\/\\\/secure.gravatar.com\\\/avatar\\\/68592660ad6347fad0fb587f8d5d8f1a7b44961362f56e4f2cd524feb87e9069?s=96&d=mm&r=g\",\"url\":\"https:\\\/\\\/secure.gravatar.com\\\/avatar\\\/68592660ad6347fad0fb587f8d5d8f1a7b44961362f56e4f2cd524feb87e9069?s=96&d=mm&r=g\",\"contentUrl\":\"https:\\\/\\\/secure.gravatar.com\\\/avatar\\\/68592660ad6347fad0fb587f8d5d8f1a7b44961362f56e4f2cd524feb87e9069?s=96&d=mm&r=g\",\"caption\":\"dmcsrbija.com@gmail.com\"},\"sameAs\":[\"https:\\\/\\\/dmcsrb.com\"],\"url\":\"https:\\\/\\\/dmcsrb.com\\\/en\\\/author\\\/dmcsrbija-comgmail-com\\\/\"}]}<\/script>\n<!-- \/ Yoast SEO plugin. -->","yoast_head_json":{"title":"Podr\u0161ka Estonije evropskom putu i digitalnoj transformaciji Crne Gore - dmcsrb.com","robots":{"index":"index","follow":"follow","max-snippet":"max-snippet:-1","max-image-preview":"max-image-preview:large","max-video-preview":"max-video-preview:-1"},"canonical":"https:\/\/dmcsrb.com\/en\/nekategorisano\/podrska-estonije-evropskom-putu-i-digitalnoj-transformaciji-crne-gore\/","og_locale":"en_GB","og_type":"article","og_title":"Podr\u0161ka Estonije evropskom putu i digitalnoj transformaciji Crne Gore - dmcsrb.com","og_description":"Potpredsjednik Vlade Crne Gore za vanjske i evropske poslove dr Filip Ivanovi\u0107 sastao se u Parlamentu Estonije sa predsjednikom Odbora za EU poslove i predsjednikom parlamentarne Grupe prijateljstva Estonije i Crne Gore, Peterom Talijem. Fokus razgovora bio je na ja\u010danju bilateralnih odnosa i potvrdi evropske perspektive Crne Gore.","og_url":"https:\/\/dmcsrb.com\/en\/nekategorisano\/podrska-estonije-evropskom-putu-i-digitalnoj-transformaciji-crne-gore\/","og_site_name":"dmcsrb.com","article_published_time":"2025-08-27T13:00:00+00:00","og_image":[{"width":2500,"height":1664,"url":"https:\/\/dmcsrb.com\/wp-content\/uploads\/2026\/01\/Filip-Ivanovic-Peter-Tali.webp","type":"image\/jpeg"}],"author":"dmcsrbija.com@gmail.com","twitter_card":"summary_large_image","twitter_misc":{"Written by":"dmcsrbija.com@gmail.com","Estimated reading time":"2 minutes"},"schema":{"@context":"https:\/\/schema.org","@graph":[{"@type":"Article","@id":"https:\/\/dmcsrb.com\/en\/nekategorisano\/podrska-estonije-evropskom-putu-i-digitalnoj-transformaciji-crne-gore\/#article","isPartOf":{"@id":"https:\/\/dmcsrb.com\/en\/nekategorisano\/podrska-estonije-evropskom-putu-i-digitalnoj-transformaciji-crne-gore\/"},"author":{"name":"dmcsrbija.com@gmail.com","@id":"https:\/\/dmcsrb.com\/#\/schema\/person\/5c39170f12db1b8b457732d0b5c854e2"},"headline":"Podr\u0161ka Estonije evropskom putu i digitalnoj transformaciji Crne Gore","datePublished":"2025-08-27T13:00:00+00:00","mainEntityOfPage":{"@id":"https:\/\/dmcsrb.com\/en\/nekategorisano\/podrska-estonije-evropskom-putu-i-digitalnoj-transformaciji-crne-gore\/"},"wordCount":445,"commentCount":0,"image":{"@id":"https:\/\/dmcsrb.com\/en\/nekategorisano\/podrska-estonije-evropskom-putu-i-digitalnoj-transformaciji-crne-gore\/#primaryimage"},"thumbnailUrl":"https:\/\/dmcsrb.com\/wp-content\/uploads\/2026\/01\/Filip-Ivanovic-Peter-Tali.webp","keywords":["Crna Gora","digitalna transformacija","Estonija","evropski put"],"articleSection":["Nekategorisano"],"inLanguage":"en-GB","potentialAction":[{"@type":"CommentAction","name":"Comment","target":["https:\/\/dmcsrb.com\/en\/nekategorisano\/podrska-estonije-evropskom-putu-i-digitalnoj-transformaciji-crne-gore\/#respond"]}]},{"@type":"WebPage","@id":"https:\/\/dmcsrb.com\/en\/nekategorisano\/podrska-estonije-evropskom-putu-i-digitalnoj-transformaciji-crne-gore\/","url":"https:\/\/dmcsrb.com\/en\/nekategorisano\/podrska-estonije-evropskom-putu-i-digitalnoj-transformaciji-crne-gore\/","name":"Podr\u0161ka Estonije evropskom putu i digitalnoj transformaciji Crne Gore - dmcsrb.com","isPartOf":{"@id":"https:\/\/dmcsrb.com\/#website"},"primaryImageOfPage":{"@id":"https:\/\/dmcsrb.com\/en\/nekategorisano\/podrska-estonije-evropskom-putu-i-digitalnoj-transformaciji-crne-gore\/#primaryimage"},"image":{"@id":"https:\/\/dmcsrb.com\/en\/nekategorisano\/podrska-estonije-evropskom-putu-i-digitalnoj-transformaciji-crne-gore\/#primaryimage"},"thumbnailUrl":"https:\/\/dmcsrb.com\/wp-content\/uploads\/2026\/01\/Filip-Ivanovic-Peter-Tali.webp","datePublished":"2025-08-27T13:00:00+00:00","author":{"@id":"https:\/\/dmcsrb.com\/#\/schema\/person\/5c39170f12db1b8b457732d0b5c854e2"},"breadcrumb":{"@id":"https:\/\/dmcsrb.com\/en\/nekategorisano\/podrska-estonije-evropskom-putu-i-digitalnoj-transformaciji-crne-gore\/#breadcrumb"},"inLanguage":"en-GB","potentialAction":[{"@type":"ReadAction","target":["https:\/\/dmcsrb.com\/en\/nekategorisano\/podrska-estonije-evropskom-putu-i-digitalnoj-transformaciji-crne-gore\/"]}]},{"@type":"ImageObject","inLanguage":"en-GB","@id":"https:\/\/dmcsrb.com\/en\/nekategorisano\/podrska-estonije-evropskom-putu-i-digitalnoj-transformaciji-crne-gore\/#primaryimage","url":"https:\/\/dmcsrb.com\/wp-content\/uploads\/2026\/01\/Filip-Ivanovic-Peter-Tali.webp","contentUrl":"https:\/\/dmcsrb.com\/wp-content\/uploads\/2026\/01\/Filip-Ivanovic-Peter-Tali.webp","width":2500,"height":1664},{"@type":"BreadcrumbList","@id":"https:\/\/dmcsrb.com\/en\/nekategorisano\/podrska-estonije-evropskom-putu-i-digitalnoj-transformaciji-crne-gore\/#breadcrumb","itemListElement":[{"@type":"ListItem","position":1,"name":"Home","item":"https:\/\/dmcsrb.com\/"},{"@type":"ListItem","position":2,"name":"Podr\u0161ka Estonije evropskom putu i digitalnoj transformaciji Crne Gore"}]},{"@type":"WebSite","@id":"https:\/\/dmcsrb.com\/#website","url":"https:\/\/dmcsrb.com\/","name":"dmcsrb.com","description":"","potentialAction":[{"@type":"SearchAction","target":{"@type":"EntryPoint","urlTemplate":"https:\/\/dmcsrb.com\/?s={search_term_string}"},"query-input":{"@type":"PropertyValueSpecification","valueRequired":true,"valueName":"search_term_string"}}],"inLanguage":"en-GB"},{"@type":"Person","@id":"https:\/\/dmcsrb.com\/#\/schema\/person\/5c39170f12db1b8b457732d0b5c854e2","name":"dmcsrbija.com@gmail.com","image":{"@type":"ImageObject","inLanguage":"en-GB","@id":"https:\/\/secure.gravatar.com\/avatar\/68592660ad6347fad0fb587f8d5d8f1a7b44961362f56e4f2cd524feb87e9069?s=96&d=mm&r=g","url":"https:\/\/secure.gravatar.com\/avatar\/68592660ad6347fad0fb587f8d5d8f1a7b44961362f56e4f2cd524feb87e9069?s=96&d=mm&r=g","contentUrl":"https:\/\/secure.gravatar.com\/avatar\/68592660ad6347fad0fb587f8d5d8f1a7b44961362f56e4f2cd524feb87e9069?s=96&d=mm&r=g","caption":"dmcsrbija.com@gmail.com"},"sameAs":["https:\/\/dmcsrb.com"],"url":"https:\/\/dmcsrb.com\/en\/author\/dmcsrbija-comgmail-com\/"}]}},"_links":{"self":[{"href":"https:\/\/dmcsrb.com\/en\/wp-json\/wp\/v2\/posts\/948630","targetHints":{"allow":["GET"]}}],"collection":[{"href":"https:\/\/dmcsrb.com\/en\/wp-json\/wp\/v2\/posts"}],"about":[{"href":"https:\/\/dmcsrb.com\/en\/wp-json\/wp\/v2\/types\/post"}],"author":[{"embeddable":true,"href":"https:\/\/dmcsrb.com\/en\/wp-json\/wp\/v2\/users\/1"}],"replies":[{"embeddable":true,"href":"https:\/\/dmcsrb.com\/en\/wp-json\/wp\/v2\/comments?post=948630"}],"version-history":[{"count":0,"href":"https:\/\/dmcsrb.com\/en\/wp-json\/wp\/v2\/posts\/948630\/revisions"}],"wp:featuredmedia":[{"embeddable":true,"href":"https:\/\/dmcsrb.com\/en\/wp-json\/wp\/v2\/media\/948631"}],"wp:attachment":[{"href":"https:\/\/dmcsrb.com\/en\/wp-json\/wp\/v2\/media?parent=948630"}],"wp:term":[{"taxonomy":"category","embeddable":true,"href":"https:\/\/dmcsrb.com\/en\/wp-json\/wp\/v2\/categories?post=948630"},{"taxonomy":"post_tag","embeddable":true,"href":"https:\/\/dmcsrb.com\/en\/wp-json\/wp\/v2\/tags?post=948630"},{"taxonomy":"naslovna","embeddable":true,"href":"https:\/\/dmcsrb.com\/en\/wp-json\/wp\/v2\/naslovna?post=948630"}],"curies":[{"name":"wp","href":"https:\/\/api.w.org\/{rel}","templated":true}]}}