{"id":948622,"date":"2025-08-27T15:44:00","date_gmt":"2025-08-27T13:44:00","guid":{"rendered":"https:\/\/dmcsrb.com\/uncategorized\/studenti-filozofskog-u-novom-sadu-pozvali-na-novi-protest-tvrde-da-dekan-izbacuje-njihove-licne-stvari-iz-zgrade\/"},"modified":"2025-08-27T15:44:00","modified_gmt":"2025-08-27T13:44:00","slug":"studenti-filozofskog-u-novom-sadu-pozvali-na-novi-protest-tvrde-da-dekan-izbacuje-njihove-licne-stvari-iz-zgrade","status":"publish","type":"post","link":"https:\/\/dmcsrb.com\/en\/region\/studenti-filozofskog-u-novom-sadu-pozvali-na-novi-protest-tvrde-da-dekan-izbacuje-njihove-licne-stvari-iz-zgrade\/","title":{"rendered":"Studenti Filozofskog u Novom Sadu pozvali na novi protest, tvrde da dekan izbacuje njihove li\u010dne stvari iz zgrade"},"content":{"rendered":"<p><\/p>\n\n\n\n<p>Dekan Milivoj Alanovi\u0107 no\u0107 je proveo u zgradi Fakulteta, a kako je potvrdio za N1 i dalje se tamo nalazi.<\/p>\n\n\n\n<p>On je ju\u010de oko 19 sati pozvao pripadnike policije nakon \u0161to je nekoliko studenata sa sporednog ulaza uspjelo da u\u0111e u zgradu fakulteta. Kako javlja reporterka N1 oko jedan sat iza pono\u0107i demonstranti su mogli da vide da je veliki broj pripadnika policije u\u0161ao u zgradu fakulteta, me\u0111utim nema informacija o tome da li se oni i dalje nalaze u zgradi.<\/p>\n\n\n\n<p>Od jutros je ispred zgrade fakulteta situacija izrazito mirna, a studenti su pozvali gra\u0111ane na novo okupljanje u 15 \u010dasova.<\/p>\n\n\n\n<p>Student ovog fakulteta za N1 ka\u017ee da su studenti koji su uspjeli da u\u0111u u jednu od prostorija fakulteta, te da su pozvali dekana na razgovor, ali da su ostali zaklju\u010dani u toj prostoriji bez odgovora.<\/p>\n\n\n\n<p>\u201eNisu mogli da imaju direktan kontakt sa samim profesorima i zaposlenima koji su u fakultetu, niti da u\u0111u u sam fakultet da nastave blokadu. Te su \u010dekali, jednostavno poku\u0161ali su da pozovu dekana na pregovore, ali su bili ispra\u0107eni ti\u0161inom od strane svih zaposlenih\u201c, naveo je on.<\/p>\n\n\n\n<p>Dodaje i da su jutros studenti videli kako donacije koje su dobijali od gra\u0111ana izbacuju napolje u kontejnere.<\/p>\n\n\n\n<p>\u201eImamo snimke kako izbacuju sve du\u0161eke iz prostorije, kao i li\u010dne stvari &#8211; jorgane, ode\u0107u i tako dalje. U fakultetu se i dalje nalazi veliki broj materijalnih dobara, od laptopova pa do fotoaparata koje studenti koji nisu spavali tu no\u0107 izme\u0111u 25. i 26. nisu imali priliku da uzmu\u201c, naveo je student.<\/p>\n\n\n\n<p>Reporterka N1 navodi da je u razgovoru sa dekanom poku\u0161ala da sazna \u0161ta to izbacuju sa fakulteta i da joj je re\u010deno da nisu u pitanju li\u010dne stvari, ali i da nije precizirao na koji \u0107e na\u010din one biti vra\u0107ene studentima.<\/p>","protected":false},"excerpt":{"rendered":"<p>Studenti Filozofskog fakulteta u Novom Sadu pozvali su na novo okupljanje gra\u0111ana ispred zgrade ove visoko\u0161kolske ustanove danas u 15 \u010dasova nakon \u0161to je ju\u010de dekan Milivoj Alanovi\u0107 sa petnaestak zaposlenih upao u zgradu, pod pretnjom disciplinskim postupcima protjerao studente u blokadi i promenio bravu na vratima.<\/p>","protected":false},"author":1,"featured_media":948623,"comment_status":"open","ping_status":"open","sticky":false,"template":"","format":"standard","meta":{"_acf_changed":false,"footnotes":""},"categories":[103],"tags":[4422,11069,18524,18525,2231,476,2524],"naslovna":[],"class_list":["post-948622","post","type-post","status-publish","format-standard","has-post-thumbnail","hentry","category-region","tag-dekan","tag-filozofski-fakultet","tag-izbacivanje-licnih-stvari","tag-novi-protest","tag-novi-sad","tag-studenti","tag-zgrada"],"acf":[],"yoast_head":"<!-- This site is optimized with the Yoast SEO plugin v27.0 - https:\/\/yoast.com\/product\/yoast-seo-wordpress\/ -->\n<title>Studenti Filozofskog u Novom Sadu pozvali na novi protest, tvrde da dekan izbacuje njihove li\u010dne stvari iz zgrade - dmcsrb.com<\/title>\n<meta name=\"robots\" content=\"index, follow, max-snippet:-1, max-image-preview:large, max-video-preview:-1\" \/>\n<link rel=\"canonical\" href=\"https:\/\/dmcsrb.com\/en\/region\/studenti-filozofskog-u-novom-sadu-pozvali-na-novi-protest-tvrde-da-dekan-izbacuje-njihove-licne-stvari-iz-zgrade\/\" \/>\n<meta property=\"og:locale\" content=\"en_GB\" \/>\n<meta property=\"og:type\" content=\"article\" \/>\n<meta property=\"og:title\" content=\"Studenti Filozofskog u Novom Sadu pozvali na novi protest, tvrde da dekan izbacuje njihove li\u010dne stvari iz zgrade - dmcsrb.com\" \/>\n<meta property=\"og:description\" content=\"Studenti Filozofskog fakulteta u Novom Sadu pozvali su na novo okupljanje gra\u0111ana ispred zgrade ove visoko\u0161kolske ustanove danas u 15 \u010dasova nakon \u0161to je ju\u010de dekan Milivoj Alanovi\u0107 sa petnaestak zaposlenih upao u zgradu, pod pretnjom disciplinskim postupcima protjerao studente u blokadi i promenio bravu na vratima.\" \/>\n<meta property=\"og:url\" content=\"https:\/\/dmcsrb.com\/en\/region\/studenti-filozofskog-u-novom-sadu-pozvali-na-novi-protest-tvrde-da-dekan-izbacuje-njihove-licne-stvari-iz-zgrade\/\" \/>\n<meta property=\"og:site_name\" content=\"dmcsrb.com\" \/>\n<meta property=\"article:published_time\" content=\"2025-08-27T13:44:00+00:00\" \/>\n<meta property=\"og:image\" content=\"https:\/\/dmcsrb.com\/wp-content\/uploads\/2026\/01\/Capture-69.webp\" \/>\n\t<meta property=\"og:image:width\" content=\"811\" \/>\n\t<meta property=\"og:image:height\" content=\"385\" \/>\n\t<meta property=\"og:image:type\" content=\"image\/jpeg\" \/>\n<meta name=\"author\" content=\"dmcsrbija.com@gmail.com\" \/>\n<meta name=\"twitter:card\" content=\"summary_large_image\" \/>\n<meta name=\"twitter:label1\" content=\"Written by\" \/>\n\t<meta name=\"twitter:data1\" content=\"dmcsrbija.com@gmail.com\" \/>\n\t<meta name=\"twitter:label2\" content=\"Estimated reading time\" \/>\n\t<meta name=\"twitter:data2\" content=\"2 minutes\" \/>\n<script type=\"application\/ld+json\" class=\"yoast-schema-graph\">{\"@context\":\"https:\/\/schema.org\",\"@graph\":[{\"@type\":\"Article\",\"@id\":\"https:\/\/dmcsrb.com\/region\/studenti-filozofskog-u-novom-sadu-pozvali-na-novi-protest-tvrde-da-dekan-izbacuje-njihove-licne-stvari-iz-zgrade\/#article\",\"isPartOf\":{\"@id\":\"https:\/\/dmcsrb.com\/region\/studenti-filozofskog-u-novom-sadu-pozvali-na-novi-protest-tvrde-da-dekan-izbacuje-njihove-licne-stvari-iz-zgrade\/\"},\"author\":{\"name\":\"dmcsrbija.com@gmail.com\",\"@id\":\"https:\/\/dmcsrb.com\/#\/schema\/person\/5c39170f12db1b8b457732d0b5c854e2\"},\"headline\":\"Studenti Filozofskog u Novom Sadu pozvali na novi protest, tvrde da dekan izbacuje njihove li\u010dne stvari iz zgrade\",\"datePublished\":\"2025-08-27T13:44:00+00:00\",\"mainEntityOfPage\":{\"@id\":\"https:\/\/dmcsrb.com\/region\/studenti-filozofskog-u-novom-sadu-pozvali-na-novi-protest-tvrde-da-dekan-izbacuje-njihove-licne-stvari-iz-zgrade\/\"},\"wordCount\":333,\"commentCount\":0,\"image\":{\"@id\":\"https:\/\/dmcsrb.com\/region\/studenti-filozofskog-u-novom-sadu-pozvali-na-novi-protest-tvrde-da-dekan-izbacuje-njihove-licne-stvari-iz-zgrade\/#primaryimage\"},\"thumbnailUrl\":\"https:\/\/dmcsrb.com\/wp-content\/uploads\/2026\/01\/Capture-69.webp\",\"keywords\":[\"DEKAN\",\"Filozofski fakultet\",\"Izbacivanje li\u010dnih stvari\",\"Novi protest\",\"Novi Sad\",\"studenti\",\"Zgrada\"],\"articleSection\":[\"Region\"],\"inLanguage\":\"en-GB\",\"potentialAction\":[{\"@type\":\"CommentAction\",\"name\":\"Comment\",\"target\":[\"https:\/\/dmcsrb.com\/region\/studenti-filozofskog-u-novom-sadu-pozvali-na-novi-protest-tvrde-da-dekan-izbacuje-njihove-licne-stvari-iz-zgrade\/#respond\"]}]},{\"@type\":\"WebPage\",\"@id\":\"https:\/\/dmcsrb.com\/region\/studenti-filozofskog-u-novom-sadu-pozvali-na-novi-protest-tvrde-da-dekan-izbacuje-njihove-licne-stvari-iz-zgrade\/\",\"url\":\"https:\/\/dmcsrb.com\/region\/studenti-filozofskog-u-novom-sadu-pozvali-na-novi-protest-tvrde-da-dekan-izbacuje-njihove-licne-stvari-iz-zgrade\/\",\"name\":\"Studenti Filozofskog u Novom Sadu pozvali na novi protest, tvrde da dekan izbacuje njihove li\u010dne stvari iz zgrade - dmcsrb.com\",\"isPartOf\":{\"@id\":\"https:\/\/dmcsrb.com\/#website\"},\"primaryImageOfPage\":{\"@id\":\"https:\/\/dmcsrb.com\/region\/studenti-filozofskog-u-novom-sadu-pozvali-na-novi-protest-tvrde-da-dekan-izbacuje-njihove-licne-stvari-iz-zgrade\/#primaryimage\"},\"image\":{\"@id\":\"https:\/\/dmcsrb.com\/region\/studenti-filozofskog-u-novom-sadu-pozvali-na-novi-protest-tvrde-da-dekan-izbacuje-njihove-licne-stvari-iz-zgrade\/#primaryimage\"},\"thumbnailUrl\":\"https:\/\/dmcsrb.com\/wp-content\/uploads\/2026\/01\/Capture-69.webp\",\"datePublished\":\"2025-08-27T13:44:00+00:00\",\"author\":{\"@id\":\"https:\/\/dmcsrb.com\/#\/schema\/person\/5c39170f12db1b8b457732d0b5c854e2\"},\"breadcrumb\":{\"@id\":\"https:\/\/dmcsrb.com\/region\/studenti-filozofskog-u-novom-sadu-pozvali-na-novi-protest-tvrde-da-dekan-izbacuje-njihove-licne-stvari-iz-zgrade\/#breadcrumb\"},\"inLanguage\":\"en-GB\",\"potentialAction\":[{\"@type\":\"ReadAction\",\"target\":[\"https:\/\/dmcsrb.com\/region\/studenti-filozofskog-u-novom-sadu-pozvali-na-novi-protest-tvrde-da-dekan-izbacuje-njihove-licne-stvari-iz-zgrade\/\"]}]},{\"@type\":\"ImageObject\",\"inLanguage\":\"en-GB\",\"@id\":\"https:\/\/dmcsrb.com\/region\/studenti-filozofskog-u-novom-sadu-pozvali-na-novi-protest-tvrde-da-dekan-izbacuje-njihove-licne-stvari-iz-zgrade\/#primaryimage\",\"url\":\"https:\/\/dmcsrb.com\/wp-content\/uploads\/2026\/01\/Capture-69.webp\",\"contentUrl\":\"https:\/\/dmcsrb.com\/wp-content\/uploads\/2026\/01\/Capture-69.webp\",\"width\":811,\"height\":385},{\"@type\":\"BreadcrumbList\",\"@id\":\"https:\/\/dmcsrb.com\/region\/studenti-filozofskog-u-novom-sadu-pozvali-na-novi-protest-tvrde-da-dekan-izbacuje-njihove-licne-stvari-iz-zgrade\/#breadcrumb\",\"itemListElement\":[{\"@type\":\"ListItem\",\"position\":1,\"name\":\"Home\",\"item\":\"https:\/\/dmcsrb.com\/\"},{\"@type\":\"ListItem\",\"position\":2,\"name\":\"Studenti Filozofskog u Novom Sadu pozvali na novi protest, tvrde da dekan izbacuje njihove li\u010dne stvari iz zgrade\"}]},{\"@type\":\"WebSite\",\"@id\":\"https:\/\/dmcsrb.com\/#website\",\"url\":\"https:\/\/dmcsrb.com\/\",\"name\":\"dmcsrb.com\",\"description\":\"\",\"potentialAction\":[{\"@type\":\"SearchAction\",\"target\":{\"@type\":\"EntryPoint\",\"urlTemplate\":\"https:\/\/dmcsrb.com\/?s={search_term_string}\"},\"query-input\":{\"@type\":\"PropertyValueSpecification\",\"valueRequired\":true,\"valueName\":\"search_term_string\"}}],\"inLanguage\":\"en-GB\"},{\"@type\":\"Person\",\"@id\":\"https:\/\/dmcsrb.com\/#\/schema\/person\/5c39170f12db1b8b457732d0b5c854e2\",\"name\":\"dmcsrbija.com@gmail.com\",\"image\":{\"@type\":\"ImageObject\",\"inLanguage\":\"en-GB\",\"@id\":\"https:\/\/dmcsrb.com\/#\/schema\/person\/image\/\",\"url\":\"https:\/\/secure.gravatar.com\/avatar\/68592660ad6347fad0fb587f8d5d8f1a7b44961362f56e4f2cd524feb87e9069?s=96&d=mm&r=g\",\"contentUrl\":\"https:\/\/secure.gravatar.com\/avatar\/68592660ad6347fad0fb587f8d5d8f1a7b44961362f56e4f2cd524feb87e9069?s=96&d=mm&r=g\",\"caption\":\"dmcsrbija.com@gmail.com\"},\"sameAs\":[\"https:\/\/dmcsrb.com\"],\"url\":\"https:\/\/dmcsrb.com\/en\/author\/dmcsrbija-comgmail-com\/\"}]}<\/script>\n<!-- \/ Yoast SEO plugin. -->","yoast_head_json":{"title":"Studenti Filozofskog u Novom Sadu pozvali na novi protest, tvrde da dekan izbacuje njihove li\u010dne stvari iz zgrade - dmcsrb.com","robots":{"index":"index","follow":"follow","max-snippet":"max-snippet:-1","max-image-preview":"max-image-preview:large","max-video-preview":"max-video-preview:-1"},"canonical":"https:\/\/dmcsrb.com\/en\/region\/studenti-filozofskog-u-novom-sadu-pozvali-na-novi-protest-tvrde-da-dekan-izbacuje-njihove-licne-stvari-iz-zgrade\/","og_locale":"en_GB","og_type":"article","og_title":"Studenti Filozofskog u Novom Sadu pozvali na novi protest, tvrde da dekan izbacuje njihove li\u010dne stvari iz zgrade - dmcsrb.com","og_description":"Studenti Filozofskog fakulteta u Novom Sadu pozvali su na novo okupljanje gra\u0111ana ispred zgrade ove visoko\u0161kolske ustanove danas u 15 \u010dasova nakon \u0161to je ju\u010de dekan Milivoj Alanovi\u0107 sa petnaestak zaposlenih upao u zgradu, pod pretnjom disciplinskim postupcima protjerao studente u blokadi i promenio bravu na vratima.","og_url":"https:\/\/dmcsrb.com\/en\/region\/studenti-filozofskog-u-novom-sadu-pozvali-na-novi-protest-tvrde-da-dekan-izbacuje-njihove-licne-stvari-iz-zgrade\/","og_site_name":"dmcsrb.com","article_published_time":"2025-08-27T13:44:00+00:00","og_image":[{"width":811,"height":385,"url":"https:\/\/dmcsrb.com\/wp-content\/uploads\/2026\/01\/Capture-69.webp","type":"image\/jpeg"}],"author":"dmcsrbija.com@gmail.com","twitter_card":"summary_large_image","twitter_misc":{"Written by":"dmcsrbija.com@gmail.com","Estimated reading time":"2 minutes"},"schema":{"@context":"https:\/\/schema.org","@graph":[{"@type":"Article","@id":"https:\/\/dmcsrb.com\/region\/studenti-filozofskog-u-novom-sadu-pozvali-na-novi-protest-tvrde-da-dekan-izbacuje-njihove-licne-stvari-iz-zgrade\/#article","isPartOf":{"@id":"https:\/\/dmcsrb.com\/region\/studenti-filozofskog-u-novom-sadu-pozvali-na-novi-protest-tvrde-da-dekan-izbacuje-njihove-licne-stvari-iz-zgrade\/"},"author":{"name":"dmcsrbija.com@gmail.com","@id":"https:\/\/dmcsrb.com\/#\/schema\/person\/5c39170f12db1b8b457732d0b5c854e2"},"headline":"Studenti Filozofskog u Novom Sadu pozvali na novi protest, tvrde da dekan izbacuje njihove li\u010dne stvari iz zgrade","datePublished":"2025-08-27T13:44:00+00:00","mainEntityOfPage":{"@id":"https:\/\/dmcsrb.com\/region\/studenti-filozofskog-u-novom-sadu-pozvali-na-novi-protest-tvrde-da-dekan-izbacuje-njihove-licne-stvari-iz-zgrade\/"},"wordCount":333,"commentCount":0,"image":{"@id":"https:\/\/dmcsrb.com\/region\/studenti-filozofskog-u-novom-sadu-pozvali-na-novi-protest-tvrde-da-dekan-izbacuje-njihove-licne-stvari-iz-zgrade\/#primaryimage"},"thumbnailUrl":"https:\/\/dmcsrb.com\/wp-content\/uploads\/2026\/01\/Capture-69.webp","keywords":["DEKAN","Filozofski fakultet","Izbacivanje li\u010dnih stvari","Novi protest","Novi Sad","studenti","Zgrada"],"articleSection":["Region"],"inLanguage":"en-GB","potentialAction":[{"@type":"CommentAction","name":"Comment","target":["https:\/\/dmcsrb.com\/region\/studenti-filozofskog-u-novom-sadu-pozvali-na-novi-protest-tvrde-da-dekan-izbacuje-njihove-licne-stvari-iz-zgrade\/#respond"]}]},{"@type":"WebPage","@id":"https:\/\/dmcsrb.com\/region\/studenti-filozofskog-u-novom-sadu-pozvali-na-novi-protest-tvrde-da-dekan-izbacuje-njihove-licne-stvari-iz-zgrade\/","url":"https:\/\/dmcsrb.com\/region\/studenti-filozofskog-u-novom-sadu-pozvali-na-novi-protest-tvrde-da-dekan-izbacuje-njihove-licne-stvari-iz-zgrade\/","name":"Studenti Filozofskog u Novom Sadu pozvali na novi protest, tvrde da dekan izbacuje njihove li\u010dne stvari iz zgrade - dmcsrb.com","isPartOf":{"@id":"https:\/\/dmcsrb.com\/#website"},"primaryImageOfPage":{"@id":"https:\/\/dmcsrb.com\/region\/studenti-filozofskog-u-novom-sadu-pozvali-na-novi-protest-tvrde-da-dekan-izbacuje-njihove-licne-stvari-iz-zgrade\/#primaryimage"},"image":{"@id":"https:\/\/dmcsrb.com\/region\/studenti-filozofskog-u-novom-sadu-pozvali-na-novi-protest-tvrde-da-dekan-izbacuje-njihove-licne-stvari-iz-zgrade\/#primaryimage"},"thumbnailUrl":"https:\/\/dmcsrb.com\/wp-content\/uploads\/2026\/01\/Capture-69.webp","datePublished":"2025-08-27T13:44:00+00:00","author":{"@id":"https:\/\/dmcsrb.com\/#\/schema\/person\/5c39170f12db1b8b457732d0b5c854e2"},"breadcrumb":{"@id":"https:\/\/dmcsrb.com\/region\/studenti-filozofskog-u-novom-sadu-pozvali-na-novi-protest-tvrde-da-dekan-izbacuje-njihove-licne-stvari-iz-zgrade\/#breadcrumb"},"inLanguage":"en-GB","potentialAction":[{"@type":"ReadAction","target":["https:\/\/dmcsrb.com\/region\/studenti-filozofskog-u-novom-sadu-pozvali-na-novi-protest-tvrde-da-dekan-izbacuje-njihove-licne-stvari-iz-zgrade\/"]}]},{"@type":"ImageObject","inLanguage":"en-GB","@id":"https:\/\/dmcsrb.com\/region\/studenti-filozofskog-u-novom-sadu-pozvali-na-novi-protest-tvrde-da-dekan-izbacuje-njihove-licne-stvari-iz-zgrade\/#primaryimage","url":"https:\/\/dmcsrb.com\/wp-content\/uploads\/2026\/01\/Capture-69.webp","contentUrl":"https:\/\/dmcsrb.com\/wp-content\/uploads\/2026\/01\/Capture-69.webp","width":811,"height":385},{"@type":"BreadcrumbList","@id":"https:\/\/dmcsrb.com\/region\/studenti-filozofskog-u-novom-sadu-pozvali-na-novi-protest-tvrde-da-dekan-izbacuje-njihove-licne-stvari-iz-zgrade\/#breadcrumb","itemListElement":[{"@type":"ListItem","position":1,"name":"Home","item":"https:\/\/dmcsrb.com\/"},{"@type":"ListItem","position":2,"name":"Studenti Filozofskog u Novom Sadu pozvali na novi protest, tvrde da dekan izbacuje njihove li\u010dne stvari iz zgrade"}]},{"@type":"WebSite","@id":"https:\/\/dmcsrb.com\/#website","url":"https:\/\/dmcsrb.com\/","name":"dmcsrb.com","description":"","potentialAction":[{"@type":"SearchAction","target":{"@type":"EntryPoint","urlTemplate":"https:\/\/dmcsrb.com\/?s={search_term_string}"},"query-input":{"@type":"PropertyValueSpecification","valueRequired":true,"valueName":"search_term_string"}}],"inLanguage":"en-GB"},{"@type":"Person","@id":"https:\/\/dmcsrb.com\/#\/schema\/person\/5c39170f12db1b8b457732d0b5c854e2","name":"dmcsrbija.com@gmail.com","image":{"@type":"ImageObject","inLanguage":"en-GB","@id":"https:\/\/dmcsrb.com\/#\/schema\/person\/image\/","url":"https:\/\/secure.gravatar.com\/avatar\/68592660ad6347fad0fb587f8d5d8f1a7b44961362f56e4f2cd524feb87e9069?s=96&d=mm&r=g","contentUrl":"https:\/\/secure.gravatar.com\/avatar\/68592660ad6347fad0fb587f8d5d8f1a7b44961362f56e4f2cd524feb87e9069?s=96&d=mm&r=g","caption":"dmcsrbija.com@gmail.com"},"sameAs":["https:\/\/dmcsrb.com"],"url":"https:\/\/dmcsrb.com\/en\/author\/dmcsrbija-comgmail-com\/"}]}},"_links":{"self":[{"href":"https:\/\/dmcsrb.com\/en\/wp-json\/wp\/v2\/posts\/948622","targetHints":{"allow":["GET"]}}],"collection":[{"href":"https:\/\/dmcsrb.com\/en\/wp-json\/wp\/v2\/posts"}],"about":[{"href":"https:\/\/dmcsrb.com\/en\/wp-json\/wp\/v2\/types\/post"}],"author":[{"embeddable":true,"href":"https:\/\/dmcsrb.com\/en\/wp-json\/wp\/v2\/users\/1"}],"replies":[{"embeddable":true,"href":"https:\/\/dmcsrb.com\/en\/wp-json\/wp\/v2\/comments?post=948622"}],"version-history":[{"count":0,"href":"https:\/\/dmcsrb.com\/en\/wp-json\/wp\/v2\/posts\/948622\/revisions"}],"wp:featuredmedia":[{"embeddable":true,"href":"https:\/\/dmcsrb.com\/en\/wp-json\/wp\/v2\/media\/948623"}],"wp:attachment":[{"href":"https:\/\/dmcsrb.com\/en\/wp-json\/wp\/v2\/media?parent=948622"}],"wp:term":[{"taxonomy":"category","embeddable":true,"href":"https:\/\/dmcsrb.com\/en\/wp-json\/wp\/v2\/categories?post=948622"},{"taxonomy":"post_tag","embeddable":true,"href":"https:\/\/dmcsrb.com\/en\/wp-json\/wp\/v2\/tags?post=948622"},{"taxonomy":"naslovna","embeddable":true,"href":"https:\/\/dmcsrb.com\/en\/wp-json\/wp\/v2\/naslovna?post=948622"}],"curies":[{"name":"wp","href":"https:\/\/api.w.org\/{rel}","templated":true}]}}