{"id":948572,"date":"2025-08-27T10:40:00","date_gmt":"2025-08-27T08:40:00","guid":{"rendered":"https:\/\/dmcsrb.com\/uncategorized\/zverev-rutinski-do-drugog-kola-probudio-se-i-cicipas\/"},"modified":"2025-08-27T10:40:00","modified_gmt":"2025-08-27T08:40:00","slug":"zverev-rutinski-do-drugog-kola-probudio-se-i-cicipas","status":"publish","type":"post","link":"https:\/\/dmcsrb.com\/en\/sport\/zverev-rutinski-do-drugog-kola-probudio-se-i-cicipas\/","title":{"rendered":"Zverev rutinski do drugog kola, probudio se i Cicipas"},"content":{"rendered":"<p>Njemac je bez ve\u0107ih problema opravdao ulogu favorita protiv 122. igra\u010da na ATP listi, ljevorukog \u010cileanca Alehandra Tabila, po\u0161to je slavio u tri seta &#8211; 6:2, 7:6 (4), 6:4. <\/p>\n\n\n\n<p>Najneizvjesnije je bilo u drugom dijelu igre, kada je \u010cileanac mogao do seta, ali nije iskoristio set loptu u 12. gemu.<\/p>\n\n\n\n<figure class=\"wp-block-embed is-type-video is-provider-youtube wp-block-embed-youtube wp-embed-aspect-16-9 wp-has-aspect-ratio\"><div class=\"wp-block-embed__wrapper\">\n<iframe loading=\"lazy\" title=\"Alexander Zverev vs. Alejandro Tabilo Highlights | 2025 US Open Round 1\" width=\"500\" height=\"281\" src=\"https:\/\/www.youtube.com\/embed\/nDTELksa2Lc?feature=oembed\" frameborder=\"0\" allow=\"accelerometer; autoplay; clipboard-write; encrypted-media; gyroscope; picture-in-picture; web-share\" referrerpolicy=\"strict-origin-when-cross-origin\" allowfullscreen><\/iframe>\n<\/div><\/figure>\n\n\n\n<p>Zverev \u0107e u narednom kolu igrati protiv Britanca D\u017eejkoba Firnlija koji je sa 3:1 eliminisao Roberta Bautistu-Aguta. <\/p>\n\n\n\n<p>Doma\u0107i teniser Tomi Pol rutinski i ubjedljivo je slavio protiv mladog Danca Elmera Melera &#8211; 6:3, 6:3, 6:1 i sada ga \u010deka okr\u0161aj sa Nunom Bor\u017eesom iz Portugala. <\/p>\n\n\n\n<p>U maksimalna tri seta radovao se i osmi favorit Australijanac Aleks De Minor koji je bio bolji od sunarodnika Kristofera O&#8217;Konela &#8211; 6:3, 6:4, 6:4. <\/p>\n\n\n\n<p>Kona\u010dno je slavio i Grk Stefanos Cicipas koji je nakon preokreta savladao Francuza Aleksandera Mulea &#8211; 4:6, 6:0, 6:1, 7:6 (5). <\/p>\n\n\n\n<p>Kada su u pitanju dame \u0161ampionka iz 2023. Koko Gof bila je na velikom ispitu protiv Australijanke Ajle Tomljanovi\u0107, ali je nakon ta\u010dno tri sata velike borbe pro\u0161la u drugo kolo &#8211; 6:4, 6:7, 7:5 i zakazala okr\u0161aj sa Donom Veki\u0107 koja je tako\u0111e nakon preokreta bila bolja od \u0160pankinje D\u017eesike Bouzas Maneiro &#8211; 3:6, 7:5, 6:3. <\/p>\n\n\n\n<p>\u0160ampionka iz 2020. godine Naomi Osaka uspje\u0161no je presko\u010dila prvu prepreku u vidu Belgijanke Grit Minen &#8211; 6:3, 6:4. <\/p>","protected":false},"excerpt":{"rendered":"<p>Tre\u0107i teniser planete Aleksander Zverev plasirao se u drugo kolo US opena.<\/p>","protected":false},"author":1,"featured_media":944008,"comment_status":"open","ping_status":"open","sticky":false,"template":"","format":"standard","meta":{"_acf_changed":false,"footnotes":""},"categories":[148],"tags":[13616,6829,6456,6459,6460],"naslovna":[],"class_list":["post-948572","post","type-post","status-publish","format-standard","has-post-thumbnail","hentry","category-sport","tag-alehandro-tabilo","tag-aleks-de-minor","tag-aleksander-zverev","tag-tomi-pol","tag-us-open"],"acf":[],"yoast_head":"<!-- This site is optimized with the Yoast SEO plugin v27.4 - https:\/\/yoast.com\/product\/yoast-seo-wordpress\/ -->\n<title>Zverev rutinski do drugog kola, probudio se i Cicipas - dmcsrb.com<\/title>\n<meta name=\"robots\" content=\"index, follow, max-snippet:-1, max-image-preview:large, max-video-preview:-1\" \/>\n<link rel=\"canonical\" href=\"https:\/\/dmcsrb.com\/en\/sport\/zverev-rutinski-do-drugog-kola-probudio-se-i-cicipas\/\" \/>\n<meta property=\"og:locale\" content=\"en_GB\" \/>\n<meta property=\"og:type\" content=\"article\" \/>\n<meta property=\"og:title\" content=\"Zverev rutinski do drugog kola, probudio se i Cicipas - dmcsrb.com\" \/>\n<meta property=\"og:description\" content=\"Tre\u0107i teniser planete Aleksander Zverev plasirao se u drugo kolo US opena.\" \/>\n<meta property=\"og:url\" content=\"https:\/\/dmcsrb.com\/en\/sport\/zverev-rutinski-do-drugog-kola-probudio-se-i-cicipas\/\" \/>\n<meta property=\"og:site_name\" content=\"dmcsrb.com\" \/>\n<meta property=\"article:published_time\" content=\"2025-08-27T08:40:00+00:00\" \/>\n<meta property=\"og:image\" content=\"https:\/\/dmcsrb.com\/wp-content\/uploads\/2026\/01\/Zverev-AusOpen-Twitter.webp\" \/>\n\t<meta property=\"og:image:width\" content=\"792\" \/>\n\t<meta property=\"og:image:height\" content=\"562\" \/>\n\t<meta property=\"og:image:type\" content=\"image\/jpeg\" \/>\n<meta name=\"author\" content=\"dmcsrbija.com@gmail.com\" \/>\n<meta name=\"twitter:card\" content=\"summary_large_image\" \/>\n<meta name=\"twitter:label1\" content=\"Written by\" \/>\n\t<meta name=\"twitter:data1\" content=\"dmcsrbija.com@gmail.com\" \/>\n\t<meta name=\"twitter:label2\" content=\"Estimated reading time\" \/>\n\t<meta name=\"twitter:data2\" content=\"1 minute\" \/>\n<script type=\"application\/ld+json\" class=\"yoast-schema-graph\">{\"@context\":\"https:\\\/\\\/schema.org\",\"@graph\":[{\"@type\":\"Article\",\"@id\":\"https:\\\/\\\/dmcsrb.com\\\/sport\\\/zverev-rutinski-do-drugog-kola-probudio-se-i-cicipas\\\/#article\",\"isPartOf\":{\"@id\":\"https:\\\/\\\/dmcsrb.com\\\/sport\\\/zverev-rutinski-do-drugog-kola-probudio-se-i-cicipas\\\/\"},\"author\":{\"name\":\"dmcsrbija.com@gmail.com\",\"@id\":\"https:\\\/\\\/dmcsrb.com\\\/#\\\/schema\\\/person\\\/5c39170f12db1b8b457732d0b5c854e2\"},\"headline\":\"Zverev rutinski do drugog kola, probudio se i Cicipas\",\"datePublished\":\"2025-08-27T08:40:00+00:00\",\"mainEntityOfPage\":{\"@id\":\"https:\\\/\\\/dmcsrb.com\\\/sport\\\/zverev-rutinski-do-drugog-kola-probudio-se-i-cicipas\\\/\"},\"wordCount\":219,\"commentCount\":0,\"image\":{\"@id\":\"https:\\\/\\\/dmcsrb.com\\\/sport\\\/zverev-rutinski-do-drugog-kola-probudio-se-i-cicipas\\\/#primaryimage\"},\"thumbnailUrl\":\"https:\\\/\\\/dmcsrb.com\\\/wp-content\\\/uploads\\\/2026\\\/01\\\/Zverev-AusOpen-Twitter.webp\",\"keywords\":[\"Alehandro Tabilo\",\"Aleks de Minor\",\"Aleksander Zverev\",\"Tomi pol\",\"US open\"],\"articleSection\":[\"Sport\"],\"inLanguage\":\"en-GB\",\"potentialAction\":[{\"@type\":\"CommentAction\",\"name\":\"Comment\",\"target\":[\"https:\\\/\\\/dmcsrb.com\\\/sport\\\/zverev-rutinski-do-drugog-kola-probudio-se-i-cicipas\\\/#respond\"]}]},{\"@type\":\"WebPage\",\"@id\":\"https:\\\/\\\/dmcsrb.com\\\/sport\\\/zverev-rutinski-do-drugog-kola-probudio-se-i-cicipas\\\/\",\"url\":\"https:\\\/\\\/dmcsrb.com\\\/sport\\\/zverev-rutinski-do-drugog-kola-probudio-se-i-cicipas\\\/\",\"name\":\"Zverev rutinski do drugog kola, probudio se i Cicipas - dmcsrb.com\",\"isPartOf\":{\"@id\":\"https:\\\/\\\/dmcsrb.com\\\/#website\"},\"primaryImageOfPage\":{\"@id\":\"https:\\\/\\\/dmcsrb.com\\\/sport\\\/zverev-rutinski-do-drugog-kola-probudio-se-i-cicipas\\\/#primaryimage\"},\"image\":{\"@id\":\"https:\\\/\\\/dmcsrb.com\\\/sport\\\/zverev-rutinski-do-drugog-kola-probudio-se-i-cicipas\\\/#primaryimage\"},\"thumbnailUrl\":\"https:\\\/\\\/dmcsrb.com\\\/wp-content\\\/uploads\\\/2026\\\/01\\\/Zverev-AusOpen-Twitter.webp\",\"datePublished\":\"2025-08-27T08:40:00+00:00\",\"author\":{\"@id\":\"https:\\\/\\\/dmcsrb.com\\\/#\\\/schema\\\/person\\\/5c39170f12db1b8b457732d0b5c854e2\"},\"breadcrumb\":{\"@id\":\"https:\\\/\\\/dmcsrb.com\\\/sport\\\/zverev-rutinski-do-drugog-kola-probudio-se-i-cicipas\\\/#breadcrumb\"},\"inLanguage\":\"en-GB\",\"potentialAction\":[{\"@type\":\"ReadAction\",\"target\":[\"https:\\\/\\\/dmcsrb.com\\\/sport\\\/zverev-rutinski-do-drugog-kola-probudio-se-i-cicipas\\\/\"]}]},{\"@type\":\"ImageObject\",\"inLanguage\":\"en-GB\",\"@id\":\"https:\\\/\\\/dmcsrb.com\\\/sport\\\/zverev-rutinski-do-drugog-kola-probudio-se-i-cicipas\\\/#primaryimage\",\"url\":\"https:\\\/\\\/dmcsrb.com\\\/wp-content\\\/uploads\\\/2026\\\/01\\\/Zverev-AusOpen-Twitter.webp\",\"contentUrl\":\"https:\\\/\\\/dmcsrb.com\\\/wp-content\\\/uploads\\\/2026\\\/01\\\/Zverev-AusOpen-Twitter.webp\",\"width\":792,\"height\":562},{\"@type\":\"BreadcrumbList\",\"@id\":\"https:\\\/\\\/dmcsrb.com\\\/sport\\\/zverev-rutinski-do-drugog-kola-probudio-se-i-cicipas\\\/#breadcrumb\",\"itemListElement\":[{\"@type\":\"ListItem\",\"position\":1,\"name\":\"Home\",\"item\":\"https:\\\/\\\/dmcsrb.com\\\/\"},{\"@type\":\"ListItem\",\"position\":2,\"name\":\"Zverev rutinski do drugog kola, probudio se i Cicipas\"}]},{\"@type\":\"WebSite\",\"@id\":\"https:\\\/\\\/dmcsrb.com\\\/#website\",\"url\":\"https:\\\/\\\/dmcsrb.com\\\/\",\"name\":\"dmcsrb.com\",\"description\":\"\",\"potentialAction\":[{\"@type\":\"SearchAction\",\"target\":{\"@type\":\"EntryPoint\",\"urlTemplate\":\"https:\\\/\\\/dmcsrb.com\\\/?s={search_term_string}\"},\"query-input\":{\"@type\":\"PropertyValueSpecification\",\"valueRequired\":true,\"valueName\":\"search_term_string\"}}],\"inLanguage\":\"en-GB\"},{\"@type\":\"Person\",\"@id\":\"https:\\\/\\\/dmcsrb.com\\\/#\\\/schema\\\/person\\\/5c39170f12db1b8b457732d0b5c854e2\",\"name\":\"dmcsrbija.com@gmail.com\",\"image\":{\"@type\":\"ImageObject\",\"inLanguage\":\"en-GB\",\"@id\":\"https:\\\/\\\/secure.gravatar.com\\\/avatar\\\/68592660ad6347fad0fb587f8d5d8f1a7b44961362f56e4f2cd524feb87e9069?s=96&d=mm&r=g\",\"url\":\"https:\\\/\\\/secure.gravatar.com\\\/avatar\\\/68592660ad6347fad0fb587f8d5d8f1a7b44961362f56e4f2cd524feb87e9069?s=96&d=mm&r=g\",\"contentUrl\":\"https:\\\/\\\/secure.gravatar.com\\\/avatar\\\/68592660ad6347fad0fb587f8d5d8f1a7b44961362f56e4f2cd524feb87e9069?s=96&d=mm&r=g\",\"caption\":\"dmcsrbija.com@gmail.com\"},\"sameAs\":[\"https:\\\/\\\/dmcsrb.com\"],\"url\":\"https:\\\/\\\/dmcsrb.com\\\/en\\\/author\\\/dmcsrbija-comgmail-com\\\/\"}]}<\/script>\n<!-- \/ Yoast SEO plugin. -->","yoast_head_json":{"title":"Zverev rutinski do drugog kola, probudio se i Cicipas - dmcsrb.com","robots":{"index":"index","follow":"follow","max-snippet":"max-snippet:-1","max-image-preview":"max-image-preview:large","max-video-preview":"max-video-preview:-1"},"canonical":"https:\/\/dmcsrb.com\/en\/sport\/zverev-rutinski-do-drugog-kola-probudio-se-i-cicipas\/","og_locale":"en_GB","og_type":"article","og_title":"Zverev rutinski do drugog kola, probudio se i Cicipas - dmcsrb.com","og_description":"Tre\u0107i teniser planete Aleksander Zverev plasirao se u drugo kolo US opena.","og_url":"https:\/\/dmcsrb.com\/en\/sport\/zverev-rutinski-do-drugog-kola-probudio-se-i-cicipas\/","og_site_name":"dmcsrb.com","article_published_time":"2025-08-27T08:40:00+00:00","og_image":[{"width":792,"height":562,"url":"https:\/\/dmcsrb.com\/wp-content\/uploads\/2026\/01\/Zverev-AusOpen-Twitter.webp","type":"image\/jpeg"}],"author":"dmcsrbija.com@gmail.com","twitter_card":"summary_large_image","twitter_misc":{"Written by":"dmcsrbija.com@gmail.com","Estimated reading time":"1 minute"},"schema":{"@context":"https:\/\/schema.org","@graph":[{"@type":"Article","@id":"https:\/\/dmcsrb.com\/sport\/zverev-rutinski-do-drugog-kola-probudio-se-i-cicipas\/#article","isPartOf":{"@id":"https:\/\/dmcsrb.com\/sport\/zverev-rutinski-do-drugog-kola-probudio-se-i-cicipas\/"},"author":{"name":"dmcsrbija.com@gmail.com","@id":"https:\/\/dmcsrb.com\/#\/schema\/person\/5c39170f12db1b8b457732d0b5c854e2"},"headline":"Zverev rutinski do drugog kola, probudio se i Cicipas","datePublished":"2025-08-27T08:40:00+00:00","mainEntityOfPage":{"@id":"https:\/\/dmcsrb.com\/sport\/zverev-rutinski-do-drugog-kola-probudio-se-i-cicipas\/"},"wordCount":219,"commentCount":0,"image":{"@id":"https:\/\/dmcsrb.com\/sport\/zverev-rutinski-do-drugog-kola-probudio-se-i-cicipas\/#primaryimage"},"thumbnailUrl":"https:\/\/dmcsrb.com\/wp-content\/uploads\/2026\/01\/Zverev-AusOpen-Twitter.webp","keywords":["Alehandro Tabilo","Aleks de Minor","Aleksander Zverev","Tomi pol","US open"],"articleSection":["Sport"],"inLanguage":"en-GB","potentialAction":[{"@type":"CommentAction","name":"Comment","target":["https:\/\/dmcsrb.com\/sport\/zverev-rutinski-do-drugog-kola-probudio-se-i-cicipas\/#respond"]}]},{"@type":"WebPage","@id":"https:\/\/dmcsrb.com\/sport\/zverev-rutinski-do-drugog-kola-probudio-se-i-cicipas\/","url":"https:\/\/dmcsrb.com\/sport\/zverev-rutinski-do-drugog-kola-probudio-se-i-cicipas\/","name":"Zverev rutinski do drugog kola, probudio se i Cicipas - dmcsrb.com","isPartOf":{"@id":"https:\/\/dmcsrb.com\/#website"},"primaryImageOfPage":{"@id":"https:\/\/dmcsrb.com\/sport\/zverev-rutinski-do-drugog-kola-probudio-se-i-cicipas\/#primaryimage"},"image":{"@id":"https:\/\/dmcsrb.com\/sport\/zverev-rutinski-do-drugog-kola-probudio-se-i-cicipas\/#primaryimage"},"thumbnailUrl":"https:\/\/dmcsrb.com\/wp-content\/uploads\/2026\/01\/Zverev-AusOpen-Twitter.webp","datePublished":"2025-08-27T08:40:00+00:00","author":{"@id":"https:\/\/dmcsrb.com\/#\/schema\/person\/5c39170f12db1b8b457732d0b5c854e2"},"breadcrumb":{"@id":"https:\/\/dmcsrb.com\/sport\/zverev-rutinski-do-drugog-kola-probudio-se-i-cicipas\/#breadcrumb"},"inLanguage":"en-GB","potentialAction":[{"@type":"ReadAction","target":["https:\/\/dmcsrb.com\/sport\/zverev-rutinski-do-drugog-kola-probudio-se-i-cicipas\/"]}]},{"@type":"ImageObject","inLanguage":"en-GB","@id":"https:\/\/dmcsrb.com\/sport\/zverev-rutinski-do-drugog-kola-probudio-se-i-cicipas\/#primaryimage","url":"https:\/\/dmcsrb.com\/wp-content\/uploads\/2026\/01\/Zverev-AusOpen-Twitter.webp","contentUrl":"https:\/\/dmcsrb.com\/wp-content\/uploads\/2026\/01\/Zverev-AusOpen-Twitter.webp","width":792,"height":562},{"@type":"BreadcrumbList","@id":"https:\/\/dmcsrb.com\/sport\/zverev-rutinski-do-drugog-kola-probudio-se-i-cicipas\/#breadcrumb","itemListElement":[{"@type":"ListItem","position":1,"name":"Home","item":"https:\/\/dmcsrb.com\/"},{"@type":"ListItem","position":2,"name":"Zverev rutinski do drugog kola, probudio se i Cicipas"}]},{"@type":"WebSite","@id":"https:\/\/dmcsrb.com\/#website","url":"https:\/\/dmcsrb.com\/","name":"dmcsrb.com","description":"","potentialAction":[{"@type":"SearchAction","target":{"@type":"EntryPoint","urlTemplate":"https:\/\/dmcsrb.com\/?s={search_term_string}"},"query-input":{"@type":"PropertyValueSpecification","valueRequired":true,"valueName":"search_term_string"}}],"inLanguage":"en-GB"},{"@type":"Person","@id":"https:\/\/dmcsrb.com\/#\/schema\/person\/5c39170f12db1b8b457732d0b5c854e2","name":"dmcsrbija.com@gmail.com","image":{"@type":"ImageObject","inLanguage":"en-GB","@id":"https:\/\/secure.gravatar.com\/avatar\/68592660ad6347fad0fb587f8d5d8f1a7b44961362f56e4f2cd524feb87e9069?s=96&d=mm&r=g","url":"https:\/\/secure.gravatar.com\/avatar\/68592660ad6347fad0fb587f8d5d8f1a7b44961362f56e4f2cd524feb87e9069?s=96&d=mm&r=g","contentUrl":"https:\/\/secure.gravatar.com\/avatar\/68592660ad6347fad0fb587f8d5d8f1a7b44961362f56e4f2cd524feb87e9069?s=96&d=mm&r=g","caption":"dmcsrbija.com@gmail.com"},"sameAs":["https:\/\/dmcsrb.com"],"url":"https:\/\/dmcsrb.com\/en\/author\/dmcsrbija-comgmail-com\/"}]}},"_links":{"self":[{"href":"https:\/\/dmcsrb.com\/en\/wp-json\/wp\/v2\/posts\/948572","targetHints":{"allow":["GET"]}}],"collection":[{"href":"https:\/\/dmcsrb.com\/en\/wp-json\/wp\/v2\/posts"}],"about":[{"href":"https:\/\/dmcsrb.com\/en\/wp-json\/wp\/v2\/types\/post"}],"author":[{"embeddable":true,"href":"https:\/\/dmcsrb.com\/en\/wp-json\/wp\/v2\/users\/1"}],"replies":[{"embeddable":true,"href":"https:\/\/dmcsrb.com\/en\/wp-json\/wp\/v2\/comments?post=948572"}],"version-history":[{"count":0,"href":"https:\/\/dmcsrb.com\/en\/wp-json\/wp\/v2\/posts\/948572\/revisions"}],"wp:featuredmedia":[{"embeddable":true,"href":"https:\/\/dmcsrb.com\/en\/wp-json\/wp\/v2\/media\/944008"}],"wp:attachment":[{"href":"https:\/\/dmcsrb.com\/en\/wp-json\/wp\/v2\/media?parent=948572"}],"wp:term":[{"taxonomy":"category","embeddable":true,"href":"https:\/\/dmcsrb.com\/en\/wp-json\/wp\/v2\/categories?post=948572"},{"taxonomy":"post_tag","embeddable":true,"href":"https:\/\/dmcsrb.com\/en\/wp-json\/wp\/v2\/tags?post=948572"},{"taxonomy":"naslovna","embeddable":true,"href":"https:\/\/dmcsrb.com\/en\/wp-json\/wp\/v2\/naslovna?post=948572"}],"curies":[{"name":"wp","href":"https:\/\/api.w.org\/{rel}","templated":true}]}}