{"id":948534,"date":"2025-08-27T10:41:00","date_gmt":"2025-08-27T08:41:00","guid":{"rendered":"https:\/\/dmcsrb.com\/uncategorized\/dps-herceg-novi-uklanjanjem-spomenika-njunju-aktuelna-vlast-skrece-paznju-sa-propale-turisticke-sezone-u-herceg-novom\/"},"modified":"2025-08-27T10:41:00","modified_gmt":"2025-08-27T08:41:00","slug":"dps-herceg-novi-uklanjanjem-spomenika-njunju-aktuelna-vlast-skrece-paznju-sa-propale-turisticke-sezone-u-herceg-novom","status":"publish","type":"post","link":"https:\/\/dmcsrb.com\/en\/politika\/dps-herceg-novi-uklanjanjem-spomenika-njunju-aktuelna-vlast-skrece-paznju-sa-propale-turisticke-sezone-u-herceg-novom\/","title":{"rendered":"DPS Herceg Novi: Uklanjanjem spomenika Njunju aktuelna vlast skre\u0107e pa\u017enju sa propale turisti\u010dke sezone u Herceg Novom"},"content":{"rendered":"<p><br>&#8220;Jasno je da kroz aktuelizaciju ovakvih tema, lokalna vlast nastoji da skrene fokus gra\u0111ana sa su\u0161tinskih problema poput propale turisti\u010dke sezone, odnosno ciljanog uni\u0161tenja privredne grane od koje Herceg Novi i velika ve\u0107ina gra\u0111ana istog \u017eive&#8221;, stoji u saop\u0161tenju.<\/p>\n\n\n\n<p><br>I dok ministarka kulture, dodaju, obrazla\u017ee kako se uklanjanje spomen-obilje\u017eja u Njego\u0161evoj ulici moralo desiti, postavlja se pitanje da li \u0107e one koji su odgovorni za njegovo nezakonito postavljanje, a to su koalicioni partneri njene partije, procesuirati i da li \u0107e isti odgovarati za kr\u0161enje zakona na koje smo ukazivali i te 2009. godine?<\/p>\n\n\n\n<p><br>&#8220;\u010cini se da aktuelna \u010delnica resora kulture ovakvim pompeznim predstavama za javnost poma\u017ee ministarki turizma da gotovo neopa\u017eeno pro\u0111u njene izjave o tome da su pla\u017ee pune, iako Novljani vide da nikad nijesu bile toliko prazne u ovom periodu turisti\u010dke sezone. Ili stvara prostor predsjedniku Op\u0161tine, njenom partijskom saborcu, da ispod radara pro\u0111u njegove izjave o tome kako se bilje\u017ei rast prihoda, dok pre\u0107utkuje istinu o bezobraznom i bezobzirnom poskupljenju svega \u0161to se mo\u017ee zamisliti&#8221;, navode iz DPS-a.<\/p>\n\n\n\n<p><br>Kako ka\u017eu, i nije da vlast ne govori samo o turisti\u010dkoj sezoni koja je nikad gora u Novom, o cijenama koje divljaju, vlastodr\u0161ci pre\u0107utkuju i crvene zastavice na polupraznim pla\u017eama, a ne progovaraju ni o tome \u0161to su hodnici hercegnovskog Doma zdravlja puni djece sa ko\u017enim oboljenjima.<\/p>\n\n\n\n<p><br>&#8220;Na kraju, nikoga ne mo\u017ee iznenaditi ukoliko Njunjova maska bude spaljena na kraju sljede\u0107eg Praznika mimoze i ukoliko ga vlast obilje\u017ei kao krivca za sve lo\u0161e \u0161to se de\u0161ava u ovom gradu, jer oni koji su operisani od osje\u0107aja odgovornosti obi\u010dno krivicu za sve svoje propuste, za vlastito neznanje i sopstveni java\u0161luk, svjedo\u010dimo godinama, nalaze u drugima&#8221;, zaklju\u010duje se u saop\u0161tenju.<\/p>","protected":false},"excerpt":{"rendered":"<p>Uklanjanjem spomenika Rudolfu Karu\u017ei\u0107u Njunju, koji je nezakonito postavljen 2009. godine kada su Herceg Novim upravljali najve\u0107im dijelom isti oni koji danas \u010dine lokalnu vlast, aktuelni vlastodr\u0161ci ponovo su podijelili gra\u0111ane., saop\u0161teno je iz OO DPS Herceg Novi.<\/p>","protected":false},"author":1,"featured_media":909807,"comment_status":"open","ping_status":"open","sticky":false,"template":"","format":"standard","meta":{"_acf_changed":false,"footnotes":""},"categories":[12],"tags":[63,48,797,6477],"naslovna":[],"class_list":["post-948534","post","type-post","status-publish","format-standard","has-post-thumbnail","hentry","category-politika","tag-dps","tag-herceg-novi","tag-spomenik","tag-turisticka-sezona"],"acf":[],"yoast_head":"<!-- This site is optimized with the Yoast SEO plugin v27.4 - https:\/\/yoast.com\/product\/yoast-seo-wordpress\/ -->\n<title>DPS Herceg Novi: Uklanjanjem spomenika Njunju aktuelna vlast skre\u0107e pa\u017enju sa propale turisti\u010dke sezone u Herceg Novom - dmcsrb.com<\/title>\n<meta name=\"robots\" content=\"index, follow, max-snippet:-1, max-image-preview:large, max-video-preview:-1\" \/>\n<link rel=\"canonical\" href=\"https:\/\/dmcsrb.com\/en\/politika\/dps-herceg-novi-uklanjanjem-spomenika-njunju-aktuelna-vlast-skrece-paznju-sa-propale-turisticke-sezone-u-herceg-novom\/\" \/>\n<meta property=\"og:locale\" content=\"en_GB\" \/>\n<meta property=\"og:type\" content=\"article\" \/>\n<meta property=\"og:title\" content=\"DPS Herceg Novi: Uklanjanjem spomenika Njunju aktuelna vlast skre\u0107e pa\u017enju sa propale turisti\u010dke sezone u Herceg Novom - dmcsrb.com\" \/>\n<meta property=\"og:description\" content=\"Uklanjanjem spomenika Rudolfu Karu\u017ei\u0107u Njunju, koji je nezakonito postavljen 2009. godine kada su Herceg Novim upravljali najve\u0107im dijelom isti oni koji danas \u010dine lokalnu vlast, aktuelni vlastodr\u0161ci ponovo su podijelili gra\u0111ane., saop\u0161teno je iz OO DPS Herceg Novi.\" \/>\n<meta property=\"og:url\" content=\"https:\/\/dmcsrb.com\/en\/politika\/dps-herceg-novi-uklanjanjem-spomenika-njunju-aktuelna-vlast-skrece-paznju-sa-propale-turisticke-sezone-u-herceg-novom\/\" \/>\n<meta property=\"og:site_name\" content=\"dmcsrb.com\" \/>\n<meta property=\"article:published_time\" content=\"2025-08-27T08:41:00+00:00\" \/>\n<meta property=\"og:image\" content=\"https:\/\/dmcsrb.com\/wp-content\/uploads\/2026\/01\/DPS-1.jpg\" \/>\n\t<meta property=\"og:image:width\" content=\"1280\" \/>\n\t<meta property=\"og:image:height\" content=\"1280\" \/>\n\t<meta property=\"og:image:type\" content=\"image\/jpeg\" \/>\n<meta name=\"author\" content=\"dmcsrbija.com@gmail.com\" \/>\n<meta name=\"twitter:card\" content=\"summary_large_image\" \/>\n<meta name=\"twitter:label1\" content=\"Written by\" \/>\n\t<meta name=\"twitter:data1\" content=\"dmcsrbija.com@gmail.com\" \/>\n\t<meta name=\"twitter:label2\" content=\"Estimated reading time\" \/>\n\t<meta name=\"twitter:data2\" content=\"2 minutes\" \/>\n<script type=\"application\/ld+json\" class=\"yoast-schema-graph\">{\"@context\":\"https:\\\/\\\/schema.org\",\"@graph\":[{\"@type\":\"Article\",\"@id\":\"https:\\\/\\\/dmcsrb.com\\\/politika\\\/dps-herceg-novi-uklanjanjem-spomenika-njunju-aktuelna-vlast-skrece-paznju-sa-propale-turisticke-sezone-u-herceg-novom\\\/#article\",\"isPartOf\":{\"@id\":\"https:\\\/\\\/dmcsrb.com\\\/politika\\\/dps-herceg-novi-uklanjanjem-spomenika-njunju-aktuelna-vlast-skrece-paznju-sa-propale-turisticke-sezone-u-herceg-novom\\\/\"},\"author\":{\"name\":\"dmcsrbija.com@gmail.com\",\"@id\":\"https:\\\/\\\/dmcsrb.com\\\/#\\\/schema\\\/person\\\/5c39170f12db1b8b457732d0b5c854e2\"},\"headline\":\"DPS Herceg Novi: Uklanjanjem spomenika Njunju aktuelna vlast skre\u0107e pa\u017enju sa propale turisti\u010dke sezone u Herceg Novom\",\"datePublished\":\"2025-08-27T08:41:00+00:00\",\"mainEntityOfPage\":{\"@id\":\"https:\\\/\\\/dmcsrb.com\\\/politika\\\/dps-herceg-novi-uklanjanjem-spomenika-njunju-aktuelna-vlast-skrece-paznju-sa-propale-turisticke-sezone-u-herceg-novom\\\/\"},\"wordCount\":336,\"commentCount\":0,\"image\":{\"@id\":\"https:\\\/\\\/dmcsrb.com\\\/politika\\\/dps-herceg-novi-uklanjanjem-spomenika-njunju-aktuelna-vlast-skrece-paznju-sa-propale-turisticke-sezone-u-herceg-novom\\\/#primaryimage\"},\"thumbnailUrl\":\"https:\\\/\\\/dmcsrb.com\\\/wp-content\\\/uploads\\\/2026\\\/01\\\/DPS-1.jpg\",\"keywords\":[\"DPS\",\"Herceg Novi\",\"spomenik\",\"turisti\u010dka sezona\"],\"articleSection\":[\"Politika\"],\"inLanguage\":\"en-GB\",\"potentialAction\":[{\"@type\":\"CommentAction\",\"name\":\"Comment\",\"target\":[\"https:\\\/\\\/dmcsrb.com\\\/politika\\\/dps-herceg-novi-uklanjanjem-spomenika-njunju-aktuelna-vlast-skrece-paznju-sa-propale-turisticke-sezone-u-herceg-novom\\\/#respond\"]}]},{\"@type\":\"WebPage\",\"@id\":\"https:\\\/\\\/dmcsrb.com\\\/politika\\\/dps-herceg-novi-uklanjanjem-spomenika-njunju-aktuelna-vlast-skrece-paznju-sa-propale-turisticke-sezone-u-herceg-novom\\\/\",\"url\":\"https:\\\/\\\/dmcsrb.com\\\/politika\\\/dps-herceg-novi-uklanjanjem-spomenika-njunju-aktuelna-vlast-skrece-paznju-sa-propale-turisticke-sezone-u-herceg-novom\\\/\",\"name\":\"DPS Herceg Novi: Uklanjanjem spomenika Njunju aktuelna vlast skre\u0107e pa\u017enju sa propale turisti\u010dke sezone u Herceg Novom - dmcsrb.com\",\"isPartOf\":{\"@id\":\"https:\\\/\\\/dmcsrb.com\\\/#website\"},\"primaryImageOfPage\":{\"@id\":\"https:\\\/\\\/dmcsrb.com\\\/politika\\\/dps-herceg-novi-uklanjanjem-spomenika-njunju-aktuelna-vlast-skrece-paznju-sa-propale-turisticke-sezone-u-herceg-novom\\\/#primaryimage\"},\"image\":{\"@id\":\"https:\\\/\\\/dmcsrb.com\\\/politika\\\/dps-herceg-novi-uklanjanjem-spomenika-njunju-aktuelna-vlast-skrece-paznju-sa-propale-turisticke-sezone-u-herceg-novom\\\/#primaryimage\"},\"thumbnailUrl\":\"https:\\\/\\\/dmcsrb.com\\\/wp-content\\\/uploads\\\/2026\\\/01\\\/DPS-1.jpg\",\"datePublished\":\"2025-08-27T08:41:00+00:00\",\"author\":{\"@id\":\"https:\\\/\\\/dmcsrb.com\\\/#\\\/schema\\\/person\\\/5c39170f12db1b8b457732d0b5c854e2\"},\"breadcrumb\":{\"@id\":\"https:\\\/\\\/dmcsrb.com\\\/politika\\\/dps-herceg-novi-uklanjanjem-spomenika-njunju-aktuelna-vlast-skrece-paznju-sa-propale-turisticke-sezone-u-herceg-novom\\\/#breadcrumb\"},\"inLanguage\":\"en-GB\",\"potentialAction\":[{\"@type\":\"ReadAction\",\"target\":[\"https:\\\/\\\/dmcsrb.com\\\/politika\\\/dps-herceg-novi-uklanjanjem-spomenika-njunju-aktuelna-vlast-skrece-paznju-sa-propale-turisticke-sezone-u-herceg-novom\\\/\"]}]},{\"@type\":\"ImageObject\",\"inLanguage\":\"en-GB\",\"@id\":\"https:\\\/\\\/dmcsrb.com\\\/politika\\\/dps-herceg-novi-uklanjanjem-spomenika-njunju-aktuelna-vlast-skrece-paznju-sa-propale-turisticke-sezone-u-herceg-novom\\\/#primaryimage\",\"url\":\"https:\\\/\\\/dmcsrb.com\\\/wp-content\\\/uploads\\\/2026\\\/01\\\/DPS-1.jpg\",\"contentUrl\":\"https:\\\/\\\/dmcsrb.com\\\/wp-content\\\/uploads\\\/2026\\\/01\\\/DPS-1.jpg\",\"width\":1280,\"height\":1280},{\"@type\":\"BreadcrumbList\",\"@id\":\"https:\\\/\\\/dmcsrb.com\\\/politika\\\/dps-herceg-novi-uklanjanjem-spomenika-njunju-aktuelna-vlast-skrece-paznju-sa-propale-turisticke-sezone-u-herceg-novom\\\/#breadcrumb\",\"itemListElement\":[{\"@type\":\"ListItem\",\"position\":1,\"name\":\"Home\",\"item\":\"https:\\\/\\\/dmcsrb.com\\\/\"},{\"@type\":\"ListItem\",\"position\":2,\"name\":\"DPS Herceg Novi: Uklanjanjem spomenika Njunju aktuelna vlast skre\u0107e pa\u017enju sa propale turisti\u010dke sezone u Herceg Novom\"}]},{\"@type\":\"WebSite\",\"@id\":\"https:\\\/\\\/dmcsrb.com\\\/#website\",\"url\":\"https:\\\/\\\/dmcsrb.com\\\/\",\"name\":\"dmcsrb.com\",\"description\":\"\",\"potentialAction\":[{\"@type\":\"SearchAction\",\"target\":{\"@type\":\"EntryPoint\",\"urlTemplate\":\"https:\\\/\\\/dmcsrb.com\\\/?s={search_term_string}\"},\"query-input\":{\"@type\":\"PropertyValueSpecification\",\"valueRequired\":true,\"valueName\":\"search_term_string\"}}],\"inLanguage\":\"en-GB\"},{\"@type\":\"Person\",\"@id\":\"https:\\\/\\\/dmcsrb.com\\\/#\\\/schema\\\/person\\\/5c39170f12db1b8b457732d0b5c854e2\",\"name\":\"dmcsrbija.com@gmail.com\",\"image\":{\"@type\":\"ImageObject\",\"inLanguage\":\"en-GB\",\"@id\":\"https:\\\/\\\/secure.gravatar.com\\\/avatar\\\/68592660ad6347fad0fb587f8d5d8f1a7b44961362f56e4f2cd524feb87e9069?s=96&d=mm&r=g\",\"url\":\"https:\\\/\\\/secure.gravatar.com\\\/avatar\\\/68592660ad6347fad0fb587f8d5d8f1a7b44961362f56e4f2cd524feb87e9069?s=96&d=mm&r=g\",\"contentUrl\":\"https:\\\/\\\/secure.gravatar.com\\\/avatar\\\/68592660ad6347fad0fb587f8d5d8f1a7b44961362f56e4f2cd524feb87e9069?s=96&d=mm&r=g\",\"caption\":\"dmcsrbija.com@gmail.com\"},\"sameAs\":[\"https:\\\/\\\/dmcsrb.com\"],\"url\":\"https:\\\/\\\/dmcsrb.com\\\/en\\\/author\\\/dmcsrbija-comgmail-com\\\/\"}]}<\/script>\n<!-- \/ Yoast SEO plugin. -->","yoast_head_json":{"title":"DPS Herceg Novi: Uklanjanjem spomenika Njunju aktuelna vlast skre\u0107e pa\u017enju sa propale turisti\u010dke sezone u Herceg Novom - dmcsrb.com","robots":{"index":"index","follow":"follow","max-snippet":"max-snippet:-1","max-image-preview":"max-image-preview:large","max-video-preview":"max-video-preview:-1"},"canonical":"https:\/\/dmcsrb.com\/en\/politika\/dps-herceg-novi-uklanjanjem-spomenika-njunju-aktuelna-vlast-skrece-paznju-sa-propale-turisticke-sezone-u-herceg-novom\/","og_locale":"en_GB","og_type":"article","og_title":"DPS Herceg Novi: Uklanjanjem spomenika Njunju aktuelna vlast skre\u0107e pa\u017enju sa propale turisti\u010dke sezone u Herceg Novom - dmcsrb.com","og_description":"Uklanjanjem spomenika Rudolfu Karu\u017ei\u0107u Njunju, koji je nezakonito postavljen 2009. godine kada su Herceg Novim upravljali najve\u0107im dijelom isti oni koji danas \u010dine lokalnu vlast, aktuelni vlastodr\u0161ci ponovo su podijelili gra\u0111ane., saop\u0161teno je iz OO DPS Herceg Novi.","og_url":"https:\/\/dmcsrb.com\/en\/politika\/dps-herceg-novi-uklanjanjem-spomenika-njunju-aktuelna-vlast-skrece-paznju-sa-propale-turisticke-sezone-u-herceg-novom\/","og_site_name":"dmcsrb.com","article_published_time":"2025-08-27T08:41:00+00:00","og_image":[{"width":1280,"height":1280,"url":"https:\/\/dmcsrb.com\/wp-content\/uploads\/2026\/01\/DPS-1.jpg","type":"image\/jpeg"}],"author":"dmcsrbija.com@gmail.com","twitter_card":"summary_large_image","twitter_misc":{"Written by":"dmcsrbija.com@gmail.com","Estimated reading time":"2 minutes"},"schema":{"@context":"https:\/\/schema.org","@graph":[{"@type":"Article","@id":"https:\/\/dmcsrb.com\/politika\/dps-herceg-novi-uklanjanjem-spomenika-njunju-aktuelna-vlast-skrece-paznju-sa-propale-turisticke-sezone-u-herceg-novom\/#article","isPartOf":{"@id":"https:\/\/dmcsrb.com\/politika\/dps-herceg-novi-uklanjanjem-spomenika-njunju-aktuelna-vlast-skrece-paznju-sa-propale-turisticke-sezone-u-herceg-novom\/"},"author":{"name":"dmcsrbija.com@gmail.com","@id":"https:\/\/dmcsrb.com\/#\/schema\/person\/5c39170f12db1b8b457732d0b5c854e2"},"headline":"DPS Herceg Novi: Uklanjanjem spomenika Njunju aktuelna vlast skre\u0107e pa\u017enju sa propale turisti\u010dke sezone u Herceg Novom","datePublished":"2025-08-27T08:41:00+00:00","mainEntityOfPage":{"@id":"https:\/\/dmcsrb.com\/politika\/dps-herceg-novi-uklanjanjem-spomenika-njunju-aktuelna-vlast-skrece-paznju-sa-propale-turisticke-sezone-u-herceg-novom\/"},"wordCount":336,"commentCount":0,"image":{"@id":"https:\/\/dmcsrb.com\/politika\/dps-herceg-novi-uklanjanjem-spomenika-njunju-aktuelna-vlast-skrece-paznju-sa-propale-turisticke-sezone-u-herceg-novom\/#primaryimage"},"thumbnailUrl":"https:\/\/dmcsrb.com\/wp-content\/uploads\/2026\/01\/DPS-1.jpg","keywords":["DPS","Herceg Novi","spomenik","turisti\u010dka sezona"],"articleSection":["Politika"],"inLanguage":"en-GB","potentialAction":[{"@type":"CommentAction","name":"Comment","target":["https:\/\/dmcsrb.com\/politika\/dps-herceg-novi-uklanjanjem-spomenika-njunju-aktuelna-vlast-skrece-paznju-sa-propale-turisticke-sezone-u-herceg-novom\/#respond"]}]},{"@type":"WebPage","@id":"https:\/\/dmcsrb.com\/politika\/dps-herceg-novi-uklanjanjem-spomenika-njunju-aktuelna-vlast-skrece-paznju-sa-propale-turisticke-sezone-u-herceg-novom\/","url":"https:\/\/dmcsrb.com\/politika\/dps-herceg-novi-uklanjanjem-spomenika-njunju-aktuelna-vlast-skrece-paznju-sa-propale-turisticke-sezone-u-herceg-novom\/","name":"DPS Herceg Novi: Uklanjanjem spomenika Njunju aktuelna vlast skre\u0107e pa\u017enju sa propale turisti\u010dke sezone u Herceg Novom - dmcsrb.com","isPartOf":{"@id":"https:\/\/dmcsrb.com\/#website"},"primaryImageOfPage":{"@id":"https:\/\/dmcsrb.com\/politika\/dps-herceg-novi-uklanjanjem-spomenika-njunju-aktuelna-vlast-skrece-paznju-sa-propale-turisticke-sezone-u-herceg-novom\/#primaryimage"},"image":{"@id":"https:\/\/dmcsrb.com\/politika\/dps-herceg-novi-uklanjanjem-spomenika-njunju-aktuelna-vlast-skrece-paznju-sa-propale-turisticke-sezone-u-herceg-novom\/#primaryimage"},"thumbnailUrl":"https:\/\/dmcsrb.com\/wp-content\/uploads\/2026\/01\/DPS-1.jpg","datePublished":"2025-08-27T08:41:00+00:00","author":{"@id":"https:\/\/dmcsrb.com\/#\/schema\/person\/5c39170f12db1b8b457732d0b5c854e2"},"breadcrumb":{"@id":"https:\/\/dmcsrb.com\/politika\/dps-herceg-novi-uklanjanjem-spomenika-njunju-aktuelna-vlast-skrece-paznju-sa-propale-turisticke-sezone-u-herceg-novom\/#breadcrumb"},"inLanguage":"en-GB","potentialAction":[{"@type":"ReadAction","target":["https:\/\/dmcsrb.com\/politika\/dps-herceg-novi-uklanjanjem-spomenika-njunju-aktuelna-vlast-skrece-paznju-sa-propale-turisticke-sezone-u-herceg-novom\/"]}]},{"@type":"ImageObject","inLanguage":"en-GB","@id":"https:\/\/dmcsrb.com\/politika\/dps-herceg-novi-uklanjanjem-spomenika-njunju-aktuelna-vlast-skrece-paznju-sa-propale-turisticke-sezone-u-herceg-novom\/#primaryimage","url":"https:\/\/dmcsrb.com\/wp-content\/uploads\/2026\/01\/DPS-1.jpg","contentUrl":"https:\/\/dmcsrb.com\/wp-content\/uploads\/2026\/01\/DPS-1.jpg","width":1280,"height":1280},{"@type":"BreadcrumbList","@id":"https:\/\/dmcsrb.com\/politika\/dps-herceg-novi-uklanjanjem-spomenika-njunju-aktuelna-vlast-skrece-paznju-sa-propale-turisticke-sezone-u-herceg-novom\/#breadcrumb","itemListElement":[{"@type":"ListItem","position":1,"name":"Home","item":"https:\/\/dmcsrb.com\/"},{"@type":"ListItem","position":2,"name":"DPS Herceg Novi: Uklanjanjem spomenika Njunju aktuelna vlast skre\u0107e pa\u017enju sa propale turisti\u010dke sezone u Herceg Novom"}]},{"@type":"WebSite","@id":"https:\/\/dmcsrb.com\/#website","url":"https:\/\/dmcsrb.com\/","name":"dmcsrb.com","description":"","potentialAction":[{"@type":"SearchAction","target":{"@type":"EntryPoint","urlTemplate":"https:\/\/dmcsrb.com\/?s={search_term_string}"},"query-input":{"@type":"PropertyValueSpecification","valueRequired":true,"valueName":"search_term_string"}}],"inLanguage":"en-GB"},{"@type":"Person","@id":"https:\/\/dmcsrb.com\/#\/schema\/person\/5c39170f12db1b8b457732d0b5c854e2","name":"dmcsrbija.com@gmail.com","image":{"@type":"ImageObject","inLanguage":"en-GB","@id":"https:\/\/secure.gravatar.com\/avatar\/68592660ad6347fad0fb587f8d5d8f1a7b44961362f56e4f2cd524feb87e9069?s=96&d=mm&r=g","url":"https:\/\/secure.gravatar.com\/avatar\/68592660ad6347fad0fb587f8d5d8f1a7b44961362f56e4f2cd524feb87e9069?s=96&d=mm&r=g","contentUrl":"https:\/\/secure.gravatar.com\/avatar\/68592660ad6347fad0fb587f8d5d8f1a7b44961362f56e4f2cd524feb87e9069?s=96&d=mm&r=g","caption":"dmcsrbija.com@gmail.com"},"sameAs":["https:\/\/dmcsrb.com"],"url":"https:\/\/dmcsrb.com\/en\/author\/dmcsrbija-comgmail-com\/"}]}},"_links":{"self":[{"href":"https:\/\/dmcsrb.com\/en\/wp-json\/wp\/v2\/posts\/948534","targetHints":{"allow":["GET"]}}],"collection":[{"href":"https:\/\/dmcsrb.com\/en\/wp-json\/wp\/v2\/posts"}],"about":[{"href":"https:\/\/dmcsrb.com\/en\/wp-json\/wp\/v2\/types\/post"}],"author":[{"embeddable":true,"href":"https:\/\/dmcsrb.com\/en\/wp-json\/wp\/v2\/users\/1"}],"replies":[{"embeddable":true,"href":"https:\/\/dmcsrb.com\/en\/wp-json\/wp\/v2\/comments?post=948534"}],"version-history":[{"count":0,"href":"https:\/\/dmcsrb.com\/en\/wp-json\/wp\/v2\/posts\/948534\/revisions"}],"wp:featuredmedia":[{"embeddable":true,"href":"https:\/\/dmcsrb.com\/en\/wp-json\/wp\/v2\/media\/909807"}],"wp:attachment":[{"href":"https:\/\/dmcsrb.com\/en\/wp-json\/wp\/v2\/media?parent=948534"}],"wp:term":[{"taxonomy":"category","embeddable":true,"href":"https:\/\/dmcsrb.com\/en\/wp-json\/wp\/v2\/categories?post=948534"},{"taxonomy":"post_tag","embeddable":true,"href":"https:\/\/dmcsrb.com\/en\/wp-json\/wp\/v2\/tags?post=948534"},{"taxonomy":"naslovna","embeddable":true,"href":"https:\/\/dmcsrb.com\/en\/wp-json\/wp\/v2\/naslovna?post=948534"}],"curies":[{"name":"wp","href":"https:\/\/api.w.org\/{rel}","templated":true}]}}