{"id":948470,"date":"2025-08-27T15:25:00","date_gmt":"2025-08-27T13:25:00","guid":{"rendered":"https:\/\/dmcsrb.com\/uncategorized\/odlicno-prvo-poluvrijeme-pa-sunovrat-u-nastavku-crna-gora-nemocna-protiv-njemacke\/"},"modified":"2025-08-27T15:25:00","modified_gmt":"2025-08-27T13:25:00","slug":"odlicno-prvo-poluvrijeme-pa-sunovrat-u-nastavku-crna-gora-nemocna-protiv-njemacke","status":"publish","type":"post","link":"https:\/\/dmcsrb.com\/en\/sport\/odlicno-prvo-poluvrijeme-pa-sunovrat-u-nastavku-crna-gora-nemocna-protiv-njemacke\/","title":{"rendered":"Odli\u010dno prvo poluvrijeme, pa sunovrat u nastavku: Crna Gora nemo\u0107na protiv Njema\u010dke"},"content":{"rendered":"<p>Izabranici Bo\u0161ka Radovi\u0107a fantasti\u010dno su parirali aktuelnom svjetskom prvaku u pvih 20 minuta, prije svega zahvaljuju\u0107i super raspolo\u017eenom Nikoli Vu\u010devi\u0107u, ali i Kajlu Olmenu i Igoru Drobnjaku. <\/p>\n\n\n\n<p>Nakon trojke iz ugla \u0110or\u0111ija Jovanovi\u0107a na\u0161 nacionalni tim poveo je 8:4, ali uslijedio je odgovor rivala koji je vezao sedam poena i preokrenuo na 11:8.<\/p>\n\n\n\n<p>Prvu osjetniju razliku Njema\u010dka je stekla na isteku \u0161estog minuta, kada je nezaustavljivi Franc Vagner pogodio uz faul i postao prvi dvocifren igra\u010d na terenu sa 10 poena &#8211; 22:15. Nakon poena Johanesa Timana Njemci su poveli 24:16, ali su Igor Drobnjak i Marko Simonovi\u0107 smanjili na 24:20 \u0161to je bio rezultat poslije uvodnih 10 minuta ko\u0161arke. Polovinu na\u0161ih poena u prvom kvartalu postigao je maestralni Vu\u010devi\u0107, uz \u0161est uhva\u0107enih lopti. <\/p>\n\n\n\n<figure class=\"wp-block-embed is-type-rich is-provider-twitter wp-block-embed-twitter\"><div class=\"wp-block-embed__wrapper\">\n<blockquote class=\"twitter-tweet\" data-width=\"500\" data-dnt=\"true\"><p lang=\"en\" dir=\"ltr\">\ud83d\ude24 Vooch is ON A MISSION &#8211; 10pts &amp; 6 reb in Q1! <a href=\"https:\/\/twitter.com\/hashtag\/EuroBasket?src=hash&amp;ref_src=twsrc%5Etfw\">#EuroBasket<\/a> <a href=\"https:\/\/t.co\/bs5v63R5D2\">pic.twitter.com\/bs5v63R5D2<\/a><\/p>&mdash; FIBA EuroBasket (@EuroBasket) <a href=\"https:\/\/twitter.com\/EuroBasket\/status\/1960703872327975335?ref_src=twsrc%5Etfw\">August 27, 2025<\/a><\/blockquote><script async src=\"https:\/\/platform.twitter.com\/widgets.js\" charset=\"utf-8\"><\/script>\n<\/div><\/figure>\n\n\n\n<p>Drobnjak je na startu drugog perioda postigao pet poena zaredom, pa je Crna Gora serijom 9:0 stekla pola poena vi\u0161ka &#8211; 25:24.<\/p>\n\n\n\n<p>Tada se &#8220;upalio&#8221; Denis \u0160reder koji je vezao 10 poena, pa je Njema\u010dka vratila osam poena zalihe &#8211; 37:29. Me\u0111utim, nakon tajm-auta Bo\u0161ka Radovi\u0107a, Crna Gora je odgovorila preko Drobnjaka, Vu\u010devi\u0107a i Jovanovi\u0107a i pri\u0161la na 39:35. <\/p>\n\n\n\n<p>Uslijedio je \u0161ou Kajla Olmena koji je u fini\u0161u druge dionice vezao osam poena (dvije trojke) i izjedna\u010dio na 43:43. Ipak, Njemci su na veliki odmor oti\u0161li sa posjedom prednosti nakon trojke Isaka Bonge (46:43).<\/p>\n\n\n\n<figure class=\"wp-block-embed is-type-rich is-provider-twitter wp-block-embed-twitter\"><div class=\"wp-block-embed__wrapper\">\n<blockquote class=\"twitter-tweet\" data-width=\"500\" data-dnt=\"true\"><p lang=\"en\" dir=\"ltr\">Allman.<br>ALL DAY. \ud83c\udfaf\ud83c\udfaf<a href=\"https:\/\/twitter.com\/hashtag\/EuroBasket?src=hash&amp;ref_src=twsrc%5Etfw\">#EuroBasket<\/a> <a href=\"https:\/\/t.co\/X0qwRUueVG\">pic.twitter.com\/X0qwRUueVG<\/a><\/p>&mdash; FIBA EuroBasket (@EuroBasket) <a href=\"https:\/\/twitter.com\/EuroBasket\/status\/1960709162301554793?ref_src=twsrc%5Etfw\">August 27, 2025<\/a><\/blockquote><script async src=\"https:\/\/platform.twitter.com\/widgets.js\" charset=\"utf-8\"><\/script>\n<\/div><\/figure>\n\n\n\n<p>Djelovalo je da &#8220;crveni&#8221; mogu da nastave u istom ritmu, me\u0111utim uslijedilo je potpuno pomra\u010denje u tre\u0107oj \u010detvrtini koju je aktuelni svjetski prvak dobio 33:12 uz \u0161utersku rapsodiju Andreasa Obsta. Ko\u0161ara\u0161 minhenskog Bajer ubacio je \u010dak \u010detiri trojke, a nakon prve je Njema\u010dka prvi put stekla dvocifren vi\u0161ak &#8211; 55:45. Sve je rije\u0161eno u 36. minutu, kada je \u0160reder uz dosta sre\u0107e pogodio trojku, a onda je Timan bio polovi\u010dan sa penala nakon nesportskog faula Simonovi\u0107a &#8211; 70:52, a pred odlu\u010duju\u0107i kvartal semafor je pokazivao 79:55 u korist &#8220;pancera&#8221;.<\/p>\n\n\n\n<figure class=\"wp-block-embed is-type-rich is-provider-twitter wp-block-embed-twitter\"><div class=\"wp-block-embed__wrapper\">\n<blockquote class=\"twitter-tweet\" data-width=\"500\" data-dnt=\"true\"><p lang=\"en\" dir=\"ltr\">ANDREAS OBST IS UNCONSCIOUS \ud83e\udd2f\ud83e\udd2f<a href=\"https:\/\/twitter.com\/hashtag\/EuroBasket?src=hash&amp;ref_src=twsrc%5Etfw\">#EuroBasket<\/a> <a href=\"https:\/\/t.co\/FrtDIeB4Nn\">pic.twitter.com\/FrtDIeB4Nn<\/a><\/p>&mdash; FIBA EuroBasket (@EuroBasket) <a href=\"https:\/\/twitter.com\/EuroBasket\/status\/1960715907920986145?ref_src=twsrc%5Etfw\">August 27, 2025<\/a><\/blockquote><script async src=\"https:\/\/platform.twitter.com\/widgets.js\" charset=\"utf-8\"><\/script>\n<\/div><\/figure>\n\n\n\n<p>Njema\u010dka ne samo da je mirno privela me\u010d kraju, ve\u0107 je u samom fini\u0161u imala u dva navrata i maksimalnih 33 razlike (104:71 i 106:73).<\/p>\n\n\n\n<figure class=\"wp-block-image size-large\"><img decoding=\"async\" src=\"https:\/\/gradski.me\/wp-content\/uploads\/2025\/08\/Olmen-FIBA--1024x681.webp\" alt=\"\" class=\"wp-image-821249\"\/><figcaption class=\"wp-element-caption\">Foto: FIBA<\/figcaption><\/figure>\n\n\n\n<p>Najefikasniji u pobjedni\u010dkom sastavu bio je Franc Vagner sa 22 poena, uz osam skokova. Denis \u0160reder dodao je 21, Andreas Obst 18, Maodo Lo 10&#8230;<\/p>\n\n\n\n<p>Na drugoj strani prednja\u010dio je Nikola Vu\u010devi\u0107 sa 23 poena (10\/13 iz igre), 10 skokova i pet asistencija. Kajl Olmen ubacio je 18 (4\/5 za tri poena). Dvocifren u\u010dinak imali su jo\u0161 Igor Drobnjak sa 13 poena i osam asistencija i Marko Simonovi\u0107 sa 11 (4\/5 iz igre).<\/p>\n\n\n\n<p>Njema\u010dka je nadsko\u010di\u010da Crnu Goru (38-26, 15-6 u ofanzivnim skokovima), a na\u0161a selekcija imala je 15 izbuljenih lopti (devet u nastavku). Kompletnu statistiku me\u010da pogledajte<a href=\"https:\/\/www.fiba.basketball\/en\/events\/fiba-eurobasket-2025\/games\/123011-MNE-GER#playByPlay\" data-type=\"link\" data-id=\"https:\/\/www.fiba.basketball\/en\/events\/fiba-eurobasket-2025\/games\/123011-MNE-GER#playByPlay\"> OVDJE.<\/a><\/p>\n\n\n\n<figure class=\"wp-block-embed is-type-video is-provider-youtube wp-block-embed-youtube wp-embed-aspect-16-9 wp-has-aspect-ratio\"><div class=\"wp-block-embed__wrapper\">\n<iframe loading=\"lazy\" title=\"Dennis Schroder, Andreas Obst shine for Germany \ud83c\udde9\ud83c\uddea vs. Montenegro \ud83c\uddf2\ud83c\uddea for first #EuroBasket 2025 win!\" width=\"500\" height=\"281\" src=\"https:\/\/www.youtube.com\/embed\/d0E1LRORl0g?feature=oembed\" frameborder=\"0\" allow=\"accelerometer; autoplay; clipboard-write; encrypted-media; gyroscope; picture-in-picture; web-share\" referrerpolicy=\"strict-origin-when-cross-origin\" allowfullscreen><\/iframe>\n<\/div><\/figure>\n\n\n\n<p>Slijedi dan odmora, a potom \u0107e &#8220;crveni&#8221; u petak u istom terminu (15.30h) igrati protiv Litvanije koja je ranije danas opravdala ulogu favorita protiv Velike Britanije (90:74).<\/p>\n\n\n\n<p>U tre\u0107em me\u010du na\u0161e grupe od 19 i 30h sastaju se \u0160vedska i Finska.<\/p>\n\n\n\n<p><strong>TOK ME\u010cA: <\/strong><\/p>\n\n\n\n<p>Utakmicu mo\u017eete pratiti u\u017eivo u tekstualnom prenosu na Gradskom portalu.<\/p>\n\n\n\n<p><strong>Kraj utakmice &#8211; Crna Gora je pora\u017eena ubjedljivo od Njema\u010dke (106:76) na otvaranju Eurobasketa. <\/strong><\/p>\n\n\n\n<p><strong>\u010cETVRTA \u010cETVRTINA<\/strong><\/p>\n\n\n\n<p>10&#8242; Jovanovi\u0107 oba puta neprecizan sa penala. <\/p>\n\n\n\n<p>9&#8242; Pre\u0161la je Njema\u010dka 100 poena, nakon trojke Loa &#8211; <strong>71:104<\/strong>.<\/p>\n\n\n\n<p>8&#8242; Trojka Simonovi\u0107a &#8211; <strong>71:99.<\/strong><\/p>\n\n\n\n<p>8&#8242; Vu\u010devi\u0107 prekida seriju Njema\u010dke, njegov 18 poen, tek \u010detvrt u nastvku &#8211; <strong>68:97.<\/strong><\/p>\n\n\n\n<p>8&#8242; Njema\u010dka se u ovim trenucima poigrava sa Crnom Gorom. Na tri minta do kraja ima \u010dak 31 poen prednosti. Tajm-aut Radovi\u0107a.<\/p>\n\n\n\n<p>7&#8242; Simonovi\u0107 oba puta siguran sa penala, na drugoj strani trojka Timana za plus 19 &#8211; <strong>66:95.<\/strong><\/p>\n\n\n\n<p>6&#8242; Novi poeni Loa za plus 28 &#8211; <strong>64:92.<\/strong><\/p>\n\n\n\n<p>5&#8242; Jo\u0161 pet minuta do kraja utakmice koja je ve\u0107 odavno rije\u0161ena, samo je pitanje kojom razlikom \u0107e ista biti zavr\u0161ena.<\/p>\n\n\n\n<p>5&#8242; Maodo Lo poga\u0111a trojku preko Vu\u010devi\u0107a &#8211; <strong>64:90.<\/strong> Prvi put Njema\u010dka ima 26 razlike.<\/p>\n\n\n\n<p>4&#8242; Olmen dva od tri sa penala &#8211; <strong>64:87. <\/strong><\/p>\n\n\n\n<p>4&#8242; Nova maksimalna prednost Njema\u010dke nakon poena Bonge &#8211;<strong> 62:87.<\/strong><\/p>\n\n\n\n<p>3&#8242; Bonga oba puta precizan sa penala, a onda zakucavanje Vagnera iz kontre &#8211; <strong>62:85.<\/strong><\/p>\n\n\n\n<figure class=\"wp-block-image size-large\"><img decoding=\"async\" src=\"https:\/\/gradski.me\/wp-content\/uploads\/2025\/08\/Njemacka-Crna-Gora-FIBA-1024x683.webp\" alt=\"\" class=\"wp-image-821360\"\/><figcaption class=\"wp-element-caption\">Foto: FIBA<\/figcaption><\/figure>\n\n\n\n<p>2&#8242; Vagner je pogodio oba bacanja, na drugoj strani odli\u010dan prodor i poeni Olmena &#8211; <strong>62:81.<\/strong><\/p>\n\n\n\n<p>1&#8242; Po\u010dela je posljednja \u010detvrtina. Emir Had\u017eibegovi\u0107 poentira iz kontre, a potom poga\u0111a trojku za minus 19 &#8211; <strong>60:79.<\/strong><\/p>\n\n\n\n<p><strong>TRE\u0106A \u010cETVRTINA<\/strong><\/p>\n\n\n\n<p>10&#8242; Da Silva od table &#8211; 55:79. Kraj tre\u0107e dionice koju je dobila Njema\u010dka 33:12 i pred odlu\u010duju\u0107i kvartal ima ogromnih 24 razlike.<\/p>\n\n\n\n<p>10&#8242; Konstantno raste prednost Njema\u010dke, prvi put svjetski prvak ima 23 razlike &#8211; <strong>54:77.<\/strong><\/p>\n\n\n\n<p>9&#8242; Prvi poeni Tristana Da Silve, novi tajm-aut Radovi\u0107a &#8211; <strong>54:75.<\/strong><\/p>\n\n\n\n<p>8&#8242; Vu\u010devi\u0107 prekida seriju rivala, a Olmen proma\u0161uje trojku nakon \u0161to je prethodno \u010detiri puta bio precizan &#8211; <strong>54:73.<\/strong><\/p>\n\n\n\n<p>7&#8242; \u010cetvrta trojka Obsta &#8211; <strong>52:73.<\/strong> Djeluje da ovaj me\u010d na\u0161im momcima izmi\u010de iz ruku, iako ima jo\u0161 13 minuta do kraja.<\/p>\n\n\n\n<p>7&#8242; Timan dva od \u010detiri sa penala &#8211; <strong>52:70. <\/strong>Ovo je nova maksimalna prednost Njema\u010dke. <\/p>\n\n\n\n<p>6&#8242; Nesportski faul Simonovi\u0107a nakon \u0161to je odgurnuo Timana. Njema\u010dka \u0107e imati \u010detiri slobodna bacanja i loptu sa strane.<\/p>\n\n\n\n<p>6&#8242; \u0160reder poga\u0111a trojku uz dosta sre\u0107e &#8211; <strong>52:68. <\/strong><\/p>\n\n\n\n<p>6&#8242; Vra\u0107a trojku Olmen, njegova \u010detvrta trojka iz isto toliko poku\u0161aja &#8211; <strong>52:65.<\/strong><\/p>\n\n\n\n<p>6&#8242; Tre\u0107a trojka Obsta, raste prednost Njema\u010dke &#8211;<strong> 49:65. <\/strong><\/p>\n\n\n\n<figure class=\"wp-block-embed is-type-rich is-provider-twitter wp-block-embed-twitter\"><div class=\"wp-block-embed__wrapper\">\n<blockquote class=\"twitter-tweet\" data-width=\"500\" data-dnt=\"true\"><p lang=\"en\" dir=\"ltr\">ANDREAS OBST IS UNCONSCIOUS \ud83e\udd2f\ud83e\udd2f<a href=\"https:\/\/twitter.com\/hashtag\/EuroBasket?src=hash&amp;ref_src=twsrc%5Etfw\">#EuroBasket<\/a> <a href=\"https:\/\/t.co\/FrtDIeB4Nn\">pic.twitter.com\/FrtDIeB4Nn<\/a><\/p>&mdash; FIBA EuroBasket (@EuroBasket) <a href=\"https:\/\/twitter.com\/EuroBasket\/status\/1960715907920986145?ref_src=twsrc%5Etfw\">August 27, 2025<\/a><\/blockquote><script async src=\"https:\/\/platform.twitter.com\/widgets.js\" charset=\"utf-8\"><\/script>\n<\/div><\/figure>\n\n\n\n<p>6&#8242; Vu\u010devi\u0107 oba puta neprecizan sa penala. \u0160reder iz ulaza pola\u017ee na drugi obru\u010d za novu maksimalnu razliku &#8211; <strong>49:62.<\/strong><\/p>\n\n\n\n<p>5&#8242; Novi poeni Drobnjaka, ali Vagner na drugoj strani iz ofanzivnog skoka za plus 11 &#8211; <strong>49:60.<\/strong><\/p>\n\n\n\n<p>4&#8242; Drobnjak prekida seriju rivala sa poludistance, ali Obst poga\u0111a novu trojku &#8211; <strong>47:58.<\/strong> Nova maksimalna prednost Njema\u010dke.<\/p>\n\n\n\n<p>4&#8242; Obst poga\u0111a trojku sa osam metara, Njema\u010dka prvi put ima dvocifrenu prednost &#8211; <strong>45:55.<\/strong> Radovi\u0107 reaguje tajm-autom.<\/p>\n\n\n\n<p>3&#8242; Simonovi\u0107 je ostao sam na \u0161utu za tri, ali je sve proma\u0161io. Crna Gora bez ko\u0161a dva minuta. <\/p>\n\n\n\n<p>2&#8242; Vagner ovoga puta siguran sa penala &#8211; 2\/2 &#8211; <strong>45:52.<\/strong> Bolje Njema\u010dka otvara nastavak, nakon dva i po minuta igre 6:2 u korist aktuelnog prvaka planete.<\/p>\n\n\n\n<p>2&#8242; Tre\u0107i faul Vu\u010devi\u0107a, nakon kontakta sa Vagnerom koji proma\u0161uje oba bacanja. <\/p>\n\n\n\n<p>1&#8242; Simonovi\u0107 pola\u017ee na ko\u0161, Tajs siguran sa poludistance &#8211; <strong>45:50.<\/strong><\/p>\n\n\n\n<p>1&#8242; Po\u010delo je drugo poluvrijeme i to lakim i brzim poenima \u0160redera &#8211; <strong>43:48.<\/strong><\/p>\n\n\n\n<p><strong>POLUVRIJEME &#8211; Crna Gora ima samo tri poena zaostatka (43:46). Nikola Vu\u010devi\u0107 je ubacio 14, Kajl Olmen 11, Igor Drbnjak 10. Na drugoj strani Denis \u0160reder 14, Franc Vagner 12. Ukoliko izabranici Bo\u0161ka Radovi\u0107a nastave u ovom ritmu, ko zna mo\u017eda je na pomolu i senzacija.<\/strong><\/p>\n\n\n\n<p><strong>DRUGA \u010cETVRTINA<\/strong><\/p>\n\n\n\n<p>10&#8242; Isak Bonga vra\u0107a trojku &#8211; 43:46 i sa posjedom vi\u0161ka ide na veliki odmor. <\/p>\n\n\n\n<figure class=\"wp-block-image size-large\"><img decoding=\"async\" src=\"https:\/\/gradski.me\/wp-content\/uploads\/2025\/08\/Olmen-FIBA--1024x681.webp\" alt=\"\" class=\"wp-image-821249\"\/><figcaption class=\"wp-element-caption\">Foto: FIBA<\/figcaption><\/figure>\n\n\n\n<p>10&#8242; Kakva rola Olmena, njegova druga trojka zaredom, osmi poen u nizu za novi egal &#8211; <strong>43:43.<\/strong><\/p>\n\n\n\n<figure class=\"wp-block-embed is-type-rich is-provider-twitter wp-block-embed-twitter\"><div class=\"wp-block-embed__wrapper\">\n<blockquote class=\"twitter-tweet\" data-width=\"500\" data-dnt=\"true\"><p lang=\"en\" dir=\"ltr\">Allman.<br>ALL DAY. \ud83c\udfaf\ud83c\udfaf<a href=\"https:\/\/twitter.com\/hashtag\/EuroBasket?src=hash&amp;ref_src=twsrc%5Etfw\">#EuroBasket<\/a> <a href=\"https:\/\/t.co\/X0qwRUueVG\">pic.twitter.com\/X0qwRUueVG<\/a><\/p>&mdash; FIBA EuroBasket (@EuroBasket) <a href=\"https:\/\/twitter.com\/EuroBasket\/status\/1960709162301554793?ref_src=twsrc%5Etfw\">August 27, 2025<\/a><\/blockquote><script async src=\"https:\/\/platform.twitter.com\/widgets.js\" charset=\"utf-8\"><\/script>\n<\/div><\/figure>\n\n\n\n<p>9&#8242; Pet vezanih poena Olmena, na drugoj strani Tajs iz ofanzivnog skoka &#8211; <strong>40:43.<\/strong><\/p>\n\n\n\n<p>8&#8242; Vagner je jo\u0161 jednom prelako poentirao &#8211; <strong>35:41. <\/strong><\/p>\n\n\n\n<p>7&#8242; Jovanovi\u0107 zakucava preko Bonge nakon pasa Vu\u010devi\u0107a &#8211; <strong>35:39. <\/strong>Tajm-aut klupa Njema\u010dke. <\/p>\n\n\n\n<p>7&#8242; Laki poeni Obsta iz kontre koji prekida mini seriju &#8220;crvenih&#8221; &#8211; <strong>33:39. <\/strong><\/p>\n\n\n\n<p>6&#8242; Sjajna saradnja Drobnjaka i Vu\u010devi\u0107a i novi poeni NBA asa &#8211; <strong>33:37.<\/strong><\/p>\n\n\n\n<p>6&#8242; Prvi poeni Vu\u010devi\u0107a u nastavku, 12. ukupno &#8211;<strong> 31:37. <\/strong><\/p>\n\n\n\n<figure class=\"wp-block-image size-large\"><img decoding=\"async\" src=\"https:\/\/gradski.me\/wp-content\/uploads\/2025\/08\/Crna-Gora-Njemacka-FIBA-1024x681.webp\" alt=\"\" class=\"wp-image-821221\"\/><figcaption class=\"wp-element-caption\">Foto: FIBA<\/figcaption><\/figure>\n\n\n\n<p>5&#8242; Deset vezanih poena \u0160redera, Njema\u010dka vodi &#8211; <strong>29:37.<\/strong> Tajm-aut Radovi\u0107a.<\/p>\n\n\n\n<p>4&#8242; \u0160reder nastavlja seriju, sada poga\u0111a uz faul, Drobnjak je ve\u0107 na sedam poena u drugoj dionici &#8211; <strong>29:32.<\/strong><\/p>\n\n\n\n<p>3&#8242; \u0160reder poentira i vra\u0107a vo\u0111stvo Njemcima &#8211; <strong>27:29. <\/strong><\/p>\n\n\n\n<p>2&#8242; Fojtman vra\u0107a trojku, na drugoj strani poeni Simonovi\u0107a &#8211; <strong>27:27.<\/strong><\/p>\n\n\n\n<p>1&#8242; Po\u010dela je druga \u010detvrtina, pet vezanih poena Drobnjaka za minut za novo vo\u0111stvo &#8211; <strong>25:24.<\/strong> Serija Crne Gore 9:0. <\/p>\n\n\n\n<p><strong>PRVA \u010cETVRTINA<\/strong><\/p>\n\n\n\n<p>10&#8242; \u0160reder proma\u0161uje trojku na isteku napada. Kraj prve \u010detvrtine koja je pripala Njema\u010dkoj &#8211; <strong>20:24.<\/strong> Polovinu na\u0161ih poena postigao je super raspolo\u017eeni Nikola Vu\u010devi\u0107. <\/p>\n\n\n\n<figure class=\"wp-block-embed is-type-rich is-provider-twitter wp-block-embed-twitter\"><div class=\"wp-block-embed__wrapper\">\n<blockquote class=\"twitter-tweet\" data-width=\"500\" data-dnt=\"true\"><p lang=\"en\" dir=\"ltr\">\ud83d\ude24 Vooch is ON A MISSION &#8211; 10pts &amp; 6 reb in Q1! <a href=\"https:\/\/twitter.com\/hashtag\/EuroBasket?src=hash&amp;ref_src=twsrc%5Etfw\">#EuroBasket<\/a> <a href=\"https:\/\/t.co\/bs5v63R5D2\">pic.twitter.com\/bs5v63R5D2<\/a><\/p>&mdash; FIBA EuroBasket (@EuroBasket) <a href=\"https:\/\/twitter.com\/EuroBasket\/status\/1960703872327975335?ref_src=twsrc%5Etfw\">August 27, 2025<\/a><\/blockquote><script async src=\"https:\/\/platform.twitter.com\/widgets.js\" charset=\"utf-8\"><\/script>\n<\/div><\/figure>\n\n\n\n<p>10&#8242; Marko Simonovi\u0107 je poentirao iz prvog \u0161uta iz igre &#8211; <strong>20:24.<\/strong><\/p>\n\n\n\n<p>9&#8242; Igor Drobnjak kona\u010dno prolazi nakon \u0161to je prethodna dva puta iz sli\u010dnih situacija proma\u0161io &#8211; <strong>18:24. <\/strong><\/p>\n\n\n\n<p>8&#8242; Vu\u010devi\u0107 polovi\u010dan sa penala, ve\u0107 je na 10 poena. Na drugoj strani lako poentira Timan &#8211; <strong>16:24. <\/strong><\/p>\n\n\n\n<p>7&#8242; Vagner poga\u0111a uz faul &#8211; <strong>15:22. <\/strong>Ve\u0107 10 njegovih poena, prvi dvocifren igra\u010d na utakmici. <\/p>\n\n\n\n<p>7&#8242; Novi poeni Vu\u010devi\u0107a nakon ofanzivnog skoka &#8211; <strong>15:19. <\/strong><\/p>\n\n\n\n<p>7&#8242; Johanes Timas pola\u017ee poslije odli\u010dne tranzicije. Tajm-aut Bo\u0161ka Radovi\u0107a &#8211; <strong>13:19.<\/strong><\/p>\n\n\n\n<figure class=\"wp-block-image size-large\"><img decoding=\"async\" src=\"https:\/\/gradski.me\/wp-content\/uploads\/2025\/08\/Olmen-FIBA-1024x681.webp\" alt=\"\" class=\"wp-image-821226\"\/><figcaption class=\"wp-element-caption\">Foto: FIBA<\/figcaption><\/figure>\n\n\n\n<p>7&#8242; Vu\u010devi\u0107 poentira iz ofanzivnog skoka, nakon proma\u0161aja Drobnjaka. As \u010cikaga je dao vi\u0161e od polovine na\u0161ih poena &#8211; <strong>13:17.<\/strong><\/p>\n\n\n\n<p>7&#8242; \u0160reder oba puta siguran sa penala, Njema\u010dka prvi put ima plus \u0161est &#8211; <strong>11:17.<\/strong><\/p>\n\n\n\n<p>6&#8242; Crna Gora je ispunila bonus \u010detiri minuta prije kraja prve dionice, Olmen ve\u0107 ima dva faula &#8211; umjesto njega u igri je Igor Drobnjak. <\/p>\n\n\n\n<p>6&#8242; Andreas Obst poga\u0111a trojku pod faulom, a zatim i dodatno bacanje. \u010cetiri poena svjetskog prvaka iz jednog napada &#8211; <strong>11:15. <\/strong><\/p>\n\n\n\n<p>6&#8242; Vu\u010devi\u0107 poga\u0111a trojku, njegov peti poen, uz to ima ve\u0107 i tri skoka &#8211; <strong>11:11.<\/strong><\/p>\n\n\n\n<p>5&#8242; Novi poeni Vagnera nakon kontre, serija &#8220;pancera&#8221; 7:0 &#8211; <strong>8:11.<\/strong><\/p>\n\n\n\n<p>5&#8242; Vagner polovi\u010dan sa linije bacanja, ali Njemci ponovo vode, nakon startnih 2:0 sada je &#8211; <strong>8:9.<\/strong><\/p>\n\n\n\n<p>4&#8242; Franc Vagner nakon ofanzivnog skoka lako prolazi i poentira na prvi obru\u010d &#8211; <strong>8:8. <\/strong><\/p>\n\n\n\n<p>3&#8242; Denis \u0160reder oba puta precizan sa penala, Jovanovi\u0107 ovoga puta ne poga\u0111a van linije 6,75. Grije\u0161e potom i Njemci &#8211; <strong>8:6.<\/strong><\/p>\n\n\n\n<p>3&#8242; Nova trojka &#8220;crvenih&#8221; &#8211; poga\u0111a je \u0110or\u0111ije Jovanovi\u0107 iz ugla, nakon \u0161to je Vu\u010devi\u0107 izborio ekstra posjed &#8211; <strong>8:4.<\/strong><\/p>\n\n\n\n<p>3&#8242; Danijel Tajs smanjuje na &#8211; <strong>5:4.<\/strong><\/p>\n\n\n\n<p>2&#8242; Serija na\u0161e selekcije 5:0, Olmen je uposlio Nikolu Vu\u010devi\u0107a koji poga\u0111a &#8211; <strong>5:2<\/strong><\/p>\n\n\n\n<figure class=\"wp-block-embed is-type-rich is-provider-twitter wp-block-embed-twitter\"><div class=\"wp-block-embed__wrapper\">\n<blockquote class=\"twitter-tweet\" data-width=\"500\" data-dnt=\"true\"><p lang=\"en\" dir=\"ltr\">Tune in for some birthday buckets &#8211; Franz Wagner scores the first points for GER \ud83c\udde9\ud83c\uddea vs Montenegro! \u26a1<br><br>\ud83d\udcfa <a href=\"https:\/\/t.co\/b1utqqWa7j\">https:\/\/t.co\/b1utqqWa7j<\/a> <a href=\"https:\/\/t.co\/SXEA58jTO7\">pic.twitter.com\/SXEA58jTO7<\/a><\/p>&mdash; FIBA EuroBasket (@EuroBasket) <a href=\"https:\/\/twitter.com\/EuroBasket\/status\/1960698475571454343?ref_src=twsrc%5Etfw\">August 27, 2025<\/a><\/blockquote><script async src=\"https:\/\/platform.twitter.com\/widgets.js\" charset=\"utf-8\"><\/script>\n<\/div><\/figure>\n\n\n\n<p>1&#8242; Brzi poeni Johanesa Fojtmana koji je polo\u017eio na ko\u0161, ali na drugoj strani Kajl Olmen poga\u0111a trojku &#8211; <strong>3:2.<\/strong> <\/p>\n\n\n\n<p>1&#8242; Utakmica u &#8220;Nokia areni&#8221; je upravo po\u010dela. Prvi napad ima Njema\u010dka. <\/p>\n\n\n\n<p><strong>Petorka Crne Gore:<\/strong> Olmen, Jovanovi\u0107, Slavkovi\u0107, Had\u017eibegovi\u0107 i Vu\u010devi\u0107.<\/p>\n\n\n\n<p><strong>Petorka Njema\u010dke:<\/strong> \u0160ruder, Obst, Tajs, Vagner i Fojtman.<\/p>\n\n\n\n<p><strong>15.10 <\/strong>Kao \u0161to je selektor Bo\u0161ko Radovi\u0107 najavio na konferenciji, Vladimir Mihailovi\u0107 \u0107e zbog povrede stopala i definitivno propustiti me\u010d sa Njema\u010dkom.<\/p>\n\n\n\n<p><strong>15.05<\/strong> Ve\u0107 je zavr\u0161en jedan me\u010d u na\u0161oj grupi koji je ujedno otvorio Eurobasket &#8211; <a href=\"https:\/\/gradski.me\/bez-iznenadjenja-na-startu-eurobasketa-litvanija-ubjedljiva-protiv-velike-britanije\/\" data-type=\"link\" data-id=\"https:\/\/gradski.me\/bez-iznenadjenja-na-startu-eurobasketa-litvanija-ubjedljiva-protiv-velike-britanije\/\">Litvanija je rutinski i ubjedljivo slavila protiv Velike Britanije (94:70)<\/a>.<\/p>\n\n\n\n<p><strong>NAJAVA<\/strong><\/p>\n\n\n\n<p>\u010cekanju je do\u0161ao kraj &#8211; danas je po\u010deo Eurobasket za ko\u0161arka\u0161e, a dio istog po peti put, tre\u0107i u nizu, bi\u0107e i Crna Gora.<\/p>\n\n\n\n<p>&#8220;Izabranici Bo\u0161ka Radovi\u0107a danas (15.30h), u Tampereu, u &#8216;Nokia Areni&#8217;, igraju premijerni me\u010d protiv aktuelnog svjetskog prvaka i jednog od glavnih pretendenata za zlato \u2013 selekcije Njema\u010dke.&#8221;<\/p>\n\n\n\n<p>Crna Gora i Njema\u010dka bili su rivali nedavno u kvalifikacijama za Evropsko prvenstvo, a oba puta &#8220;panceri&#8221; su slavili prili\u010dno ubjedljivo &#8211; u Ludvigsburgu je bilo (85:61), a u Podgorici (95:76). <\/p>\n\n\n\n<p>U na\u0161oj grupi, pored Njema\u010dke, nalaze se jo\u0161 Litvanija, Finska, \u0160vedska i Velika Britanija.<\/p>\n\n\n\n<figure class=\"wp-block-image size-large\"><img decoding=\"async\" src=\"https:\/\/gradski.me\/wp-content\/uploads\/2025\/08\/Vucevic-FIBA-1024x681.webp\" alt=\"\" class=\"wp-image-821103\"\/><figcaption class=\"wp-element-caption\">Foto: FIBA<\/figcaption><\/figure>\n\n\n\n<p>&#8220;Crveni&#8221; su u Tampere stigli prili\u010dno oslabljeni, bez Bojana Dubljevi\u0107a, Nemanje Radovi\u0107a, Nikole Ivanovi\u0107a, Dina Radon\u010di\u0107a, Petra Popovi\u0107a i Luke Bogavca, sa \u010dak petoricom debitanata, a to su \u0110or\u0111ije Jovanovi\u0107, Bal\u0161a \u017divanovi\u0107, Kajl Olmen, Emir Had\u017eibegovi\u0107 i Bojan Toma\u0161evi\u0107. Od nacionalnog dresa oprosti\u0107e se Nikola Vu\u010devi\u0107 i Vladimir Mihailovi\u0107. <\/p>\n\n\n\n<p>Primarni cilj je plasman u osminu finala, za \u0161ta je potrebno da Crna Gora zavr\u0161i me\u0111u prve \u010detiri ekipe u grupi.<\/p>\n\n\n\n<p>Detaljniju najavu duela sa Njema\u010dkom, kao i uvod u Eurobasket, pro\u010ditajte <a href=\"https:\/\/gradski.me\/pocinje-eurobasket-crna-gora-u-sjenci-favorita-ali-ne-bez-ambicija\/\" data-type=\"link\" data-id=\"https:\/\/gradski.me\/pocinje-eurobasket-crna-gora-u-sjenci-favorita-ali-ne-bez-ambicija\/\">OVDJE.<\/a><\/p>\n\n\n\n<p><strong>IZJAVE:<\/strong><\/p>\n\n\n\n<p><strong>Bo\u0161ko Radovi\u0107:<\/strong><\/p>\n\n\n\n<p>&#8220;O\u010dekuje nas prvak svijeta, ekipa veoma talentovana u oba smjera, napadu i odbrani. Na\u0161 cilj je da dobro otvorimo prvenstvo, da odigramo stvari koje smo pripremali, da poku\u0161amo da \u0161to du\u017ee budemo u utakmici, da pru\u017eimo dobru igru i da se iz utakmice u utakmicu trudimo da budemo sve bolji, da poku\u0161amo da do\u0111emo do nekih pobjeda&#8221;, kazao je uo\u010di prve utakmice selektor Bo\u0161ko Radovi\u0107.<\/p>\n\n\n\n<p><strong>\u0110or\u0111ije Jovanovi\u0107<\/strong>:<\/p>\n\n\n\n<p>&#8220;Igramo protiv svjetskog prvaka, a ne mo\u017ee biti ve\u0107i izazov i privilegija od igranja protiv takve ekipe. Na nama je da pru\u017eimo sve od sebe, da budemo fokusirani i ekstra motivisani, ne samo protiv njih ve\u0107 kroz cijelo takmi\u010denje. Iza\u0107i \u0107emo na teren s mi\u0161lju da smo ovdje sa razlogom i da mo\u017eemo da odigramo dobro. Idemo utakmicu po utakmicu, iako su nam posljednje tri bitnije u borbi za prolaz grupe&#8221;, rekao je jedan od petorice debitanata, \u0110or\u0111ije Jovanovi\u0107.<\/p>\n\n\n\n<p><strong>Nikola Vu\u010devi\u0107<\/strong>:<\/p>\n\n\n\n<p>\u201cU\u017eivam da budem u ovoj poziciji, da podijelim iskustvo i znanje koje sam skupljao tokom godina sa jako dobrom grupom mladih i radnih momaka i igra\u010da. Bio sam u poziciji u kojoj su oni i tokom godina moja uloga je rasla i mijenjala se. Ovo je vjerovatno moj posljednji put da igram za Crnu Goru i \u017eelim da zavr\u0161im na visokom nivou\u201c, kazao je as \u010cikago Bulsa.<\/p>","protected":false},"excerpt":{"rendered":"<p>Odli\u010dno izdanje u prvom poluvremenu nije bilo dovoljno za iznena\u0111enje &#8211; crnogorski ko\u0161arka\u0161i pretrpjeli su te\u017eak poraz od Njema\u010dke 106:76 (24:20, 23:22, 33:12, 27:21) u Tampereu u premijernom me\u010du grupe B 42. Evropskog prvenstva.<\/p>","protected":false},"author":1,"featured_media":948471,"comment_status":"open","ping_status":"open","sticky":false,"template":"","format":"standard","meta":{"_acf_changed":false,"footnotes":""},"categories":[148],"tags":[6462,5444,6826],"naslovna":[],"class_list":["post-948470","post","type-post","status-publish","format-standard","has-post-thumbnail","hentry","category-sport","tag-eurobasket-2025","tag-muska-kosarkaska-reprezentacija-crne-gore","tag-muska-kosarkaska-reprezentacija-njemacke"],"acf":[],"yoast_head":"<!-- This site is optimized with the Yoast SEO plugin v27.4 - https:\/\/yoast.com\/product\/yoast-seo-wordpress\/ -->\n<title>Odli\u010dno prvo poluvrijeme, pa sunovrat u nastavku: Crna Gora nemo\u0107na protiv Njema\u010dke - dmcsrb.com<\/title>\n<meta name=\"robots\" content=\"index, follow, max-snippet:-1, max-image-preview:large, max-video-preview:-1\" \/>\n<link rel=\"canonical\" href=\"https:\/\/dmcsrb.com\/en\/sport\/odlicno-prvo-poluvrijeme-pa-sunovrat-u-nastavku-crna-gora-nemocna-protiv-njemacke\/\" \/>\n<meta property=\"og:locale\" content=\"en_GB\" \/>\n<meta property=\"og:type\" content=\"article\" \/>\n<meta property=\"og:title\" content=\"Odli\u010dno prvo poluvrijeme, pa sunovrat u nastavku: Crna Gora nemo\u0107na protiv Njema\u010dke - dmcsrb.com\" \/>\n<meta property=\"og:description\" content=\"Odli\u010dno izdanje u prvom poluvremenu nije bilo dovoljno za iznena\u0111enje - crnogorski ko\u0161arka\u0161i pretrpjeli su te\u017eak poraz od Njema\u010dke 106:76 (24:20, 23:22, 33:12, 27:21) u Tampereu u premijernom me\u010du grupe B 42. Evropskog prvenstva.\" \/>\n<meta property=\"og:url\" content=\"https:\/\/dmcsrb.com\/en\/sport\/odlicno-prvo-poluvrijeme-pa-sunovrat-u-nastavku-crna-gora-nemocna-protiv-njemacke\/\" \/>\n<meta property=\"og:site_name\" content=\"dmcsrb.com\" \/>\n<meta property=\"article:published_time\" content=\"2025-08-27T13:25:00+00:00\" \/>\n<meta property=\"og:image\" content=\"https:\/\/dmcsrb.com\/wp-content\/uploads\/2026\/01\/Vucevic-FIBA-1-1.webp\" \/>\n\t<meta property=\"og:image:width\" content=\"2400\" \/>\n\t<meta property=\"og:image:height\" content=\"1597\" \/>\n\t<meta property=\"og:image:type\" content=\"image\/webp\" \/>\n<meta name=\"author\" content=\"dmcsrbija.com@gmail.com\" \/>\n<meta name=\"twitter:card\" content=\"summary_large_image\" \/>\n<meta name=\"twitter:label1\" content=\"Written by\" \/>\n\t<meta name=\"twitter:data1\" content=\"dmcsrbija.com@gmail.com\" \/>\n\t<meta name=\"twitter:label2\" content=\"Estimated reading time\" \/>\n\t<meta name=\"twitter:data2\" content=\"11 minutes\" \/>\n<script type=\"application\/ld+json\" class=\"yoast-schema-graph\">{\"@context\":\"https:\\\/\\\/schema.org\",\"@graph\":[{\"@type\":\"Article\",\"@id\":\"https:\\\/\\\/dmcsrb.com\\\/sport\\\/odlicno-prvo-poluvrijeme-pa-sunovrat-u-nastavku-crna-gora-nemocna-protiv-njemacke\\\/#article\",\"isPartOf\":{\"@id\":\"https:\\\/\\\/dmcsrb.com\\\/sport\\\/odlicno-prvo-poluvrijeme-pa-sunovrat-u-nastavku-crna-gora-nemocna-protiv-njemacke\\\/\"},\"author\":{\"name\":\"dmcsrbija.com@gmail.com\",\"@id\":\"https:\\\/\\\/dmcsrb.com\\\/#\\\/schema\\\/person\\\/5c39170f12db1b8b457732d0b5c854e2\"},\"headline\":\"Odli\u010dno prvo poluvrijeme, pa sunovrat u nastavku: Crna Gora nemo\u0107na protiv Njema\u010dke\",\"datePublished\":\"2025-08-27T13:25:00+00:00\",\"mainEntityOfPage\":{\"@id\":\"https:\\\/\\\/dmcsrb.com\\\/sport\\\/odlicno-prvo-poluvrijeme-pa-sunovrat-u-nastavku-crna-gora-nemocna-protiv-njemacke\\\/\"},\"wordCount\":2131,\"commentCount\":0,\"image\":{\"@id\":\"https:\\\/\\\/dmcsrb.com\\\/sport\\\/odlicno-prvo-poluvrijeme-pa-sunovrat-u-nastavku-crna-gora-nemocna-protiv-njemacke\\\/#primaryimage\"},\"thumbnailUrl\":\"https:\\\/\\\/dmcsrb.com\\\/wp-content\\\/uploads\\\/2026\\\/01\\\/Vucevic-FIBA-1-1.webp\",\"keywords\":[\"Eurobasket 2025\",\"Mu\u0161ka ko\u0161arka\u0161ka reprezentacija Crne Gore\",\"Mu\u0161ka ko\u0161arka\u0161ka reprezentacija Njema\u010dke\"],\"articleSection\":[\"Sport\"],\"inLanguage\":\"en-GB\",\"potentialAction\":[{\"@type\":\"CommentAction\",\"name\":\"Comment\",\"target\":[\"https:\\\/\\\/dmcsrb.com\\\/sport\\\/odlicno-prvo-poluvrijeme-pa-sunovrat-u-nastavku-crna-gora-nemocna-protiv-njemacke\\\/#respond\"]}]},{\"@type\":\"WebPage\",\"@id\":\"https:\\\/\\\/dmcsrb.com\\\/sport\\\/odlicno-prvo-poluvrijeme-pa-sunovrat-u-nastavku-crna-gora-nemocna-protiv-njemacke\\\/\",\"url\":\"https:\\\/\\\/dmcsrb.com\\\/sport\\\/odlicno-prvo-poluvrijeme-pa-sunovrat-u-nastavku-crna-gora-nemocna-protiv-njemacke\\\/\",\"name\":\"Odli\u010dno prvo poluvrijeme, pa sunovrat u nastavku: Crna Gora nemo\u0107na protiv Njema\u010dke - dmcsrb.com\",\"isPartOf\":{\"@id\":\"https:\\\/\\\/dmcsrb.com\\\/#website\"},\"primaryImageOfPage\":{\"@id\":\"https:\\\/\\\/dmcsrb.com\\\/sport\\\/odlicno-prvo-poluvrijeme-pa-sunovrat-u-nastavku-crna-gora-nemocna-protiv-njemacke\\\/#primaryimage\"},\"image\":{\"@id\":\"https:\\\/\\\/dmcsrb.com\\\/sport\\\/odlicno-prvo-poluvrijeme-pa-sunovrat-u-nastavku-crna-gora-nemocna-protiv-njemacke\\\/#primaryimage\"},\"thumbnailUrl\":\"https:\\\/\\\/dmcsrb.com\\\/wp-content\\\/uploads\\\/2026\\\/01\\\/Vucevic-FIBA-1-1.webp\",\"datePublished\":\"2025-08-27T13:25:00+00:00\",\"author\":{\"@id\":\"https:\\\/\\\/dmcsrb.com\\\/#\\\/schema\\\/person\\\/5c39170f12db1b8b457732d0b5c854e2\"},\"breadcrumb\":{\"@id\":\"https:\\\/\\\/dmcsrb.com\\\/sport\\\/odlicno-prvo-poluvrijeme-pa-sunovrat-u-nastavku-crna-gora-nemocna-protiv-njemacke\\\/#breadcrumb\"},\"inLanguage\":\"en-GB\",\"potentialAction\":[{\"@type\":\"ReadAction\",\"target\":[\"https:\\\/\\\/dmcsrb.com\\\/sport\\\/odlicno-prvo-poluvrijeme-pa-sunovrat-u-nastavku-crna-gora-nemocna-protiv-njemacke\\\/\"]}]},{\"@type\":\"ImageObject\",\"inLanguage\":\"en-GB\",\"@id\":\"https:\\\/\\\/dmcsrb.com\\\/sport\\\/odlicno-prvo-poluvrijeme-pa-sunovrat-u-nastavku-crna-gora-nemocna-protiv-njemacke\\\/#primaryimage\",\"url\":\"https:\\\/\\\/dmcsrb.com\\\/wp-content\\\/uploads\\\/2026\\\/01\\\/Vucevic-FIBA-1-1.webp\",\"contentUrl\":\"https:\\\/\\\/dmcsrb.com\\\/wp-content\\\/uploads\\\/2026\\\/01\\\/Vucevic-FIBA-1-1.webp\",\"width\":2400,\"height\":1597},{\"@type\":\"BreadcrumbList\",\"@id\":\"https:\\\/\\\/dmcsrb.com\\\/sport\\\/odlicno-prvo-poluvrijeme-pa-sunovrat-u-nastavku-crna-gora-nemocna-protiv-njemacke\\\/#breadcrumb\",\"itemListElement\":[{\"@type\":\"ListItem\",\"position\":1,\"name\":\"Home\",\"item\":\"https:\\\/\\\/dmcsrb.com\\\/\"},{\"@type\":\"ListItem\",\"position\":2,\"name\":\"Odli\u010dno prvo poluvrijeme, pa sunovrat u nastavku: Crna Gora nemo\u0107na protiv Njema\u010dke\"}]},{\"@type\":\"WebSite\",\"@id\":\"https:\\\/\\\/dmcsrb.com\\\/#website\",\"url\":\"https:\\\/\\\/dmcsrb.com\\\/\",\"name\":\"dmcsrb.com\",\"description\":\"\",\"potentialAction\":[{\"@type\":\"SearchAction\",\"target\":{\"@type\":\"EntryPoint\",\"urlTemplate\":\"https:\\\/\\\/dmcsrb.com\\\/?s={search_term_string}\"},\"query-input\":{\"@type\":\"PropertyValueSpecification\",\"valueRequired\":true,\"valueName\":\"search_term_string\"}}],\"inLanguage\":\"en-GB\"},{\"@type\":\"Person\",\"@id\":\"https:\\\/\\\/dmcsrb.com\\\/#\\\/schema\\\/person\\\/5c39170f12db1b8b457732d0b5c854e2\",\"name\":\"dmcsrbija.com@gmail.com\",\"image\":{\"@type\":\"ImageObject\",\"inLanguage\":\"en-GB\",\"@id\":\"https:\\\/\\\/secure.gravatar.com\\\/avatar\\\/68592660ad6347fad0fb587f8d5d8f1a7b44961362f56e4f2cd524feb87e9069?s=96&d=mm&r=g\",\"url\":\"https:\\\/\\\/secure.gravatar.com\\\/avatar\\\/68592660ad6347fad0fb587f8d5d8f1a7b44961362f56e4f2cd524feb87e9069?s=96&d=mm&r=g\",\"contentUrl\":\"https:\\\/\\\/secure.gravatar.com\\\/avatar\\\/68592660ad6347fad0fb587f8d5d8f1a7b44961362f56e4f2cd524feb87e9069?s=96&d=mm&r=g\",\"caption\":\"dmcsrbija.com@gmail.com\"},\"sameAs\":[\"https:\\\/\\\/dmcsrb.com\"],\"url\":\"https:\\\/\\\/dmcsrb.com\\\/en\\\/author\\\/dmcsrbija-comgmail-com\\\/\"}]}<\/script>\n<!-- \/ Yoast SEO plugin. -->","yoast_head_json":{"title":"Odli\u010dno prvo poluvrijeme, pa sunovrat u nastavku: Crna Gora nemo\u0107na protiv Njema\u010dke - dmcsrb.com","robots":{"index":"index","follow":"follow","max-snippet":"max-snippet:-1","max-image-preview":"max-image-preview:large","max-video-preview":"max-video-preview:-1"},"canonical":"https:\/\/dmcsrb.com\/en\/sport\/odlicno-prvo-poluvrijeme-pa-sunovrat-u-nastavku-crna-gora-nemocna-protiv-njemacke\/","og_locale":"en_GB","og_type":"article","og_title":"Odli\u010dno prvo poluvrijeme, pa sunovrat u nastavku: Crna Gora nemo\u0107na protiv Njema\u010dke - dmcsrb.com","og_description":"Odli\u010dno izdanje u prvom poluvremenu nije bilo dovoljno za iznena\u0111enje - crnogorski ko\u0161arka\u0161i pretrpjeli su te\u017eak poraz od Njema\u010dke 106:76 (24:20, 23:22, 33:12, 27:21) u Tampereu u premijernom me\u010du grupe B 42. Evropskog prvenstva.","og_url":"https:\/\/dmcsrb.com\/en\/sport\/odlicno-prvo-poluvrijeme-pa-sunovrat-u-nastavku-crna-gora-nemocna-protiv-njemacke\/","og_site_name":"dmcsrb.com","article_published_time":"2025-08-27T13:25:00+00:00","og_image":[{"width":2400,"height":1597,"url":"https:\/\/dmcsrb.com\/wp-content\/uploads\/2026\/01\/Vucevic-FIBA-1-1.webp","type":"image\/webp"}],"author":"dmcsrbija.com@gmail.com","twitter_card":"summary_large_image","twitter_misc":{"Written by":"dmcsrbija.com@gmail.com","Estimated reading time":"11 minutes"},"schema":{"@context":"https:\/\/schema.org","@graph":[{"@type":"Article","@id":"https:\/\/dmcsrb.com\/sport\/odlicno-prvo-poluvrijeme-pa-sunovrat-u-nastavku-crna-gora-nemocna-protiv-njemacke\/#article","isPartOf":{"@id":"https:\/\/dmcsrb.com\/sport\/odlicno-prvo-poluvrijeme-pa-sunovrat-u-nastavku-crna-gora-nemocna-protiv-njemacke\/"},"author":{"name":"dmcsrbija.com@gmail.com","@id":"https:\/\/dmcsrb.com\/#\/schema\/person\/5c39170f12db1b8b457732d0b5c854e2"},"headline":"Odli\u010dno prvo poluvrijeme, pa sunovrat u nastavku: Crna Gora nemo\u0107na protiv Njema\u010dke","datePublished":"2025-08-27T13:25:00+00:00","mainEntityOfPage":{"@id":"https:\/\/dmcsrb.com\/sport\/odlicno-prvo-poluvrijeme-pa-sunovrat-u-nastavku-crna-gora-nemocna-protiv-njemacke\/"},"wordCount":2131,"commentCount":0,"image":{"@id":"https:\/\/dmcsrb.com\/sport\/odlicno-prvo-poluvrijeme-pa-sunovrat-u-nastavku-crna-gora-nemocna-protiv-njemacke\/#primaryimage"},"thumbnailUrl":"https:\/\/dmcsrb.com\/wp-content\/uploads\/2026\/01\/Vucevic-FIBA-1-1.webp","keywords":["Eurobasket 2025","Mu\u0161ka ko\u0161arka\u0161ka reprezentacija Crne Gore","Mu\u0161ka ko\u0161arka\u0161ka reprezentacija Njema\u010dke"],"articleSection":["Sport"],"inLanguage":"en-GB","potentialAction":[{"@type":"CommentAction","name":"Comment","target":["https:\/\/dmcsrb.com\/sport\/odlicno-prvo-poluvrijeme-pa-sunovrat-u-nastavku-crna-gora-nemocna-protiv-njemacke\/#respond"]}]},{"@type":"WebPage","@id":"https:\/\/dmcsrb.com\/sport\/odlicno-prvo-poluvrijeme-pa-sunovrat-u-nastavku-crna-gora-nemocna-protiv-njemacke\/","url":"https:\/\/dmcsrb.com\/sport\/odlicno-prvo-poluvrijeme-pa-sunovrat-u-nastavku-crna-gora-nemocna-protiv-njemacke\/","name":"Odli\u010dno prvo poluvrijeme, pa sunovrat u nastavku: Crna Gora nemo\u0107na protiv Njema\u010dke - dmcsrb.com","isPartOf":{"@id":"https:\/\/dmcsrb.com\/#website"},"primaryImageOfPage":{"@id":"https:\/\/dmcsrb.com\/sport\/odlicno-prvo-poluvrijeme-pa-sunovrat-u-nastavku-crna-gora-nemocna-protiv-njemacke\/#primaryimage"},"image":{"@id":"https:\/\/dmcsrb.com\/sport\/odlicno-prvo-poluvrijeme-pa-sunovrat-u-nastavku-crna-gora-nemocna-protiv-njemacke\/#primaryimage"},"thumbnailUrl":"https:\/\/dmcsrb.com\/wp-content\/uploads\/2026\/01\/Vucevic-FIBA-1-1.webp","datePublished":"2025-08-27T13:25:00+00:00","author":{"@id":"https:\/\/dmcsrb.com\/#\/schema\/person\/5c39170f12db1b8b457732d0b5c854e2"},"breadcrumb":{"@id":"https:\/\/dmcsrb.com\/sport\/odlicno-prvo-poluvrijeme-pa-sunovrat-u-nastavku-crna-gora-nemocna-protiv-njemacke\/#breadcrumb"},"inLanguage":"en-GB","potentialAction":[{"@type":"ReadAction","target":["https:\/\/dmcsrb.com\/sport\/odlicno-prvo-poluvrijeme-pa-sunovrat-u-nastavku-crna-gora-nemocna-protiv-njemacke\/"]}]},{"@type":"ImageObject","inLanguage":"en-GB","@id":"https:\/\/dmcsrb.com\/sport\/odlicno-prvo-poluvrijeme-pa-sunovrat-u-nastavku-crna-gora-nemocna-protiv-njemacke\/#primaryimage","url":"https:\/\/dmcsrb.com\/wp-content\/uploads\/2026\/01\/Vucevic-FIBA-1-1.webp","contentUrl":"https:\/\/dmcsrb.com\/wp-content\/uploads\/2026\/01\/Vucevic-FIBA-1-1.webp","width":2400,"height":1597},{"@type":"BreadcrumbList","@id":"https:\/\/dmcsrb.com\/sport\/odlicno-prvo-poluvrijeme-pa-sunovrat-u-nastavku-crna-gora-nemocna-protiv-njemacke\/#breadcrumb","itemListElement":[{"@type":"ListItem","position":1,"name":"Home","item":"https:\/\/dmcsrb.com\/"},{"@type":"ListItem","position":2,"name":"Odli\u010dno prvo poluvrijeme, pa sunovrat u nastavku: Crna Gora nemo\u0107na protiv Njema\u010dke"}]},{"@type":"WebSite","@id":"https:\/\/dmcsrb.com\/#website","url":"https:\/\/dmcsrb.com\/","name":"dmcsrb.com","description":"","potentialAction":[{"@type":"SearchAction","target":{"@type":"EntryPoint","urlTemplate":"https:\/\/dmcsrb.com\/?s={search_term_string}"},"query-input":{"@type":"PropertyValueSpecification","valueRequired":true,"valueName":"search_term_string"}}],"inLanguage":"en-GB"},{"@type":"Person","@id":"https:\/\/dmcsrb.com\/#\/schema\/person\/5c39170f12db1b8b457732d0b5c854e2","name":"dmcsrbija.com@gmail.com","image":{"@type":"ImageObject","inLanguage":"en-GB","@id":"https:\/\/secure.gravatar.com\/avatar\/68592660ad6347fad0fb587f8d5d8f1a7b44961362f56e4f2cd524feb87e9069?s=96&d=mm&r=g","url":"https:\/\/secure.gravatar.com\/avatar\/68592660ad6347fad0fb587f8d5d8f1a7b44961362f56e4f2cd524feb87e9069?s=96&d=mm&r=g","contentUrl":"https:\/\/secure.gravatar.com\/avatar\/68592660ad6347fad0fb587f8d5d8f1a7b44961362f56e4f2cd524feb87e9069?s=96&d=mm&r=g","caption":"dmcsrbija.com@gmail.com"},"sameAs":["https:\/\/dmcsrb.com"],"url":"https:\/\/dmcsrb.com\/en\/author\/dmcsrbija-comgmail-com\/"}]}},"_links":{"self":[{"href":"https:\/\/dmcsrb.com\/en\/wp-json\/wp\/v2\/posts\/948470","targetHints":{"allow":["GET"]}}],"collection":[{"href":"https:\/\/dmcsrb.com\/en\/wp-json\/wp\/v2\/posts"}],"about":[{"href":"https:\/\/dmcsrb.com\/en\/wp-json\/wp\/v2\/types\/post"}],"author":[{"embeddable":true,"href":"https:\/\/dmcsrb.com\/en\/wp-json\/wp\/v2\/users\/1"}],"replies":[{"embeddable":true,"href":"https:\/\/dmcsrb.com\/en\/wp-json\/wp\/v2\/comments?post=948470"}],"version-history":[{"count":0,"href":"https:\/\/dmcsrb.com\/en\/wp-json\/wp\/v2\/posts\/948470\/revisions"}],"wp:featuredmedia":[{"embeddable":true,"href":"https:\/\/dmcsrb.com\/en\/wp-json\/wp\/v2\/media\/948471"}],"wp:attachment":[{"href":"https:\/\/dmcsrb.com\/en\/wp-json\/wp\/v2\/media?parent=948470"}],"wp:term":[{"taxonomy":"category","embeddable":true,"href":"https:\/\/dmcsrb.com\/en\/wp-json\/wp\/v2\/categories?post=948470"},{"taxonomy":"post_tag","embeddable":true,"href":"https:\/\/dmcsrb.com\/en\/wp-json\/wp\/v2\/tags?post=948470"},{"taxonomy":"naslovna","embeddable":true,"href":"https:\/\/dmcsrb.com\/en\/wp-json\/wp\/v2\/naslovna?post=948470"}],"curies":[{"name":"wp","href":"https:\/\/api.w.org\/{rel}","templated":true}]}}