{"id":948368,"date":"2025-08-26T12:26:05","date_gmt":"2025-08-26T10:26:05","guid":{"rendered":"https:\/\/dmcsrb.com\/uncategorized\/slucaj-tribina-prebacen-u-vise-tuzilastvo\/"},"modified":"2025-08-26T12:26:05","modified_gmt":"2025-08-26T10:26:05","slug":"slucaj-tribina-prebacen-u-vise-tuzilastvo","status":"publish","type":"post","link":"https:\/\/dmcsrb.com\/en\/sport\/slucaj-tribina-prebacen-u-vise-tuzilastvo\/","title":{"rendered":"&#8220;Slu\u010daj tribina&#8221; preba\u010den u Vi\u0161e tu\u017eila\u0161tvo"},"content":{"rendered":"<p><\/p>\n\n\n\n<p>Prije nekoliko mjeseci, Darko Vlahovi\u0107 je podnio krivi\u010dnu prijavu protiv \u010delnika Fudbalskog saveza Crne Gore zbog sporne donacije projekta izgradnje tribine, iako\u00a0Zakon o prostornom planiranju i izgradnji objekata izri\u010dito zabranjuje donaciju tehni\u010dkih dokumenata i nala\u017ee da se za idejno rje\u0161enje, glavni projekat i revizija mora raspisati konkurs ukoliko su u pitanju javni objekti u dr\u017eavnoj svojini, prenosi portal RTCG.<\/p>\n\n\n\n<p>Tu\u017eilac u Osnovnom tu\u017eila\u0161tvu Marko Mugo\u0161a je obavijestio Vlahovi\u0107a da je sve spise predmeta predao Vi\u0161em dr\u017eavnom tu\u017eila\u0161tvu.<\/p>\n\n\n\n<p>&#8220;Obavje\u0161tavam Vas da je ovo Tu\u017eila\u0161tvo spise predmeta formirane protiv Dejana Savi\u0107evi\u0107a, Momira \u0110ur\u0111evca, Mom\u010dila Vujo\u0161evi\u0107a, Moja\u0161a Radonji\u0107a, Ljubi\u0161e Mi\u0161kovi\u0107a, Vaske \u0160i\u0161evi\u0107, Stefana \u0110uki\u0107a i Dragana Komatine zbog krivi\u010dnih djela zloupotreba slu\u017ebenog polo\u017eaja iz \u010dlana 416 stav 3 u vezi stava 1 Krivi\u010dnog zakonika Crne Gore i zbog krivi\u010dnog djela zloupotreba slu\u017ebenog polo\u017eaja putem pomaganja iz \u010dlana 416 stav 3 u vezi stava 1 u vezi \u010dlana 25 Krivi\u010dnog zakonika Crne Gore i Gorana Dragovi\u0107a, zbog krivi\u010dnog djela zloupotreba slu\u017ebenog polo\u017eaja iz \u010dlana 416 stav 3 u vezi stava 1 Krivi\u010dnog zakonika Crne Gore, dostavilo na stvarno i mjesno nadle\u017eno postupanje Vi\u0161em dr\u017eavnom tu\u017eila\u0161tvu u Podogrici. Tako\u0111e Vas obavje\u0161tavam da je dostavljena i sva dokumentacija koju ste naknadno dostavili&#8221;, pi\u0161e u Mugo\u0161inom rje\u0161enju.<\/p>\n\n\n\n<p>Sada je na Vi\u0161em tu\u017eila\u0161tvu da odlu\u010di ho\u0107e li pokrenuti postupak protiv Savi\u0107evi\u0107a i ostalih \u010delnika FSCG, kao i Komatine, \u010diji je &#8220;Studio K&#8221; radio gotovo sve projekte renoviranja i izgradnje tribina na crnogorskim stadionima.<\/p>","protected":false},"excerpt":{"rendered":"<p>Izgradnja isto\u010dne tribine Gradskog stadiona u Podgorici je ve\u0107 decenijama razlog polemika, a najavljena izgradnja mogla bi da rezultira i sudskim procesom.<\/p>","protected":false},"author":1,"featured_media":948369,"comment_status":"open","ping_status":"open","sticky":false,"template":"","format":"standard","meta":{"_acf_changed":false,"footnotes":""},"categories":[148],"tags":[1344,9589],"naslovna":[],"class_list":["post-948368","post","type-post","status-publish","format-standard","has-post-thumbnail","hentry","category-sport","tag-fudbal","tag-tribina"],"acf":[],"yoast_head":"<!-- This site is optimized with the Yoast SEO plugin v27.0 - https:\/\/yoast.com\/product\/yoast-seo-wordpress\/ -->\n<title>&quot;Slu\u010daj tribina&quot; preba\u010den u Vi\u0161e tu\u017eila\u0161tvo - dmcsrb.com<\/title>\n<meta name=\"robots\" content=\"index, follow, max-snippet:-1, max-image-preview:large, max-video-preview:-1\" \/>\n<link rel=\"canonical\" href=\"https:\/\/dmcsrb.com\/en\/sport\/slucaj-tribina-prebacen-u-vise-tuzilastvo\/\" \/>\n<meta property=\"og:locale\" content=\"en_GB\" \/>\n<meta property=\"og:type\" content=\"article\" \/>\n<meta property=\"og:title\" content=\"&quot;Slu\u010daj tribina&quot; preba\u010den u Vi\u0161e tu\u017eila\u0161tvo - dmcsrb.com\" \/>\n<meta property=\"og:description\" content=\"Izgradnja isto\u010dne tribine Gradskog stadiona u Podgorici je ve\u0107 decenijama razlog polemika, a najavljena izgradnja mogla bi da rezultira i sudskim procesom.\" \/>\n<meta property=\"og:url\" content=\"https:\/\/dmcsrb.com\/en\/sport\/slucaj-tribina-prebacen-u-vise-tuzilastvo\/\" \/>\n<meta property=\"og:site_name\" content=\"dmcsrb.com\" \/>\n<meta property=\"article:published_time\" content=\"2025-08-26T10:26:05+00:00\" \/>\n<meta property=\"og:image\" content=\"https:\/\/dmcsrb.com\/wp-content\/uploads\/2026\/01\/Stadion-pod-Goricom-FK-Buducnost.webp\" \/>\n\t<meta property=\"og:image:width\" content=\"764\" \/>\n\t<meta property=\"og:image:height\" content=\"541\" \/>\n\t<meta property=\"og:image:type\" content=\"image\/jpeg\" \/>\n<meta name=\"author\" content=\"dmcsrbija.com@gmail.com\" \/>\n<meta name=\"twitter:card\" content=\"summary_large_image\" \/>\n<meta name=\"twitter:label1\" content=\"Written by\" \/>\n\t<meta name=\"twitter:data1\" content=\"dmcsrbija.com@gmail.com\" \/>\n\t<meta name=\"twitter:label2\" content=\"Estimated reading time\" \/>\n\t<meta name=\"twitter:data2\" content=\"1 minute\" \/>\n<script type=\"application\/ld+json\" class=\"yoast-schema-graph\">{\"@context\":\"https:\/\/schema.org\",\"@graph\":[{\"@type\":\"Article\",\"@id\":\"https:\/\/dmcsrb.com\/sport\/slucaj-tribina-prebacen-u-vise-tuzilastvo\/#article\",\"isPartOf\":{\"@id\":\"https:\/\/dmcsrb.com\/sport\/slucaj-tribina-prebacen-u-vise-tuzilastvo\/\"},\"author\":{\"name\":\"dmcsrbija.com@gmail.com\",\"@id\":\"https:\/\/dmcsrb.com\/#\/schema\/person\/5c39170f12db1b8b457732d0b5c854e2\"},\"headline\":\"&#8220;Slu\u010daj tribina&#8221; preba\u010den u Vi\u0161e tu\u017eila\u0161tvo\",\"datePublished\":\"2025-08-26T10:26:05+00:00\",\"mainEntityOfPage\":{\"@id\":\"https:\/\/dmcsrb.com\/sport\/slucaj-tribina-prebacen-u-vise-tuzilastvo\/\"},\"wordCount\":298,\"commentCount\":0,\"image\":{\"@id\":\"https:\/\/dmcsrb.com\/sport\/slucaj-tribina-prebacen-u-vise-tuzilastvo\/#primaryimage\"},\"thumbnailUrl\":\"https:\/\/dmcsrb.com\/wp-content\/uploads\/2026\/01\/Stadion-pod-Goricom-FK-Buducnost.webp\",\"keywords\":[\"Fudbal\",\"tribina\"],\"articleSection\":[\"Sport\"],\"inLanguage\":\"en-GB\",\"potentialAction\":[{\"@type\":\"CommentAction\",\"name\":\"Comment\",\"target\":[\"https:\/\/dmcsrb.com\/sport\/slucaj-tribina-prebacen-u-vise-tuzilastvo\/#respond\"]}]},{\"@type\":\"WebPage\",\"@id\":\"https:\/\/dmcsrb.com\/sport\/slucaj-tribina-prebacen-u-vise-tuzilastvo\/\",\"url\":\"https:\/\/dmcsrb.com\/sport\/slucaj-tribina-prebacen-u-vise-tuzilastvo\/\",\"name\":\"\\\"Slu\u010daj tribina\\\" preba\u010den u Vi\u0161e tu\u017eila\u0161tvo - dmcsrb.com\",\"isPartOf\":{\"@id\":\"https:\/\/dmcsrb.com\/#website\"},\"primaryImageOfPage\":{\"@id\":\"https:\/\/dmcsrb.com\/sport\/slucaj-tribina-prebacen-u-vise-tuzilastvo\/#primaryimage\"},\"image\":{\"@id\":\"https:\/\/dmcsrb.com\/sport\/slucaj-tribina-prebacen-u-vise-tuzilastvo\/#primaryimage\"},\"thumbnailUrl\":\"https:\/\/dmcsrb.com\/wp-content\/uploads\/2026\/01\/Stadion-pod-Goricom-FK-Buducnost.webp\",\"datePublished\":\"2025-08-26T10:26:05+00:00\",\"author\":{\"@id\":\"https:\/\/dmcsrb.com\/#\/schema\/person\/5c39170f12db1b8b457732d0b5c854e2\"},\"breadcrumb\":{\"@id\":\"https:\/\/dmcsrb.com\/sport\/slucaj-tribina-prebacen-u-vise-tuzilastvo\/#breadcrumb\"},\"inLanguage\":\"en-GB\",\"potentialAction\":[{\"@type\":\"ReadAction\",\"target\":[\"https:\/\/dmcsrb.com\/sport\/slucaj-tribina-prebacen-u-vise-tuzilastvo\/\"]}]},{\"@type\":\"ImageObject\",\"inLanguage\":\"en-GB\",\"@id\":\"https:\/\/dmcsrb.com\/sport\/slucaj-tribina-prebacen-u-vise-tuzilastvo\/#primaryimage\",\"url\":\"https:\/\/dmcsrb.com\/wp-content\/uploads\/2026\/01\/Stadion-pod-Goricom-FK-Buducnost.webp\",\"contentUrl\":\"https:\/\/dmcsrb.com\/wp-content\/uploads\/2026\/01\/Stadion-pod-Goricom-FK-Buducnost.webp\",\"width\":764,\"height\":541},{\"@type\":\"BreadcrumbList\",\"@id\":\"https:\/\/dmcsrb.com\/sport\/slucaj-tribina-prebacen-u-vise-tuzilastvo\/#breadcrumb\",\"itemListElement\":[{\"@type\":\"ListItem\",\"position\":1,\"name\":\"Home\",\"item\":\"https:\/\/dmcsrb.com\/\"},{\"@type\":\"ListItem\",\"position\":2,\"name\":\"&#8220;Slu\u010daj tribina&#8221; preba\u010den u Vi\u0161e tu\u017eila\u0161tvo\"}]},{\"@type\":\"WebSite\",\"@id\":\"https:\/\/dmcsrb.com\/#website\",\"url\":\"https:\/\/dmcsrb.com\/\",\"name\":\"dmcsrb.com\",\"description\":\"\",\"potentialAction\":[{\"@type\":\"SearchAction\",\"target\":{\"@type\":\"EntryPoint\",\"urlTemplate\":\"https:\/\/dmcsrb.com\/?s={search_term_string}\"},\"query-input\":{\"@type\":\"PropertyValueSpecification\",\"valueRequired\":true,\"valueName\":\"search_term_string\"}}],\"inLanguage\":\"en-GB\"},{\"@type\":\"Person\",\"@id\":\"https:\/\/dmcsrb.com\/#\/schema\/person\/5c39170f12db1b8b457732d0b5c854e2\",\"name\":\"dmcsrbija.com@gmail.com\",\"image\":{\"@type\":\"ImageObject\",\"inLanguage\":\"en-GB\",\"@id\":\"https:\/\/dmcsrb.com\/#\/schema\/person\/image\/\",\"url\":\"https:\/\/secure.gravatar.com\/avatar\/68592660ad6347fad0fb587f8d5d8f1a7b44961362f56e4f2cd524feb87e9069?s=96&d=mm&r=g\",\"contentUrl\":\"https:\/\/secure.gravatar.com\/avatar\/68592660ad6347fad0fb587f8d5d8f1a7b44961362f56e4f2cd524feb87e9069?s=96&d=mm&r=g\",\"caption\":\"dmcsrbija.com@gmail.com\"},\"sameAs\":[\"https:\/\/dmcsrb.com\"],\"url\":\"https:\/\/dmcsrb.com\/en\/author\/dmcsrbija-comgmail-com\/\"}]}<\/script>\n<!-- \/ Yoast SEO plugin. -->","yoast_head_json":{"title":"\"Slu\u010daj tribina\" preba\u010den u Vi\u0161e tu\u017eila\u0161tvo - dmcsrb.com","robots":{"index":"index","follow":"follow","max-snippet":"max-snippet:-1","max-image-preview":"max-image-preview:large","max-video-preview":"max-video-preview:-1"},"canonical":"https:\/\/dmcsrb.com\/en\/sport\/slucaj-tribina-prebacen-u-vise-tuzilastvo\/","og_locale":"en_GB","og_type":"article","og_title":"\"Slu\u010daj tribina\" preba\u010den u Vi\u0161e tu\u017eila\u0161tvo - dmcsrb.com","og_description":"Izgradnja isto\u010dne tribine Gradskog stadiona u Podgorici je ve\u0107 decenijama razlog polemika, a najavljena izgradnja mogla bi da rezultira i sudskim procesom.","og_url":"https:\/\/dmcsrb.com\/en\/sport\/slucaj-tribina-prebacen-u-vise-tuzilastvo\/","og_site_name":"dmcsrb.com","article_published_time":"2025-08-26T10:26:05+00:00","og_image":[{"width":764,"height":541,"url":"https:\/\/dmcsrb.com\/wp-content\/uploads\/2026\/01\/Stadion-pod-Goricom-FK-Buducnost.webp","type":"image\/jpeg"}],"author":"dmcsrbija.com@gmail.com","twitter_card":"summary_large_image","twitter_misc":{"Written by":"dmcsrbija.com@gmail.com","Estimated reading time":"1 minute"},"schema":{"@context":"https:\/\/schema.org","@graph":[{"@type":"Article","@id":"https:\/\/dmcsrb.com\/sport\/slucaj-tribina-prebacen-u-vise-tuzilastvo\/#article","isPartOf":{"@id":"https:\/\/dmcsrb.com\/sport\/slucaj-tribina-prebacen-u-vise-tuzilastvo\/"},"author":{"name":"dmcsrbija.com@gmail.com","@id":"https:\/\/dmcsrb.com\/#\/schema\/person\/5c39170f12db1b8b457732d0b5c854e2"},"headline":"&#8220;Slu\u010daj tribina&#8221; preba\u010den u Vi\u0161e tu\u017eila\u0161tvo","datePublished":"2025-08-26T10:26:05+00:00","mainEntityOfPage":{"@id":"https:\/\/dmcsrb.com\/sport\/slucaj-tribina-prebacen-u-vise-tuzilastvo\/"},"wordCount":298,"commentCount":0,"image":{"@id":"https:\/\/dmcsrb.com\/sport\/slucaj-tribina-prebacen-u-vise-tuzilastvo\/#primaryimage"},"thumbnailUrl":"https:\/\/dmcsrb.com\/wp-content\/uploads\/2026\/01\/Stadion-pod-Goricom-FK-Buducnost.webp","keywords":["Fudbal","tribina"],"articleSection":["Sport"],"inLanguage":"en-GB","potentialAction":[{"@type":"CommentAction","name":"Comment","target":["https:\/\/dmcsrb.com\/sport\/slucaj-tribina-prebacen-u-vise-tuzilastvo\/#respond"]}]},{"@type":"WebPage","@id":"https:\/\/dmcsrb.com\/sport\/slucaj-tribina-prebacen-u-vise-tuzilastvo\/","url":"https:\/\/dmcsrb.com\/sport\/slucaj-tribina-prebacen-u-vise-tuzilastvo\/","name":"\"Slu\u010daj tribina\" preba\u010den u Vi\u0161e tu\u017eila\u0161tvo - dmcsrb.com","isPartOf":{"@id":"https:\/\/dmcsrb.com\/#website"},"primaryImageOfPage":{"@id":"https:\/\/dmcsrb.com\/sport\/slucaj-tribina-prebacen-u-vise-tuzilastvo\/#primaryimage"},"image":{"@id":"https:\/\/dmcsrb.com\/sport\/slucaj-tribina-prebacen-u-vise-tuzilastvo\/#primaryimage"},"thumbnailUrl":"https:\/\/dmcsrb.com\/wp-content\/uploads\/2026\/01\/Stadion-pod-Goricom-FK-Buducnost.webp","datePublished":"2025-08-26T10:26:05+00:00","author":{"@id":"https:\/\/dmcsrb.com\/#\/schema\/person\/5c39170f12db1b8b457732d0b5c854e2"},"breadcrumb":{"@id":"https:\/\/dmcsrb.com\/sport\/slucaj-tribina-prebacen-u-vise-tuzilastvo\/#breadcrumb"},"inLanguage":"en-GB","potentialAction":[{"@type":"ReadAction","target":["https:\/\/dmcsrb.com\/sport\/slucaj-tribina-prebacen-u-vise-tuzilastvo\/"]}]},{"@type":"ImageObject","inLanguage":"en-GB","@id":"https:\/\/dmcsrb.com\/sport\/slucaj-tribina-prebacen-u-vise-tuzilastvo\/#primaryimage","url":"https:\/\/dmcsrb.com\/wp-content\/uploads\/2026\/01\/Stadion-pod-Goricom-FK-Buducnost.webp","contentUrl":"https:\/\/dmcsrb.com\/wp-content\/uploads\/2026\/01\/Stadion-pod-Goricom-FK-Buducnost.webp","width":764,"height":541},{"@type":"BreadcrumbList","@id":"https:\/\/dmcsrb.com\/sport\/slucaj-tribina-prebacen-u-vise-tuzilastvo\/#breadcrumb","itemListElement":[{"@type":"ListItem","position":1,"name":"Home","item":"https:\/\/dmcsrb.com\/"},{"@type":"ListItem","position":2,"name":"&#8220;Slu\u010daj tribina&#8221; preba\u010den u Vi\u0161e tu\u017eila\u0161tvo"}]},{"@type":"WebSite","@id":"https:\/\/dmcsrb.com\/#website","url":"https:\/\/dmcsrb.com\/","name":"dmcsrb.com","description":"","potentialAction":[{"@type":"SearchAction","target":{"@type":"EntryPoint","urlTemplate":"https:\/\/dmcsrb.com\/?s={search_term_string}"},"query-input":{"@type":"PropertyValueSpecification","valueRequired":true,"valueName":"search_term_string"}}],"inLanguage":"en-GB"},{"@type":"Person","@id":"https:\/\/dmcsrb.com\/#\/schema\/person\/5c39170f12db1b8b457732d0b5c854e2","name":"dmcsrbija.com@gmail.com","image":{"@type":"ImageObject","inLanguage":"en-GB","@id":"https:\/\/dmcsrb.com\/#\/schema\/person\/image\/","url":"https:\/\/secure.gravatar.com\/avatar\/68592660ad6347fad0fb587f8d5d8f1a7b44961362f56e4f2cd524feb87e9069?s=96&d=mm&r=g","contentUrl":"https:\/\/secure.gravatar.com\/avatar\/68592660ad6347fad0fb587f8d5d8f1a7b44961362f56e4f2cd524feb87e9069?s=96&d=mm&r=g","caption":"dmcsrbija.com@gmail.com"},"sameAs":["https:\/\/dmcsrb.com"],"url":"https:\/\/dmcsrb.com\/en\/author\/dmcsrbija-comgmail-com\/"}]}},"_links":{"self":[{"href":"https:\/\/dmcsrb.com\/en\/wp-json\/wp\/v2\/posts\/948368","targetHints":{"allow":["GET"]}}],"collection":[{"href":"https:\/\/dmcsrb.com\/en\/wp-json\/wp\/v2\/posts"}],"about":[{"href":"https:\/\/dmcsrb.com\/en\/wp-json\/wp\/v2\/types\/post"}],"author":[{"embeddable":true,"href":"https:\/\/dmcsrb.com\/en\/wp-json\/wp\/v2\/users\/1"}],"replies":[{"embeddable":true,"href":"https:\/\/dmcsrb.com\/en\/wp-json\/wp\/v2\/comments?post=948368"}],"version-history":[{"count":0,"href":"https:\/\/dmcsrb.com\/en\/wp-json\/wp\/v2\/posts\/948368\/revisions"}],"wp:featuredmedia":[{"embeddable":true,"href":"https:\/\/dmcsrb.com\/en\/wp-json\/wp\/v2\/media\/948369"}],"wp:attachment":[{"href":"https:\/\/dmcsrb.com\/en\/wp-json\/wp\/v2\/media?parent=948368"}],"wp:term":[{"taxonomy":"category","embeddable":true,"href":"https:\/\/dmcsrb.com\/en\/wp-json\/wp\/v2\/categories?post=948368"},{"taxonomy":"post_tag","embeddable":true,"href":"https:\/\/dmcsrb.com\/en\/wp-json\/wp\/v2\/tags?post=948368"},{"taxonomy":"naslovna","embeddable":true,"href":"https:\/\/dmcsrb.com\/en\/wp-json\/wp\/v2\/naslovna?post=948368"}],"curies":[{"name":"wp","href":"https:\/\/api.w.org\/{rel}","templated":true}]}}