{"id":948359,"date":"2025-08-26T12:14:31","date_gmt":"2025-08-26T10:14:31","guid":{"rendered":"https:\/\/dmcsrb.com\/uncategorized\/ministarstvo-saobracaja-i-zicg-izjave-kaludjerovica-samo-izgovor-i-opravdanje-za-dalju-nezakonitu-blokadu-zeljeznickog-saobracaja\/"},"modified":"2025-08-26T12:14:31","modified_gmt":"2025-08-26T10:14:31","slug":"ministarstvo-saobracaja-i-zicg-izjave-kaludjerovica-samo-izgovor-i-opravdanje-za-dalju-nezakonitu-blokadu-zeljeznickog-saobracaja","status":"publish","type":"post","link":"https:\/\/dmcsrb.com\/en\/ekonomija\/ministarstvo-saobracaja-i-zicg-izjave-kaludjerovica-samo-izgovor-i-opravdanje-za-dalju-nezakonitu-blokadu-zeljeznickog-saobracaja\/","title":{"rendered":"Ministarstvo saobra\u0107aja i \u017dICG: Izjave Kalu\u0111erovi\u0107a samo izgovor i opravdanje za dalju nezakonitu blokadu \u017eeljezni\u010dkog saobra\u0107aja"},"content":{"rendered":"<p><\/p>\n\n\n\n<p>&#8220;Na taj na\u010din preuzeo je odgovornost za blokadu \u017eeljezni\u010dkog saobra\u0107aja i kriti\u010dne infrastrukture, koja je u suprotnosti sa svim zakonskim propisima, bez po\u0161tovanja minimuma radne obaveze u djelatnosti od javnog interesa. Takvim postupcima ugro\u017een je \u010ditav sistem, a naro\u010dito zaposleni u Montecargu i njihovi potpisani ugovori o prevozu tereta, koji su od velikog zna\u010daja za dalju sudbinu te kompanije. \u017dICG je, u dogovoru sa reprezentativnim sindikatima i u saradnji sa Ministarstvom saobra\u0107aja, pripremila kolektivni ugovor kojim je, po prvi put nakon vi\u0161e godina, predvi\u0111eno zna\u010dajno pove\u0107anje plata za sve zaposlene. Ponuda predo\u010dena gospodinu Kalu\u0111erovi\u0107u predvi\u0111a koeficijent 7,9 za radno mjesto otpravnika vozova, uz dodatak od 30 odsto na osnovnu zaradu. Na taj na\u010din, neto zarade za ovu kategoriju poslova kretale bi se u rasponu od 1.000 do 1.260 eura, zavisno od radnog sta\u017ea. Iako je ponuda ispunila zahtjeve koje je ranije isticao, Kalu\u0111erovi\u0107 ju je odbio, te su ovim pregovori sa njim po ovoj stvari zavr\u0161eni&#8221;, istakli su u saop\u0161tenju.<\/p>\n\n\n\n<p>Objasnili su da Zakon jasno propisuje na\u010din na koji se pregovara, zaklju\u010duje i usvaja kolektivni ugovor.<\/p>\n\n\n\n<p>&#8220;Pa su izjave gospodina Kalu\u0111erovi\u0107a samo izgovor i opravdanje za dalju nezakonitu blokadu \u017eeljezni\u010dkog saobra\u0107aja i kriti\u010dne infrastrukture. Ponuda koja je izre\u010dena predstavlja posljednju i jedinu zakonsku mogu\u0107nost i bi\u0107e sastavni dio kolektivnog ugovora koji \u0107e va\u017eiti za sve zaposlene koji uredno izvr\u0161avaju svoje radne zadatke. Ministarstvo saobra\u0107aja i \u017dICG ovom prilikom obavje\u0161tavaju javnost da je dio zaposlenih prihvatio predlo\u017eene uslove i iskazao spremnost da odmah nastave sa radom, kako bi se omogu\u0107ilo postepeno uspostavljanje \u017eeljezni\u010dkog saobra\u0107aja. Za po\u010detak \u0107e se pokrenuti vozovi i kompozicije koje su do sada bile zadr\u017eane. O\u010dekujemo da \u0107e se u narednim danima situacija dodatno stabilizovati i da \u0107e se broj raspolo\u017eivih polazaka postepeno pove\u0107avati, sve do potpune normalizacije saobra\u0107aja. Za one koji odbijaju izvr\u0161avanje radnih obaveza i time nanose ogromnu \u0161tetu kompaniji predvi\u0111ena je puna odgovornost. \u017deljezni\u010dka infrastruktura Crne Gore ve\u0107 je podnijela krivi\u010dne prijave i pokrenula disciplinske postupke protiv vi\u0161e lica koja su nezakonitom obustavom rada i svojim djelovanjem izazvala blokadu kriti\u010dne infrastrukture i nanijela ogromnu materijalnu \u0161tetu. Ministarstvo saobra\u0107aja i \u017dICG ostaju posve\u0107eni za\u0161titi javnog interesa, pravnog poretka i unapre\u0111enju uslova rada svih zaposlenih kroz novi kolektivni ugovor. Me\u0111utim, dr\u017eava ne smije dozvoliti da bude predmet ucjena, posebno onda kada za to ne postoji nikakav osnov&#8221;, dodali su u saop\u0161tenju.<\/p>","protected":false},"excerpt":{"rendered":"<p>Povodom medijskih istupa Andreja Kalu\u0111erovi\u0107a, obavje\u0161tavamo javnost da su tvrdnje koje je iznio neta\u010dne. Kalu\u0111erovi\u0107 je odbijao pozive na pregovore, insistiraju\u0107i da se unaprijed prihvate zahtjevi za koje je znao da nijesu u skladu sa zakonom, a na kraju je odbio i kona\u010dnu ponudu kolektivnog ugovora, saop\u0161teno je iz Ministarstva saobra\u0107aja i \u017deljezni\u010dke infrastukture Crne Gore.<\/p>","protected":false},"author":1,"featured_media":948176,"comment_status":"open","ping_status":"open","sticky":false,"template":"","format":"standard","meta":{"_acf_changed":false,"footnotes":""},"categories":[27],"tags":[455,1068],"naslovna":[],"class_list":["post-948359","post","type-post","status-publish","format-standard","has-post-thumbnail","hentry","category-ekonomija","tag-protest","tag-zeljeznica"],"acf":[],"yoast_head":"<!-- This site is optimized with the Yoast SEO plugin v27.0 - https:\/\/yoast.com\/product\/yoast-seo-wordpress\/ -->\n<title>Ministarstvo saobra\u0107aja i \u017dICG: Izjave Kalu\u0111erovi\u0107a samo izgovor i opravdanje za dalju nezakonitu blokadu \u017eeljezni\u010dkog saobra\u0107aja - dmcsrb.com<\/title>\n<meta name=\"robots\" content=\"index, follow, max-snippet:-1, max-image-preview:large, max-video-preview:-1\" \/>\n<link rel=\"canonical\" href=\"https:\/\/dmcsrb.com\/en\/ekonomija\/ministarstvo-saobracaja-i-zicg-izjave-kaludjerovica-samo-izgovor-i-opravdanje-za-dalju-nezakonitu-blokadu-zeljeznickog-saobracaja\/\" \/>\n<meta property=\"og:locale\" content=\"en_GB\" \/>\n<meta property=\"og:type\" content=\"article\" \/>\n<meta property=\"og:title\" content=\"Ministarstvo saobra\u0107aja i \u017dICG: Izjave Kalu\u0111erovi\u0107a samo izgovor i opravdanje za dalju nezakonitu blokadu \u017eeljezni\u010dkog saobra\u0107aja - dmcsrb.com\" \/>\n<meta property=\"og:description\" content=\"Povodom medijskih istupa Andreja Kalu\u0111erovi\u0107a, obavje\u0161tavamo javnost da su tvrdnje koje je iznio neta\u010dne. Kalu\u0111erovi\u0107 je odbijao pozive na pregovore, insistiraju\u0107i da se unaprijed prihvate zahtjevi za koje je znao da nijesu u skladu sa zakonom, a na kraju je odbio i kona\u010dnu ponudu kolektivnog ugovora, saop\u0161teno je iz Ministarstva saobra\u0107aja i \u017deljezni\u010dke infrastukture Crne Gore.\" \/>\n<meta property=\"og:url\" content=\"https:\/\/dmcsrb.com\/en\/ekonomija\/ministarstvo-saobracaja-i-zicg-izjave-kaludjerovica-samo-izgovor-i-opravdanje-za-dalju-nezakonitu-blokadu-zeljeznickog-saobracaja\/\" \/>\n<meta property=\"og:site_name\" content=\"dmcsrb.com\" \/>\n<meta property=\"article:published_time\" content=\"2025-08-26T10:14:31+00:00\" \/>\n<meta property=\"og:image\" content=\"https:\/\/dmcsrb.com\/wp-content\/uploads\/2026\/01\/IMG-ce69d1c715303666ee3dcae68c89ba72-V.webp\" \/>\n\t<meta property=\"og:image:width\" content=\"1600\" \/>\n\t<meta property=\"og:image:height\" content=\"1200\" \/>\n\t<meta property=\"og:image:type\" content=\"image\/jpeg\" \/>\n<meta name=\"author\" content=\"dmcsrbija.com@gmail.com\" \/>\n<meta name=\"twitter:card\" content=\"summary_large_image\" \/>\n<meta name=\"twitter:label1\" content=\"Written by\" \/>\n\t<meta name=\"twitter:data1\" content=\"dmcsrbija.com@gmail.com\" \/>\n\t<meta name=\"twitter:label2\" content=\"Estimated reading time\" \/>\n\t<meta name=\"twitter:data2\" content=\"2 minutes\" \/>\n<script type=\"application\/ld+json\" class=\"yoast-schema-graph\">{\"@context\":\"https:\/\/schema.org\",\"@graph\":[{\"@type\":\"Article\",\"@id\":\"https:\/\/dmcsrb.com\/ekonomija\/ministarstvo-saobracaja-i-zicg-izjave-kaludjerovica-samo-izgovor-i-opravdanje-za-dalju-nezakonitu-blokadu-zeljeznickog-saobracaja\/#article\",\"isPartOf\":{\"@id\":\"https:\/\/dmcsrb.com\/ekonomija\/ministarstvo-saobracaja-i-zicg-izjave-kaludjerovica-samo-izgovor-i-opravdanje-za-dalju-nezakonitu-blokadu-zeljeznickog-saobracaja\/\"},\"author\":{\"name\":\"dmcsrbija.com@gmail.com\",\"@id\":\"https:\/\/dmcsrb.com\/#\/schema\/person\/5c39170f12db1b8b457732d0b5c854e2\"},\"headline\":\"Ministarstvo saobra\u0107aja i \u017dICG: Izjave Kalu\u0111erovi\u0107a samo izgovor i opravdanje za dalju nezakonitu blokadu \u017eeljezni\u010dkog saobra\u0107aja\",\"datePublished\":\"2025-08-26T10:14:31+00:00\",\"mainEntityOfPage\":{\"@id\":\"https:\/\/dmcsrb.com\/ekonomija\/ministarstvo-saobracaja-i-zicg-izjave-kaludjerovica-samo-izgovor-i-opravdanje-za-dalju-nezakonitu-blokadu-zeljeznickog-saobracaja\/\"},\"wordCount\":460,\"commentCount\":0,\"image\":{\"@id\":\"https:\/\/dmcsrb.com\/ekonomija\/ministarstvo-saobracaja-i-zicg-izjave-kaludjerovica-samo-izgovor-i-opravdanje-za-dalju-nezakonitu-blokadu-zeljeznickog-saobracaja\/#primaryimage\"},\"thumbnailUrl\":\"https:\/\/dmcsrb.com\/wp-content\/uploads\/2026\/01\/IMG-ce69d1c715303666ee3dcae68c89ba72-V.webp\",\"keywords\":[\"Protest\",\"\u017eeljeznica\"],\"articleSection\":[\"Ekonomija\"],\"inLanguage\":\"en-GB\",\"potentialAction\":[{\"@type\":\"CommentAction\",\"name\":\"Comment\",\"target\":[\"https:\/\/dmcsrb.com\/ekonomija\/ministarstvo-saobracaja-i-zicg-izjave-kaludjerovica-samo-izgovor-i-opravdanje-za-dalju-nezakonitu-blokadu-zeljeznickog-saobracaja\/#respond\"]}]},{\"@type\":\"WebPage\",\"@id\":\"https:\/\/dmcsrb.com\/ekonomija\/ministarstvo-saobracaja-i-zicg-izjave-kaludjerovica-samo-izgovor-i-opravdanje-za-dalju-nezakonitu-blokadu-zeljeznickog-saobracaja\/\",\"url\":\"https:\/\/dmcsrb.com\/ekonomija\/ministarstvo-saobracaja-i-zicg-izjave-kaludjerovica-samo-izgovor-i-opravdanje-za-dalju-nezakonitu-blokadu-zeljeznickog-saobracaja\/\",\"name\":\"Ministarstvo saobra\u0107aja i \u017dICG: Izjave Kalu\u0111erovi\u0107a samo izgovor i opravdanje za dalju nezakonitu blokadu \u017eeljezni\u010dkog saobra\u0107aja - dmcsrb.com\",\"isPartOf\":{\"@id\":\"https:\/\/dmcsrb.com\/#website\"},\"primaryImageOfPage\":{\"@id\":\"https:\/\/dmcsrb.com\/ekonomija\/ministarstvo-saobracaja-i-zicg-izjave-kaludjerovica-samo-izgovor-i-opravdanje-za-dalju-nezakonitu-blokadu-zeljeznickog-saobracaja\/#primaryimage\"},\"image\":{\"@id\":\"https:\/\/dmcsrb.com\/ekonomija\/ministarstvo-saobracaja-i-zicg-izjave-kaludjerovica-samo-izgovor-i-opravdanje-za-dalju-nezakonitu-blokadu-zeljeznickog-saobracaja\/#primaryimage\"},\"thumbnailUrl\":\"https:\/\/dmcsrb.com\/wp-content\/uploads\/2026\/01\/IMG-ce69d1c715303666ee3dcae68c89ba72-V.webp\",\"datePublished\":\"2025-08-26T10:14:31+00:00\",\"author\":{\"@id\":\"https:\/\/dmcsrb.com\/#\/schema\/person\/5c39170f12db1b8b457732d0b5c854e2\"},\"breadcrumb\":{\"@id\":\"https:\/\/dmcsrb.com\/ekonomija\/ministarstvo-saobracaja-i-zicg-izjave-kaludjerovica-samo-izgovor-i-opravdanje-za-dalju-nezakonitu-blokadu-zeljeznickog-saobracaja\/#breadcrumb\"},\"inLanguage\":\"en-GB\",\"potentialAction\":[{\"@type\":\"ReadAction\",\"target\":[\"https:\/\/dmcsrb.com\/ekonomija\/ministarstvo-saobracaja-i-zicg-izjave-kaludjerovica-samo-izgovor-i-opravdanje-za-dalju-nezakonitu-blokadu-zeljeznickog-saobracaja\/\"]}]},{\"@type\":\"ImageObject\",\"inLanguage\":\"en-GB\",\"@id\":\"https:\/\/dmcsrb.com\/ekonomija\/ministarstvo-saobracaja-i-zicg-izjave-kaludjerovica-samo-izgovor-i-opravdanje-za-dalju-nezakonitu-blokadu-zeljeznickog-saobracaja\/#primaryimage\",\"url\":\"https:\/\/dmcsrb.com\/wp-content\/uploads\/2026\/01\/IMG-ce69d1c715303666ee3dcae68c89ba72-V.webp\",\"contentUrl\":\"https:\/\/dmcsrb.com\/wp-content\/uploads\/2026\/01\/IMG-ce69d1c715303666ee3dcae68c89ba72-V.webp\",\"width\":1600,\"height\":1200},{\"@type\":\"BreadcrumbList\",\"@id\":\"https:\/\/dmcsrb.com\/ekonomija\/ministarstvo-saobracaja-i-zicg-izjave-kaludjerovica-samo-izgovor-i-opravdanje-za-dalju-nezakonitu-blokadu-zeljeznickog-saobracaja\/#breadcrumb\",\"itemListElement\":[{\"@type\":\"ListItem\",\"position\":1,\"name\":\"Home\",\"item\":\"https:\/\/dmcsrb.com\/\"},{\"@type\":\"ListItem\",\"position\":2,\"name\":\"Ministarstvo saobra\u0107aja i \u017dICG: Izjave Kalu\u0111erovi\u0107a samo izgovor i opravdanje za dalju nezakonitu blokadu \u017eeljezni\u010dkog saobra\u0107aja\"}]},{\"@type\":\"WebSite\",\"@id\":\"https:\/\/dmcsrb.com\/#website\",\"url\":\"https:\/\/dmcsrb.com\/\",\"name\":\"dmcsrb.com\",\"description\":\"\",\"potentialAction\":[{\"@type\":\"SearchAction\",\"target\":{\"@type\":\"EntryPoint\",\"urlTemplate\":\"https:\/\/dmcsrb.com\/?s={search_term_string}\"},\"query-input\":{\"@type\":\"PropertyValueSpecification\",\"valueRequired\":true,\"valueName\":\"search_term_string\"}}],\"inLanguage\":\"en-GB\"},{\"@type\":\"Person\",\"@id\":\"https:\/\/dmcsrb.com\/#\/schema\/person\/5c39170f12db1b8b457732d0b5c854e2\",\"name\":\"dmcsrbija.com@gmail.com\",\"image\":{\"@type\":\"ImageObject\",\"inLanguage\":\"en-GB\",\"@id\":\"https:\/\/dmcsrb.com\/#\/schema\/person\/image\/\",\"url\":\"https:\/\/secure.gravatar.com\/avatar\/68592660ad6347fad0fb587f8d5d8f1a7b44961362f56e4f2cd524feb87e9069?s=96&d=mm&r=g\",\"contentUrl\":\"https:\/\/secure.gravatar.com\/avatar\/68592660ad6347fad0fb587f8d5d8f1a7b44961362f56e4f2cd524feb87e9069?s=96&d=mm&r=g\",\"caption\":\"dmcsrbija.com@gmail.com\"},\"sameAs\":[\"https:\/\/dmcsrb.com\"],\"url\":\"https:\/\/dmcsrb.com\/en\/author\/dmcsrbija-comgmail-com\/\"}]}<\/script>\n<!-- \/ Yoast SEO plugin. -->","yoast_head_json":{"title":"Ministarstvo saobra\u0107aja i \u017dICG: Izjave Kalu\u0111erovi\u0107a samo izgovor i opravdanje za dalju nezakonitu blokadu \u017eeljezni\u010dkog saobra\u0107aja - dmcsrb.com","robots":{"index":"index","follow":"follow","max-snippet":"max-snippet:-1","max-image-preview":"max-image-preview:large","max-video-preview":"max-video-preview:-1"},"canonical":"https:\/\/dmcsrb.com\/en\/ekonomija\/ministarstvo-saobracaja-i-zicg-izjave-kaludjerovica-samo-izgovor-i-opravdanje-za-dalju-nezakonitu-blokadu-zeljeznickog-saobracaja\/","og_locale":"en_GB","og_type":"article","og_title":"Ministarstvo saobra\u0107aja i \u017dICG: Izjave Kalu\u0111erovi\u0107a samo izgovor i opravdanje za dalju nezakonitu blokadu \u017eeljezni\u010dkog saobra\u0107aja - dmcsrb.com","og_description":"Povodom medijskih istupa Andreja Kalu\u0111erovi\u0107a, obavje\u0161tavamo javnost da su tvrdnje koje je iznio neta\u010dne. Kalu\u0111erovi\u0107 je odbijao pozive na pregovore, insistiraju\u0107i da se unaprijed prihvate zahtjevi za koje je znao da nijesu u skladu sa zakonom, a na kraju je odbio i kona\u010dnu ponudu kolektivnog ugovora, saop\u0161teno je iz Ministarstva saobra\u0107aja i \u017deljezni\u010dke infrastukture Crne Gore.","og_url":"https:\/\/dmcsrb.com\/en\/ekonomija\/ministarstvo-saobracaja-i-zicg-izjave-kaludjerovica-samo-izgovor-i-opravdanje-za-dalju-nezakonitu-blokadu-zeljeznickog-saobracaja\/","og_site_name":"dmcsrb.com","article_published_time":"2025-08-26T10:14:31+00:00","og_image":[{"width":1600,"height":1200,"url":"https:\/\/dmcsrb.com\/wp-content\/uploads\/2026\/01\/IMG-ce69d1c715303666ee3dcae68c89ba72-V.webp","type":"image\/jpeg"}],"author":"dmcsrbija.com@gmail.com","twitter_card":"summary_large_image","twitter_misc":{"Written by":"dmcsrbija.com@gmail.com","Estimated reading time":"2 minutes"},"schema":{"@context":"https:\/\/schema.org","@graph":[{"@type":"Article","@id":"https:\/\/dmcsrb.com\/ekonomija\/ministarstvo-saobracaja-i-zicg-izjave-kaludjerovica-samo-izgovor-i-opravdanje-za-dalju-nezakonitu-blokadu-zeljeznickog-saobracaja\/#article","isPartOf":{"@id":"https:\/\/dmcsrb.com\/ekonomija\/ministarstvo-saobracaja-i-zicg-izjave-kaludjerovica-samo-izgovor-i-opravdanje-za-dalju-nezakonitu-blokadu-zeljeznickog-saobracaja\/"},"author":{"name":"dmcsrbija.com@gmail.com","@id":"https:\/\/dmcsrb.com\/#\/schema\/person\/5c39170f12db1b8b457732d0b5c854e2"},"headline":"Ministarstvo saobra\u0107aja i \u017dICG: Izjave Kalu\u0111erovi\u0107a samo izgovor i opravdanje za dalju nezakonitu blokadu \u017eeljezni\u010dkog saobra\u0107aja","datePublished":"2025-08-26T10:14:31+00:00","mainEntityOfPage":{"@id":"https:\/\/dmcsrb.com\/ekonomija\/ministarstvo-saobracaja-i-zicg-izjave-kaludjerovica-samo-izgovor-i-opravdanje-za-dalju-nezakonitu-blokadu-zeljeznickog-saobracaja\/"},"wordCount":460,"commentCount":0,"image":{"@id":"https:\/\/dmcsrb.com\/ekonomija\/ministarstvo-saobracaja-i-zicg-izjave-kaludjerovica-samo-izgovor-i-opravdanje-za-dalju-nezakonitu-blokadu-zeljeznickog-saobracaja\/#primaryimage"},"thumbnailUrl":"https:\/\/dmcsrb.com\/wp-content\/uploads\/2026\/01\/IMG-ce69d1c715303666ee3dcae68c89ba72-V.webp","keywords":["Protest","\u017eeljeznica"],"articleSection":["Ekonomija"],"inLanguage":"en-GB","potentialAction":[{"@type":"CommentAction","name":"Comment","target":["https:\/\/dmcsrb.com\/ekonomija\/ministarstvo-saobracaja-i-zicg-izjave-kaludjerovica-samo-izgovor-i-opravdanje-za-dalju-nezakonitu-blokadu-zeljeznickog-saobracaja\/#respond"]}]},{"@type":"WebPage","@id":"https:\/\/dmcsrb.com\/ekonomija\/ministarstvo-saobracaja-i-zicg-izjave-kaludjerovica-samo-izgovor-i-opravdanje-za-dalju-nezakonitu-blokadu-zeljeznickog-saobracaja\/","url":"https:\/\/dmcsrb.com\/ekonomija\/ministarstvo-saobracaja-i-zicg-izjave-kaludjerovica-samo-izgovor-i-opravdanje-za-dalju-nezakonitu-blokadu-zeljeznickog-saobracaja\/","name":"Ministarstvo saobra\u0107aja i \u017dICG: Izjave Kalu\u0111erovi\u0107a samo izgovor i opravdanje za dalju nezakonitu blokadu \u017eeljezni\u010dkog saobra\u0107aja - dmcsrb.com","isPartOf":{"@id":"https:\/\/dmcsrb.com\/#website"},"primaryImageOfPage":{"@id":"https:\/\/dmcsrb.com\/ekonomija\/ministarstvo-saobracaja-i-zicg-izjave-kaludjerovica-samo-izgovor-i-opravdanje-za-dalju-nezakonitu-blokadu-zeljeznickog-saobracaja\/#primaryimage"},"image":{"@id":"https:\/\/dmcsrb.com\/ekonomija\/ministarstvo-saobracaja-i-zicg-izjave-kaludjerovica-samo-izgovor-i-opravdanje-za-dalju-nezakonitu-blokadu-zeljeznickog-saobracaja\/#primaryimage"},"thumbnailUrl":"https:\/\/dmcsrb.com\/wp-content\/uploads\/2026\/01\/IMG-ce69d1c715303666ee3dcae68c89ba72-V.webp","datePublished":"2025-08-26T10:14:31+00:00","author":{"@id":"https:\/\/dmcsrb.com\/#\/schema\/person\/5c39170f12db1b8b457732d0b5c854e2"},"breadcrumb":{"@id":"https:\/\/dmcsrb.com\/ekonomija\/ministarstvo-saobracaja-i-zicg-izjave-kaludjerovica-samo-izgovor-i-opravdanje-za-dalju-nezakonitu-blokadu-zeljeznickog-saobracaja\/#breadcrumb"},"inLanguage":"en-GB","potentialAction":[{"@type":"ReadAction","target":["https:\/\/dmcsrb.com\/ekonomija\/ministarstvo-saobracaja-i-zicg-izjave-kaludjerovica-samo-izgovor-i-opravdanje-za-dalju-nezakonitu-blokadu-zeljeznickog-saobracaja\/"]}]},{"@type":"ImageObject","inLanguage":"en-GB","@id":"https:\/\/dmcsrb.com\/ekonomija\/ministarstvo-saobracaja-i-zicg-izjave-kaludjerovica-samo-izgovor-i-opravdanje-za-dalju-nezakonitu-blokadu-zeljeznickog-saobracaja\/#primaryimage","url":"https:\/\/dmcsrb.com\/wp-content\/uploads\/2026\/01\/IMG-ce69d1c715303666ee3dcae68c89ba72-V.webp","contentUrl":"https:\/\/dmcsrb.com\/wp-content\/uploads\/2026\/01\/IMG-ce69d1c715303666ee3dcae68c89ba72-V.webp","width":1600,"height":1200},{"@type":"BreadcrumbList","@id":"https:\/\/dmcsrb.com\/ekonomija\/ministarstvo-saobracaja-i-zicg-izjave-kaludjerovica-samo-izgovor-i-opravdanje-za-dalju-nezakonitu-blokadu-zeljeznickog-saobracaja\/#breadcrumb","itemListElement":[{"@type":"ListItem","position":1,"name":"Home","item":"https:\/\/dmcsrb.com\/"},{"@type":"ListItem","position":2,"name":"Ministarstvo saobra\u0107aja i \u017dICG: Izjave Kalu\u0111erovi\u0107a samo izgovor i opravdanje za dalju nezakonitu blokadu \u017eeljezni\u010dkog saobra\u0107aja"}]},{"@type":"WebSite","@id":"https:\/\/dmcsrb.com\/#website","url":"https:\/\/dmcsrb.com\/","name":"dmcsrb.com","description":"","potentialAction":[{"@type":"SearchAction","target":{"@type":"EntryPoint","urlTemplate":"https:\/\/dmcsrb.com\/?s={search_term_string}"},"query-input":{"@type":"PropertyValueSpecification","valueRequired":true,"valueName":"search_term_string"}}],"inLanguage":"en-GB"},{"@type":"Person","@id":"https:\/\/dmcsrb.com\/#\/schema\/person\/5c39170f12db1b8b457732d0b5c854e2","name":"dmcsrbija.com@gmail.com","image":{"@type":"ImageObject","inLanguage":"en-GB","@id":"https:\/\/dmcsrb.com\/#\/schema\/person\/image\/","url":"https:\/\/secure.gravatar.com\/avatar\/68592660ad6347fad0fb587f8d5d8f1a7b44961362f56e4f2cd524feb87e9069?s=96&d=mm&r=g","contentUrl":"https:\/\/secure.gravatar.com\/avatar\/68592660ad6347fad0fb587f8d5d8f1a7b44961362f56e4f2cd524feb87e9069?s=96&d=mm&r=g","caption":"dmcsrbija.com@gmail.com"},"sameAs":["https:\/\/dmcsrb.com"],"url":"https:\/\/dmcsrb.com\/en\/author\/dmcsrbija-comgmail-com\/"}]}},"_links":{"self":[{"href":"https:\/\/dmcsrb.com\/en\/wp-json\/wp\/v2\/posts\/948359","targetHints":{"allow":["GET"]}}],"collection":[{"href":"https:\/\/dmcsrb.com\/en\/wp-json\/wp\/v2\/posts"}],"about":[{"href":"https:\/\/dmcsrb.com\/en\/wp-json\/wp\/v2\/types\/post"}],"author":[{"embeddable":true,"href":"https:\/\/dmcsrb.com\/en\/wp-json\/wp\/v2\/users\/1"}],"replies":[{"embeddable":true,"href":"https:\/\/dmcsrb.com\/en\/wp-json\/wp\/v2\/comments?post=948359"}],"version-history":[{"count":0,"href":"https:\/\/dmcsrb.com\/en\/wp-json\/wp\/v2\/posts\/948359\/revisions"}],"wp:featuredmedia":[{"embeddable":true,"href":"https:\/\/dmcsrb.com\/en\/wp-json\/wp\/v2\/media\/948176"}],"wp:attachment":[{"href":"https:\/\/dmcsrb.com\/en\/wp-json\/wp\/v2\/media?parent=948359"}],"wp:term":[{"taxonomy":"category","embeddable":true,"href":"https:\/\/dmcsrb.com\/en\/wp-json\/wp\/v2\/categories?post=948359"},{"taxonomy":"post_tag","embeddable":true,"href":"https:\/\/dmcsrb.com\/en\/wp-json\/wp\/v2\/tags?post=948359"},{"taxonomy":"naslovna","embeddable":true,"href":"https:\/\/dmcsrb.com\/en\/wp-json\/wp\/v2\/naslovna?post=948359"}],"curies":[{"name":"wp","href":"https:\/\/api.w.org\/{rel}","templated":true}]}}