{"id":948312,"date":"2025-08-26T08:23:00","date_gmt":"2025-08-26T06:23:00","guid":{"rendered":"https:\/\/dmcsrb.com\/uncategorized\/australija-protjeruje-iranskog-ambasadora\/"},"modified":"2025-08-26T08:23:00","modified_gmt":"2025-08-26T06:23:00","slug":"australija-protjeruje-iranskog-ambasadora","status":"publish","type":"post","link":"https:\/\/dmcsrb.com\/en\/svijet\/australija-protjeruje-iranskog-ambasadora\/","title":{"rendered":"Australija protjeruje iranskog ambasadora"},"content":{"rendered":"<p>Obavje\u0161tajne slu\u017ebe zemlje do\u0161le su do \u201cduboko uznemiruju\u0107eg zaklju\u010dka\u201d da je Iran organizovao najmanje dva antisemitska napada krajem 2004. godine, rekao je australijski premijer<strong>&nbsp;Entoni Albaneze<\/strong>&nbsp;na konferenciji za novinare.<\/p>\n\n\n\n<p>Australija je dala ambasadoru i jo\u0161 trojici iranskih diplomata rok od sedam dana da napuste zemlju, rekla je ministarka vanjskih poslova&nbsp;<strong>Peni Vong<\/strong>.<\/p>\n\n\n\n<p>Ovo je Australija u\u010dinila prvi put od Drugog svjetskog rata.<\/p>\n\n\n\n<p>Kanbera je tako\u0111e obustavila aktivnosti svoje ambasade u Teheranu i povukla ambasadora.<\/p>\n\n\n\n<p>Australija, me\u0111utim, ne namjerava potpuno prekinuti diplomatske odnose sa Iranom, da bi branila interese svojih gra\u0111ana, dodala je Peni Vong.<\/p>\n\n\n\n<p>Premijer Australije je rekao da Iran stoji iza po\u017eara u ko\u0161er kafi\u0107u u predgra\u0111u Sidneja, u oktobru 2024. i u sinagogi Adas Izrael u Melburnu u decembru 2024. godine. U ovim incidentima nije bilo povrije\u0111enih.<\/p>\n\n\n\n<p>Australijski premijer je dodao da Iran vjerovatno stoji i iza drugih antisemitskih napada u zemlji.<\/p>","protected":false},"excerpt":{"rendered":"<p>Australijska vlada saop\u0161tila je da protjeruje iranskog ambasadora u Kanberi, optu\u017euju\u0107i Iran za umije\u0161anost u antisemitske napade u Melburnu i Sidneju, prenosi RSE.<\/p>","protected":false},"author":1,"featured_media":948313,"comment_status":"open","ping_status":"open","sticky":false,"template":"","format":"standard","meta":{"_acf_changed":false,"footnotes":""},"categories":[144],"tags":[7896,2239,1385,7998],"naslovna":[],"class_list":["post-948312","post","type-post","status-publish","format-standard","has-post-thumbnail","hentry","category-svijet","tag-ambasador","tag-australija","tag-iran","tag-protjerivanje"],"acf":[],"yoast_head":"<!-- This site is optimized with the Yoast SEO plugin v27.4 - https:\/\/yoast.com\/product\/yoast-seo-wordpress\/ -->\n<title>Australija protjeruje iranskog ambasadora - dmcsrb.com<\/title>\n<meta name=\"robots\" content=\"index, follow, max-snippet:-1, max-image-preview:large, max-video-preview:-1\" \/>\n<link rel=\"canonical\" href=\"https:\/\/dmcsrb.com\/en\/svijet\/australija-protjeruje-iranskog-ambasadora\/\" \/>\n<meta property=\"og:locale\" content=\"en_GB\" \/>\n<meta property=\"og:type\" content=\"article\" \/>\n<meta property=\"og:title\" content=\"Australija protjeruje iranskog ambasadora - dmcsrb.com\" \/>\n<meta property=\"og:description\" content=\"Australijska vlada saop\u0161tila je da protjeruje iranskog ambasadora u Kanberi, optu\u017euju\u0107i Iran za umije\u0161anost u antisemitske napade u Melburnu i Sidneju, prenosi RSE.\" \/>\n<meta property=\"og:url\" content=\"https:\/\/dmcsrb.com\/en\/svijet\/australija-protjeruje-iranskog-ambasadora\/\" \/>\n<meta property=\"og:site_name\" content=\"dmcsrb.com\" \/>\n<meta property=\"article:published_time\" content=\"2025-08-26T06:23:00+00:00\" \/>\n<meta property=\"og:image\" content=\"https:\/\/dmcsrb.com\/wp-content\/uploads\/2026\/01\/australija1.webp\" \/>\n\t<meta property=\"og:image:width\" content=\"1280\" \/>\n\t<meta property=\"og:image:height\" content=\"853\" \/>\n\t<meta property=\"og:image:type\" content=\"image\/webp\" \/>\n<meta name=\"author\" content=\"dmcsrbija.com@gmail.com\" \/>\n<meta name=\"twitter:card\" content=\"summary_large_image\" \/>\n<meta name=\"twitter:label1\" content=\"Written by\" \/>\n\t<meta name=\"twitter:data1\" content=\"dmcsrbija.com@gmail.com\" \/>\n\t<meta name=\"twitter:label2\" content=\"Estimated reading time\" \/>\n\t<meta name=\"twitter:data2\" content=\"1 minute\" \/>\n<script type=\"application\/ld+json\" class=\"yoast-schema-graph\">{\"@context\":\"https:\\\/\\\/schema.org\",\"@graph\":[{\"@type\":\"Article\",\"@id\":\"https:\\\/\\\/dmcsrb.com\\\/svijet\\\/australija-protjeruje-iranskog-ambasadora\\\/#article\",\"isPartOf\":{\"@id\":\"https:\\\/\\\/dmcsrb.com\\\/svijet\\\/australija-protjeruje-iranskog-ambasadora\\\/\"},\"author\":{\"name\":\"dmcsrbija.com@gmail.com\",\"@id\":\"https:\\\/\\\/dmcsrb.com\\\/#\\\/schema\\\/person\\\/5c39170f12db1b8b457732d0b5c854e2\"},\"headline\":\"Australija protjeruje iranskog ambasadora\",\"datePublished\":\"2025-08-26T06:23:00+00:00\",\"mainEntityOfPage\":{\"@id\":\"https:\\\/\\\/dmcsrb.com\\\/svijet\\\/australija-protjeruje-iranskog-ambasadora\\\/\"},\"wordCount\":163,\"commentCount\":0,\"image\":{\"@id\":\"https:\\\/\\\/dmcsrb.com\\\/svijet\\\/australija-protjeruje-iranskog-ambasadora\\\/#primaryimage\"},\"thumbnailUrl\":\"https:\\\/\\\/dmcsrb.com\\\/wp-content\\\/uploads\\\/2026\\\/01\\\/australija1.webp\",\"keywords\":[\"ambasador\",\"Australija\",\"iran\",\"Protjerivanje\"],\"articleSection\":[\"Svijet\"],\"inLanguage\":\"en-GB\",\"potentialAction\":[{\"@type\":\"CommentAction\",\"name\":\"Comment\",\"target\":[\"https:\\\/\\\/dmcsrb.com\\\/svijet\\\/australija-protjeruje-iranskog-ambasadora\\\/#respond\"]}]},{\"@type\":\"WebPage\",\"@id\":\"https:\\\/\\\/dmcsrb.com\\\/svijet\\\/australija-protjeruje-iranskog-ambasadora\\\/\",\"url\":\"https:\\\/\\\/dmcsrb.com\\\/svijet\\\/australija-protjeruje-iranskog-ambasadora\\\/\",\"name\":\"Australija protjeruje iranskog ambasadora - dmcsrb.com\",\"isPartOf\":{\"@id\":\"https:\\\/\\\/dmcsrb.com\\\/#website\"},\"primaryImageOfPage\":{\"@id\":\"https:\\\/\\\/dmcsrb.com\\\/svijet\\\/australija-protjeruje-iranskog-ambasadora\\\/#primaryimage\"},\"image\":{\"@id\":\"https:\\\/\\\/dmcsrb.com\\\/svijet\\\/australija-protjeruje-iranskog-ambasadora\\\/#primaryimage\"},\"thumbnailUrl\":\"https:\\\/\\\/dmcsrb.com\\\/wp-content\\\/uploads\\\/2026\\\/01\\\/australija1.webp\",\"datePublished\":\"2025-08-26T06:23:00+00:00\",\"author\":{\"@id\":\"https:\\\/\\\/dmcsrb.com\\\/#\\\/schema\\\/person\\\/5c39170f12db1b8b457732d0b5c854e2\"},\"breadcrumb\":{\"@id\":\"https:\\\/\\\/dmcsrb.com\\\/svijet\\\/australija-protjeruje-iranskog-ambasadora\\\/#breadcrumb\"},\"inLanguage\":\"en-GB\",\"potentialAction\":[{\"@type\":\"ReadAction\",\"target\":[\"https:\\\/\\\/dmcsrb.com\\\/svijet\\\/australija-protjeruje-iranskog-ambasadora\\\/\"]}]},{\"@type\":\"ImageObject\",\"inLanguage\":\"en-GB\",\"@id\":\"https:\\\/\\\/dmcsrb.com\\\/svijet\\\/australija-protjeruje-iranskog-ambasadora\\\/#primaryimage\",\"url\":\"https:\\\/\\\/dmcsrb.com\\\/wp-content\\\/uploads\\\/2026\\\/01\\\/australija1.webp\",\"contentUrl\":\"https:\\\/\\\/dmcsrb.com\\\/wp-content\\\/uploads\\\/2026\\\/01\\\/australija1.webp\",\"width\":1280,\"height\":853},{\"@type\":\"BreadcrumbList\",\"@id\":\"https:\\\/\\\/dmcsrb.com\\\/svijet\\\/australija-protjeruje-iranskog-ambasadora\\\/#breadcrumb\",\"itemListElement\":[{\"@type\":\"ListItem\",\"position\":1,\"name\":\"Home\",\"item\":\"https:\\\/\\\/dmcsrb.com\\\/\"},{\"@type\":\"ListItem\",\"position\":2,\"name\":\"Australija protjeruje iranskog ambasadora\"}]},{\"@type\":\"WebSite\",\"@id\":\"https:\\\/\\\/dmcsrb.com\\\/#website\",\"url\":\"https:\\\/\\\/dmcsrb.com\\\/\",\"name\":\"dmcsrb.com\",\"description\":\"\",\"potentialAction\":[{\"@type\":\"SearchAction\",\"target\":{\"@type\":\"EntryPoint\",\"urlTemplate\":\"https:\\\/\\\/dmcsrb.com\\\/?s={search_term_string}\"},\"query-input\":{\"@type\":\"PropertyValueSpecification\",\"valueRequired\":true,\"valueName\":\"search_term_string\"}}],\"inLanguage\":\"en-GB\"},{\"@type\":\"Person\",\"@id\":\"https:\\\/\\\/dmcsrb.com\\\/#\\\/schema\\\/person\\\/5c39170f12db1b8b457732d0b5c854e2\",\"name\":\"dmcsrbija.com@gmail.com\",\"image\":{\"@type\":\"ImageObject\",\"inLanguage\":\"en-GB\",\"@id\":\"https:\\\/\\\/secure.gravatar.com\\\/avatar\\\/68592660ad6347fad0fb587f8d5d8f1a7b44961362f56e4f2cd524feb87e9069?s=96&d=mm&r=g\",\"url\":\"https:\\\/\\\/secure.gravatar.com\\\/avatar\\\/68592660ad6347fad0fb587f8d5d8f1a7b44961362f56e4f2cd524feb87e9069?s=96&d=mm&r=g\",\"contentUrl\":\"https:\\\/\\\/secure.gravatar.com\\\/avatar\\\/68592660ad6347fad0fb587f8d5d8f1a7b44961362f56e4f2cd524feb87e9069?s=96&d=mm&r=g\",\"caption\":\"dmcsrbija.com@gmail.com\"},\"sameAs\":[\"https:\\\/\\\/dmcsrb.com\"],\"url\":\"https:\\\/\\\/dmcsrb.com\\\/en\\\/author\\\/dmcsrbija-comgmail-com\\\/\"}]}<\/script>\n<!-- \/ Yoast SEO plugin. -->","yoast_head_json":{"title":"Australija protjeruje iranskog ambasadora - dmcsrb.com","robots":{"index":"index","follow":"follow","max-snippet":"max-snippet:-1","max-image-preview":"max-image-preview:large","max-video-preview":"max-video-preview:-1"},"canonical":"https:\/\/dmcsrb.com\/en\/svijet\/australija-protjeruje-iranskog-ambasadora\/","og_locale":"en_GB","og_type":"article","og_title":"Australija protjeruje iranskog ambasadora - dmcsrb.com","og_description":"Australijska vlada saop\u0161tila je da protjeruje iranskog ambasadora u Kanberi, optu\u017euju\u0107i Iran za umije\u0161anost u antisemitske napade u Melburnu i Sidneju, prenosi RSE.","og_url":"https:\/\/dmcsrb.com\/en\/svijet\/australija-protjeruje-iranskog-ambasadora\/","og_site_name":"dmcsrb.com","article_published_time":"2025-08-26T06:23:00+00:00","og_image":[{"width":1280,"height":853,"url":"https:\/\/dmcsrb.com\/wp-content\/uploads\/2026\/01\/australija1.webp","type":"image\/webp"}],"author":"dmcsrbija.com@gmail.com","twitter_card":"summary_large_image","twitter_misc":{"Written by":"dmcsrbija.com@gmail.com","Estimated reading time":"1 minute"},"schema":{"@context":"https:\/\/schema.org","@graph":[{"@type":"Article","@id":"https:\/\/dmcsrb.com\/svijet\/australija-protjeruje-iranskog-ambasadora\/#article","isPartOf":{"@id":"https:\/\/dmcsrb.com\/svijet\/australija-protjeruje-iranskog-ambasadora\/"},"author":{"name":"dmcsrbija.com@gmail.com","@id":"https:\/\/dmcsrb.com\/#\/schema\/person\/5c39170f12db1b8b457732d0b5c854e2"},"headline":"Australija protjeruje iranskog ambasadora","datePublished":"2025-08-26T06:23:00+00:00","mainEntityOfPage":{"@id":"https:\/\/dmcsrb.com\/svijet\/australija-protjeruje-iranskog-ambasadora\/"},"wordCount":163,"commentCount":0,"image":{"@id":"https:\/\/dmcsrb.com\/svijet\/australija-protjeruje-iranskog-ambasadora\/#primaryimage"},"thumbnailUrl":"https:\/\/dmcsrb.com\/wp-content\/uploads\/2026\/01\/australija1.webp","keywords":["ambasador","Australija","iran","Protjerivanje"],"articleSection":["Svijet"],"inLanguage":"en-GB","potentialAction":[{"@type":"CommentAction","name":"Comment","target":["https:\/\/dmcsrb.com\/svijet\/australija-protjeruje-iranskog-ambasadora\/#respond"]}]},{"@type":"WebPage","@id":"https:\/\/dmcsrb.com\/svijet\/australija-protjeruje-iranskog-ambasadora\/","url":"https:\/\/dmcsrb.com\/svijet\/australija-protjeruje-iranskog-ambasadora\/","name":"Australija protjeruje iranskog ambasadora - dmcsrb.com","isPartOf":{"@id":"https:\/\/dmcsrb.com\/#website"},"primaryImageOfPage":{"@id":"https:\/\/dmcsrb.com\/svijet\/australija-protjeruje-iranskog-ambasadora\/#primaryimage"},"image":{"@id":"https:\/\/dmcsrb.com\/svijet\/australija-protjeruje-iranskog-ambasadora\/#primaryimage"},"thumbnailUrl":"https:\/\/dmcsrb.com\/wp-content\/uploads\/2026\/01\/australija1.webp","datePublished":"2025-08-26T06:23:00+00:00","author":{"@id":"https:\/\/dmcsrb.com\/#\/schema\/person\/5c39170f12db1b8b457732d0b5c854e2"},"breadcrumb":{"@id":"https:\/\/dmcsrb.com\/svijet\/australija-protjeruje-iranskog-ambasadora\/#breadcrumb"},"inLanguage":"en-GB","potentialAction":[{"@type":"ReadAction","target":["https:\/\/dmcsrb.com\/svijet\/australija-protjeruje-iranskog-ambasadora\/"]}]},{"@type":"ImageObject","inLanguage":"en-GB","@id":"https:\/\/dmcsrb.com\/svijet\/australija-protjeruje-iranskog-ambasadora\/#primaryimage","url":"https:\/\/dmcsrb.com\/wp-content\/uploads\/2026\/01\/australija1.webp","contentUrl":"https:\/\/dmcsrb.com\/wp-content\/uploads\/2026\/01\/australija1.webp","width":1280,"height":853},{"@type":"BreadcrumbList","@id":"https:\/\/dmcsrb.com\/svijet\/australija-protjeruje-iranskog-ambasadora\/#breadcrumb","itemListElement":[{"@type":"ListItem","position":1,"name":"Home","item":"https:\/\/dmcsrb.com\/"},{"@type":"ListItem","position":2,"name":"Australija protjeruje iranskog ambasadora"}]},{"@type":"WebSite","@id":"https:\/\/dmcsrb.com\/#website","url":"https:\/\/dmcsrb.com\/","name":"dmcsrb.com","description":"","potentialAction":[{"@type":"SearchAction","target":{"@type":"EntryPoint","urlTemplate":"https:\/\/dmcsrb.com\/?s={search_term_string}"},"query-input":{"@type":"PropertyValueSpecification","valueRequired":true,"valueName":"search_term_string"}}],"inLanguage":"en-GB"},{"@type":"Person","@id":"https:\/\/dmcsrb.com\/#\/schema\/person\/5c39170f12db1b8b457732d0b5c854e2","name":"dmcsrbija.com@gmail.com","image":{"@type":"ImageObject","inLanguage":"en-GB","@id":"https:\/\/secure.gravatar.com\/avatar\/68592660ad6347fad0fb587f8d5d8f1a7b44961362f56e4f2cd524feb87e9069?s=96&d=mm&r=g","url":"https:\/\/secure.gravatar.com\/avatar\/68592660ad6347fad0fb587f8d5d8f1a7b44961362f56e4f2cd524feb87e9069?s=96&d=mm&r=g","contentUrl":"https:\/\/secure.gravatar.com\/avatar\/68592660ad6347fad0fb587f8d5d8f1a7b44961362f56e4f2cd524feb87e9069?s=96&d=mm&r=g","caption":"dmcsrbija.com@gmail.com"},"sameAs":["https:\/\/dmcsrb.com"],"url":"https:\/\/dmcsrb.com\/en\/author\/dmcsrbija-comgmail-com\/"}]}},"_links":{"self":[{"href":"https:\/\/dmcsrb.com\/en\/wp-json\/wp\/v2\/posts\/948312","targetHints":{"allow":["GET"]}}],"collection":[{"href":"https:\/\/dmcsrb.com\/en\/wp-json\/wp\/v2\/posts"}],"about":[{"href":"https:\/\/dmcsrb.com\/en\/wp-json\/wp\/v2\/types\/post"}],"author":[{"embeddable":true,"href":"https:\/\/dmcsrb.com\/en\/wp-json\/wp\/v2\/users\/1"}],"replies":[{"embeddable":true,"href":"https:\/\/dmcsrb.com\/en\/wp-json\/wp\/v2\/comments?post=948312"}],"version-history":[{"count":0,"href":"https:\/\/dmcsrb.com\/en\/wp-json\/wp\/v2\/posts\/948312\/revisions"}],"wp:featuredmedia":[{"embeddable":true,"href":"https:\/\/dmcsrb.com\/en\/wp-json\/wp\/v2\/media\/948313"}],"wp:attachment":[{"href":"https:\/\/dmcsrb.com\/en\/wp-json\/wp\/v2\/media?parent=948312"}],"wp:term":[{"taxonomy":"category","embeddable":true,"href":"https:\/\/dmcsrb.com\/en\/wp-json\/wp\/v2\/categories?post=948312"},{"taxonomy":"post_tag","embeddable":true,"href":"https:\/\/dmcsrb.com\/en\/wp-json\/wp\/v2\/tags?post=948312"},{"taxonomy":"naslovna","embeddable":true,"href":"https:\/\/dmcsrb.com\/en\/wp-json\/wp\/v2\/naslovna?post=948312"}],"curies":[{"name":"wp","href":"https:\/\/api.w.org\/{rel}","templated":true}]}}