{"id":948291,"date":"2025-08-26T06:37:00","date_gmt":"2025-08-26T04:37:00","guid":{"rendered":"https:\/\/dmcsrb.com\/uncategorized\/za-vikend-odigran-memorijalni-turnir-slobodan-slobo-jablan\/"},"modified":"2025-08-26T06:37:00","modified_gmt":"2025-08-26T04:37:00","slug":"za-vikend-odigran-memorijalni-turnir-slobodan-slobo-jablan","status":"publish","type":"post","link":"https:\/\/dmcsrb.com\/en\/sport\/za-vikend-odigran-memorijalni-turnir-slobodan-slobo-jablan\/","title":{"rendered":"Za vikend odigran Memorijalni turnir &#8220;Slobodan Slobo Jablan&#8221;"},"content":{"rendered":"<p>U mu\u0161koj konkurenciji, prvo mjesto osvojila je ekipa \u201cKrsto Radusinovi\u0107\u201d, drugo mjesto pripalo je ekipi \u201cDream Team\u201d, dok je tre\u0107e mjesto zauzeo \u201cLov\u0107en Veterani\u201d. \u010cetvrto mjesto pripalo je ekipi \u201cMiris Lipa\u201d, a peto \u201cVolley Bars\u201d.<\/p>\n\n\n\n<p>Na turniru mladih prvo mjesto osvojila je ekipa \u201cMornara\u201d, drugi su bili \u201c\u0160ampioni\u201d, a tre\u0107e mjesto zauzeo je \u201cLov\u0107en\u201d. U \u017eenskoj konkurenciji, pobjednica je bila ekipa \u201cZora\u201d, koja je savladala \u201cLov\u0107en\u201d.<\/p>\n\n\n\n<p>Memorijalni turnir \u201cSlobodan Slobo Jablan\u201d nastavlja tradiciju sje\u0107anja na dugogodi\u0161njeg \u010dlana i zaljubljenika u odbojku, \u010dime se podsti\u010de razvoj sporta i okupljanje mladih odbojka\u0161a i ljubitelja ovog sporta.<\/p>","protected":false},"excerpt":{"rendered":"<p>Za vikend je u dvorani Sportskog centra na Cetinju odigrano drugo izdanje Memorijalnog odbojka\u0161kog turnira \u201cSlobodan Slobo Jablan\u201d. Turnir je okupio osam mu\u0161kih i dvije \u017eenske ekipe, u ogranizaciji Odbojka\u0161kog kluba \u201cLov\u0107en\u201d i uz podr\u0161ku Odbojka\u0161kog saveza Crne Gore.<\/p>","protected":false},"author":1,"featured_media":948292,"comment_status":"open","ping_status":"open","sticky":false,"template":"","format":"standard","meta":{"_acf_changed":false,"footnotes":""},"categories":[148],"tags":[18422,10261,217],"naslovna":[],"class_list":["post-948291","post","type-post","status-publish","format-standard","has-post-thumbnail","hentry","category-sport","tag-memorijalni-turnir-slobodan-slobo-jablan","tag-ok-lovcen","tag-oscg"],"acf":[],"yoast_head":"<!-- This site is optimized with the Yoast SEO plugin v27.0 - https:\/\/yoast.com\/product\/yoast-seo-wordpress\/ -->\n<title>Za vikend odigran Memorijalni turnir &quot;Slobodan Slobo Jablan&quot; - dmcsrb.com<\/title>\n<meta name=\"robots\" content=\"index, follow, max-snippet:-1, max-image-preview:large, max-video-preview:-1\" \/>\n<link rel=\"canonical\" href=\"https:\/\/dmcsrb.com\/en\/sport\/za-vikend-odigran-memorijalni-turnir-slobodan-slobo-jablan\/\" \/>\n<meta property=\"og:locale\" content=\"en_GB\" \/>\n<meta property=\"og:type\" content=\"article\" \/>\n<meta property=\"og:title\" content=\"Za vikend odigran Memorijalni turnir &quot;Slobodan Slobo Jablan&quot; - dmcsrb.com\" \/>\n<meta property=\"og:description\" content=\"Za vikend je u dvorani Sportskog centra na Cetinju odigrano drugo izdanje Memorijalnog odbojka\u0161kog turnira \u201cSlobodan Slobo Jablan\u201d. Turnir je okupio osam mu\u0161kih i dvije \u017eenske ekipe, u ogranizaciji Odbojka\u0161kog kluba \u201cLov\u0107en\u201d i uz podr\u0161ku Odbojka\u0161kog saveza Crne Gore.\" \/>\n<meta property=\"og:url\" content=\"https:\/\/dmcsrb.com\/en\/sport\/za-vikend-odigran-memorijalni-turnir-slobodan-slobo-jablan\/\" \/>\n<meta property=\"og:site_name\" content=\"dmcsrb.com\" \/>\n<meta property=\"article:published_time\" content=\"2025-08-26T04:37:00+00:00\" \/>\n<meta property=\"og:image\" content=\"https:\/\/dmcsrb.com\/wp-content\/uploads\/2026\/01\/Memorijal-OK-Lovcen.webp\" \/>\n\t<meta property=\"og:image:width\" content=\"1080\" \/>\n\t<meta property=\"og:image:height\" content=\"810\" \/>\n\t<meta property=\"og:image:type\" content=\"image\/jpeg\" \/>\n<meta name=\"author\" content=\"dmcsrbija.com@gmail.com\" \/>\n<meta name=\"twitter:card\" content=\"summary_large_image\" \/>\n<meta name=\"twitter:label1\" content=\"Written by\" \/>\n\t<meta name=\"twitter:data1\" content=\"dmcsrbija.com@gmail.com\" \/>\n\t<meta name=\"twitter:label2\" content=\"Estimated reading time\" \/>\n\t<meta name=\"twitter:data2\" content=\"1 minute\" \/>\n<script type=\"application\/ld+json\" class=\"yoast-schema-graph\">{\"@context\":\"https:\/\/schema.org\",\"@graph\":[{\"@type\":\"Article\",\"@id\":\"https:\/\/dmcsrb.com\/sport\/za-vikend-odigran-memorijalni-turnir-slobodan-slobo-jablan\/#article\",\"isPartOf\":{\"@id\":\"https:\/\/dmcsrb.com\/sport\/za-vikend-odigran-memorijalni-turnir-slobodan-slobo-jablan\/\"},\"author\":{\"name\":\"dmcsrbija.com@gmail.com\",\"@id\":\"https:\/\/dmcsrb.com\/#\/schema\/person\/5c39170f12db1b8b457732d0b5c854e2\"},\"headline\":\"Za vikend odigran Memorijalni turnir &#8220;Slobodan Slobo Jablan&#8221;\",\"datePublished\":\"2025-08-26T04:37:00+00:00\",\"mainEntityOfPage\":{\"@id\":\"https:\/\/dmcsrb.com\/sport\/za-vikend-odigran-memorijalni-turnir-slobodan-slobo-jablan\/\"},\"wordCount\":112,\"commentCount\":0,\"image\":{\"@id\":\"https:\/\/dmcsrb.com\/sport\/za-vikend-odigran-memorijalni-turnir-slobodan-slobo-jablan\/#primaryimage\"},\"thumbnailUrl\":\"https:\/\/dmcsrb.com\/wp-content\/uploads\/2026\/01\/Memorijal-OK-Lovcen.webp\",\"keywords\":[\"Memorijalni turnir Slobodan Slobo Jablan\",\"OK Lov\u0107en\",\"OSCG\"],\"articleSection\":[\"Sport\"],\"inLanguage\":\"en-GB\",\"potentialAction\":[{\"@type\":\"CommentAction\",\"name\":\"Comment\",\"target\":[\"https:\/\/dmcsrb.com\/sport\/za-vikend-odigran-memorijalni-turnir-slobodan-slobo-jablan\/#respond\"]}]},{\"@type\":\"WebPage\",\"@id\":\"https:\/\/dmcsrb.com\/sport\/za-vikend-odigran-memorijalni-turnir-slobodan-slobo-jablan\/\",\"url\":\"https:\/\/dmcsrb.com\/sport\/za-vikend-odigran-memorijalni-turnir-slobodan-slobo-jablan\/\",\"name\":\"Za vikend odigran Memorijalni turnir \\\"Slobodan Slobo Jablan\\\" - dmcsrb.com\",\"isPartOf\":{\"@id\":\"https:\/\/dmcsrb.com\/#website\"},\"primaryImageOfPage\":{\"@id\":\"https:\/\/dmcsrb.com\/sport\/za-vikend-odigran-memorijalni-turnir-slobodan-slobo-jablan\/#primaryimage\"},\"image\":{\"@id\":\"https:\/\/dmcsrb.com\/sport\/za-vikend-odigran-memorijalni-turnir-slobodan-slobo-jablan\/#primaryimage\"},\"thumbnailUrl\":\"https:\/\/dmcsrb.com\/wp-content\/uploads\/2026\/01\/Memorijal-OK-Lovcen.webp\",\"datePublished\":\"2025-08-26T04:37:00+00:00\",\"author\":{\"@id\":\"https:\/\/dmcsrb.com\/#\/schema\/person\/5c39170f12db1b8b457732d0b5c854e2\"},\"breadcrumb\":{\"@id\":\"https:\/\/dmcsrb.com\/sport\/za-vikend-odigran-memorijalni-turnir-slobodan-slobo-jablan\/#breadcrumb\"},\"inLanguage\":\"en-GB\",\"potentialAction\":[{\"@type\":\"ReadAction\",\"target\":[\"https:\/\/dmcsrb.com\/sport\/za-vikend-odigran-memorijalni-turnir-slobodan-slobo-jablan\/\"]}]},{\"@type\":\"ImageObject\",\"inLanguage\":\"en-GB\",\"@id\":\"https:\/\/dmcsrb.com\/sport\/za-vikend-odigran-memorijalni-turnir-slobodan-slobo-jablan\/#primaryimage\",\"url\":\"https:\/\/dmcsrb.com\/wp-content\/uploads\/2026\/01\/Memorijal-OK-Lovcen.webp\",\"contentUrl\":\"https:\/\/dmcsrb.com\/wp-content\/uploads\/2026\/01\/Memorijal-OK-Lovcen.webp\",\"width\":1080,\"height\":810},{\"@type\":\"BreadcrumbList\",\"@id\":\"https:\/\/dmcsrb.com\/sport\/za-vikend-odigran-memorijalni-turnir-slobodan-slobo-jablan\/#breadcrumb\",\"itemListElement\":[{\"@type\":\"ListItem\",\"position\":1,\"name\":\"Home\",\"item\":\"https:\/\/dmcsrb.com\/\"},{\"@type\":\"ListItem\",\"position\":2,\"name\":\"Za vikend odigran Memorijalni turnir &#8220;Slobodan Slobo Jablan&#8221;\"}]},{\"@type\":\"WebSite\",\"@id\":\"https:\/\/dmcsrb.com\/#website\",\"url\":\"https:\/\/dmcsrb.com\/\",\"name\":\"dmcsrb.com\",\"description\":\"\",\"potentialAction\":[{\"@type\":\"SearchAction\",\"target\":{\"@type\":\"EntryPoint\",\"urlTemplate\":\"https:\/\/dmcsrb.com\/?s={search_term_string}\"},\"query-input\":{\"@type\":\"PropertyValueSpecification\",\"valueRequired\":true,\"valueName\":\"search_term_string\"}}],\"inLanguage\":\"en-GB\"},{\"@type\":\"Person\",\"@id\":\"https:\/\/dmcsrb.com\/#\/schema\/person\/5c39170f12db1b8b457732d0b5c854e2\",\"name\":\"dmcsrbija.com@gmail.com\",\"image\":{\"@type\":\"ImageObject\",\"inLanguage\":\"en-GB\",\"@id\":\"https:\/\/dmcsrb.com\/#\/schema\/person\/image\/\",\"url\":\"https:\/\/secure.gravatar.com\/avatar\/68592660ad6347fad0fb587f8d5d8f1a7b44961362f56e4f2cd524feb87e9069?s=96&d=mm&r=g\",\"contentUrl\":\"https:\/\/secure.gravatar.com\/avatar\/68592660ad6347fad0fb587f8d5d8f1a7b44961362f56e4f2cd524feb87e9069?s=96&d=mm&r=g\",\"caption\":\"dmcsrbija.com@gmail.com\"},\"sameAs\":[\"https:\/\/dmcsrb.com\"],\"url\":\"https:\/\/dmcsrb.com\/en\/author\/dmcsrbija-comgmail-com\/\"}]}<\/script>\n<!-- \/ Yoast SEO plugin. -->","yoast_head_json":{"title":"Za vikend odigran Memorijalni turnir \"Slobodan Slobo Jablan\" - dmcsrb.com","robots":{"index":"index","follow":"follow","max-snippet":"max-snippet:-1","max-image-preview":"max-image-preview:large","max-video-preview":"max-video-preview:-1"},"canonical":"https:\/\/dmcsrb.com\/en\/sport\/za-vikend-odigran-memorijalni-turnir-slobodan-slobo-jablan\/","og_locale":"en_GB","og_type":"article","og_title":"Za vikend odigran Memorijalni turnir \"Slobodan Slobo Jablan\" - dmcsrb.com","og_description":"Za vikend je u dvorani Sportskog centra na Cetinju odigrano drugo izdanje Memorijalnog odbojka\u0161kog turnira \u201cSlobodan Slobo Jablan\u201d. Turnir je okupio osam mu\u0161kih i dvije \u017eenske ekipe, u ogranizaciji Odbojka\u0161kog kluba \u201cLov\u0107en\u201d i uz podr\u0161ku Odbojka\u0161kog saveza Crne Gore.","og_url":"https:\/\/dmcsrb.com\/en\/sport\/za-vikend-odigran-memorijalni-turnir-slobodan-slobo-jablan\/","og_site_name":"dmcsrb.com","article_published_time":"2025-08-26T04:37:00+00:00","og_image":[{"width":1080,"height":810,"url":"https:\/\/dmcsrb.com\/wp-content\/uploads\/2026\/01\/Memorijal-OK-Lovcen.webp","type":"image\/jpeg"}],"author":"dmcsrbija.com@gmail.com","twitter_card":"summary_large_image","twitter_misc":{"Written by":"dmcsrbija.com@gmail.com","Estimated reading time":"1 minute"},"schema":{"@context":"https:\/\/schema.org","@graph":[{"@type":"Article","@id":"https:\/\/dmcsrb.com\/sport\/za-vikend-odigran-memorijalni-turnir-slobodan-slobo-jablan\/#article","isPartOf":{"@id":"https:\/\/dmcsrb.com\/sport\/za-vikend-odigran-memorijalni-turnir-slobodan-slobo-jablan\/"},"author":{"name":"dmcsrbija.com@gmail.com","@id":"https:\/\/dmcsrb.com\/#\/schema\/person\/5c39170f12db1b8b457732d0b5c854e2"},"headline":"Za vikend odigran Memorijalni turnir &#8220;Slobodan Slobo Jablan&#8221;","datePublished":"2025-08-26T04:37:00+00:00","mainEntityOfPage":{"@id":"https:\/\/dmcsrb.com\/sport\/za-vikend-odigran-memorijalni-turnir-slobodan-slobo-jablan\/"},"wordCount":112,"commentCount":0,"image":{"@id":"https:\/\/dmcsrb.com\/sport\/za-vikend-odigran-memorijalni-turnir-slobodan-slobo-jablan\/#primaryimage"},"thumbnailUrl":"https:\/\/dmcsrb.com\/wp-content\/uploads\/2026\/01\/Memorijal-OK-Lovcen.webp","keywords":["Memorijalni turnir Slobodan Slobo Jablan","OK Lov\u0107en","OSCG"],"articleSection":["Sport"],"inLanguage":"en-GB","potentialAction":[{"@type":"CommentAction","name":"Comment","target":["https:\/\/dmcsrb.com\/sport\/za-vikend-odigran-memorijalni-turnir-slobodan-slobo-jablan\/#respond"]}]},{"@type":"WebPage","@id":"https:\/\/dmcsrb.com\/sport\/za-vikend-odigran-memorijalni-turnir-slobodan-slobo-jablan\/","url":"https:\/\/dmcsrb.com\/sport\/za-vikend-odigran-memorijalni-turnir-slobodan-slobo-jablan\/","name":"Za vikend odigran Memorijalni turnir \"Slobodan Slobo Jablan\" - dmcsrb.com","isPartOf":{"@id":"https:\/\/dmcsrb.com\/#website"},"primaryImageOfPage":{"@id":"https:\/\/dmcsrb.com\/sport\/za-vikend-odigran-memorijalni-turnir-slobodan-slobo-jablan\/#primaryimage"},"image":{"@id":"https:\/\/dmcsrb.com\/sport\/za-vikend-odigran-memorijalni-turnir-slobodan-slobo-jablan\/#primaryimage"},"thumbnailUrl":"https:\/\/dmcsrb.com\/wp-content\/uploads\/2026\/01\/Memorijal-OK-Lovcen.webp","datePublished":"2025-08-26T04:37:00+00:00","author":{"@id":"https:\/\/dmcsrb.com\/#\/schema\/person\/5c39170f12db1b8b457732d0b5c854e2"},"breadcrumb":{"@id":"https:\/\/dmcsrb.com\/sport\/za-vikend-odigran-memorijalni-turnir-slobodan-slobo-jablan\/#breadcrumb"},"inLanguage":"en-GB","potentialAction":[{"@type":"ReadAction","target":["https:\/\/dmcsrb.com\/sport\/za-vikend-odigran-memorijalni-turnir-slobodan-slobo-jablan\/"]}]},{"@type":"ImageObject","inLanguage":"en-GB","@id":"https:\/\/dmcsrb.com\/sport\/za-vikend-odigran-memorijalni-turnir-slobodan-slobo-jablan\/#primaryimage","url":"https:\/\/dmcsrb.com\/wp-content\/uploads\/2026\/01\/Memorijal-OK-Lovcen.webp","contentUrl":"https:\/\/dmcsrb.com\/wp-content\/uploads\/2026\/01\/Memorijal-OK-Lovcen.webp","width":1080,"height":810},{"@type":"BreadcrumbList","@id":"https:\/\/dmcsrb.com\/sport\/za-vikend-odigran-memorijalni-turnir-slobodan-slobo-jablan\/#breadcrumb","itemListElement":[{"@type":"ListItem","position":1,"name":"Home","item":"https:\/\/dmcsrb.com\/"},{"@type":"ListItem","position":2,"name":"Za vikend odigran Memorijalni turnir &#8220;Slobodan Slobo Jablan&#8221;"}]},{"@type":"WebSite","@id":"https:\/\/dmcsrb.com\/#website","url":"https:\/\/dmcsrb.com\/","name":"dmcsrb.com","description":"","potentialAction":[{"@type":"SearchAction","target":{"@type":"EntryPoint","urlTemplate":"https:\/\/dmcsrb.com\/?s={search_term_string}"},"query-input":{"@type":"PropertyValueSpecification","valueRequired":true,"valueName":"search_term_string"}}],"inLanguage":"en-GB"},{"@type":"Person","@id":"https:\/\/dmcsrb.com\/#\/schema\/person\/5c39170f12db1b8b457732d0b5c854e2","name":"dmcsrbija.com@gmail.com","image":{"@type":"ImageObject","inLanguage":"en-GB","@id":"https:\/\/dmcsrb.com\/#\/schema\/person\/image\/","url":"https:\/\/secure.gravatar.com\/avatar\/68592660ad6347fad0fb587f8d5d8f1a7b44961362f56e4f2cd524feb87e9069?s=96&d=mm&r=g","contentUrl":"https:\/\/secure.gravatar.com\/avatar\/68592660ad6347fad0fb587f8d5d8f1a7b44961362f56e4f2cd524feb87e9069?s=96&d=mm&r=g","caption":"dmcsrbija.com@gmail.com"},"sameAs":["https:\/\/dmcsrb.com"],"url":"https:\/\/dmcsrb.com\/en\/author\/dmcsrbija-comgmail-com\/"}]}},"_links":{"self":[{"href":"https:\/\/dmcsrb.com\/en\/wp-json\/wp\/v2\/posts\/948291","targetHints":{"allow":["GET"]}}],"collection":[{"href":"https:\/\/dmcsrb.com\/en\/wp-json\/wp\/v2\/posts"}],"about":[{"href":"https:\/\/dmcsrb.com\/en\/wp-json\/wp\/v2\/types\/post"}],"author":[{"embeddable":true,"href":"https:\/\/dmcsrb.com\/en\/wp-json\/wp\/v2\/users\/1"}],"replies":[{"embeddable":true,"href":"https:\/\/dmcsrb.com\/en\/wp-json\/wp\/v2\/comments?post=948291"}],"version-history":[{"count":0,"href":"https:\/\/dmcsrb.com\/en\/wp-json\/wp\/v2\/posts\/948291\/revisions"}],"wp:featuredmedia":[{"embeddable":true,"href":"https:\/\/dmcsrb.com\/en\/wp-json\/wp\/v2\/media\/948292"}],"wp:attachment":[{"href":"https:\/\/dmcsrb.com\/en\/wp-json\/wp\/v2\/media?parent=948291"}],"wp:term":[{"taxonomy":"category","embeddable":true,"href":"https:\/\/dmcsrb.com\/en\/wp-json\/wp\/v2\/categories?post=948291"},{"taxonomy":"post_tag","embeddable":true,"href":"https:\/\/dmcsrb.com\/en\/wp-json\/wp\/v2\/tags?post=948291"},{"taxonomy":"naslovna","embeddable":true,"href":"https:\/\/dmcsrb.com\/en\/wp-json\/wp\/v2\/naslovna?post=948291"}],"curies":[{"name":"wp","href":"https:\/\/api.w.org\/{rel}","templated":true}]}}