{"id":948289,"date":"2025-08-25T19:36:39","date_gmt":"2025-08-25T17:36:39","guid":{"rendered":"https:\/\/dmcsrb.com\/uncategorized\/njemacki-sef-diplomatije-smatramo-da-je-crna-gora-na-jako-dobrom-putu-ka-eu\/"},"modified":"2025-08-25T19:36:39","modified_gmt":"2025-08-25T17:36:39","slug":"njemacki-sef-diplomatije-smatramo-da-je-crna-gora-na-jako-dobrom-putu-ka-eu","status":"publish","type":"post","link":"https:\/\/dmcsrb.com\/en\/drustvo\/njemacki-sef-diplomatije-smatramo-da-je-crna-gora-na-jako-dobrom-putu-ka-eu\/","title":{"rendered":"Njema\u010dki \u0161ef diplomatije: Smatramo da je Crna Gora na jako dobrom putu ka EU"},"content":{"rendered":"<p>Vadeful je u intervjuu za HRT, odgovaraju\u0107i na pitanje da li ima kandidata koji napreduju ka punopravnom \u010dlanstvu, kazao da je Crna Gora jedan od njih.<\/p>\n\n\n\n<p>&#8220;Neke zemlje preduzimaju hvale vrijedne korake. Imaju priliku uskoro pristupiti EU-u. Trenutno smatramo da je Crna Gora na jako dobrom putu&#8221;, kazao je Vadeful.<\/p>\n\n\n\n<p>Kako je dodao, primijetan je trud i u Albaniji.<\/p>\n\n\n\n<p>&#8220;Ako Sjeverna Makedonija rije\u0161i odnos s Bugarskom, pri \u010demu \u017eelimo pomo\u0107i, mo\u017eemo i ondje posti\u0107i napredak. Naravno, pratimo i sve ostale dr\u017eave u kojima \u017eelimo posti\u0107i napredak. Njema\u010dka \u0107e to poduprijeti u svakom slu\u010daju. No to mora biti uzajamno primanje i davanje. Htio bih da Hrvatska bude mentorica tih zemalja, da na temelju vlastita iskustva daje savjete i podupire ih. No mogu se osloniti na to da \u0107e Njema\u010dka, koja je dala naziv Berlinskom procesu, preuzeti posebnu odgovornost kada je rije\u010d o tome da svih \u0161est zemalja zapadnog Balkana pristupi EU-u&#8221;, istakao je njema\u010dki ministar vanjskih poslova.<\/p>\n\n\n\n<p>Kada je rije\u010d o jugoisto\u010dnoj Evropi, Vaderpul ka\u017ee da se zemlje tog regiona moraju pribli\u017eiti na\u0161im normama.<\/p>\n\n\n\n<p>&#8220;Ne moraju ih odmah ostvariti, ali moraju jasno pokazati volju da \u0107e ostvariti takozvane kriterijume iz Kopenhagena. Govorimo o pravnoj dr\u017eavi, demokratiji, ali i ekonomskoj stabilnosti. Moraju biti tr\u017ei\u0161no konkurentne u EU-u. Moraju se boriti protiv korupcije. Sve je to jo\u0161 pred njima. U razli\u010ditim su fazama&#8221;, istakao je njema\u010dki ministar.<\/p>","protected":false},"excerpt":{"rendered":"<p>Njema\u010dki ministar vanjskih poslova Johan Vadeful kazao je da se zemlje Zapadnog Balkana moraju pribli\u017eiti normama EU kako bi ostvarile \u010dlanstvo u tom savezu.<\/p>","protected":false},"author":1,"featured_media":948290,"comment_status":"open","ping_status":"open","sticky":false,"template":"","format":"standard","meta":{"_acf_changed":false,"footnotes":""},"categories":[2],"tags":[95,10,14435,58],"naslovna":[],"class_list":["post-948289","post","type-post","status-publish","format-standard","has-post-thumbnail","hentry","category-drustvo","tag-crna-gora","tag-eu","tag-johan-vadeful","tag-njemacka"],"acf":[],"yoast_head":"<!-- This site is optimized with the Yoast SEO plugin v27.4 - https:\/\/yoast.com\/product\/yoast-seo-wordpress\/ -->\n<title>Njema\u010dki \u0161ef diplomatije: Smatramo da je Crna Gora na jako dobrom putu ka EU - dmcsrb.com<\/title>\n<meta name=\"robots\" content=\"index, follow, max-snippet:-1, max-image-preview:large, max-video-preview:-1\" \/>\n<link rel=\"canonical\" href=\"https:\/\/dmcsrb.com\/en\/drustvo\/njemacki-sef-diplomatije-smatramo-da-je-crna-gora-na-jako-dobrom-putu-ka-eu\/\" \/>\n<meta property=\"og:locale\" content=\"en_GB\" \/>\n<meta property=\"og:type\" content=\"article\" \/>\n<meta property=\"og:title\" content=\"Njema\u010dki \u0161ef diplomatije: Smatramo da je Crna Gora na jako dobrom putu ka EU - dmcsrb.com\" \/>\n<meta property=\"og:description\" content=\"Njema\u010dki ministar vanjskih poslova Johan Vadeful kazao je da se zemlje Zapadnog Balkana moraju pribli\u017eiti normama EU kako bi ostvarile \u010dlanstvo u tom savezu.\" \/>\n<meta property=\"og:url\" content=\"https:\/\/dmcsrb.com\/en\/drustvo\/njemacki-sef-diplomatije-smatramo-da-je-crna-gora-na-jako-dobrom-putu-ka-eu\/\" \/>\n<meta property=\"og:site_name\" content=\"dmcsrb.com\" \/>\n<meta property=\"article:published_time\" content=\"2025-08-25T17:36:39+00:00\" \/>\n<meta property=\"og:image\" content=\"https:\/\/dmcsrb.com\/wp-content\/uploads\/2026\/01\/AP25230296477701-1-scaled-1.webp\" \/>\n\t<meta property=\"og:image:width\" content=\"2560\" \/>\n\t<meta property=\"og:image:height\" content=\"1706\" \/>\n\t<meta property=\"og:image:type\" content=\"image\/jpeg\" \/>\n<meta name=\"author\" content=\"dmcsrbija.com@gmail.com\" \/>\n<meta name=\"twitter:card\" content=\"summary_large_image\" \/>\n<meta name=\"twitter:label1\" content=\"Written by\" \/>\n\t<meta name=\"twitter:data1\" content=\"dmcsrbija.com@gmail.com\" \/>\n\t<meta name=\"twitter:label2\" content=\"Estimated reading time\" \/>\n\t<meta name=\"twitter:data2\" content=\"1 minute\" \/>\n<script type=\"application\/ld+json\" class=\"yoast-schema-graph\">{\"@context\":\"https:\\\/\\\/schema.org\",\"@graph\":[{\"@type\":\"Article\",\"@id\":\"https:\\\/\\\/dmcsrb.com\\\/drustvo\\\/njemacki-sef-diplomatije-smatramo-da-je-crna-gora-na-jako-dobrom-putu-ka-eu\\\/#article\",\"isPartOf\":{\"@id\":\"https:\\\/\\\/dmcsrb.com\\\/drustvo\\\/njemacki-sef-diplomatije-smatramo-da-je-crna-gora-na-jako-dobrom-putu-ka-eu\\\/\"},\"author\":{\"name\":\"dmcsrbija.com@gmail.com\",\"@id\":\"https:\\\/\\\/dmcsrb.com\\\/#\\\/schema\\\/person\\\/5c39170f12db1b8b457732d0b5c854e2\"},\"headline\":\"Njema\u010dki \u0161ef diplomatije: Smatramo da je Crna Gora na jako dobrom putu ka EU\",\"datePublished\":\"2025-08-25T17:36:39+00:00\",\"mainEntityOfPage\":{\"@id\":\"https:\\\/\\\/dmcsrb.com\\\/drustvo\\\/njemacki-sef-diplomatije-smatramo-da-je-crna-gora-na-jako-dobrom-putu-ka-eu\\\/\"},\"wordCount\":259,\"commentCount\":0,\"image\":{\"@id\":\"https:\\\/\\\/dmcsrb.com\\\/drustvo\\\/njemacki-sef-diplomatije-smatramo-da-je-crna-gora-na-jako-dobrom-putu-ka-eu\\\/#primaryimage\"},\"thumbnailUrl\":\"https:\\\/\\\/dmcsrb.com\\\/wp-content\\\/uploads\\\/2026\\\/01\\\/AP25230296477701-1-scaled-1.webp\",\"keywords\":[\"Crna Gora\",\"EU\",\"Johan Vadeful\",\"Njema\u010dka\"],\"articleSection\":[\"Dru\u0161tvo\"],\"inLanguage\":\"en-GB\",\"potentialAction\":[{\"@type\":\"CommentAction\",\"name\":\"Comment\",\"target\":[\"https:\\\/\\\/dmcsrb.com\\\/drustvo\\\/njemacki-sef-diplomatije-smatramo-da-je-crna-gora-na-jako-dobrom-putu-ka-eu\\\/#respond\"]}]},{\"@type\":\"WebPage\",\"@id\":\"https:\\\/\\\/dmcsrb.com\\\/drustvo\\\/njemacki-sef-diplomatije-smatramo-da-je-crna-gora-na-jako-dobrom-putu-ka-eu\\\/\",\"url\":\"https:\\\/\\\/dmcsrb.com\\\/drustvo\\\/njemacki-sef-diplomatije-smatramo-da-je-crna-gora-na-jako-dobrom-putu-ka-eu\\\/\",\"name\":\"Njema\u010dki \u0161ef diplomatije: Smatramo da je Crna Gora na jako dobrom putu ka EU - dmcsrb.com\",\"isPartOf\":{\"@id\":\"https:\\\/\\\/dmcsrb.com\\\/#website\"},\"primaryImageOfPage\":{\"@id\":\"https:\\\/\\\/dmcsrb.com\\\/drustvo\\\/njemacki-sef-diplomatije-smatramo-da-je-crna-gora-na-jako-dobrom-putu-ka-eu\\\/#primaryimage\"},\"image\":{\"@id\":\"https:\\\/\\\/dmcsrb.com\\\/drustvo\\\/njemacki-sef-diplomatije-smatramo-da-je-crna-gora-na-jako-dobrom-putu-ka-eu\\\/#primaryimage\"},\"thumbnailUrl\":\"https:\\\/\\\/dmcsrb.com\\\/wp-content\\\/uploads\\\/2026\\\/01\\\/AP25230296477701-1-scaled-1.webp\",\"datePublished\":\"2025-08-25T17:36:39+00:00\",\"author\":{\"@id\":\"https:\\\/\\\/dmcsrb.com\\\/#\\\/schema\\\/person\\\/5c39170f12db1b8b457732d0b5c854e2\"},\"breadcrumb\":{\"@id\":\"https:\\\/\\\/dmcsrb.com\\\/drustvo\\\/njemacki-sef-diplomatije-smatramo-da-je-crna-gora-na-jako-dobrom-putu-ka-eu\\\/#breadcrumb\"},\"inLanguage\":\"en-GB\",\"potentialAction\":[{\"@type\":\"ReadAction\",\"target\":[\"https:\\\/\\\/dmcsrb.com\\\/drustvo\\\/njemacki-sef-diplomatije-smatramo-da-je-crna-gora-na-jako-dobrom-putu-ka-eu\\\/\"]}]},{\"@type\":\"ImageObject\",\"inLanguage\":\"en-GB\",\"@id\":\"https:\\\/\\\/dmcsrb.com\\\/drustvo\\\/njemacki-sef-diplomatije-smatramo-da-je-crna-gora-na-jako-dobrom-putu-ka-eu\\\/#primaryimage\",\"url\":\"https:\\\/\\\/dmcsrb.com\\\/wp-content\\\/uploads\\\/2026\\\/01\\\/AP25230296477701-1-scaled-1.webp\",\"contentUrl\":\"https:\\\/\\\/dmcsrb.com\\\/wp-content\\\/uploads\\\/2026\\\/01\\\/AP25230296477701-1-scaled-1.webp\",\"width\":2560,\"height\":1706},{\"@type\":\"BreadcrumbList\",\"@id\":\"https:\\\/\\\/dmcsrb.com\\\/drustvo\\\/njemacki-sef-diplomatije-smatramo-da-je-crna-gora-na-jako-dobrom-putu-ka-eu\\\/#breadcrumb\",\"itemListElement\":[{\"@type\":\"ListItem\",\"position\":1,\"name\":\"Home\",\"item\":\"https:\\\/\\\/dmcsrb.com\\\/\"},{\"@type\":\"ListItem\",\"position\":2,\"name\":\"Njema\u010dki \u0161ef diplomatije: Smatramo da je Crna Gora na jako dobrom putu ka EU\"}]},{\"@type\":\"WebSite\",\"@id\":\"https:\\\/\\\/dmcsrb.com\\\/#website\",\"url\":\"https:\\\/\\\/dmcsrb.com\\\/\",\"name\":\"dmcsrb.com\",\"description\":\"\",\"potentialAction\":[{\"@type\":\"SearchAction\",\"target\":{\"@type\":\"EntryPoint\",\"urlTemplate\":\"https:\\\/\\\/dmcsrb.com\\\/?s={search_term_string}\"},\"query-input\":{\"@type\":\"PropertyValueSpecification\",\"valueRequired\":true,\"valueName\":\"search_term_string\"}}],\"inLanguage\":\"en-GB\"},{\"@type\":\"Person\",\"@id\":\"https:\\\/\\\/dmcsrb.com\\\/#\\\/schema\\\/person\\\/5c39170f12db1b8b457732d0b5c854e2\",\"name\":\"dmcsrbija.com@gmail.com\",\"image\":{\"@type\":\"ImageObject\",\"inLanguage\":\"en-GB\",\"@id\":\"https:\\\/\\\/secure.gravatar.com\\\/avatar\\\/68592660ad6347fad0fb587f8d5d8f1a7b44961362f56e4f2cd524feb87e9069?s=96&d=mm&r=g\",\"url\":\"https:\\\/\\\/secure.gravatar.com\\\/avatar\\\/68592660ad6347fad0fb587f8d5d8f1a7b44961362f56e4f2cd524feb87e9069?s=96&d=mm&r=g\",\"contentUrl\":\"https:\\\/\\\/secure.gravatar.com\\\/avatar\\\/68592660ad6347fad0fb587f8d5d8f1a7b44961362f56e4f2cd524feb87e9069?s=96&d=mm&r=g\",\"caption\":\"dmcsrbija.com@gmail.com\"},\"sameAs\":[\"https:\\\/\\\/dmcsrb.com\"],\"url\":\"https:\\\/\\\/dmcsrb.com\\\/en\\\/author\\\/dmcsrbija-comgmail-com\\\/\"}]}<\/script>\n<!-- \/ Yoast SEO plugin. -->","yoast_head_json":{"title":"Njema\u010dki \u0161ef diplomatije: Smatramo da je Crna Gora na jako dobrom putu ka EU - dmcsrb.com","robots":{"index":"index","follow":"follow","max-snippet":"max-snippet:-1","max-image-preview":"max-image-preview:large","max-video-preview":"max-video-preview:-1"},"canonical":"https:\/\/dmcsrb.com\/en\/drustvo\/njemacki-sef-diplomatije-smatramo-da-je-crna-gora-na-jako-dobrom-putu-ka-eu\/","og_locale":"en_GB","og_type":"article","og_title":"Njema\u010dki \u0161ef diplomatije: Smatramo da je Crna Gora na jako dobrom putu ka EU - dmcsrb.com","og_description":"Njema\u010dki ministar vanjskih poslova Johan Vadeful kazao je da se zemlje Zapadnog Balkana moraju pribli\u017eiti normama EU kako bi ostvarile \u010dlanstvo u tom savezu.","og_url":"https:\/\/dmcsrb.com\/en\/drustvo\/njemacki-sef-diplomatije-smatramo-da-je-crna-gora-na-jako-dobrom-putu-ka-eu\/","og_site_name":"dmcsrb.com","article_published_time":"2025-08-25T17:36:39+00:00","og_image":[{"width":2560,"height":1706,"url":"https:\/\/dmcsrb.com\/wp-content\/uploads\/2026\/01\/AP25230296477701-1-scaled-1.webp","type":"image\/jpeg"}],"author":"dmcsrbija.com@gmail.com","twitter_card":"summary_large_image","twitter_misc":{"Written by":"dmcsrbija.com@gmail.com","Estimated reading time":"1 minute"},"schema":{"@context":"https:\/\/schema.org","@graph":[{"@type":"Article","@id":"https:\/\/dmcsrb.com\/drustvo\/njemacki-sef-diplomatije-smatramo-da-je-crna-gora-na-jako-dobrom-putu-ka-eu\/#article","isPartOf":{"@id":"https:\/\/dmcsrb.com\/drustvo\/njemacki-sef-diplomatije-smatramo-da-je-crna-gora-na-jako-dobrom-putu-ka-eu\/"},"author":{"name":"dmcsrbija.com@gmail.com","@id":"https:\/\/dmcsrb.com\/#\/schema\/person\/5c39170f12db1b8b457732d0b5c854e2"},"headline":"Njema\u010dki \u0161ef diplomatije: Smatramo da je Crna Gora na jako dobrom putu ka EU","datePublished":"2025-08-25T17:36:39+00:00","mainEntityOfPage":{"@id":"https:\/\/dmcsrb.com\/drustvo\/njemacki-sef-diplomatije-smatramo-da-je-crna-gora-na-jako-dobrom-putu-ka-eu\/"},"wordCount":259,"commentCount":0,"image":{"@id":"https:\/\/dmcsrb.com\/drustvo\/njemacki-sef-diplomatije-smatramo-da-je-crna-gora-na-jako-dobrom-putu-ka-eu\/#primaryimage"},"thumbnailUrl":"https:\/\/dmcsrb.com\/wp-content\/uploads\/2026\/01\/AP25230296477701-1-scaled-1.webp","keywords":["Crna Gora","EU","Johan Vadeful","Njema\u010dka"],"articleSection":["Dru\u0161tvo"],"inLanguage":"en-GB","potentialAction":[{"@type":"CommentAction","name":"Comment","target":["https:\/\/dmcsrb.com\/drustvo\/njemacki-sef-diplomatije-smatramo-da-je-crna-gora-na-jako-dobrom-putu-ka-eu\/#respond"]}]},{"@type":"WebPage","@id":"https:\/\/dmcsrb.com\/drustvo\/njemacki-sef-diplomatije-smatramo-da-je-crna-gora-na-jako-dobrom-putu-ka-eu\/","url":"https:\/\/dmcsrb.com\/drustvo\/njemacki-sef-diplomatije-smatramo-da-je-crna-gora-na-jako-dobrom-putu-ka-eu\/","name":"Njema\u010dki \u0161ef diplomatije: Smatramo da je Crna Gora na jako dobrom putu ka EU - dmcsrb.com","isPartOf":{"@id":"https:\/\/dmcsrb.com\/#website"},"primaryImageOfPage":{"@id":"https:\/\/dmcsrb.com\/drustvo\/njemacki-sef-diplomatije-smatramo-da-je-crna-gora-na-jako-dobrom-putu-ka-eu\/#primaryimage"},"image":{"@id":"https:\/\/dmcsrb.com\/drustvo\/njemacki-sef-diplomatije-smatramo-da-je-crna-gora-na-jako-dobrom-putu-ka-eu\/#primaryimage"},"thumbnailUrl":"https:\/\/dmcsrb.com\/wp-content\/uploads\/2026\/01\/AP25230296477701-1-scaled-1.webp","datePublished":"2025-08-25T17:36:39+00:00","author":{"@id":"https:\/\/dmcsrb.com\/#\/schema\/person\/5c39170f12db1b8b457732d0b5c854e2"},"breadcrumb":{"@id":"https:\/\/dmcsrb.com\/drustvo\/njemacki-sef-diplomatije-smatramo-da-je-crna-gora-na-jako-dobrom-putu-ka-eu\/#breadcrumb"},"inLanguage":"en-GB","potentialAction":[{"@type":"ReadAction","target":["https:\/\/dmcsrb.com\/drustvo\/njemacki-sef-diplomatije-smatramo-da-je-crna-gora-na-jako-dobrom-putu-ka-eu\/"]}]},{"@type":"ImageObject","inLanguage":"en-GB","@id":"https:\/\/dmcsrb.com\/drustvo\/njemacki-sef-diplomatije-smatramo-da-je-crna-gora-na-jako-dobrom-putu-ka-eu\/#primaryimage","url":"https:\/\/dmcsrb.com\/wp-content\/uploads\/2026\/01\/AP25230296477701-1-scaled-1.webp","contentUrl":"https:\/\/dmcsrb.com\/wp-content\/uploads\/2026\/01\/AP25230296477701-1-scaled-1.webp","width":2560,"height":1706},{"@type":"BreadcrumbList","@id":"https:\/\/dmcsrb.com\/drustvo\/njemacki-sef-diplomatije-smatramo-da-je-crna-gora-na-jako-dobrom-putu-ka-eu\/#breadcrumb","itemListElement":[{"@type":"ListItem","position":1,"name":"Home","item":"https:\/\/dmcsrb.com\/"},{"@type":"ListItem","position":2,"name":"Njema\u010dki \u0161ef diplomatije: Smatramo da je Crna Gora na jako dobrom putu ka EU"}]},{"@type":"WebSite","@id":"https:\/\/dmcsrb.com\/#website","url":"https:\/\/dmcsrb.com\/","name":"dmcsrb.com","description":"","potentialAction":[{"@type":"SearchAction","target":{"@type":"EntryPoint","urlTemplate":"https:\/\/dmcsrb.com\/?s={search_term_string}"},"query-input":{"@type":"PropertyValueSpecification","valueRequired":true,"valueName":"search_term_string"}}],"inLanguage":"en-GB"},{"@type":"Person","@id":"https:\/\/dmcsrb.com\/#\/schema\/person\/5c39170f12db1b8b457732d0b5c854e2","name":"dmcsrbija.com@gmail.com","image":{"@type":"ImageObject","inLanguage":"en-GB","@id":"https:\/\/secure.gravatar.com\/avatar\/68592660ad6347fad0fb587f8d5d8f1a7b44961362f56e4f2cd524feb87e9069?s=96&d=mm&r=g","url":"https:\/\/secure.gravatar.com\/avatar\/68592660ad6347fad0fb587f8d5d8f1a7b44961362f56e4f2cd524feb87e9069?s=96&d=mm&r=g","contentUrl":"https:\/\/secure.gravatar.com\/avatar\/68592660ad6347fad0fb587f8d5d8f1a7b44961362f56e4f2cd524feb87e9069?s=96&d=mm&r=g","caption":"dmcsrbija.com@gmail.com"},"sameAs":["https:\/\/dmcsrb.com"],"url":"https:\/\/dmcsrb.com\/en\/author\/dmcsrbija-comgmail-com\/"}]}},"_links":{"self":[{"href":"https:\/\/dmcsrb.com\/en\/wp-json\/wp\/v2\/posts\/948289","targetHints":{"allow":["GET"]}}],"collection":[{"href":"https:\/\/dmcsrb.com\/en\/wp-json\/wp\/v2\/posts"}],"about":[{"href":"https:\/\/dmcsrb.com\/en\/wp-json\/wp\/v2\/types\/post"}],"author":[{"embeddable":true,"href":"https:\/\/dmcsrb.com\/en\/wp-json\/wp\/v2\/users\/1"}],"replies":[{"embeddable":true,"href":"https:\/\/dmcsrb.com\/en\/wp-json\/wp\/v2\/comments?post=948289"}],"version-history":[{"count":0,"href":"https:\/\/dmcsrb.com\/en\/wp-json\/wp\/v2\/posts\/948289\/revisions"}],"wp:featuredmedia":[{"embeddable":true,"href":"https:\/\/dmcsrb.com\/en\/wp-json\/wp\/v2\/media\/948290"}],"wp:attachment":[{"href":"https:\/\/dmcsrb.com\/en\/wp-json\/wp\/v2\/media?parent=948289"}],"wp:term":[{"taxonomy":"category","embeddable":true,"href":"https:\/\/dmcsrb.com\/en\/wp-json\/wp\/v2\/categories?post=948289"},{"taxonomy":"post_tag","embeddable":true,"href":"https:\/\/dmcsrb.com\/en\/wp-json\/wp\/v2\/tags?post=948289"},{"taxonomy":"naslovna","embeddable":true,"href":"https:\/\/dmcsrb.com\/en\/wp-json\/wp\/v2\/naslovna?post=948289"}],"curies":[{"name":"wp","href":"https:\/\/api.w.org\/{rel}","templated":true}]}}