{"id":948264,"date":"2025-08-25T16:55:00","date_gmt":"2025-08-25T14:55:00","guid":{"rendered":"https:\/\/dmcsrb.com\/uncategorized\/vojinovic-radulovicu-spremite-se-za-krivicnu-prijavu\/"},"modified":"2025-08-25T16:55:00","modified_gmt":"2025-08-25T14:55:00","slug":"vojinovic-radulovicu-spremite-se-za-krivicnu-prijavu","status":"publish","type":"post","link":"https:\/\/dmcsrb.com\/en\/hronika\/vojinovic-radulovicu-spremite-se-za-krivicnu-prijavu\/","title":{"rendered":"Vojinovi\u0107: Radulovi\u0107u, spremite se za krivi\u010dnu prijavu"},"content":{"rendered":"<p>\u201cJer evo \u0161ta je istina: Radulovi\u0107 brani Lazovi\u0107a i njegovu mre\u017eu, a ja sam ponosna \u0161to sam na suprotnoj strani. Ponosna \u0161to sam u istom timu sa onima koji su stvorili pretpostavke za procesuiranje Zorana Lazovi\u0107a, \u0161to sam rame uz rame sa onima koji su otvorili vrata pravde i zatvorili vrata bezakonju\u201d, kazala je Vojinovi\u0107.<\/p>\n\n\n\n<p>Znala je, navodi, da su suspendovani policajci vje\u0161ti u prikrivanju svojih nedjela, ali \u201cRadulovi\u0107 je apsolutni \u0161ampion\u201d.<\/p>\n\n\n\n<p>\u201cOn ne samo da skriva, nego poku\u0161ava da od \u017ertve napravi krivca, a od krivca \u017ertvu. I to radi s takvim \u017earom, kao da mu se radi o poslednjem poku\u0161aju da spasi karijeru koja se ve\u0107 uru\u0161ila\u201d, isti\u010de Vojinovi\u0107.<\/p>\n\n\n\n<p>Danas, dodaje ona, Crna Gora vi\u0161e nije zarobljena u starim pri\u010dama o ideologijama, nacijama i podjelama.<\/p>\n\n\n\n<p>\u201cDanas se Crna Gora dijeli na dvije grupe: na one koji su protiv kriminala i na one koji su za kriminal. I kona\u010dno se jasno vidi ko je na kojoj strani. Na jednoj strani su oni koji su kompromitovali policiju, koji su je pretvorili u privatni servis i \u0161tit organizovanog kriminala. Na drugoj strani su oni koji \u017eele \u010dasnu, profesionalnu i \u010distu policiju, koji ne\u0107e dozvoliti da se uniforma vi\u0161e ikada sramoti\u201d, isti\u010de Vojinovi\u0107.<\/p>\n\n\n\n<p>Tako\u0111e, dodaje, \u201cA Radulovi\u0107? Umjesto da makar skupi snage i izgovori ono \u0161to duguje, jedno obi\u010dno \u201eizvinite\u201c gra\u0111anima Crne Gore, policajcima koji po\u0161teno rade i nose uniformu s ponosom, on bira da nastavi ne\u010dasni put. Umjesto da stane pred ljude i ka\u017ee: \u201eOprostite zbog mrlje koju sam ostavio policiji\u201c, on se predstavlja kao progonjeni heroj. Ali narod zna: heroji se prepoznaju po djelima, a nedjela se ne peru krivi\u010dnim prijavama\u201d, kazala je Vojinovi\u0107.<\/p>\n\n\n\n<p>\u201cKo god danas stoji uz Veselina Radulovi\u0107a i sli\u010dne njemu, neka zna da ne stoji uz pravdu, nego uz nepravdu. Neka zna da ne stoji uz red i zakon, nego uz one koji su godinama radili protiv reda i zakona. Radulovi\u0107 mo\u017ee da pi\u0161e prijave koliko ho\u0107e, mo\u017ee da se krije iza advokatskih trikova i saop\u0161tenja, ali istina se ne bri\u0161e tako lako. Istina je da je Crna Gora rije\u0161ila da raskine s kriminalnim naslje\u0111em, a partija u ime koje nastupa je samo simbol tog naslje\u0111a\u201d, isti\u010de.<\/p>\n\n\n\n<p>Prema navodima Vojinovi\u0107, svima koji ga brane, posebno onima koji orkestriraju ovu kampanju, \u201cneka prenesu pozdrave svom koordinatoru Acu Mijailovi\u0107u\u201d.<\/p>\n\n\n\n<p>\u201cRecite mu slobodno: borba je tek po\u010dela. I ne\u0107e stati dok svaki \u0107o\u0161ak u ovoj dr\u017eavi ne bude o\u010di\u0161\u0107en od kriminala. A njihova nervoza, njihova panika, njihova agresija, to je najbolji dokaz da idemo pravim putem. Jer znate kako je, kad \u010distite ku\u0107u od pra\u0161ine i prljav\u0161tine, oni koji su navikli da \u017eive u mraku i u haosu prvi se uznemire. A mi se ne uznemiravamo. Mi nastavljamo da \u010distimo. I o\u010disti\u0107emo je do poslednjeg \u0107o\u0161ka. I na kraju, spremite se Radulovi\u0107u za krivi\u010dnu prijavu\u201d, zaaklju\u010duje Vojinovi\u0107.<\/p>\n\n\n\n<figure class=\"wp-block-embed is-type-wp-embed is-provider-gradski-portal wp-block-embed-gradski-portal\"><div class=\"wp-block-embed__wrapper\">\n<blockquote class=\"wp-embedded-content\" data-secret=\"qH3WuOMg5Z\"><a href=\"https:\/\/gradski.me\/radulovic-podnio-krivicnu-prijavu-protiv-demokrata-i-vise-drzavnih-funkcionera\/\">Radulovi\u0107 podnio krivi\u010dnu prijavu protiv Demokrata i vi\u0161e dr\u017eavnih funkcionera<\/a><\/blockquote><iframe loading=\"lazy\" class=\"wp-embedded-content\" sandbox=\"allow-scripts\" security=\"restricted\" style=\"position: absolute; visibility: hidden;\" title=\"&#132;Radulovi\u0107 podnio krivi\u010dnu prijavu protiv Demokrata i vi\u0161e dr\u017eavnih funkcionera&#147; &#8212; Gradski portal\" src=\"https:\/\/gradski.me\/radulovic-podnio-krivicnu-prijavu-protiv-demokrata-i-vise-drzavnih-funkcionera\/embed\/#?secret=fkae63JHTi#?secret=qH3WuOMg5Z\" data-secret=\"qH3WuOMg5Z\" width=\"500\" height=\"282\" frameborder=\"0\" marginwidth=\"0\" marginheight=\"0\" scrolling=\"no\"><\/iframe>\n<\/div><\/figure>","protected":false},"excerpt":{"rendered":"<p>Zamislite apsurd do kojeg je stigao Veselin Radulovi\u0107, suspendovani policajac zbog malverzacija u Upravi policije: mene je optu\u017eio da sam dio kriminalne organizacije zajedno sa \u0160\u0107epanovi\u0107em, \u0160aranovi\u0107em, Be\u010di\u0107em i Bogdanovi\u0107em. Pa recite, ko se ne bi ponosio takvom optu\u017ebom? Ako vas Veselin Radulovi\u0107, za\u0161titnik kompromitovanih policajaca Zorana Lazovi\u0107a, proglasi kriminalkom, onda znate da ste na pravoj strani, kazala je poslanica Demokrata An\u0111ela Vojinovi\u0107.<\/p>","protected":false},"author":1,"featured_media":948265,"comment_status":"open","ping_status":"open","sticky":false,"template":"","format":"standard","meta":{"_acf_changed":false,"footnotes":""},"categories":[17],"tags":[229,1355,2975,2901],"naslovna":[],"class_list":["post-948264","post","type-post","status-publish","format-standard","has-post-thumbnail","hentry","category-hronika","tag-andjela-vojinovic","tag-demokrate","tag-prijava","tag-veselin-radulovic"],"acf":[],"yoast_head":"<!-- This site is optimized with the Yoast SEO plugin v27.0 - https:\/\/yoast.com\/product\/yoast-seo-wordpress\/ -->\n<title>Vojinovi\u0107: Radulovi\u0107u, spremite se za krivi\u010dnu prijavu - dmcsrb.com<\/title>\n<meta name=\"robots\" content=\"index, follow, max-snippet:-1, max-image-preview:large, max-video-preview:-1\" \/>\n<link rel=\"canonical\" href=\"https:\/\/dmcsrb.com\/en\/hronika\/vojinovic-radulovicu-spremite-se-za-krivicnu-prijavu\/\" \/>\n<meta property=\"og:locale\" content=\"en_GB\" \/>\n<meta property=\"og:type\" content=\"article\" \/>\n<meta property=\"og:title\" content=\"Vojinovi\u0107: Radulovi\u0107u, spremite se za krivi\u010dnu prijavu - dmcsrb.com\" \/>\n<meta property=\"og:description\" content=\"Zamislite apsurd do kojeg je stigao Veselin Radulovi\u0107, suspendovani policajac zbog malverzacija u Upravi policije: mene je optu\u017eio da sam dio kriminalne organizacije zajedno sa \u0160\u0107epanovi\u0107em, \u0160aranovi\u0107em, Be\u010di\u0107em i Bogdanovi\u0107em. Pa recite, ko se ne bi ponosio takvom optu\u017ebom? Ako vas Veselin Radulovi\u0107, za\u0161titnik kompromitovanih policajaca Zorana Lazovi\u0107a, proglasi kriminalkom, onda znate da ste na pravoj strani, kazala je poslanica Demokrata An\u0111ela Vojinovi\u0107.\" \/>\n<meta property=\"og:url\" content=\"https:\/\/dmcsrb.com\/en\/hronika\/vojinovic-radulovicu-spremite-se-za-krivicnu-prijavu\/\" \/>\n<meta property=\"og:site_name\" content=\"dmcsrb.com\" \/>\n<meta property=\"article:published_time\" content=\"2025-08-25T14:55:00+00:00\" \/>\n<meta property=\"og:image\" content=\"https:\/\/dmcsrb.com\/wp-content\/uploads\/2026\/01\/Andjela-Vojinovic.webp\" \/>\n\t<meta property=\"og:image:width\" content=\"1735\" \/>\n\t<meta property=\"og:image:height\" content=\"862\" \/>\n\t<meta property=\"og:image:type\" content=\"image\/jpeg\" \/>\n<meta name=\"author\" content=\"dmcsrbija.com@gmail.com\" \/>\n<meta name=\"twitter:card\" content=\"summary_large_image\" \/>\n<meta name=\"twitter:label1\" content=\"Written by\" \/>\n\t<meta name=\"twitter:data1\" content=\"dmcsrbija.com@gmail.com\" \/>\n\t<meta name=\"twitter:label2\" content=\"Estimated reading time\" \/>\n\t<meta name=\"twitter:data2\" content=\"3 minutes\" \/>\n<script type=\"application\/ld+json\" class=\"yoast-schema-graph\">{\"@context\":\"https:\/\/schema.org\",\"@graph\":[{\"@type\":\"Article\",\"@id\":\"https:\/\/dmcsrb.com\/hronika\/vojinovic-radulovicu-spremite-se-za-krivicnu-prijavu\/#article\",\"isPartOf\":{\"@id\":\"https:\/\/dmcsrb.com\/hronika\/vojinovic-radulovicu-spremite-se-za-krivicnu-prijavu\/\"},\"author\":{\"name\":\"dmcsrbija.com@gmail.com\",\"@id\":\"https:\/\/dmcsrb.com\/#\/schema\/person\/5c39170f12db1b8b457732d0b5c854e2\"},\"headline\":\"Vojinovi\u0107: Radulovi\u0107u, spremite se za krivi\u010dnu prijavu\",\"datePublished\":\"2025-08-25T14:55:00+00:00\",\"mainEntityOfPage\":{\"@id\":\"https:\/\/dmcsrb.com\/hronika\/vojinovic-radulovicu-spremite-se-za-krivicnu-prijavu\/\"},\"wordCount\":530,\"commentCount\":0,\"image\":{\"@id\":\"https:\/\/dmcsrb.com\/hronika\/vojinovic-radulovicu-spremite-se-za-krivicnu-prijavu\/#primaryimage\"},\"thumbnailUrl\":\"https:\/\/dmcsrb.com\/wp-content\/uploads\/2026\/01\/Andjela-Vojinovic.webp\",\"keywords\":[\"An\u0111ela Vojinovi\u0107\",\"Demokrate\",\"prijava\",\"Veselin Radulovi\u0107\"],\"articleSection\":[\"Hronika\"],\"inLanguage\":\"en-GB\",\"potentialAction\":[{\"@type\":\"CommentAction\",\"name\":\"Comment\",\"target\":[\"https:\/\/dmcsrb.com\/hronika\/vojinovic-radulovicu-spremite-se-za-krivicnu-prijavu\/#respond\"]}]},{\"@type\":\"WebPage\",\"@id\":\"https:\/\/dmcsrb.com\/hronika\/vojinovic-radulovicu-spremite-se-za-krivicnu-prijavu\/\",\"url\":\"https:\/\/dmcsrb.com\/hronika\/vojinovic-radulovicu-spremite-se-za-krivicnu-prijavu\/\",\"name\":\"Vojinovi\u0107: Radulovi\u0107u, spremite se za krivi\u010dnu prijavu - dmcsrb.com\",\"isPartOf\":{\"@id\":\"https:\/\/dmcsrb.com\/#website\"},\"primaryImageOfPage\":{\"@id\":\"https:\/\/dmcsrb.com\/hronika\/vojinovic-radulovicu-spremite-se-za-krivicnu-prijavu\/#primaryimage\"},\"image\":{\"@id\":\"https:\/\/dmcsrb.com\/hronika\/vojinovic-radulovicu-spremite-se-za-krivicnu-prijavu\/#primaryimage\"},\"thumbnailUrl\":\"https:\/\/dmcsrb.com\/wp-content\/uploads\/2026\/01\/Andjela-Vojinovic.webp\",\"datePublished\":\"2025-08-25T14:55:00+00:00\",\"author\":{\"@id\":\"https:\/\/dmcsrb.com\/#\/schema\/person\/5c39170f12db1b8b457732d0b5c854e2\"},\"breadcrumb\":{\"@id\":\"https:\/\/dmcsrb.com\/hronika\/vojinovic-radulovicu-spremite-se-za-krivicnu-prijavu\/#breadcrumb\"},\"inLanguage\":\"en-GB\",\"potentialAction\":[{\"@type\":\"ReadAction\",\"target\":[\"https:\/\/dmcsrb.com\/hronika\/vojinovic-radulovicu-spremite-se-za-krivicnu-prijavu\/\"]}]},{\"@type\":\"ImageObject\",\"inLanguage\":\"en-GB\",\"@id\":\"https:\/\/dmcsrb.com\/hronika\/vojinovic-radulovicu-spremite-se-za-krivicnu-prijavu\/#primaryimage\",\"url\":\"https:\/\/dmcsrb.com\/wp-content\/uploads\/2026\/01\/Andjela-Vojinovic.webp\",\"contentUrl\":\"https:\/\/dmcsrb.com\/wp-content\/uploads\/2026\/01\/Andjela-Vojinovic.webp\",\"width\":1735,\"height\":862},{\"@type\":\"BreadcrumbList\",\"@id\":\"https:\/\/dmcsrb.com\/hronika\/vojinovic-radulovicu-spremite-se-za-krivicnu-prijavu\/#breadcrumb\",\"itemListElement\":[{\"@type\":\"ListItem\",\"position\":1,\"name\":\"Home\",\"item\":\"https:\/\/dmcsrb.com\/\"},{\"@type\":\"ListItem\",\"position\":2,\"name\":\"Vojinovi\u0107: Radulovi\u0107u, spremite se za krivi\u010dnu prijavu\"}]},{\"@type\":\"WebSite\",\"@id\":\"https:\/\/dmcsrb.com\/#website\",\"url\":\"https:\/\/dmcsrb.com\/\",\"name\":\"dmcsrb.com\",\"description\":\"\",\"potentialAction\":[{\"@type\":\"SearchAction\",\"target\":{\"@type\":\"EntryPoint\",\"urlTemplate\":\"https:\/\/dmcsrb.com\/?s={search_term_string}\"},\"query-input\":{\"@type\":\"PropertyValueSpecification\",\"valueRequired\":true,\"valueName\":\"search_term_string\"}}],\"inLanguage\":\"en-GB\"},{\"@type\":\"Person\",\"@id\":\"https:\/\/dmcsrb.com\/#\/schema\/person\/5c39170f12db1b8b457732d0b5c854e2\",\"name\":\"dmcsrbija.com@gmail.com\",\"image\":{\"@type\":\"ImageObject\",\"inLanguage\":\"en-GB\",\"@id\":\"https:\/\/dmcsrb.com\/#\/schema\/person\/image\/\",\"url\":\"https:\/\/secure.gravatar.com\/avatar\/68592660ad6347fad0fb587f8d5d8f1a7b44961362f56e4f2cd524feb87e9069?s=96&d=mm&r=g\",\"contentUrl\":\"https:\/\/secure.gravatar.com\/avatar\/68592660ad6347fad0fb587f8d5d8f1a7b44961362f56e4f2cd524feb87e9069?s=96&d=mm&r=g\",\"caption\":\"dmcsrbija.com@gmail.com\"},\"sameAs\":[\"https:\/\/dmcsrb.com\"],\"url\":\"https:\/\/dmcsrb.com\/en\/author\/dmcsrbija-comgmail-com\/\"}]}<\/script>\n<!-- \/ Yoast SEO plugin. -->","yoast_head_json":{"title":"Vojinovi\u0107: Radulovi\u0107u, spremite se za krivi\u010dnu prijavu - dmcsrb.com","robots":{"index":"index","follow":"follow","max-snippet":"max-snippet:-1","max-image-preview":"max-image-preview:large","max-video-preview":"max-video-preview:-1"},"canonical":"https:\/\/dmcsrb.com\/en\/hronika\/vojinovic-radulovicu-spremite-se-za-krivicnu-prijavu\/","og_locale":"en_GB","og_type":"article","og_title":"Vojinovi\u0107: Radulovi\u0107u, spremite se za krivi\u010dnu prijavu - dmcsrb.com","og_description":"Zamislite apsurd do kojeg je stigao Veselin Radulovi\u0107, suspendovani policajac zbog malverzacija u Upravi policije: mene je optu\u017eio da sam dio kriminalne organizacije zajedno sa \u0160\u0107epanovi\u0107em, \u0160aranovi\u0107em, Be\u010di\u0107em i Bogdanovi\u0107em. Pa recite, ko se ne bi ponosio takvom optu\u017ebom? Ako vas Veselin Radulovi\u0107, za\u0161titnik kompromitovanih policajaca Zorana Lazovi\u0107a, proglasi kriminalkom, onda znate da ste na pravoj strani, kazala je poslanica Demokrata An\u0111ela Vojinovi\u0107.","og_url":"https:\/\/dmcsrb.com\/en\/hronika\/vojinovic-radulovicu-spremite-se-za-krivicnu-prijavu\/","og_site_name":"dmcsrb.com","article_published_time":"2025-08-25T14:55:00+00:00","og_image":[{"width":1735,"height":862,"url":"https:\/\/dmcsrb.com\/wp-content\/uploads\/2026\/01\/Andjela-Vojinovic.webp","type":"image\/jpeg"}],"author":"dmcsrbija.com@gmail.com","twitter_card":"summary_large_image","twitter_misc":{"Written by":"dmcsrbija.com@gmail.com","Estimated reading time":"3 minutes"},"schema":{"@context":"https:\/\/schema.org","@graph":[{"@type":"Article","@id":"https:\/\/dmcsrb.com\/hronika\/vojinovic-radulovicu-spremite-se-za-krivicnu-prijavu\/#article","isPartOf":{"@id":"https:\/\/dmcsrb.com\/hronika\/vojinovic-radulovicu-spremite-se-za-krivicnu-prijavu\/"},"author":{"name":"dmcsrbija.com@gmail.com","@id":"https:\/\/dmcsrb.com\/#\/schema\/person\/5c39170f12db1b8b457732d0b5c854e2"},"headline":"Vojinovi\u0107: Radulovi\u0107u, spremite se za krivi\u010dnu prijavu","datePublished":"2025-08-25T14:55:00+00:00","mainEntityOfPage":{"@id":"https:\/\/dmcsrb.com\/hronika\/vojinovic-radulovicu-spremite-se-za-krivicnu-prijavu\/"},"wordCount":530,"commentCount":0,"image":{"@id":"https:\/\/dmcsrb.com\/hronika\/vojinovic-radulovicu-spremite-se-za-krivicnu-prijavu\/#primaryimage"},"thumbnailUrl":"https:\/\/dmcsrb.com\/wp-content\/uploads\/2026\/01\/Andjela-Vojinovic.webp","keywords":["An\u0111ela Vojinovi\u0107","Demokrate","prijava","Veselin Radulovi\u0107"],"articleSection":["Hronika"],"inLanguage":"en-GB","potentialAction":[{"@type":"CommentAction","name":"Comment","target":["https:\/\/dmcsrb.com\/hronika\/vojinovic-radulovicu-spremite-se-za-krivicnu-prijavu\/#respond"]}]},{"@type":"WebPage","@id":"https:\/\/dmcsrb.com\/hronika\/vojinovic-radulovicu-spremite-se-za-krivicnu-prijavu\/","url":"https:\/\/dmcsrb.com\/hronika\/vojinovic-radulovicu-spremite-se-za-krivicnu-prijavu\/","name":"Vojinovi\u0107: Radulovi\u0107u, spremite se za krivi\u010dnu prijavu - dmcsrb.com","isPartOf":{"@id":"https:\/\/dmcsrb.com\/#website"},"primaryImageOfPage":{"@id":"https:\/\/dmcsrb.com\/hronika\/vojinovic-radulovicu-spremite-se-za-krivicnu-prijavu\/#primaryimage"},"image":{"@id":"https:\/\/dmcsrb.com\/hronika\/vojinovic-radulovicu-spremite-se-za-krivicnu-prijavu\/#primaryimage"},"thumbnailUrl":"https:\/\/dmcsrb.com\/wp-content\/uploads\/2026\/01\/Andjela-Vojinovic.webp","datePublished":"2025-08-25T14:55:00+00:00","author":{"@id":"https:\/\/dmcsrb.com\/#\/schema\/person\/5c39170f12db1b8b457732d0b5c854e2"},"breadcrumb":{"@id":"https:\/\/dmcsrb.com\/hronika\/vojinovic-radulovicu-spremite-se-za-krivicnu-prijavu\/#breadcrumb"},"inLanguage":"en-GB","potentialAction":[{"@type":"ReadAction","target":["https:\/\/dmcsrb.com\/hronika\/vojinovic-radulovicu-spremite-se-za-krivicnu-prijavu\/"]}]},{"@type":"ImageObject","inLanguage":"en-GB","@id":"https:\/\/dmcsrb.com\/hronika\/vojinovic-radulovicu-spremite-se-za-krivicnu-prijavu\/#primaryimage","url":"https:\/\/dmcsrb.com\/wp-content\/uploads\/2026\/01\/Andjela-Vojinovic.webp","contentUrl":"https:\/\/dmcsrb.com\/wp-content\/uploads\/2026\/01\/Andjela-Vojinovic.webp","width":1735,"height":862},{"@type":"BreadcrumbList","@id":"https:\/\/dmcsrb.com\/hronika\/vojinovic-radulovicu-spremite-se-za-krivicnu-prijavu\/#breadcrumb","itemListElement":[{"@type":"ListItem","position":1,"name":"Home","item":"https:\/\/dmcsrb.com\/"},{"@type":"ListItem","position":2,"name":"Vojinovi\u0107: Radulovi\u0107u, spremite se za krivi\u010dnu prijavu"}]},{"@type":"WebSite","@id":"https:\/\/dmcsrb.com\/#website","url":"https:\/\/dmcsrb.com\/","name":"dmcsrb.com","description":"","potentialAction":[{"@type":"SearchAction","target":{"@type":"EntryPoint","urlTemplate":"https:\/\/dmcsrb.com\/?s={search_term_string}"},"query-input":{"@type":"PropertyValueSpecification","valueRequired":true,"valueName":"search_term_string"}}],"inLanguage":"en-GB"},{"@type":"Person","@id":"https:\/\/dmcsrb.com\/#\/schema\/person\/5c39170f12db1b8b457732d0b5c854e2","name":"dmcsrbija.com@gmail.com","image":{"@type":"ImageObject","inLanguage":"en-GB","@id":"https:\/\/dmcsrb.com\/#\/schema\/person\/image\/","url":"https:\/\/secure.gravatar.com\/avatar\/68592660ad6347fad0fb587f8d5d8f1a7b44961362f56e4f2cd524feb87e9069?s=96&d=mm&r=g","contentUrl":"https:\/\/secure.gravatar.com\/avatar\/68592660ad6347fad0fb587f8d5d8f1a7b44961362f56e4f2cd524feb87e9069?s=96&d=mm&r=g","caption":"dmcsrbija.com@gmail.com"},"sameAs":["https:\/\/dmcsrb.com"],"url":"https:\/\/dmcsrb.com\/en\/author\/dmcsrbija-comgmail-com\/"}]}},"_links":{"self":[{"href":"https:\/\/dmcsrb.com\/en\/wp-json\/wp\/v2\/posts\/948264","targetHints":{"allow":["GET"]}}],"collection":[{"href":"https:\/\/dmcsrb.com\/en\/wp-json\/wp\/v2\/posts"}],"about":[{"href":"https:\/\/dmcsrb.com\/en\/wp-json\/wp\/v2\/types\/post"}],"author":[{"embeddable":true,"href":"https:\/\/dmcsrb.com\/en\/wp-json\/wp\/v2\/users\/1"}],"replies":[{"embeddable":true,"href":"https:\/\/dmcsrb.com\/en\/wp-json\/wp\/v2\/comments?post=948264"}],"version-history":[{"count":0,"href":"https:\/\/dmcsrb.com\/en\/wp-json\/wp\/v2\/posts\/948264\/revisions"}],"wp:featuredmedia":[{"embeddable":true,"href":"https:\/\/dmcsrb.com\/en\/wp-json\/wp\/v2\/media\/948265"}],"wp:attachment":[{"href":"https:\/\/dmcsrb.com\/en\/wp-json\/wp\/v2\/media?parent=948264"}],"wp:term":[{"taxonomy":"category","embeddable":true,"href":"https:\/\/dmcsrb.com\/en\/wp-json\/wp\/v2\/categories?post=948264"},{"taxonomy":"post_tag","embeddable":true,"href":"https:\/\/dmcsrb.com\/en\/wp-json\/wp\/v2\/tags?post=948264"},{"taxonomy":"naslovna","embeddable":true,"href":"https:\/\/dmcsrb.com\/en\/wp-json\/wp\/v2\/naslovna?post=948264"}],"curies":[{"name":"wp","href":"https:\/\/api.w.org\/{rel}","templated":true}]}}