{"id":948262,"date":"2025-08-25T16:47:00","date_gmt":"2025-08-25T14:47:00","guid":{"rendered":"https:\/\/dmcsrb.com\/uncategorized\/radulovic-podnio-krivicnu-prijavu-protiv-demokrata-i-vise-drzavnih-funkcionera\/"},"modified":"2025-08-25T16:47:00","modified_gmt":"2025-08-25T14:47:00","slug":"radulovic-podnio-krivicnu-prijavu-protiv-demokrata-i-vise-drzavnih-funkcionera","status":"publish","type":"post","link":"https:\/\/dmcsrb.com\/en\/hronika\/radulovic-podnio-krivicnu-prijavu-protiv-demokrata-i-vise-drzavnih-funkcionera\/","title":{"rendered":"Radulovi\u0107 podnio krivi\u010dnu prijavu protiv Demokrata i vi\u0161e dr\u017eavnih funkcionera"},"content":{"rendered":"<p>Radulovi\u0107 je naglasio da su prijavljeni od kraja oktobra 2023. godine, kako je naveo, postali pripadnici kriminalne organizacije koju je organizovalo za sada NN lice, a \u010diji je cilj bilo vr\u0161enje krivi\u010dnih djela &#8220;radi sticanja nezakonite dobiti i mo\u0107i u korist politi\u010dke partije &#8211; &#8216;Demokrate Demokratska Crne Gora'&#8221;.<\/p>\n\n\n\n<p>Prijavljeni su, kako je kazao Radulovi\u0107, na \u0161tetu podnosioca krivi\u010dne prijave i drugih policijskih slu\u017ebenika, a u krajnjem i na \u0161tetu dr\u017eave, imali unaprijed odre\u0111eni plan i zadatak, pravila unutra\u0161nje kontrole i discipline \u010dlanova, te da su u djelovanju, kako je naveo, &#8220;primjenjivali zastra\u0161ivanje&#8221; ali i uticaj na politi\u010dku vlast, sredstva javnog informisanja i na zakonodavnu i izvr\u0161nu vlast.<\/p>\n\n\n\n<p>Radulovi\u0107 smatra da je u kriminalnoj organizaciji &#8211; politi\u010dka partija Demokrate imala ulogu da imenuje funkcionere, koji \u0107e zloupotrebom slu\u017ebenog polo\u017eaja i prekora\u010denjem slu\u017ebenih ovla\u0161\u0107enja sticati nezakonitu politi\u010dku i ekonomsku dobit u korist te partije i u koristi drugih drugih prijavljenih lica i istovremeno pri\u010dinjavati \u0111tetu dr\u017eavnom bud\u017eetu.&nbsp;<\/p>\n\n\n\n<p>\u0160aranovi\u0107 je, tvrdi Radulovi\u0107 u prijavi, koristio slu\u017ebeni polo\u017eaj kako bi svakog kriti\u010dara, koji ukazuje na nezakonit rad, otkriva krivi\u010dna djela ili sprje\u010dava i ote\u017eava njihovo izvr\u0161enje optu\u017eio i predstavio kao \u010dlana kriminalnih klanova.<\/p>\n\n\n\n<p>Radulovi\u0107 je naveo i da su \u010dlanovi Komisije za provjeru bezbjednosnih smetnji prihvatili takve zadatke protivpravno &#8211; suprotno odredbama Zakona o unutra\u0161njim poslovima &#8220;vr\u0161ili su bezbjednosne provjere&#8221;.<\/p>\n\n\n\n<p>Isti\u010de da je zadatak potpredsjednika Vlade za bezbjednost Alekse Be\u010di\u0107 bio da neistinito prezentuje javnosti da &#8220;vodi borbu protiv kriiminala kroz takozvani veting u policiji&#8221;.<\/p>\n\n\n\n<p>Prema njegovim rije\u010dima, Boris Bogdanovi\u0107 je imao pristup podacima ozna\u010denim stepenom tajnosti, a njegova uloga, kako Radulovi\u0107 navodi u prijavi, bila je da u saop\u0161tenjima koja je on pisao za sebe i ostale u javnosti kako advokata Radulovi\u0107a, tako i slu\u017ebenike policije la\u017eno predstavlja kao \u010dlanove kriminalnih klanova, ugro\u017eavaju\u0107i im bezbjednost.<\/p>\n\n\n\n<p>Radulovi\u0107, izme\u0111u ostalog, u prijavi navodi i da su \u010delnici bezbjednosnog sektora, nakon dolaska na funkcije, po\u010deli da realizuju plan i aktivnosti usmjerili na preuzimanje potpune kontrole nad Upravom policije.<\/p>","protected":false},"excerpt":{"rendered":"<p>Advokat Veselin Radulovi\u0107 podnio je Specijalnom dr\u017eavnom tu\u017eila\u0161tvu u Podgorici krivi\u010dnu prijavu protiv Demokratske Crne Gore, ministra untranjih poslova u Vladi Crne Gore Danila \u0160aranovi\u0107a, vr\u0161ioca du\u017enosti direktora Uprave policije Lazara \u0160\u0107epanovi\u0107a, potpredsjednika Vlade Crne Gore i predsjednika politi\u010dke partije Demokratska Crne Gora Alekse Be\u010di\u0107a, poslanika \u201eDemokratske Crne Gore u Skup\u0161tini Crne Gore Borisa Bogdanovi\u0107a, poslanice Demokratske Crne Gore u Skup\u0161tini Crne Gore An\u0111ele Vojinovi\u0107, \u010dlanova Komisije za provjeru bezbjednosnih smetnji za vr\u0161enje policijskih poslova i vi\u0161e slu\u017ebenika Uprave policije.<\/p>","protected":false},"author":1,"featured_media":948263,"comment_status":"open","ping_status":"open","sticky":false,"template":"","format":"standard","meta":{"_acf_changed":false,"footnotes":""},"categories":[17],"tags":[1355,2975,2901],"naslovna":[],"class_list":["post-948262","post","type-post","status-publish","format-standard","has-post-thumbnail","hentry","category-hronika","tag-demokrate","tag-prijava","tag-veselin-radulovic"],"acf":[],"yoast_head":"<!-- This site is optimized with the Yoast SEO plugin v27.0 - https:\/\/yoast.com\/product\/yoast-seo-wordpress\/ -->\n<title>Radulovi\u0107 podnio krivi\u010dnu prijavu protiv Demokrata i vi\u0161e dr\u017eavnih funkcionera - dmcsrb.com<\/title>\n<meta name=\"robots\" content=\"index, follow, max-snippet:-1, max-image-preview:large, max-video-preview:-1\" \/>\n<link rel=\"canonical\" href=\"https:\/\/dmcsrb.com\/en\/hronika\/radulovic-podnio-krivicnu-prijavu-protiv-demokrata-i-vise-drzavnih-funkcionera\/\" \/>\n<meta property=\"og:locale\" content=\"en_GB\" \/>\n<meta property=\"og:type\" content=\"article\" \/>\n<meta property=\"og:title\" content=\"Radulovi\u0107 podnio krivi\u010dnu prijavu protiv Demokrata i vi\u0161e dr\u017eavnih funkcionera - dmcsrb.com\" \/>\n<meta property=\"og:description\" content=\"Advokat Veselin Radulovi\u0107 podnio je Specijalnom dr\u017eavnom tu\u017eila\u0161tvu u Podgorici krivi\u010dnu prijavu protiv Demokratske Crne Gore, ministra untranjih poslova u Vladi Crne Gore Danila \u0160aranovi\u0107a, vr\u0161ioca du\u017enosti direktora Uprave policije Lazara \u0160\u0107epanovi\u0107a, potpredsjednika Vlade Crne Gore i predsjednika politi\u010dke partije Demokratska Crne Gora Alekse Be\u010di\u0107a, poslanika \u201eDemokratske Crne Gore u Skup\u0161tini Crne Gore Borisa Bogdanovi\u0107a, poslanice Demokratske Crne Gore u Skup\u0161tini Crne Gore An\u0111ele Vojinovi\u0107, \u010dlanova Komisije za provjeru bezbjednosnih smetnji za vr\u0161enje policijskih poslova i vi\u0161e slu\u017ebenika Uprave policije.\" \/>\n<meta property=\"og:url\" content=\"https:\/\/dmcsrb.com\/en\/hronika\/radulovic-podnio-krivicnu-prijavu-protiv-demokrata-i-vise-drzavnih-funkcionera\/\" \/>\n<meta property=\"og:site_name\" content=\"dmcsrb.com\" \/>\n<meta property=\"article:published_time\" content=\"2025-08-25T14:47:00+00:00\" \/>\n<meta property=\"og:image\" content=\"https:\/\/dmcsrb.com\/wp-content\/uploads\/2026\/01\/Advokat-Veselin-Radulovic-1-foto-gradski.webp\" \/>\n\t<meta property=\"og:image:width\" content=\"1040\" \/>\n\t<meta property=\"og:image:height\" content=\"637\" \/>\n\t<meta property=\"og:image:type\" content=\"image\/jpeg\" \/>\n<meta name=\"author\" content=\"dmcsrbija.com@gmail.com\" \/>\n<meta name=\"twitter:card\" content=\"summary_large_image\" \/>\n<meta name=\"twitter:label1\" content=\"Written by\" \/>\n\t<meta name=\"twitter:data1\" content=\"dmcsrbija.com@gmail.com\" \/>\n\t<meta name=\"twitter:label2\" content=\"Estimated reading time\" \/>\n\t<meta name=\"twitter:data2\" content=\"2 minutes\" \/>\n<script type=\"application\/ld+json\" class=\"yoast-schema-graph\">{\"@context\":\"https:\/\/schema.org\",\"@graph\":[{\"@type\":\"Article\",\"@id\":\"https:\/\/dmcsrb.com\/hronika\/radulovic-podnio-krivicnu-prijavu-protiv-demokrata-i-vise-drzavnih-funkcionera\/#article\",\"isPartOf\":{\"@id\":\"https:\/\/dmcsrb.com\/hronika\/radulovic-podnio-krivicnu-prijavu-protiv-demokrata-i-vise-drzavnih-funkcionera\/\"},\"author\":{\"name\":\"dmcsrbija.com@gmail.com\",\"@id\":\"https:\/\/dmcsrb.com\/#\/schema\/person\/5c39170f12db1b8b457732d0b5c854e2\"},\"headline\":\"Radulovi\u0107 podnio krivi\u010dnu prijavu protiv Demokrata i vi\u0161e dr\u017eavnih funkcionera\",\"datePublished\":\"2025-08-25T14:47:00+00:00\",\"mainEntityOfPage\":{\"@id\":\"https:\/\/dmcsrb.com\/hronika\/radulovic-podnio-krivicnu-prijavu-protiv-demokrata-i-vise-drzavnih-funkcionera\/\"},\"wordCount\":379,\"commentCount\":0,\"image\":{\"@id\":\"https:\/\/dmcsrb.com\/hronika\/radulovic-podnio-krivicnu-prijavu-protiv-demokrata-i-vise-drzavnih-funkcionera\/#primaryimage\"},\"thumbnailUrl\":\"https:\/\/dmcsrb.com\/wp-content\/uploads\/2026\/01\/Advokat-Veselin-Radulovic-1-foto-gradski.webp\",\"keywords\":[\"Demokrate\",\"prijava\",\"Veselin Radulovi\u0107\"],\"articleSection\":[\"Hronika\"],\"inLanguage\":\"en-GB\",\"potentialAction\":[{\"@type\":\"CommentAction\",\"name\":\"Comment\",\"target\":[\"https:\/\/dmcsrb.com\/hronika\/radulovic-podnio-krivicnu-prijavu-protiv-demokrata-i-vise-drzavnih-funkcionera\/#respond\"]}]},{\"@type\":\"WebPage\",\"@id\":\"https:\/\/dmcsrb.com\/hronika\/radulovic-podnio-krivicnu-prijavu-protiv-demokrata-i-vise-drzavnih-funkcionera\/\",\"url\":\"https:\/\/dmcsrb.com\/hronika\/radulovic-podnio-krivicnu-prijavu-protiv-demokrata-i-vise-drzavnih-funkcionera\/\",\"name\":\"Radulovi\u0107 podnio krivi\u010dnu prijavu protiv Demokrata i vi\u0161e dr\u017eavnih funkcionera - dmcsrb.com\",\"isPartOf\":{\"@id\":\"https:\/\/dmcsrb.com\/#website\"},\"primaryImageOfPage\":{\"@id\":\"https:\/\/dmcsrb.com\/hronika\/radulovic-podnio-krivicnu-prijavu-protiv-demokrata-i-vise-drzavnih-funkcionera\/#primaryimage\"},\"image\":{\"@id\":\"https:\/\/dmcsrb.com\/hronika\/radulovic-podnio-krivicnu-prijavu-protiv-demokrata-i-vise-drzavnih-funkcionera\/#primaryimage\"},\"thumbnailUrl\":\"https:\/\/dmcsrb.com\/wp-content\/uploads\/2026\/01\/Advokat-Veselin-Radulovic-1-foto-gradski.webp\",\"datePublished\":\"2025-08-25T14:47:00+00:00\",\"author\":{\"@id\":\"https:\/\/dmcsrb.com\/#\/schema\/person\/5c39170f12db1b8b457732d0b5c854e2\"},\"breadcrumb\":{\"@id\":\"https:\/\/dmcsrb.com\/hronika\/radulovic-podnio-krivicnu-prijavu-protiv-demokrata-i-vise-drzavnih-funkcionera\/#breadcrumb\"},\"inLanguage\":\"en-GB\",\"potentialAction\":[{\"@type\":\"ReadAction\",\"target\":[\"https:\/\/dmcsrb.com\/hronika\/radulovic-podnio-krivicnu-prijavu-protiv-demokrata-i-vise-drzavnih-funkcionera\/\"]}]},{\"@type\":\"ImageObject\",\"inLanguage\":\"en-GB\",\"@id\":\"https:\/\/dmcsrb.com\/hronika\/radulovic-podnio-krivicnu-prijavu-protiv-demokrata-i-vise-drzavnih-funkcionera\/#primaryimage\",\"url\":\"https:\/\/dmcsrb.com\/wp-content\/uploads\/2026\/01\/Advokat-Veselin-Radulovic-1-foto-gradski.webp\",\"contentUrl\":\"https:\/\/dmcsrb.com\/wp-content\/uploads\/2026\/01\/Advokat-Veselin-Radulovic-1-foto-gradski.webp\",\"width\":1040,\"height\":637},{\"@type\":\"BreadcrumbList\",\"@id\":\"https:\/\/dmcsrb.com\/hronika\/radulovic-podnio-krivicnu-prijavu-protiv-demokrata-i-vise-drzavnih-funkcionera\/#breadcrumb\",\"itemListElement\":[{\"@type\":\"ListItem\",\"position\":1,\"name\":\"Home\",\"item\":\"https:\/\/dmcsrb.com\/\"},{\"@type\":\"ListItem\",\"position\":2,\"name\":\"Radulovi\u0107 podnio krivi\u010dnu prijavu protiv Demokrata i vi\u0161e dr\u017eavnih funkcionera\"}]},{\"@type\":\"WebSite\",\"@id\":\"https:\/\/dmcsrb.com\/#website\",\"url\":\"https:\/\/dmcsrb.com\/\",\"name\":\"dmcsrb.com\",\"description\":\"\",\"potentialAction\":[{\"@type\":\"SearchAction\",\"target\":{\"@type\":\"EntryPoint\",\"urlTemplate\":\"https:\/\/dmcsrb.com\/?s={search_term_string}\"},\"query-input\":{\"@type\":\"PropertyValueSpecification\",\"valueRequired\":true,\"valueName\":\"search_term_string\"}}],\"inLanguage\":\"en-GB\"},{\"@type\":\"Person\",\"@id\":\"https:\/\/dmcsrb.com\/#\/schema\/person\/5c39170f12db1b8b457732d0b5c854e2\",\"name\":\"dmcsrbija.com@gmail.com\",\"image\":{\"@type\":\"ImageObject\",\"inLanguage\":\"en-GB\",\"@id\":\"https:\/\/dmcsrb.com\/#\/schema\/person\/image\/\",\"url\":\"https:\/\/secure.gravatar.com\/avatar\/68592660ad6347fad0fb587f8d5d8f1a7b44961362f56e4f2cd524feb87e9069?s=96&d=mm&r=g\",\"contentUrl\":\"https:\/\/secure.gravatar.com\/avatar\/68592660ad6347fad0fb587f8d5d8f1a7b44961362f56e4f2cd524feb87e9069?s=96&d=mm&r=g\",\"caption\":\"dmcsrbija.com@gmail.com\"},\"sameAs\":[\"https:\/\/dmcsrb.com\"],\"url\":\"https:\/\/dmcsrb.com\/en\/author\/dmcsrbija-comgmail-com\/\"}]}<\/script>\n<!-- \/ Yoast SEO plugin. -->","yoast_head_json":{"title":"Radulovi\u0107 podnio krivi\u010dnu prijavu protiv Demokrata i vi\u0161e dr\u017eavnih funkcionera - dmcsrb.com","robots":{"index":"index","follow":"follow","max-snippet":"max-snippet:-1","max-image-preview":"max-image-preview:large","max-video-preview":"max-video-preview:-1"},"canonical":"https:\/\/dmcsrb.com\/en\/hronika\/radulovic-podnio-krivicnu-prijavu-protiv-demokrata-i-vise-drzavnih-funkcionera\/","og_locale":"en_GB","og_type":"article","og_title":"Radulovi\u0107 podnio krivi\u010dnu prijavu protiv Demokrata i vi\u0161e dr\u017eavnih funkcionera - dmcsrb.com","og_description":"Advokat Veselin Radulovi\u0107 podnio je Specijalnom dr\u017eavnom tu\u017eila\u0161tvu u Podgorici krivi\u010dnu prijavu protiv Demokratske Crne Gore, ministra untranjih poslova u Vladi Crne Gore Danila \u0160aranovi\u0107a, vr\u0161ioca du\u017enosti direktora Uprave policije Lazara \u0160\u0107epanovi\u0107a, potpredsjednika Vlade Crne Gore i predsjednika politi\u010dke partije Demokratska Crne Gora Alekse Be\u010di\u0107a, poslanika \u201eDemokratske Crne Gore u Skup\u0161tini Crne Gore Borisa Bogdanovi\u0107a, poslanice Demokratske Crne Gore u Skup\u0161tini Crne Gore An\u0111ele Vojinovi\u0107, \u010dlanova Komisije za provjeru bezbjednosnih smetnji za vr\u0161enje policijskih poslova i vi\u0161e slu\u017ebenika Uprave policije.","og_url":"https:\/\/dmcsrb.com\/en\/hronika\/radulovic-podnio-krivicnu-prijavu-protiv-demokrata-i-vise-drzavnih-funkcionera\/","og_site_name":"dmcsrb.com","article_published_time":"2025-08-25T14:47:00+00:00","og_image":[{"width":1040,"height":637,"url":"https:\/\/dmcsrb.com\/wp-content\/uploads\/2026\/01\/Advokat-Veselin-Radulovic-1-foto-gradski.webp","type":"image\/jpeg"}],"author":"dmcsrbija.com@gmail.com","twitter_card":"summary_large_image","twitter_misc":{"Written by":"dmcsrbija.com@gmail.com","Estimated reading time":"2 minutes"},"schema":{"@context":"https:\/\/schema.org","@graph":[{"@type":"Article","@id":"https:\/\/dmcsrb.com\/hronika\/radulovic-podnio-krivicnu-prijavu-protiv-demokrata-i-vise-drzavnih-funkcionera\/#article","isPartOf":{"@id":"https:\/\/dmcsrb.com\/hronika\/radulovic-podnio-krivicnu-prijavu-protiv-demokrata-i-vise-drzavnih-funkcionera\/"},"author":{"name":"dmcsrbija.com@gmail.com","@id":"https:\/\/dmcsrb.com\/#\/schema\/person\/5c39170f12db1b8b457732d0b5c854e2"},"headline":"Radulovi\u0107 podnio krivi\u010dnu prijavu protiv Demokrata i vi\u0161e dr\u017eavnih funkcionera","datePublished":"2025-08-25T14:47:00+00:00","mainEntityOfPage":{"@id":"https:\/\/dmcsrb.com\/hronika\/radulovic-podnio-krivicnu-prijavu-protiv-demokrata-i-vise-drzavnih-funkcionera\/"},"wordCount":379,"commentCount":0,"image":{"@id":"https:\/\/dmcsrb.com\/hronika\/radulovic-podnio-krivicnu-prijavu-protiv-demokrata-i-vise-drzavnih-funkcionera\/#primaryimage"},"thumbnailUrl":"https:\/\/dmcsrb.com\/wp-content\/uploads\/2026\/01\/Advokat-Veselin-Radulovic-1-foto-gradski.webp","keywords":["Demokrate","prijava","Veselin Radulovi\u0107"],"articleSection":["Hronika"],"inLanguage":"en-GB","potentialAction":[{"@type":"CommentAction","name":"Comment","target":["https:\/\/dmcsrb.com\/hronika\/radulovic-podnio-krivicnu-prijavu-protiv-demokrata-i-vise-drzavnih-funkcionera\/#respond"]}]},{"@type":"WebPage","@id":"https:\/\/dmcsrb.com\/hronika\/radulovic-podnio-krivicnu-prijavu-protiv-demokrata-i-vise-drzavnih-funkcionera\/","url":"https:\/\/dmcsrb.com\/hronika\/radulovic-podnio-krivicnu-prijavu-protiv-demokrata-i-vise-drzavnih-funkcionera\/","name":"Radulovi\u0107 podnio krivi\u010dnu prijavu protiv Demokrata i vi\u0161e dr\u017eavnih funkcionera - dmcsrb.com","isPartOf":{"@id":"https:\/\/dmcsrb.com\/#website"},"primaryImageOfPage":{"@id":"https:\/\/dmcsrb.com\/hronika\/radulovic-podnio-krivicnu-prijavu-protiv-demokrata-i-vise-drzavnih-funkcionera\/#primaryimage"},"image":{"@id":"https:\/\/dmcsrb.com\/hronika\/radulovic-podnio-krivicnu-prijavu-protiv-demokrata-i-vise-drzavnih-funkcionera\/#primaryimage"},"thumbnailUrl":"https:\/\/dmcsrb.com\/wp-content\/uploads\/2026\/01\/Advokat-Veselin-Radulovic-1-foto-gradski.webp","datePublished":"2025-08-25T14:47:00+00:00","author":{"@id":"https:\/\/dmcsrb.com\/#\/schema\/person\/5c39170f12db1b8b457732d0b5c854e2"},"breadcrumb":{"@id":"https:\/\/dmcsrb.com\/hronika\/radulovic-podnio-krivicnu-prijavu-protiv-demokrata-i-vise-drzavnih-funkcionera\/#breadcrumb"},"inLanguage":"en-GB","potentialAction":[{"@type":"ReadAction","target":["https:\/\/dmcsrb.com\/hronika\/radulovic-podnio-krivicnu-prijavu-protiv-demokrata-i-vise-drzavnih-funkcionera\/"]}]},{"@type":"ImageObject","inLanguage":"en-GB","@id":"https:\/\/dmcsrb.com\/hronika\/radulovic-podnio-krivicnu-prijavu-protiv-demokrata-i-vise-drzavnih-funkcionera\/#primaryimage","url":"https:\/\/dmcsrb.com\/wp-content\/uploads\/2026\/01\/Advokat-Veselin-Radulovic-1-foto-gradski.webp","contentUrl":"https:\/\/dmcsrb.com\/wp-content\/uploads\/2026\/01\/Advokat-Veselin-Radulovic-1-foto-gradski.webp","width":1040,"height":637},{"@type":"BreadcrumbList","@id":"https:\/\/dmcsrb.com\/hronika\/radulovic-podnio-krivicnu-prijavu-protiv-demokrata-i-vise-drzavnih-funkcionera\/#breadcrumb","itemListElement":[{"@type":"ListItem","position":1,"name":"Home","item":"https:\/\/dmcsrb.com\/"},{"@type":"ListItem","position":2,"name":"Radulovi\u0107 podnio krivi\u010dnu prijavu protiv Demokrata i vi\u0161e dr\u017eavnih funkcionera"}]},{"@type":"WebSite","@id":"https:\/\/dmcsrb.com\/#website","url":"https:\/\/dmcsrb.com\/","name":"dmcsrb.com","description":"","potentialAction":[{"@type":"SearchAction","target":{"@type":"EntryPoint","urlTemplate":"https:\/\/dmcsrb.com\/?s={search_term_string}"},"query-input":{"@type":"PropertyValueSpecification","valueRequired":true,"valueName":"search_term_string"}}],"inLanguage":"en-GB"},{"@type":"Person","@id":"https:\/\/dmcsrb.com\/#\/schema\/person\/5c39170f12db1b8b457732d0b5c854e2","name":"dmcsrbija.com@gmail.com","image":{"@type":"ImageObject","inLanguage":"en-GB","@id":"https:\/\/dmcsrb.com\/#\/schema\/person\/image\/","url":"https:\/\/secure.gravatar.com\/avatar\/68592660ad6347fad0fb587f8d5d8f1a7b44961362f56e4f2cd524feb87e9069?s=96&d=mm&r=g","contentUrl":"https:\/\/secure.gravatar.com\/avatar\/68592660ad6347fad0fb587f8d5d8f1a7b44961362f56e4f2cd524feb87e9069?s=96&d=mm&r=g","caption":"dmcsrbija.com@gmail.com"},"sameAs":["https:\/\/dmcsrb.com"],"url":"https:\/\/dmcsrb.com\/en\/author\/dmcsrbija-comgmail-com\/"}]}},"_links":{"self":[{"href":"https:\/\/dmcsrb.com\/en\/wp-json\/wp\/v2\/posts\/948262","targetHints":{"allow":["GET"]}}],"collection":[{"href":"https:\/\/dmcsrb.com\/en\/wp-json\/wp\/v2\/posts"}],"about":[{"href":"https:\/\/dmcsrb.com\/en\/wp-json\/wp\/v2\/types\/post"}],"author":[{"embeddable":true,"href":"https:\/\/dmcsrb.com\/en\/wp-json\/wp\/v2\/users\/1"}],"replies":[{"embeddable":true,"href":"https:\/\/dmcsrb.com\/en\/wp-json\/wp\/v2\/comments?post=948262"}],"version-history":[{"count":0,"href":"https:\/\/dmcsrb.com\/en\/wp-json\/wp\/v2\/posts\/948262\/revisions"}],"wp:featuredmedia":[{"embeddable":true,"href":"https:\/\/dmcsrb.com\/en\/wp-json\/wp\/v2\/media\/948263"}],"wp:attachment":[{"href":"https:\/\/dmcsrb.com\/en\/wp-json\/wp\/v2\/media?parent=948262"}],"wp:term":[{"taxonomy":"category","embeddable":true,"href":"https:\/\/dmcsrb.com\/en\/wp-json\/wp\/v2\/categories?post=948262"},{"taxonomy":"post_tag","embeddable":true,"href":"https:\/\/dmcsrb.com\/en\/wp-json\/wp\/v2\/tags?post=948262"},{"taxonomy":"naslovna","embeddable":true,"href":"https:\/\/dmcsrb.com\/en\/wp-json\/wp\/v2\/naslovna?post=948262"}],"curies":[{"name":"wp","href":"https:\/\/api.w.org\/{rel}","templated":true}]}}