{"id":948185,"date":"2025-08-25T09:46:00","date_gmt":"2025-08-25T07:46:00","guid":{"rendered":"https:\/\/dmcsrb.com\/uncategorized\/krnic-napadi-vlasti-na-kriticki-glas-znak-slabosti-a-nesnage\/"},"modified":"2025-08-25T09:46:00","modified_gmt":"2025-08-25T07:46:00","slug":"krnic-napadi-vlasti-na-kriticki-glas-znak-slabosti-a-nesnage","status":"publish","type":"post","link":"https:\/\/dmcsrb.com\/en\/drustvo\/krnic-napadi-vlasti-na-kriticki-glas-znak-slabosti-a-nesnage\/","title":{"rendered":"Krni\u0107: Napadi vlasti na kriti\u010dki glas &#8211; znak slabosti, a nesnage"},"content":{"rendered":"<p><\/p>\n\n\n\n<p><\/p>\n\n\n\n<p>&#8220;Javni govor u Crnoj Gori danas je sveden na uvrede, prijetnje i poku\u0161aje diskreditacije. Umjesto da vodi razgovor i preuzima odgovornost, vlast bira put vrije\u0111anja i zastra\u0161ivanja. Politika koja bi trebalo da njeguje kulturu dijaloga pretvorila se u zloupotrebu mo\u0107i i ga\u017eenje demokratskih vrijednosti&#8221;, kazao je on.<\/p>\n\n\n\n<p>Kako je naveo, Demokratska Crna Gora kao stranka koja je na \u010delu represivnog aparata mora pokazati druga\u010diji na\u010din javne komunikacije od onog koji je ispoljila unazad nekoliko dana. <\/p>\n\n\n\n<p>&#8220;Ukoliko imaju argument protiv teza koje iznose oni koji kritikuju vlast, oni treba da ih javno saop\u0161te, a ne da bira put vrije\u0111anja i etiketiranja. Takvo pona\u0161anje je ne samo nedopustivo ve\u0107 i \u0161tetno, jer se obeshrabruje svako ko bi uputio \u010dak i savjet da vlast ne\u0161to mo\u017ee raditi bolje. Uz sve to, ovakav pristup je politi\u010dki neodgovoran \u2013 on je duboko \u0161tetan<br>po dru\u0161tvo i signal da se vlast slu\u017ei metodama koje su suprotne demokratskim principima. Vlast koja pribjegava prijetnjama umjesto dijalogu pokazuje slabost i strah, a ne snagu i legitimitet&#8221;, dodao je u saop\u0161tenju.<\/p>","protected":false},"excerpt":{"rendered":"<p>Preokret staje u odbranu slobode misli i kriti\u010dkog sagledavanja vlasti kako bi ona bila bolja i time za\u0161ti\u0107en javni interes. Na\u017ealost, ovaj princip je naru\u0161ila aktuelna vlast, odnosno stranka koja rukovodi represivnim aparatom grubim i banalnim napadom na advokata Veselina Radulovi\u0107a koji je ukazao na potencijalnu \u0161tetu koju vlast mo\u017ee \u010diniti<br \/>\nsvojom nestru\u010dno\u0161\u0107u i Teu Gorjanc Prelevi\u0107, izvr\u0161nu direktoricu Akcije za ljudska prava, koja je stala u odbranu takvog pristupa koji je na korist zajednici, kazao je Mirza Krni\u0107 ispred Preokreta,<\/p>","protected":false},"author":1,"featured_media":946857,"comment_status":"open","ping_status":"open","sticky":false,"template":"","format":"standard","meta":{"_acf_changed":false,"footnotes":""},"categories":[2],"tags":[10153,3141],"naslovna":[],"class_list":["post-948185","post","type-post","status-publish","format-standard","has-post-thumbnail","hentry","category-drustvo","tag-krnic","tag-napad"],"acf":[],"yoast_head":"<!-- This site is optimized with the Yoast SEO plugin v27.4 - https:\/\/yoast.com\/product\/yoast-seo-wordpress\/ -->\n<title>Krni\u0107: Napadi vlasti na kriti\u010dki glas - znak slabosti, a nesnage - dmcsrb.com<\/title>\n<meta name=\"robots\" content=\"index, follow, max-snippet:-1, max-image-preview:large, max-video-preview:-1\" \/>\n<link rel=\"canonical\" href=\"https:\/\/dmcsrb.com\/en\/drustvo\/krnic-napadi-vlasti-na-kriticki-glas-znak-slabosti-a-nesnage\/\" \/>\n<meta property=\"og:locale\" content=\"en_GB\" \/>\n<meta property=\"og:type\" content=\"article\" \/>\n<meta property=\"og:title\" content=\"Krni\u0107: Napadi vlasti na kriti\u010dki glas - znak slabosti, a nesnage - dmcsrb.com\" \/>\n<meta property=\"og:description\" content=\"Preokret staje u odbranu slobode misli i kriti\u010dkog sagledavanja vlasti kako bi ona bila bolja i time za\u0161ti\u0107en javni interes. Na\u017ealost, ovaj princip je naru\u0161ila aktuelna vlast, odnosno stranka koja rukovodi represivnim aparatom grubim i banalnim napadom na advokata Veselina Radulovi\u0107a koji je ukazao na potencijalnu \u0161tetu koju vlast mo\u017ee \u010diniti svojom nestru\u010dno\u0161\u0107u i Teu Gorjanc Prelevi\u0107, izvr\u0161nu direktoricu Akcije za ljudska prava, koja je stala u odbranu takvog pristupa koji je na korist zajednici, kazao je Mirza Krni\u0107 ispred Preokreta,\" \/>\n<meta property=\"og:url\" content=\"https:\/\/dmcsrb.com\/en\/drustvo\/krnic-napadi-vlasti-na-kriticki-glas-znak-slabosti-a-nesnage\/\" \/>\n<meta property=\"og:site_name\" content=\"dmcsrb.com\" \/>\n<meta property=\"article:published_time\" content=\"2025-08-25T07:46:00+00:00\" \/>\n<meta property=\"og:image\" content=\"https:\/\/dmcsrb.com\/wp-content\/uploads\/2026\/01\/1715031403-mirza-krnic-clan-pokreta-preokret-1110-2023-i_960x600.webp\" \/>\n\t<meta property=\"og:image:width\" content=\"960\" \/>\n\t<meta property=\"og:image:height\" content=\"600\" \/>\n\t<meta property=\"og:image:type\" content=\"image\/jpeg\" \/>\n<meta name=\"author\" content=\"dmcsrbija.com@gmail.com\" \/>\n<meta name=\"twitter:card\" content=\"summary_large_image\" \/>\n<meta name=\"twitter:label1\" content=\"Written by\" \/>\n\t<meta name=\"twitter:data1\" content=\"dmcsrbija.com@gmail.com\" \/>\n\t<meta name=\"twitter:label2\" content=\"Estimated reading time\" \/>\n\t<meta name=\"twitter:data2\" content=\"1 minute\" \/>\n<script type=\"application\/ld+json\" class=\"yoast-schema-graph\">{\"@context\":\"https:\\\/\\\/schema.org\",\"@graph\":[{\"@type\":\"Article\",\"@id\":\"https:\\\/\\\/dmcsrb.com\\\/drustvo\\\/krnic-napadi-vlasti-na-kriticki-glas-znak-slabosti-a-nesnage\\\/#article\",\"isPartOf\":{\"@id\":\"https:\\\/\\\/dmcsrb.com\\\/drustvo\\\/krnic-napadi-vlasti-na-kriticki-glas-znak-slabosti-a-nesnage\\\/\"},\"author\":{\"name\":\"dmcsrbija.com@gmail.com\",\"@id\":\"https:\\\/\\\/dmcsrb.com\\\/#\\\/schema\\\/person\\\/5c39170f12db1b8b457732d0b5c854e2\"},\"headline\":\"Krni\u0107: Napadi vlasti na kriti\u010dki glas &#8211; znak slabosti, a nesnage\",\"datePublished\":\"2025-08-25T07:46:00+00:00\",\"mainEntityOfPage\":{\"@id\":\"https:\\\/\\\/dmcsrb.com\\\/drustvo\\\/krnic-napadi-vlasti-na-kriticki-glas-znak-slabosti-a-nesnage\\\/\"},\"wordCount\":197,\"commentCount\":0,\"image\":{\"@id\":\"https:\\\/\\\/dmcsrb.com\\\/drustvo\\\/krnic-napadi-vlasti-na-kriticki-glas-znak-slabosti-a-nesnage\\\/#primaryimage\"},\"thumbnailUrl\":\"https:\\\/\\\/dmcsrb.com\\\/wp-content\\\/uploads\\\/2026\\\/01\\\/1715031403-mirza-krnic-clan-pokreta-preokret-1110-2023-i_960x600.webp\",\"keywords\":[\"krni\u0107\",\"napad\"],\"articleSection\":[\"Dru\u0161tvo\"],\"inLanguage\":\"en-GB\",\"potentialAction\":[{\"@type\":\"CommentAction\",\"name\":\"Comment\",\"target\":[\"https:\\\/\\\/dmcsrb.com\\\/drustvo\\\/krnic-napadi-vlasti-na-kriticki-glas-znak-slabosti-a-nesnage\\\/#respond\"]}]},{\"@type\":\"WebPage\",\"@id\":\"https:\\\/\\\/dmcsrb.com\\\/drustvo\\\/krnic-napadi-vlasti-na-kriticki-glas-znak-slabosti-a-nesnage\\\/\",\"url\":\"https:\\\/\\\/dmcsrb.com\\\/drustvo\\\/krnic-napadi-vlasti-na-kriticki-glas-znak-slabosti-a-nesnage\\\/\",\"name\":\"Krni\u0107: Napadi vlasti na kriti\u010dki glas - znak slabosti, a nesnage - dmcsrb.com\",\"isPartOf\":{\"@id\":\"https:\\\/\\\/dmcsrb.com\\\/#website\"},\"primaryImageOfPage\":{\"@id\":\"https:\\\/\\\/dmcsrb.com\\\/drustvo\\\/krnic-napadi-vlasti-na-kriticki-glas-znak-slabosti-a-nesnage\\\/#primaryimage\"},\"image\":{\"@id\":\"https:\\\/\\\/dmcsrb.com\\\/drustvo\\\/krnic-napadi-vlasti-na-kriticki-glas-znak-slabosti-a-nesnage\\\/#primaryimage\"},\"thumbnailUrl\":\"https:\\\/\\\/dmcsrb.com\\\/wp-content\\\/uploads\\\/2026\\\/01\\\/1715031403-mirza-krnic-clan-pokreta-preokret-1110-2023-i_960x600.webp\",\"datePublished\":\"2025-08-25T07:46:00+00:00\",\"author\":{\"@id\":\"https:\\\/\\\/dmcsrb.com\\\/#\\\/schema\\\/person\\\/5c39170f12db1b8b457732d0b5c854e2\"},\"breadcrumb\":{\"@id\":\"https:\\\/\\\/dmcsrb.com\\\/drustvo\\\/krnic-napadi-vlasti-na-kriticki-glas-znak-slabosti-a-nesnage\\\/#breadcrumb\"},\"inLanguage\":\"en-GB\",\"potentialAction\":[{\"@type\":\"ReadAction\",\"target\":[\"https:\\\/\\\/dmcsrb.com\\\/drustvo\\\/krnic-napadi-vlasti-na-kriticki-glas-znak-slabosti-a-nesnage\\\/\"]}]},{\"@type\":\"ImageObject\",\"inLanguage\":\"en-GB\",\"@id\":\"https:\\\/\\\/dmcsrb.com\\\/drustvo\\\/krnic-napadi-vlasti-na-kriticki-glas-znak-slabosti-a-nesnage\\\/#primaryimage\",\"url\":\"https:\\\/\\\/dmcsrb.com\\\/wp-content\\\/uploads\\\/2026\\\/01\\\/1715031403-mirza-krnic-clan-pokreta-preokret-1110-2023-i_960x600.webp\",\"contentUrl\":\"https:\\\/\\\/dmcsrb.com\\\/wp-content\\\/uploads\\\/2026\\\/01\\\/1715031403-mirza-krnic-clan-pokreta-preokret-1110-2023-i_960x600.webp\",\"width\":960,\"height\":600},{\"@type\":\"BreadcrumbList\",\"@id\":\"https:\\\/\\\/dmcsrb.com\\\/drustvo\\\/krnic-napadi-vlasti-na-kriticki-glas-znak-slabosti-a-nesnage\\\/#breadcrumb\",\"itemListElement\":[{\"@type\":\"ListItem\",\"position\":1,\"name\":\"Home\",\"item\":\"https:\\\/\\\/dmcsrb.com\\\/\"},{\"@type\":\"ListItem\",\"position\":2,\"name\":\"Krni\u0107: Napadi vlasti na kriti\u010dki glas &#8211; znak slabosti, a nesnage\"}]},{\"@type\":\"WebSite\",\"@id\":\"https:\\\/\\\/dmcsrb.com\\\/#website\",\"url\":\"https:\\\/\\\/dmcsrb.com\\\/\",\"name\":\"dmcsrb.com\",\"description\":\"\",\"potentialAction\":[{\"@type\":\"SearchAction\",\"target\":{\"@type\":\"EntryPoint\",\"urlTemplate\":\"https:\\\/\\\/dmcsrb.com\\\/?s={search_term_string}\"},\"query-input\":{\"@type\":\"PropertyValueSpecification\",\"valueRequired\":true,\"valueName\":\"search_term_string\"}}],\"inLanguage\":\"en-GB\"},{\"@type\":\"Person\",\"@id\":\"https:\\\/\\\/dmcsrb.com\\\/#\\\/schema\\\/person\\\/5c39170f12db1b8b457732d0b5c854e2\",\"name\":\"dmcsrbija.com@gmail.com\",\"image\":{\"@type\":\"ImageObject\",\"inLanguage\":\"en-GB\",\"@id\":\"https:\\\/\\\/secure.gravatar.com\\\/avatar\\\/68592660ad6347fad0fb587f8d5d8f1a7b44961362f56e4f2cd524feb87e9069?s=96&d=mm&r=g\",\"url\":\"https:\\\/\\\/secure.gravatar.com\\\/avatar\\\/68592660ad6347fad0fb587f8d5d8f1a7b44961362f56e4f2cd524feb87e9069?s=96&d=mm&r=g\",\"contentUrl\":\"https:\\\/\\\/secure.gravatar.com\\\/avatar\\\/68592660ad6347fad0fb587f8d5d8f1a7b44961362f56e4f2cd524feb87e9069?s=96&d=mm&r=g\",\"caption\":\"dmcsrbija.com@gmail.com\"},\"sameAs\":[\"https:\\\/\\\/dmcsrb.com\"],\"url\":\"https:\\\/\\\/dmcsrb.com\\\/en\\\/author\\\/dmcsrbija-comgmail-com\\\/\"}]}<\/script>\n<!-- \/ Yoast SEO plugin. -->","yoast_head_json":{"title":"Krni\u0107: Napadi vlasti na kriti\u010dki glas - znak slabosti, a nesnage - dmcsrb.com","robots":{"index":"index","follow":"follow","max-snippet":"max-snippet:-1","max-image-preview":"max-image-preview:large","max-video-preview":"max-video-preview:-1"},"canonical":"https:\/\/dmcsrb.com\/en\/drustvo\/krnic-napadi-vlasti-na-kriticki-glas-znak-slabosti-a-nesnage\/","og_locale":"en_GB","og_type":"article","og_title":"Krni\u0107: Napadi vlasti na kriti\u010dki glas - znak slabosti, a nesnage - dmcsrb.com","og_description":"Preokret staje u odbranu slobode misli i kriti\u010dkog sagledavanja vlasti kako bi ona bila bolja i time za\u0161ti\u0107en javni interes. Na\u017ealost, ovaj princip je naru\u0161ila aktuelna vlast, odnosno stranka koja rukovodi represivnim aparatom grubim i banalnim napadom na advokata Veselina Radulovi\u0107a koji je ukazao na potencijalnu \u0161tetu koju vlast mo\u017ee \u010diniti svojom nestru\u010dno\u0161\u0107u i Teu Gorjanc Prelevi\u0107, izvr\u0161nu direktoricu Akcije za ljudska prava, koja je stala u odbranu takvog pristupa koji je na korist zajednici, kazao je Mirza Krni\u0107 ispred Preokreta,","og_url":"https:\/\/dmcsrb.com\/en\/drustvo\/krnic-napadi-vlasti-na-kriticki-glas-znak-slabosti-a-nesnage\/","og_site_name":"dmcsrb.com","article_published_time":"2025-08-25T07:46:00+00:00","og_image":[{"width":960,"height":600,"url":"https:\/\/dmcsrb.com\/wp-content\/uploads\/2026\/01\/1715031403-mirza-krnic-clan-pokreta-preokret-1110-2023-i_960x600.webp","type":"image\/jpeg"}],"author":"dmcsrbija.com@gmail.com","twitter_card":"summary_large_image","twitter_misc":{"Written by":"dmcsrbija.com@gmail.com","Estimated reading time":"1 minute"},"schema":{"@context":"https:\/\/schema.org","@graph":[{"@type":"Article","@id":"https:\/\/dmcsrb.com\/drustvo\/krnic-napadi-vlasti-na-kriticki-glas-znak-slabosti-a-nesnage\/#article","isPartOf":{"@id":"https:\/\/dmcsrb.com\/drustvo\/krnic-napadi-vlasti-na-kriticki-glas-znak-slabosti-a-nesnage\/"},"author":{"name":"dmcsrbija.com@gmail.com","@id":"https:\/\/dmcsrb.com\/#\/schema\/person\/5c39170f12db1b8b457732d0b5c854e2"},"headline":"Krni\u0107: Napadi vlasti na kriti\u010dki glas &#8211; znak slabosti, a nesnage","datePublished":"2025-08-25T07:46:00+00:00","mainEntityOfPage":{"@id":"https:\/\/dmcsrb.com\/drustvo\/krnic-napadi-vlasti-na-kriticki-glas-znak-slabosti-a-nesnage\/"},"wordCount":197,"commentCount":0,"image":{"@id":"https:\/\/dmcsrb.com\/drustvo\/krnic-napadi-vlasti-na-kriticki-glas-znak-slabosti-a-nesnage\/#primaryimage"},"thumbnailUrl":"https:\/\/dmcsrb.com\/wp-content\/uploads\/2026\/01\/1715031403-mirza-krnic-clan-pokreta-preokret-1110-2023-i_960x600.webp","keywords":["krni\u0107","napad"],"articleSection":["Dru\u0161tvo"],"inLanguage":"en-GB","potentialAction":[{"@type":"CommentAction","name":"Comment","target":["https:\/\/dmcsrb.com\/drustvo\/krnic-napadi-vlasti-na-kriticki-glas-znak-slabosti-a-nesnage\/#respond"]}]},{"@type":"WebPage","@id":"https:\/\/dmcsrb.com\/drustvo\/krnic-napadi-vlasti-na-kriticki-glas-znak-slabosti-a-nesnage\/","url":"https:\/\/dmcsrb.com\/drustvo\/krnic-napadi-vlasti-na-kriticki-glas-znak-slabosti-a-nesnage\/","name":"Krni\u0107: Napadi vlasti na kriti\u010dki glas - znak slabosti, a nesnage - dmcsrb.com","isPartOf":{"@id":"https:\/\/dmcsrb.com\/#website"},"primaryImageOfPage":{"@id":"https:\/\/dmcsrb.com\/drustvo\/krnic-napadi-vlasti-na-kriticki-glas-znak-slabosti-a-nesnage\/#primaryimage"},"image":{"@id":"https:\/\/dmcsrb.com\/drustvo\/krnic-napadi-vlasti-na-kriticki-glas-znak-slabosti-a-nesnage\/#primaryimage"},"thumbnailUrl":"https:\/\/dmcsrb.com\/wp-content\/uploads\/2026\/01\/1715031403-mirza-krnic-clan-pokreta-preokret-1110-2023-i_960x600.webp","datePublished":"2025-08-25T07:46:00+00:00","author":{"@id":"https:\/\/dmcsrb.com\/#\/schema\/person\/5c39170f12db1b8b457732d0b5c854e2"},"breadcrumb":{"@id":"https:\/\/dmcsrb.com\/drustvo\/krnic-napadi-vlasti-na-kriticki-glas-znak-slabosti-a-nesnage\/#breadcrumb"},"inLanguage":"en-GB","potentialAction":[{"@type":"ReadAction","target":["https:\/\/dmcsrb.com\/drustvo\/krnic-napadi-vlasti-na-kriticki-glas-znak-slabosti-a-nesnage\/"]}]},{"@type":"ImageObject","inLanguage":"en-GB","@id":"https:\/\/dmcsrb.com\/drustvo\/krnic-napadi-vlasti-na-kriticki-glas-znak-slabosti-a-nesnage\/#primaryimage","url":"https:\/\/dmcsrb.com\/wp-content\/uploads\/2026\/01\/1715031403-mirza-krnic-clan-pokreta-preokret-1110-2023-i_960x600.webp","contentUrl":"https:\/\/dmcsrb.com\/wp-content\/uploads\/2026\/01\/1715031403-mirza-krnic-clan-pokreta-preokret-1110-2023-i_960x600.webp","width":960,"height":600},{"@type":"BreadcrumbList","@id":"https:\/\/dmcsrb.com\/drustvo\/krnic-napadi-vlasti-na-kriticki-glas-znak-slabosti-a-nesnage\/#breadcrumb","itemListElement":[{"@type":"ListItem","position":1,"name":"Home","item":"https:\/\/dmcsrb.com\/"},{"@type":"ListItem","position":2,"name":"Krni\u0107: Napadi vlasti na kriti\u010dki glas &#8211; znak slabosti, a nesnage"}]},{"@type":"WebSite","@id":"https:\/\/dmcsrb.com\/#website","url":"https:\/\/dmcsrb.com\/","name":"dmcsrb.com","description":"","potentialAction":[{"@type":"SearchAction","target":{"@type":"EntryPoint","urlTemplate":"https:\/\/dmcsrb.com\/?s={search_term_string}"},"query-input":{"@type":"PropertyValueSpecification","valueRequired":true,"valueName":"search_term_string"}}],"inLanguage":"en-GB"},{"@type":"Person","@id":"https:\/\/dmcsrb.com\/#\/schema\/person\/5c39170f12db1b8b457732d0b5c854e2","name":"dmcsrbija.com@gmail.com","image":{"@type":"ImageObject","inLanguage":"en-GB","@id":"https:\/\/secure.gravatar.com\/avatar\/68592660ad6347fad0fb587f8d5d8f1a7b44961362f56e4f2cd524feb87e9069?s=96&d=mm&r=g","url":"https:\/\/secure.gravatar.com\/avatar\/68592660ad6347fad0fb587f8d5d8f1a7b44961362f56e4f2cd524feb87e9069?s=96&d=mm&r=g","contentUrl":"https:\/\/secure.gravatar.com\/avatar\/68592660ad6347fad0fb587f8d5d8f1a7b44961362f56e4f2cd524feb87e9069?s=96&d=mm&r=g","caption":"dmcsrbija.com@gmail.com"},"sameAs":["https:\/\/dmcsrb.com"],"url":"https:\/\/dmcsrb.com\/en\/author\/dmcsrbija-comgmail-com\/"}]}},"_links":{"self":[{"href":"https:\/\/dmcsrb.com\/en\/wp-json\/wp\/v2\/posts\/948185","targetHints":{"allow":["GET"]}}],"collection":[{"href":"https:\/\/dmcsrb.com\/en\/wp-json\/wp\/v2\/posts"}],"about":[{"href":"https:\/\/dmcsrb.com\/en\/wp-json\/wp\/v2\/types\/post"}],"author":[{"embeddable":true,"href":"https:\/\/dmcsrb.com\/en\/wp-json\/wp\/v2\/users\/1"}],"replies":[{"embeddable":true,"href":"https:\/\/dmcsrb.com\/en\/wp-json\/wp\/v2\/comments?post=948185"}],"version-history":[{"count":0,"href":"https:\/\/dmcsrb.com\/en\/wp-json\/wp\/v2\/posts\/948185\/revisions"}],"wp:featuredmedia":[{"embeddable":true,"href":"https:\/\/dmcsrb.com\/en\/wp-json\/wp\/v2\/media\/946857"}],"wp:attachment":[{"href":"https:\/\/dmcsrb.com\/en\/wp-json\/wp\/v2\/media?parent=948185"}],"wp:term":[{"taxonomy":"category","embeddable":true,"href":"https:\/\/dmcsrb.com\/en\/wp-json\/wp\/v2\/categories?post=948185"},{"taxonomy":"post_tag","embeddable":true,"href":"https:\/\/dmcsrb.com\/en\/wp-json\/wp\/v2\/tags?post=948185"},{"taxonomy":"naslovna","embeddable":true,"href":"https:\/\/dmcsrb.com\/en\/wp-json\/wp\/v2\/naslovna?post=948185"}],"curies":[{"name":"wp","href":"https:\/\/api.w.org\/{rel}","templated":true}]}}