{"id":948149,"date":"2025-08-25T05:35:00","date_gmt":"2025-08-25T03:35:00","guid":{"rendered":"https:\/\/dmcsrb.com\/uncategorized\/i-dalje-traje-blokada-zeljeznickog-prevoza-vozila-oslobodjena-pruga-jos-zakljucana\/"},"modified":"2025-08-25T05:35:00","modified_gmt":"2025-08-25T03:35:00","slug":"i-dalje-traje-blokada-zeljeznickog-prevoza-vozila-oslobodjena-pruga-jos-zakljucana","status":"publish","type":"post","link":"https:\/\/dmcsrb.com\/en\/ekonomija\/i-dalje-traje-blokada-zeljeznickog-prevoza-vozila-oslobodjena-pruga-jos-zakljucana\/","title":{"rendered":"I dalje traje blokada \u017eeljezni\u010dkog prevoza: Vozila oslobo\u0111ena, pruga jo\u0161 zaklju\u010dana"},"content":{"rendered":"<p><\/p>\n\n\n\n<p>U vozu koji je u petak u\u0161ao u podgori\u010dku \u017deljezni\u010dku stanicu, nekoliko minuta nakon po\u010detka obustave \u017eeljezni\u010dkog saobra\u0107aja koju su organizovala 84 radnika \u017deljezni\u010dke infrastrukture (\u017dICG), bili su zarobljeni 18 vozila i jedan motocikl.<\/p>\n\n\n\n<p>Akcija koju su iz \u017dICG najavili u subotu po\u010dela je sa sat i 15 minuta zaka\u0161njenja, jer su se \u010dekali vlasnici vozila koji su kombijem, organizovano, dovezeni na stanicu. Samo je manji broj vlasnika do\u0161ao u svojoj organizaciji.<\/p>\n\n\n\n<p>Operacija, u kojoj su u\u010destvovali radnici Montekarga i \u017deljezni\u010dkog prevoza, po\u010dela je kada je vlasnik prvog vozila na vratima auto-vagona stigao na podgori\u010dku \u017deljezni\u010dku stanicu.<\/p>\n\n\n\n<p>Iskrcavanju vozila prisustvovao je i inspektor \u017eeljezni\u010dke struke iz Ministarstva sobra\u0107aja, koji nije bio raspolo\u017een da daje izjave.<\/p>\n\n\n\n<p>Iskrcavanju vozila nije prisustvovao niko iz menad\u017ementa \u017deljezni\u010dke infrastrukture, niti iz grupe radnika, otpravnika vozova i dispe\u010dera, koji su svojim \u0161trajkom uzrokovali do sada nevi\u0111enu blokadu \u017eeljezni\u010dkog prevoza u Crnoj Gori.<\/p>\n\n\n\n<p>Iskrcavanje, kako se Dan uvjerio, nije bilo nimalo jednostavno. Akcija je izvedena tako \u0161to su vlasnici vozila odvezli svoja auta preko \u0161ina do \u0161lep-vozila, nakon \u010dega bi vozilo do\u010dekao \u201epauk\u201c Glavnog grada, koji je zatim bezbjedno prevozio automobile do asfaltiranog dijela perona na stanici.<\/p>\n\n\n\n<p>Da \u0107e zaustavljanje me\u0111unarodnog voza i posledi\u010dno onemogu\u0107avanje stranih dr\u017eavljana da raspola\u017eu svojom imovinom biti problem koji prevazilazi i \u017dICG i radnike u \u0161trajku bilo je jasno ve\u0107 u petak, nakon apela izvr\u0161ne direktorke \u017dICG Marine Bo\u0161kovi\u0107 i saop\u0161tenja Ministarstva saobra\u0107aja.<\/p>\n\n\n\n<p>Svaki vlasnik vozila sa kojim je Dan razgovarao potvrdio je da \u0107e tra\u017eiti materijalnu nadoknadu zato \u0161to su onemogu\u0107eni da koriste svoju imovinu, kao i zbog eventualne \u0161tete pri\u010dinjene tokom iskrcavanja na \u017deljezni\u010dkoj stanici u Podgorici.<\/p>\n\n\n\n<p>Kako je Danu nezvani\u010dno potvr\u0111eno, vozna karta ima oblik ugovora kojim se garantuje dolazak na \u017eeljenu destinaciju, kako putnika, tako i njegove imovine. Sve ostalo je kr\u0161enje ugovora koje podlije\u017ee sankcijama.<\/p>\n\n\n\n<p>Beogra\u0111anin Zvonko, koji je u Bar krenuo iz stanice u Zemunu, rekao je Danu da su mu sa vozilom bili blokirani i i garderoba i ljekovi.On je kazao da podr\u017eava proteste, ali ne one u kojima su koleteralna \u0161teta putnici, i to dr\u017eavljani druge dr\u017eave.<\/p>\n\n\n\n<p>Novosa\u0111anin Borko Ku\u010devi\u0107 nije krio ogor\u010denje, jer je, kako je rekao, prve no\u0107i sa suprugom i djetetom spavao na klupi. Tek u subotu se povezao sa prijateljem koji ga je odveo u Ulcinj. Kako ka\u017ee, razumije potrebu da se protestuje, tim prije \u0161to je to svakodnevna pojava u Srbiji, ali da je nekorektno svaliti sve na nedu\u017ene turiste, koji su do\u0161li u Crnu Goru da odmore i potro\u0161e svoj novac.<\/p>\n\n\n\n<p>Dodaje da je bilo korektno da su radnici propustili voz da stigne do Bara, naro\u010dito \u0161to su u Bijelom Polju \u010dekali dva i po sata.<\/p>\n\n\n\n<p>\u2013 U subotu sam se vratio u Podgoricu da probam da uzmem stvari. Tako sam izgubio jo\u0161 jedan dan od odmora. Smje\u0161taj koji sam uplatio u Herceg Novom i drugi dio smje\u0161taja u Igalu tako\u0111e mi je propao. A ko \u0107e to da refundira ne znam. Vjerujte mi, moji tro\u0161kova su na ta dva putovanja od Ulcinja do Podgorice preko 400 eura \u2013 isti\u010de Ku\u010devi\u0107.<\/p>\n\n\n\n<p>On se ve\u0107 na stanici interesovao za potvrdu o prinudnoj \u201ele\u017earini\u201c u podgori\u010dkoj stanici, s namjerom da tra\u017ei nadoknadu \u0161tete. Ka\u017ee da je sa barske stanice upu\u0107en na direkciju \u017dPCG i \u017dICG.<\/p>\n\n\n\n<p>\u2013 Ostavljeni smo ovdje na cjedilu, bez igdje ikoga i bez i\u010dega. Nebrojeno puta sam zvao ambasadu, konzulat, institucije, i\u0161ao sam u policiju u Ulcinju, i\u0161ao sam u policiju u Baru, da mi pomognu da uzmem stvari i saznam \u0161to se dogodilo. Ja sam porijeklom iz Crne Gore, iz Ku\u010da, ali, nakon ovog iskustva, nikada vi\u0161e, vjerujte mi, ne\u0107e mi pasti na pamet da do\u0111em u Crnu Goru \u2013 poru\u010dio je Ku\u010devi\u0107.<\/p>\n\n\n\n<p>Kako je Danu re\u010deno iz \u017dICG, ju\u010de nije bilo pomaka niti kontakata izme\u0111u poslovodstva i radnika u \u0161trajku. Ni Andrej Kalu\u0111erovi\u0107, predstavnik radnika koji su obustavili \u017eeljezni\u010dki saobra\u0107aj, nije bio raspolo\u017een da daje izjave.<\/p>\n\n\n\n<p>Putnici ve\u0107 razmatraju ho\u0107e li pojedina\u010dno ili kolektivno da tra\u017ee nadoknadu tro\u0161kova<\/p>\n\n\n\n<p>Beogra\u0111anin Vladimir \u0110ori\u0107 kazao je Danu da \u0107e sigurno tra\u017eiti, ako treba i na sudu, nadoknadu \u0161tete i obe\u0161te\u0107enje zbog blokade njegovog vozila.<\/p>\n\n\n\n<p>\u2013 Ho\u0107emo svakako da tra\u017eimo da nam se nadoknade tro\u0161kovi zbog ovog maltretiranja. Kada kupite kartu, vi ste potpisali ugovor da se na odre\u0111eni na\u010din prevezete do odre\u0111enog mjesta i taj ugovor ne\u0161to zna\u010di, a ako se ne ispuni, onda moraju da se nadoknade tro\u0161kovi, to je potpuno normalno, tu nema nikakve dvojbe. Ali ovdje postoji jo\u0161 taj dodatni moment da vam je auto ovdje zarobljen tri dana, sa kompletnim stvarima \u2013 isti\u010de sagovornik Dana.<\/p>\n\n\n\n<p>Kako je dodao, jo\u0161 ne zna da li \u0107e putnici pojedina\u010dno tra\u017eiti nadoknadu tro\u0161kova, ili \u0107e nastupiti kolektivno, ali \u0107e sigurno ne\u0161to preduzeti.<\/p>\n\n\n\n<p>Montekargo \u0107e tra\u017eiti od \u017dICG da im plati \u0161tetu<\/p>\n\n\n\n<p>Montekargo \u0107e biti prinu\u0111en da nastalu \u0161tetu, koja \u0107e biti milionska, potra\u017euje od \u017dICG kao pravnog lica koje po zakonu odgovara za \u0161tetu koju njegovi zaposleni prouzrokuju tre\u0107im licima zbog blokade \u017eeljezni\u010dkog prevoza, saop\u0161teno je iz te kompanije.<\/p>\n\n\n\n<p>Kako su dodali, \u017dICG \u0107e usljed toga, izvjesno, biti prinu\u0111ena da se regresira u istom iznosu od svojih zaposlenih koji su uzrokovali nastalu \u0161tetu usljed organizacije i u\u010de\u0161\u0107a u obustavi saobra\u0107aja.<\/p>\n\n\n\n<p>\u2013 Obustava saobra\u0107aja u \u017dICG ve\u0107 se odra\u017eava na po\u0161tovanje rokova prevoza. U stanicama Prijepolje i Po\u017eega \u010dekaju otpremu vozovi sa automobilima iz Kragujevca i bakarnim koncentratom iz Bora, dok iz Nik\u0161i\u0107a \u010dekaju vozovi sa boksitom za Bar, a iz Bara vozovi sa cementom za Srbiju. Sve to je onemogu\u0107eno jer se vozovi ne mogu primiti i otpremiti zbog obustave rada od strane otpravnika \u2013 ukazuju u saop\u0161tenju.<\/p>\n\n\n\n<p>Kako dodaju, zbog ka\u0161njenja u isporuci robe, do\u0107i \u0107e i do ka\u0161njenja brodova, \u0161to \u0107e dovesti do milionske \u0161tete, a osim toga i do mogu\u0107nosti da njihovi komitenti ugovorene poslove preusmjere na druge pravce.<\/p>\n\n\n\n<p>\u2013 Na putu je i brod utovaren sa 65.000 tona uglja za EPS \u2013 posao koji se prvi put usmjerava preko Luke Bar i Montekarga za Srbiju. Tako\u0111e, u Luku Bar je ve\u0107 pristigao brod sa 11.000 tona uglja za na\u0161eg komitenta HBIS iz Smedereva, koji ne mo\u017ee da se otpremi zbog nastale situacije, tj. obustave saobra\u0107aja od strane otpravnika vozova u \u017dICG.<\/p>\n\n\n\n<p>\u0160tetu zbog ovoga trpe Montekargo, Luka Bar, Uniprom, Stellantis, TCL i HBIS, a ona ozbiljno ugro\u017eava privredni sistem i u Crnoj Gori i u regionu \u2013 saop\u0161tili su iz Montekarga.<\/p>","protected":false},"excerpt":{"rendered":"<p>Vozila koja su od petka bila blokirana u auto-vagonu me\u0111unarodnog voza koji je saobra\u0107ao na pruzi Beograd\u2013Bar, akcijom radnika \u017deljezni\u010dkog prevoza (\u017dPCG) i Montekarga ju\u010de su iskrcana i predata vlasnicima.<\/p>","protected":false},"author":1,"featured_media":947084,"comment_status":"open","ping_status":"open","sticky":false,"template":"","format":"standard","meta":{"_acf_changed":false,"footnotes":""},"categories":[27],"tags":[7596,18379,4256],"naslovna":[],"class_list":["post-948149","post","type-post","status-publish","format-standard","has-post-thumbnail","hentry","category-ekonomija","tag-montecargo","tag-protest-radnika-zicg","tag-zicg"],"acf":[],"yoast_head":"<!-- This site is optimized with the Yoast SEO plugin v27.0 - https:\/\/yoast.com\/product\/yoast-seo-wordpress\/ -->\n<title>I dalje traje blokada \u017eeljezni\u010dkog prevoza: Vozila oslobo\u0111ena, pruga jo\u0161 zaklju\u010dana - dmcsrb.com<\/title>\n<meta name=\"robots\" content=\"index, follow, max-snippet:-1, max-image-preview:large, max-video-preview:-1\" \/>\n<link rel=\"canonical\" href=\"https:\/\/dmcsrb.com\/en\/ekonomija\/i-dalje-traje-blokada-zeljeznickog-prevoza-vozila-oslobodjena-pruga-jos-zakljucana\/\" \/>\n<meta property=\"og:locale\" content=\"en_GB\" \/>\n<meta property=\"og:type\" content=\"article\" \/>\n<meta property=\"og:title\" content=\"I dalje traje blokada \u017eeljezni\u010dkog prevoza: Vozila oslobo\u0111ena, pruga jo\u0161 zaklju\u010dana - dmcsrb.com\" \/>\n<meta property=\"og:description\" content=\"Vozila koja su od petka bila blokirana u auto-vagonu me\u0111unarodnog voza koji je saobra\u0107ao na pruzi Beograd\u2013Bar, akcijom radnika \u017deljezni\u010dkog prevoza (\u017dPCG) i Montekarga ju\u010de su iskrcana i predata vlasnicima.\" \/>\n<meta property=\"og:url\" content=\"https:\/\/dmcsrb.com\/en\/ekonomija\/i-dalje-traje-blokada-zeljeznickog-prevoza-vozila-oslobodjena-pruga-jos-zakljucana\/\" \/>\n<meta property=\"og:site_name\" content=\"dmcsrb.com\" \/>\n<meta property=\"article:published_time\" content=\"2025-08-25T03:35:00+00:00\" \/>\n<meta property=\"og:image\" content=\"https:\/\/dmcsrb.com\/wp-content\/uploads\/2026\/01\/Zeljeznica-stanica-u-Podgorici-foto-gradski-me.webp\" \/>\n\t<meta property=\"og:image:width\" content=\"1329\" \/>\n\t<meta property=\"og:image:height\" content=\"670\" \/>\n\t<meta property=\"og:image:type\" content=\"image\/jpeg\" \/>\n<meta name=\"author\" content=\"dmcsrbija.com@gmail.com\" \/>\n<meta name=\"twitter:card\" content=\"summary_large_image\" \/>\n<meta name=\"twitter:label1\" content=\"Written by\" \/>\n\t<meta name=\"twitter:data1\" content=\"dmcsrbija.com@gmail.com\" \/>\n\t<meta name=\"twitter:label2\" content=\"Estimated reading time\" \/>\n\t<meta name=\"twitter:data2\" content=\"6 minutes\" \/>\n<script type=\"application\/ld+json\" class=\"yoast-schema-graph\">{\"@context\":\"https:\/\/schema.org\",\"@graph\":[{\"@type\":\"Article\",\"@id\":\"https:\/\/dmcsrb.com\/en\/ekonomija\/i-dalje-traje-blokada-zeljeznickog-prevoza-vozila-oslobodjena-pruga-jos-zakljucana\/#article\",\"isPartOf\":{\"@id\":\"https:\/\/dmcsrb.com\/en\/ekonomija\/i-dalje-traje-blokada-zeljeznickog-prevoza-vozila-oslobodjena-pruga-jos-zakljucana\/\"},\"author\":{\"name\":\"dmcsrbija.com@gmail.com\",\"@id\":\"https:\/\/dmcsrb.com\/#\/schema\/person\/5c39170f12db1b8b457732d0b5c854e2\"},\"headline\":\"I dalje traje blokada \u017eeljezni\u010dkog prevoza: Vozila oslobo\u0111ena, pruga jo\u0161 zaklju\u010dana\",\"datePublished\":\"2025-08-25T03:35:00+00:00\",\"mainEntityOfPage\":{\"@id\":\"https:\/\/dmcsrb.com\/en\/ekonomija\/i-dalje-traje-blokada-zeljeznickog-prevoza-vozila-oslobodjena-pruga-jos-zakljucana\/\"},\"wordCount\":1176,\"commentCount\":0,\"image\":{\"@id\":\"https:\/\/dmcsrb.com\/en\/ekonomija\/i-dalje-traje-blokada-zeljeznickog-prevoza-vozila-oslobodjena-pruga-jos-zakljucana\/#primaryimage\"},\"thumbnailUrl\":\"https:\/\/dmcsrb.com\/wp-content\/uploads\/2026\/01\/Zeljeznica-stanica-u-Podgorici-foto-gradski-me.webp\",\"keywords\":[\"Montecargo\",\"Protest radnika \u017dICG\",\"\u017dICG\"],\"articleSection\":[\"Ekonomija\"],\"inLanguage\":\"en-GB\",\"potentialAction\":[{\"@type\":\"CommentAction\",\"name\":\"Comment\",\"target\":[\"https:\/\/dmcsrb.com\/en\/ekonomija\/i-dalje-traje-blokada-zeljeznickog-prevoza-vozila-oslobodjena-pruga-jos-zakljucana\/#respond\"]}]},{\"@type\":\"WebPage\",\"@id\":\"https:\/\/dmcsrb.com\/en\/ekonomija\/i-dalje-traje-blokada-zeljeznickog-prevoza-vozila-oslobodjena-pruga-jos-zakljucana\/\",\"url\":\"https:\/\/dmcsrb.com\/en\/ekonomija\/i-dalje-traje-blokada-zeljeznickog-prevoza-vozila-oslobodjena-pruga-jos-zakljucana\/\",\"name\":\"I dalje traje blokada \u017eeljezni\u010dkog prevoza: Vozila oslobo\u0111ena, pruga jo\u0161 zaklju\u010dana - dmcsrb.com\",\"isPartOf\":{\"@id\":\"https:\/\/dmcsrb.com\/#website\"},\"primaryImageOfPage\":{\"@id\":\"https:\/\/dmcsrb.com\/en\/ekonomija\/i-dalje-traje-blokada-zeljeznickog-prevoza-vozila-oslobodjena-pruga-jos-zakljucana\/#primaryimage\"},\"image\":{\"@id\":\"https:\/\/dmcsrb.com\/en\/ekonomija\/i-dalje-traje-blokada-zeljeznickog-prevoza-vozila-oslobodjena-pruga-jos-zakljucana\/#primaryimage\"},\"thumbnailUrl\":\"https:\/\/dmcsrb.com\/wp-content\/uploads\/2026\/01\/Zeljeznica-stanica-u-Podgorici-foto-gradski-me.webp\",\"datePublished\":\"2025-08-25T03:35:00+00:00\",\"author\":{\"@id\":\"https:\/\/dmcsrb.com\/#\/schema\/person\/5c39170f12db1b8b457732d0b5c854e2\"},\"breadcrumb\":{\"@id\":\"https:\/\/dmcsrb.com\/en\/ekonomija\/i-dalje-traje-blokada-zeljeznickog-prevoza-vozila-oslobodjena-pruga-jos-zakljucana\/#breadcrumb\"},\"inLanguage\":\"en-GB\",\"potentialAction\":[{\"@type\":\"ReadAction\",\"target\":[\"https:\/\/dmcsrb.com\/en\/ekonomija\/i-dalje-traje-blokada-zeljeznickog-prevoza-vozila-oslobodjena-pruga-jos-zakljucana\/\"]}]},{\"@type\":\"ImageObject\",\"inLanguage\":\"en-GB\",\"@id\":\"https:\/\/dmcsrb.com\/en\/ekonomija\/i-dalje-traje-blokada-zeljeznickog-prevoza-vozila-oslobodjena-pruga-jos-zakljucana\/#primaryimage\",\"url\":\"https:\/\/dmcsrb.com\/wp-content\/uploads\/2026\/01\/Zeljeznica-stanica-u-Podgorici-foto-gradski-me.webp\",\"contentUrl\":\"https:\/\/dmcsrb.com\/wp-content\/uploads\/2026\/01\/Zeljeznica-stanica-u-Podgorici-foto-gradski-me.webp\",\"width\":1329,\"height\":670},{\"@type\":\"BreadcrumbList\",\"@id\":\"https:\/\/dmcsrb.com\/en\/ekonomija\/i-dalje-traje-blokada-zeljeznickog-prevoza-vozila-oslobodjena-pruga-jos-zakljucana\/#breadcrumb\",\"itemListElement\":[{\"@type\":\"ListItem\",\"position\":1,\"name\":\"Home\",\"item\":\"https:\/\/dmcsrb.com\/\"},{\"@type\":\"ListItem\",\"position\":2,\"name\":\"I dalje traje blokada \u017eeljezni\u010dkog prevoza: Vozila oslobo\u0111ena, pruga jo\u0161 zaklju\u010dana\"}]},{\"@type\":\"WebSite\",\"@id\":\"https:\/\/dmcsrb.com\/#website\",\"url\":\"https:\/\/dmcsrb.com\/\",\"name\":\"dmcsrb.com\",\"description\":\"\",\"potentialAction\":[{\"@type\":\"SearchAction\",\"target\":{\"@type\":\"EntryPoint\",\"urlTemplate\":\"https:\/\/dmcsrb.com\/?s={search_term_string}\"},\"query-input\":{\"@type\":\"PropertyValueSpecification\",\"valueRequired\":true,\"valueName\":\"search_term_string\"}}],\"inLanguage\":\"en-GB\"},{\"@type\":\"Person\",\"@id\":\"https:\/\/dmcsrb.com\/#\/schema\/person\/5c39170f12db1b8b457732d0b5c854e2\",\"name\":\"dmcsrbija.com@gmail.com\",\"image\":{\"@type\":\"ImageObject\",\"inLanguage\":\"en-GB\",\"@id\":\"https:\/\/dmcsrb.com\/#\/schema\/person\/image\/\",\"url\":\"https:\/\/secure.gravatar.com\/avatar\/68592660ad6347fad0fb587f8d5d8f1a7b44961362f56e4f2cd524feb87e9069?s=96&d=mm&r=g\",\"contentUrl\":\"https:\/\/secure.gravatar.com\/avatar\/68592660ad6347fad0fb587f8d5d8f1a7b44961362f56e4f2cd524feb87e9069?s=96&d=mm&r=g\",\"caption\":\"dmcsrbija.com@gmail.com\"},\"sameAs\":[\"https:\/\/dmcsrb.com\"],\"url\":\"https:\/\/dmcsrb.com\/en\/author\/dmcsrbija-comgmail-com\/\"}]}<\/script>\n<!-- \/ Yoast SEO plugin. -->","yoast_head_json":{"title":"I dalje traje blokada \u017eeljezni\u010dkog prevoza: Vozila oslobo\u0111ena, pruga jo\u0161 zaklju\u010dana - dmcsrb.com","robots":{"index":"index","follow":"follow","max-snippet":"max-snippet:-1","max-image-preview":"max-image-preview:large","max-video-preview":"max-video-preview:-1"},"canonical":"https:\/\/dmcsrb.com\/en\/ekonomija\/i-dalje-traje-blokada-zeljeznickog-prevoza-vozila-oslobodjena-pruga-jos-zakljucana\/","og_locale":"en_GB","og_type":"article","og_title":"I dalje traje blokada \u017eeljezni\u010dkog prevoza: Vozila oslobo\u0111ena, pruga jo\u0161 zaklju\u010dana - dmcsrb.com","og_description":"Vozila koja su od petka bila blokirana u auto-vagonu me\u0111unarodnog voza koji je saobra\u0107ao na pruzi Beograd\u2013Bar, akcijom radnika \u017deljezni\u010dkog prevoza (\u017dPCG) i Montekarga ju\u010de su iskrcana i predata vlasnicima.","og_url":"https:\/\/dmcsrb.com\/en\/ekonomija\/i-dalje-traje-blokada-zeljeznickog-prevoza-vozila-oslobodjena-pruga-jos-zakljucana\/","og_site_name":"dmcsrb.com","article_published_time":"2025-08-25T03:35:00+00:00","og_image":[{"width":1329,"height":670,"url":"https:\/\/dmcsrb.com\/wp-content\/uploads\/2026\/01\/Zeljeznica-stanica-u-Podgorici-foto-gradski-me.webp","type":"image\/jpeg"}],"author":"dmcsrbija.com@gmail.com","twitter_card":"summary_large_image","twitter_misc":{"Written by":"dmcsrbija.com@gmail.com","Estimated reading time":"6 minutes"},"schema":{"@context":"https:\/\/schema.org","@graph":[{"@type":"Article","@id":"https:\/\/dmcsrb.com\/en\/ekonomija\/i-dalje-traje-blokada-zeljeznickog-prevoza-vozila-oslobodjena-pruga-jos-zakljucana\/#article","isPartOf":{"@id":"https:\/\/dmcsrb.com\/en\/ekonomija\/i-dalje-traje-blokada-zeljeznickog-prevoza-vozila-oslobodjena-pruga-jos-zakljucana\/"},"author":{"name":"dmcsrbija.com@gmail.com","@id":"https:\/\/dmcsrb.com\/#\/schema\/person\/5c39170f12db1b8b457732d0b5c854e2"},"headline":"I dalje traje blokada \u017eeljezni\u010dkog prevoza: Vozila oslobo\u0111ena, pruga jo\u0161 zaklju\u010dana","datePublished":"2025-08-25T03:35:00+00:00","mainEntityOfPage":{"@id":"https:\/\/dmcsrb.com\/en\/ekonomija\/i-dalje-traje-blokada-zeljeznickog-prevoza-vozila-oslobodjena-pruga-jos-zakljucana\/"},"wordCount":1176,"commentCount":0,"image":{"@id":"https:\/\/dmcsrb.com\/en\/ekonomija\/i-dalje-traje-blokada-zeljeznickog-prevoza-vozila-oslobodjena-pruga-jos-zakljucana\/#primaryimage"},"thumbnailUrl":"https:\/\/dmcsrb.com\/wp-content\/uploads\/2026\/01\/Zeljeznica-stanica-u-Podgorici-foto-gradski-me.webp","keywords":["Montecargo","Protest radnika \u017dICG","\u017dICG"],"articleSection":["Ekonomija"],"inLanguage":"en-GB","potentialAction":[{"@type":"CommentAction","name":"Comment","target":["https:\/\/dmcsrb.com\/en\/ekonomija\/i-dalje-traje-blokada-zeljeznickog-prevoza-vozila-oslobodjena-pruga-jos-zakljucana\/#respond"]}]},{"@type":"WebPage","@id":"https:\/\/dmcsrb.com\/en\/ekonomija\/i-dalje-traje-blokada-zeljeznickog-prevoza-vozila-oslobodjena-pruga-jos-zakljucana\/","url":"https:\/\/dmcsrb.com\/en\/ekonomija\/i-dalje-traje-blokada-zeljeznickog-prevoza-vozila-oslobodjena-pruga-jos-zakljucana\/","name":"I dalje traje blokada \u017eeljezni\u010dkog prevoza: Vozila oslobo\u0111ena, pruga jo\u0161 zaklju\u010dana - dmcsrb.com","isPartOf":{"@id":"https:\/\/dmcsrb.com\/#website"},"primaryImageOfPage":{"@id":"https:\/\/dmcsrb.com\/en\/ekonomija\/i-dalje-traje-blokada-zeljeznickog-prevoza-vozila-oslobodjena-pruga-jos-zakljucana\/#primaryimage"},"image":{"@id":"https:\/\/dmcsrb.com\/en\/ekonomija\/i-dalje-traje-blokada-zeljeznickog-prevoza-vozila-oslobodjena-pruga-jos-zakljucana\/#primaryimage"},"thumbnailUrl":"https:\/\/dmcsrb.com\/wp-content\/uploads\/2026\/01\/Zeljeznica-stanica-u-Podgorici-foto-gradski-me.webp","datePublished":"2025-08-25T03:35:00+00:00","author":{"@id":"https:\/\/dmcsrb.com\/#\/schema\/person\/5c39170f12db1b8b457732d0b5c854e2"},"breadcrumb":{"@id":"https:\/\/dmcsrb.com\/en\/ekonomija\/i-dalje-traje-blokada-zeljeznickog-prevoza-vozila-oslobodjena-pruga-jos-zakljucana\/#breadcrumb"},"inLanguage":"en-GB","potentialAction":[{"@type":"ReadAction","target":["https:\/\/dmcsrb.com\/en\/ekonomija\/i-dalje-traje-blokada-zeljeznickog-prevoza-vozila-oslobodjena-pruga-jos-zakljucana\/"]}]},{"@type":"ImageObject","inLanguage":"en-GB","@id":"https:\/\/dmcsrb.com\/en\/ekonomija\/i-dalje-traje-blokada-zeljeznickog-prevoza-vozila-oslobodjena-pruga-jos-zakljucana\/#primaryimage","url":"https:\/\/dmcsrb.com\/wp-content\/uploads\/2026\/01\/Zeljeznica-stanica-u-Podgorici-foto-gradski-me.webp","contentUrl":"https:\/\/dmcsrb.com\/wp-content\/uploads\/2026\/01\/Zeljeznica-stanica-u-Podgorici-foto-gradski-me.webp","width":1329,"height":670},{"@type":"BreadcrumbList","@id":"https:\/\/dmcsrb.com\/en\/ekonomija\/i-dalje-traje-blokada-zeljeznickog-prevoza-vozila-oslobodjena-pruga-jos-zakljucana\/#breadcrumb","itemListElement":[{"@type":"ListItem","position":1,"name":"Home","item":"https:\/\/dmcsrb.com\/"},{"@type":"ListItem","position":2,"name":"I dalje traje blokada \u017eeljezni\u010dkog prevoza: Vozila oslobo\u0111ena, pruga jo\u0161 zaklju\u010dana"}]},{"@type":"WebSite","@id":"https:\/\/dmcsrb.com\/#website","url":"https:\/\/dmcsrb.com\/","name":"dmcsrb.com","description":"","potentialAction":[{"@type":"SearchAction","target":{"@type":"EntryPoint","urlTemplate":"https:\/\/dmcsrb.com\/?s={search_term_string}"},"query-input":{"@type":"PropertyValueSpecification","valueRequired":true,"valueName":"search_term_string"}}],"inLanguage":"en-GB"},{"@type":"Person","@id":"https:\/\/dmcsrb.com\/#\/schema\/person\/5c39170f12db1b8b457732d0b5c854e2","name":"dmcsrbija.com@gmail.com","image":{"@type":"ImageObject","inLanguage":"en-GB","@id":"https:\/\/dmcsrb.com\/#\/schema\/person\/image\/","url":"https:\/\/secure.gravatar.com\/avatar\/68592660ad6347fad0fb587f8d5d8f1a7b44961362f56e4f2cd524feb87e9069?s=96&d=mm&r=g","contentUrl":"https:\/\/secure.gravatar.com\/avatar\/68592660ad6347fad0fb587f8d5d8f1a7b44961362f56e4f2cd524feb87e9069?s=96&d=mm&r=g","caption":"dmcsrbija.com@gmail.com"},"sameAs":["https:\/\/dmcsrb.com"],"url":"https:\/\/dmcsrb.com\/en\/author\/dmcsrbija-comgmail-com\/"}]}},"_links":{"self":[{"href":"https:\/\/dmcsrb.com\/en\/wp-json\/wp\/v2\/posts\/948149","targetHints":{"allow":["GET"]}}],"collection":[{"href":"https:\/\/dmcsrb.com\/en\/wp-json\/wp\/v2\/posts"}],"about":[{"href":"https:\/\/dmcsrb.com\/en\/wp-json\/wp\/v2\/types\/post"}],"author":[{"embeddable":true,"href":"https:\/\/dmcsrb.com\/en\/wp-json\/wp\/v2\/users\/1"}],"replies":[{"embeddable":true,"href":"https:\/\/dmcsrb.com\/en\/wp-json\/wp\/v2\/comments?post=948149"}],"version-history":[{"count":0,"href":"https:\/\/dmcsrb.com\/en\/wp-json\/wp\/v2\/posts\/948149\/revisions"}],"wp:featuredmedia":[{"embeddable":true,"href":"https:\/\/dmcsrb.com\/en\/wp-json\/wp\/v2\/media\/947084"}],"wp:attachment":[{"href":"https:\/\/dmcsrb.com\/en\/wp-json\/wp\/v2\/media?parent=948149"}],"wp:term":[{"taxonomy":"category","embeddable":true,"href":"https:\/\/dmcsrb.com\/en\/wp-json\/wp\/v2\/categories?post=948149"},{"taxonomy":"post_tag","embeddable":true,"href":"https:\/\/dmcsrb.com\/en\/wp-json\/wp\/v2\/tags?post=948149"},{"taxonomy":"naslovna","embeddable":true,"href":"https:\/\/dmcsrb.com\/en\/wp-json\/wp\/v2\/naslovna?post=948149"}],"curies":[{"name":"wp","href":"https:\/\/api.w.org\/{rel}","templated":true}]}}