{"id":948133,"date":"2025-08-24T19:26:00","date_gmt":"2025-08-24T17:26:00","guid":{"rendered":"https:\/\/dmcsrb.com\/uncategorized\/milic-puno-mi-je-srce-ponosan-sam-na-momke-mvp-gojkovic-cijelo-ljeto-smo-se-spremali-za-ovo\/"},"modified":"2025-08-24T19:26:00","modified_gmt":"2025-08-24T17:26:00","slug":"milic-puno-mi-je-srce-ponosan-sam-na-momke-mvp-gojkovic-cijelo-ljeto-smo-se-spremali-za-ovo","status":"publish","type":"post","link":"https:\/\/dmcsrb.com\/en\/sport\/milic-puno-mi-je-srce-ponosan-sam-na-momke-mvp-gojkovic-cijelo-ljeto-smo-se-spremali-za-ovo\/","title":{"rendered":"Mili\u0107: Puno mi je srce, ponosan sam na momke; MVP Gojkovi\u0107: Cijelo ljeto smo se spremali za ovo"},"content":{"rendered":"<p>&#8220;Ajkulice&#8221; su u velikom finalu nadvisile Srbiju (13:9). <\/p>\n\n\n\n<p>Selektor zlatnih momaka Neboj\u0161a Mili\u0107 nije krio zadovoljstvo nakon ogromnog uspjeha. <\/p>\n\n\n\n<p>&#8220;\u010cestitao bih momcima na sjajnom turniru i osvojenoj zlatnoj medalji bez izgubljene utakmice. Pokazali su snagu i talenat. Puno mi je srce i na sve njih sam ponosan, kao i na cijeli stru\u010dni \u0161tab. Mislim da ovakve pobjede u nizu odavno nijesu vi\u0111ene i da smo sa ovakvom dominacijom zavr\u0161ili turnir. I jo\u0161 jednom \u010destitam im od srca. Momci su zaslu\u017eeno osvojili medalju&#8221;, istakao je Mili\u0107. <\/p>\n\n\n\n<figure class=\"wp-block-embed is-type-wp-embed is-provider-gradski-portal wp-block-embed-gradski-portal\"><div class=\"wp-block-embed__wrapper\">\nhttps:\/\/gradski.me\/gojkovic-mvp-pejovic-najbolji-golman\/\n<\/div><\/figure>\n\n\n\n<p>Strahinja Gojkovi\u0107 je odigrao fenomenalan turnir, a za to je nagra\u0111en MVP priznanjem. <\/p>\n\n\n\n<p>&#8220;Zahvaljujem se ekipi na odli\u010dnoj utakmici, cijelo ljeto smo se spremali za ovo, ponosan sam na ove momke. Dokazali smo da smo zaslu\u017eeno prvaci Evrope&#8221;, rekao je Gojkovi\u0107. <\/p>\n\n\n\n<p>Najzaslu\u017eniji za odli\u010dnu odbranu bio je golman Marko Pejovi\u0107, koji je izabran za najboljeg \u010duvara \u0161ampionata.<\/p>\n\n\n\n<p>&#8220;\u010cestitam saigra\u010dima, ponosan sam na njih, kao i na stru\u010dni \u0161tab. Ovo je bio na\u0161 cilj od po\u010detka priprema, rekli smo da idemo na zlato, do\u0161li smo ovdje, dobili svih \u0161est utakmica, pokazali dominaciju i osvojili trofe&#8221;, poru\u010dio je Pejovi\u0107. <\/p>\n\n\n\n<figure class=\"wp-block-embed is-type-wp-embed is-provider-gradski-portal wp-block-embed-gradski-portal\"><div class=\"wp-block-embed__wrapper\">\nhttps:\/\/gradski.me\/ajkulice-potopile-srbiju-crna-gora-je-sampion-evrope\/\n<\/div><\/figure>","protected":false},"excerpt":{"rendered":"<p>\u0160est me\u010deva, \u0161est pobjeda i zlato oko vrata &#8211; to je u\u010dinak mladih crnogorskih vaterpolista na Evropskom prvenstvu u rumunskoj Oradei.<\/p>","protected":false},"author":1,"featured_media":948134,"comment_status":"open","ping_status":"open","sticky":false,"template":"","format":"standard","meta":{"_acf_changed":false,"footnotes":""},"categories":[148],"tags":[17513,17944,18278,17957,17514,6288],"naslovna":[],"class_list":["post-948133","post","type-post","status-publish","format-standard","has-post-thumbnail","hentry","category-sport","tag-evropsko-prvenstvo-za-vaterpoliste-do-18-godina","tag-juniorska-vaterpolo-reprezentacija-crne-gore","tag-juniorska-vaterpolo-reprezentacija-srbije","tag-marko-pejovic","tag-nebojsa-milic","tag-strahinja-gojkovic"],"acf":[],"yoast_head":"<!-- This site is optimized with the Yoast SEO plugin v27.4 - https:\/\/yoast.com\/product\/yoast-seo-wordpress\/ -->\n<title>Mili\u0107: Puno mi je srce, ponosan sam na momke; MVP Gojkovi\u0107: Cijelo ljeto smo se spremali za ovo - dmcsrb.com<\/title>\n<meta name=\"robots\" content=\"index, follow, max-snippet:-1, max-image-preview:large, max-video-preview:-1\" \/>\n<link rel=\"canonical\" href=\"https:\/\/dmcsrb.com\/en\/sport\/milic-puno-mi-je-srce-ponosan-sam-na-momke-mvp-gojkovic-cijelo-ljeto-smo-se-spremali-za-ovo\/\" \/>\n<meta property=\"og:locale\" content=\"en_GB\" \/>\n<meta property=\"og:type\" content=\"article\" \/>\n<meta property=\"og:title\" content=\"Mili\u0107: Puno mi je srce, ponosan sam na momke; MVP Gojkovi\u0107: Cijelo ljeto smo se spremali za ovo - dmcsrb.com\" \/>\n<meta property=\"og:description\" content=\"\u0160est me\u010deva, \u0161est pobjeda i zlato oko vrata - to je u\u010dinak mladih crnogorskih vaterpolista na Evropskom prvenstvu u rumunskoj Oradei.\" \/>\n<meta property=\"og:url\" content=\"https:\/\/dmcsrb.com\/en\/sport\/milic-puno-mi-je-srce-ponosan-sam-na-momke-mvp-gojkovic-cijelo-ljeto-smo-se-spremali-za-ovo\/\" \/>\n<meta property=\"og:site_name\" content=\"dmcsrb.com\" \/>\n<meta property=\"article:published_time\" content=\"2025-08-24T17:26:00+00:00\" \/>\n<meta property=\"og:image\" content=\"https:\/\/dmcsrb.com\/wp-content\/uploads\/2026\/01\/Nebojsa-Milic-VPSCG.webp\" \/>\n\t<meta property=\"og:image:width\" content=\"1024\" \/>\n\t<meta property=\"og:image:height\" content=\"683\" \/>\n\t<meta property=\"og:image:type\" content=\"image\/jpeg\" \/>\n<meta name=\"author\" content=\"dmcsrbija.com@gmail.com\" \/>\n<meta name=\"twitter:card\" content=\"summary_large_image\" \/>\n<meta name=\"twitter:label1\" content=\"Written by\" \/>\n\t<meta name=\"twitter:data1\" content=\"dmcsrbija.com@gmail.com\" \/>\n\t<meta name=\"twitter:label2\" content=\"Estimated reading time\" \/>\n\t<meta name=\"twitter:data2\" content=\"1 minute\" \/>\n<script type=\"application\/ld+json\" class=\"yoast-schema-graph\">{\"@context\":\"https:\\\/\\\/schema.org\",\"@graph\":[{\"@type\":\"Article\",\"@id\":\"https:\\\/\\\/dmcsrb.com\\\/sport\\\/milic-puno-mi-je-srce-ponosan-sam-na-momke-mvp-gojkovic-cijelo-ljeto-smo-se-spremali-za-ovo\\\/#article\",\"isPartOf\":{\"@id\":\"https:\\\/\\\/dmcsrb.com\\\/sport\\\/milic-puno-mi-je-srce-ponosan-sam-na-momke-mvp-gojkovic-cijelo-ljeto-smo-se-spremali-za-ovo\\\/\"},\"author\":{\"name\":\"dmcsrbija.com@gmail.com\",\"@id\":\"https:\\\/\\\/dmcsrb.com\\\/#\\\/schema\\\/person\\\/5c39170f12db1b8b457732d0b5c854e2\"},\"headline\":\"Mili\u0107: Puno mi je srce, ponosan sam na momke; MVP Gojkovi\u0107: Cijelo ljeto smo se spremali za ovo\",\"datePublished\":\"2025-08-24T17:26:00+00:00\",\"mainEntityOfPage\":{\"@id\":\"https:\\\/\\\/dmcsrb.com\\\/sport\\\/milic-puno-mi-je-srce-ponosan-sam-na-momke-mvp-gojkovic-cijelo-ljeto-smo-se-spremali-za-ovo\\\/\"},\"wordCount\":222,\"commentCount\":0,\"image\":{\"@id\":\"https:\\\/\\\/dmcsrb.com\\\/sport\\\/milic-puno-mi-je-srce-ponosan-sam-na-momke-mvp-gojkovic-cijelo-ljeto-smo-se-spremali-za-ovo\\\/#primaryimage\"},\"thumbnailUrl\":\"https:\\\/\\\/dmcsrb.com\\\/wp-content\\\/uploads\\\/2026\\\/01\\\/Nebojsa-Milic-VPSCG.webp\",\"keywords\":[\"Evropsko prvenstvo za vaterpoliste do 18 godina\",\"Juniorska vaterpolo reprezentacija Crne Gore\",\"Juniorska vaterpolo reprezentacija Srbije\",\"Marko Pejovi\u0107\",\"Neboj\u0161a Mili\u0107\",\"Strahinja Gojkovi\u0107\"],\"articleSection\":[\"Sport\"],\"inLanguage\":\"en-GB\",\"potentialAction\":[{\"@type\":\"CommentAction\",\"name\":\"Comment\",\"target\":[\"https:\\\/\\\/dmcsrb.com\\\/sport\\\/milic-puno-mi-je-srce-ponosan-sam-na-momke-mvp-gojkovic-cijelo-ljeto-smo-se-spremali-za-ovo\\\/#respond\"]}]},{\"@type\":\"WebPage\",\"@id\":\"https:\\\/\\\/dmcsrb.com\\\/sport\\\/milic-puno-mi-je-srce-ponosan-sam-na-momke-mvp-gojkovic-cijelo-ljeto-smo-se-spremali-za-ovo\\\/\",\"url\":\"https:\\\/\\\/dmcsrb.com\\\/sport\\\/milic-puno-mi-je-srce-ponosan-sam-na-momke-mvp-gojkovic-cijelo-ljeto-smo-se-spremali-za-ovo\\\/\",\"name\":\"Mili\u0107: Puno mi je srce, ponosan sam na momke; MVP Gojkovi\u0107: Cijelo ljeto smo se spremali za ovo - dmcsrb.com\",\"isPartOf\":{\"@id\":\"https:\\\/\\\/dmcsrb.com\\\/#website\"},\"primaryImageOfPage\":{\"@id\":\"https:\\\/\\\/dmcsrb.com\\\/sport\\\/milic-puno-mi-je-srce-ponosan-sam-na-momke-mvp-gojkovic-cijelo-ljeto-smo-se-spremali-za-ovo\\\/#primaryimage\"},\"image\":{\"@id\":\"https:\\\/\\\/dmcsrb.com\\\/sport\\\/milic-puno-mi-je-srce-ponosan-sam-na-momke-mvp-gojkovic-cijelo-ljeto-smo-se-spremali-za-ovo\\\/#primaryimage\"},\"thumbnailUrl\":\"https:\\\/\\\/dmcsrb.com\\\/wp-content\\\/uploads\\\/2026\\\/01\\\/Nebojsa-Milic-VPSCG.webp\",\"datePublished\":\"2025-08-24T17:26:00+00:00\",\"author\":{\"@id\":\"https:\\\/\\\/dmcsrb.com\\\/#\\\/schema\\\/person\\\/5c39170f12db1b8b457732d0b5c854e2\"},\"breadcrumb\":{\"@id\":\"https:\\\/\\\/dmcsrb.com\\\/sport\\\/milic-puno-mi-je-srce-ponosan-sam-na-momke-mvp-gojkovic-cijelo-ljeto-smo-se-spremali-za-ovo\\\/#breadcrumb\"},\"inLanguage\":\"en-GB\",\"potentialAction\":[{\"@type\":\"ReadAction\",\"target\":[\"https:\\\/\\\/dmcsrb.com\\\/sport\\\/milic-puno-mi-je-srce-ponosan-sam-na-momke-mvp-gojkovic-cijelo-ljeto-smo-se-spremali-za-ovo\\\/\"]}]},{\"@type\":\"ImageObject\",\"inLanguage\":\"en-GB\",\"@id\":\"https:\\\/\\\/dmcsrb.com\\\/sport\\\/milic-puno-mi-je-srce-ponosan-sam-na-momke-mvp-gojkovic-cijelo-ljeto-smo-se-spremali-za-ovo\\\/#primaryimage\",\"url\":\"https:\\\/\\\/dmcsrb.com\\\/wp-content\\\/uploads\\\/2026\\\/01\\\/Nebojsa-Milic-VPSCG.webp\",\"contentUrl\":\"https:\\\/\\\/dmcsrb.com\\\/wp-content\\\/uploads\\\/2026\\\/01\\\/Nebojsa-Milic-VPSCG.webp\",\"width\":1024,\"height\":683},{\"@type\":\"BreadcrumbList\",\"@id\":\"https:\\\/\\\/dmcsrb.com\\\/sport\\\/milic-puno-mi-je-srce-ponosan-sam-na-momke-mvp-gojkovic-cijelo-ljeto-smo-se-spremali-za-ovo\\\/#breadcrumb\",\"itemListElement\":[{\"@type\":\"ListItem\",\"position\":1,\"name\":\"Home\",\"item\":\"https:\\\/\\\/dmcsrb.com\\\/\"},{\"@type\":\"ListItem\",\"position\":2,\"name\":\"Mili\u0107: Puno mi je srce, ponosan sam na momke; MVP Gojkovi\u0107: Cijelo ljeto smo se spremali za ovo\"}]},{\"@type\":\"WebSite\",\"@id\":\"https:\\\/\\\/dmcsrb.com\\\/#website\",\"url\":\"https:\\\/\\\/dmcsrb.com\\\/\",\"name\":\"dmcsrb.com\",\"description\":\"\",\"potentialAction\":[{\"@type\":\"SearchAction\",\"target\":{\"@type\":\"EntryPoint\",\"urlTemplate\":\"https:\\\/\\\/dmcsrb.com\\\/?s={search_term_string}\"},\"query-input\":{\"@type\":\"PropertyValueSpecification\",\"valueRequired\":true,\"valueName\":\"search_term_string\"}}],\"inLanguage\":\"en-GB\"},{\"@type\":\"Person\",\"@id\":\"https:\\\/\\\/dmcsrb.com\\\/#\\\/schema\\\/person\\\/5c39170f12db1b8b457732d0b5c854e2\",\"name\":\"dmcsrbija.com@gmail.com\",\"image\":{\"@type\":\"ImageObject\",\"inLanguage\":\"en-GB\",\"@id\":\"https:\\\/\\\/secure.gravatar.com\\\/avatar\\\/68592660ad6347fad0fb587f8d5d8f1a7b44961362f56e4f2cd524feb87e9069?s=96&d=mm&r=g\",\"url\":\"https:\\\/\\\/secure.gravatar.com\\\/avatar\\\/68592660ad6347fad0fb587f8d5d8f1a7b44961362f56e4f2cd524feb87e9069?s=96&d=mm&r=g\",\"contentUrl\":\"https:\\\/\\\/secure.gravatar.com\\\/avatar\\\/68592660ad6347fad0fb587f8d5d8f1a7b44961362f56e4f2cd524feb87e9069?s=96&d=mm&r=g\",\"caption\":\"dmcsrbija.com@gmail.com\"},\"sameAs\":[\"https:\\\/\\\/dmcsrb.com\"],\"url\":\"https:\\\/\\\/dmcsrb.com\\\/en\\\/author\\\/dmcsrbija-comgmail-com\\\/\"}]}<\/script>\n<!-- \/ Yoast SEO plugin. -->","yoast_head_json":{"title":"Mili\u0107: Puno mi je srce, ponosan sam na momke; MVP Gojkovi\u0107: Cijelo ljeto smo se spremali za ovo - dmcsrb.com","robots":{"index":"index","follow":"follow","max-snippet":"max-snippet:-1","max-image-preview":"max-image-preview:large","max-video-preview":"max-video-preview:-1"},"canonical":"https:\/\/dmcsrb.com\/en\/sport\/milic-puno-mi-je-srce-ponosan-sam-na-momke-mvp-gojkovic-cijelo-ljeto-smo-se-spremali-za-ovo\/","og_locale":"en_GB","og_type":"article","og_title":"Mili\u0107: Puno mi je srce, ponosan sam na momke; MVP Gojkovi\u0107: Cijelo ljeto smo se spremali za ovo - dmcsrb.com","og_description":"\u0160est me\u010deva, \u0161est pobjeda i zlato oko vrata - to je u\u010dinak mladih crnogorskih vaterpolista na Evropskom prvenstvu u rumunskoj Oradei.","og_url":"https:\/\/dmcsrb.com\/en\/sport\/milic-puno-mi-je-srce-ponosan-sam-na-momke-mvp-gojkovic-cijelo-ljeto-smo-se-spremali-za-ovo\/","og_site_name":"dmcsrb.com","article_published_time":"2025-08-24T17:26:00+00:00","og_image":[{"width":1024,"height":683,"url":"https:\/\/dmcsrb.com\/wp-content\/uploads\/2026\/01\/Nebojsa-Milic-VPSCG.webp","type":"image\/jpeg"}],"author":"dmcsrbija.com@gmail.com","twitter_card":"summary_large_image","twitter_misc":{"Written by":"dmcsrbija.com@gmail.com","Estimated reading time":"1 minute"},"schema":{"@context":"https:\/\/schema.org","@graph":[{"@type":"Article","@id":"https:\/\/dmcsrb.com\/sport\/milic-puno-mi-je-srce-ponosan-sam-na-momke-mvp-gojkovic-cijelo-ljeto-smo-se-spremali-za-ovo\/#article","isPartOf":{"@id":"https:\/\/dmcsrb.com\/sport\/milic-puno-mi-je-srce-ponosan-sam-na-momke-mvp-gojkovic-cijelo-ljeto-smo-se-spremali-za-ovo\/"},"author":{"name":"dmcsrbija.com@gmail.com","@id":"https:\/\/dmcsrb.com\/#\/schema\/person\/5c39170f12db1b8b457732d0b5c854e2"},"headline":"Mili\u0107: Puno mi je srce, ponosan sam na momke; MVP Gojkovi\u0107: Cijelo ljeto smo se spremali za ovo","datePublished":"2025-08-24T17:26:00+00:00","mainEntityOfPage":{"@id":"https:\/\/dmcsrb.com\/sport\/milic-puno-mi-je-srce-ponosan-sam-na-momke-mvp-gojkovic-cijelo-ljeto-smo-se-spremali-za-ovo\/"},"wordCount":222,"commentCount":0,"image":{"@id":"https:\/\/dmcsrb.com\/sport\/milic-puno-mi-je-srce-ponosan-sam-na-momke-mvp-gojkovic-cijelo-ljeto-smo-se-spremali-za-ovo\/#primaryimage"},"thumbnailUrl":"https:\/\/dmcsrb.com\/wp-content\/uploads\/2026\/01\/Nebojsa-Milic-VPSCG.webp","keywords":["Evropsko prvenstvo za vaterpoliste do 18 godina","Juniorska vaterpolo reprezentacija Crne Gore","Juniorska vaterpolo reprezentacija Srbije","Marko Pejovi\u0107","Neboj\u0161a Mili\u0107","Strahinja Gojkovi\u0107"],"articleSection":["Sport"],"inLanguage":"en-GB","potentialAction":[{"@type":"CommentAction","name":"Comment","target":["https:\/\/dmcsrb.com\/sport\/milic-puno-mi-je-srce-ponosan-sam-na-momke-mvp-gojkovic-cijelo-ljeto-smo-se-spremali-za-ovo\/#respond"]}]},{"@type":"WebPage","@id":"https:\/\/dmcsrb.com\/sport\/milic-puno-mi-je-srce-ponosan-sam-na-momke-mvp-gojkovic-cijelo-ljeto-smo-se-spremali-za-ovo\/","url":"https:\/\/dmcsrb.com\/sport\/milic-puno-mi-je-srce-ponosan-sam-na-momke-mvp-gojkovic-cijelo-ljeto-smo-se-spremali-za-ovo\/","name":"Mili\u0107: Puno mi je srce, ponosan sam na momke; MVP Gojkovi\u0107: Cijelo ljeto smo se spremali za ovo - dmcsrb.com","isPartOf":{"@id":"https:\/\/dmcsrb.com\/#website"},"primaryImageOfPage":{"@id":"https:\/\/dmcsrb.com\/sport\/milic-puno-mi-je-srce-ponosan-sam-na-momke-mvp-gojkovic-cijelo-ljeto-smo-se-spremali-za-ovo\/#primaryimage"},"image":{"@id":"https:\/\/dmcsrb.com\/sport\/milic-puno-mi-je-srce-ponosan-sam-na-momke-mvp-gojkovic-cijelo-ljeto-smo-se-spremali-za-ovo\/#primaryimage"},"thumbnailUrl":"https:\/\/dmcsrb.com\/wp-content\/uploads\/2026\/01\/Nebojsa-Milic-VPSCG.webp","datePublished":"2025-08-24T17:26:00+00:00","author":{"@id":"https:\/\/dmcsrb.com\/#\/schema\/person\/5c39170f12db1b8b457732d0b5c854e2"},"breadcrumb":{"@id":"https:\/\/dmcsrb.com\/sport\/milic-puno-mi-je-srce-ponosan-sam-na-momke-mvp-gojkovic-cijelo-ljeto-smo-se-spremali-za-ovo\/#breadcrumb"},"inLanguage":"en-GB","potentialAction":[{"@type":"ReadAction","target":["https:\/\/dmcsrb.com\/sport\/milic-puno-mi-je-srce-ponosan-sam-na-momke-mvp-gojkovic-cijelo-ljeto-smo-se-spremali-za-ovo\/"]}]},{"@type":"ImageObject","inLanguage":"en-GB","@id":"https:\/\/dmcsrb.com\/sport\/milic-puno-mi-je-srce-ponosan-sam-na-momke-mvp-gojkovic-cijelo-ljeto-smo-se-spremali-za-ovo\/#primaryimage","url":"https:\/\/dmcsrb.com\/wp-content\/uploads\/2026\/01\/Nebojsa-Milic-VPSCG.webp","contentUrl":"https:\/\/dmcsrb.com\/wp-content\/uploads\/2026\/01\/Nebojsa-Milic-VPSCG.webp","width":1024,"height":683},{"@type":"BreadcrumbList","@id":"https:\/\/dmcsrb.com\/sport\/milic-puno-mi-je-srce-ponosan-sam-na-momke-mvp-gojkovic-cijelo-ljeto-smo-se-spremali-za-ovo\/#breadcrumb","itemListElement":[{"@type":"ListItem","position":1,"name":"Home","item":"https:\/\/dmcsrb.com\/"},{"@type":"ListItem","position":2,"name":"Mili\u0107: Puno mi je srce, ponosan sam na momke; MVP Gojkovi\u0107: Cijelo ljeto smo se spremali za ovo"}]},{"@type":"WebSite","@id":"https:\/\/dmcsrb.com\/#website","url":"https:\/\/dmcsrb.com\/","name":"dmcsrb.com","description":"","potentialAction":[{"@type":"SearchAction","target":{"@type":"EntryPoint","urlTemplate":"https:\/\/dmcsrb.com\/?s={search_term_string}"},"query-input":{"@type":"PropertyValueSpecification","valueRequired":true,"valueName":"search_term_string"}}],"inLanguage":"en-GB"},{"@type":"Person","@id":"https:\/\/dmcsrb.com\/#\/schema\/person\/5c39170f12db1b8b457732d0b5c854e2","name":"dmcsrbija.com@gmail.com","image":{"@type":"ImageObject","inLanguage":"en-GB","@id":"https:\/\/secure.gravatar.com\/avatar\/68592660ad6347fad0fb587f8d5d8f1a7b44961362f56e4f2cd524feb87e9069?s=96&d=mm&r=g","url":"https:\/\/secure.gravatar.com\/avatar\/68592660ad6347fad0fb587f8d5d8f1a7b44961362f56e4f2cd524feb87e9069?s=96&d=mm&r=g","contentUrl":"https:\/\/secure.gravatar.com\/avatar\/68592660ad6347fad0fb587f8d5d8f1a7b44961362f56e4f2cd524feb87e9069?s=96&d=mm&r=g","caption":"dmcsrbija.com@gmail.com"},"sameAs":["https:\/\/dmcsrb.com"],"url":"https:\/\/dmcsrb.com\/en\/author\/dmcsrbija-comgmail-com\/"}]}},"_links":{"self":[{"href":"https:\/\/dmcsrb.com\/en\/wp-json\/wp\/v2\/posts\/948133","targetHints":{"allow":["GET"]}}],"collection":[{"href":"https:\/\/dmcsrb.com\/en\/wp-json\/wp\/v2\/posts"}],"about":[{"href":"https:\/\/dmcsrb.com\/en\/wp-json\/wp\/v2\/types\/post"}],"author":[{"embeddable":true,"href":"https:\/\/dmcsrb.com\/en\/wp-json\/wp\/v2\/users\/1"}],"replies":[{"embeddable":true,"href":"https:\/\/dmcsrb.com\/en\/wp-json\/wp\/v2\/comments?post=948133"}],"version-history":[{"count":0,"href":"https:\/\/dmcsrb.com\/en\/wp-json\/wp\/v2\/posts\/948133\/revisions"}],"wp:featuredmedia":[{"embeddable":true,"href":"https:\/\/dmcsrb.com\/en\/wp-json\/wp\/v2\/media\/948134"}],"wp:attachment":[{"href":"https:\/\/dmcsrb.com\/en\/wp-json\/wp\/v2\/media?parent=948133"}],"wp:term":[{"taxonomy":"category","embeddable":true,"href":"https:\/\/dmcsrb.com\/en\/wp-json\/wp\/v2\/categories?post=948133"},{"taxonomy":"post_tag","embeddable":true,"href":"https:\/\/dmcsrb.com\/en\/wp-json\/wp\/v2\/tags?post=948133"},{"taxonomy":"naslovna","embeddable":true,"href":"https:\/\/dmcsrb.com\/en\/wp-json\/wp\/v2\/naslovna?post=948133"}],"curies":[{"name":"wp","href":"https:\/\/api.w.org\/{rel}","templated":true}]}}