{"id":948096,"date":"2025-08-24T18:22:00","date_gmt":"2025-08-24T16:22:00","guid":{"rendered":"https:\/\/dmcsrb.com\/uncategorized\/svecano-otvoreno-drugo-izdanje-montenegro-film-rendezvous-u-herceg-novom\/"},"modified":"2025-08-24T18:22:00","modified_gmt":"2025-08-24T16:22:00","slug":"svecano-otvoreno-drugo-izdanje-montenegro-film-rendezvous-u-herceg-novom","status":"publish","type":"post","link":"https:\/\/dmcsrb.com\/en\/kultura\/svecano-otvoreno-drugo-izdanje-montenegro-film-rendezvous-u-herceg-novom\/","title":{"rendered":"Sve\u010dano otvoreno drugo izdanje Montenegro Film Rendezvous u Herceg Novom"},"content":{"rendered":"<p><\/p>\n\n\n\n<p>Ovogodi\u0161nje izdanje donosi predstavljanje 12 crnogorskih projekata, kao i \u0161est regionalnih projekata odabranih kroz poziv \u201eDani filmske saradnje Francuske i zemalja Balkana\u201c, organizovan u saradnji sa Ambasadom Francuske i Francuskim institutom u Podgorici.<\/p>\n\n\n\n<figure class=\"wp-block-image size-large\"><img decoding=\"async\" src=\"https:\/\/gradski.me\/wp-content\/uploads\/2025\/08\/Aleksandra-Bozovic-direktorica-Filmskog-centra-1024x683.jpg\" alt=\"\" class=\"wp-image-819495\"\/><\/figure>\n\n\n\n<p><strong>Aleksandra<\/strong> <strong>Bo\u017eovi\u0107<\/strong>, <strong>direktorica Filmskog centra Crne Gore<\/strong>, otvorila je doga\u0111aj pozdravom u\u010desnicima i osvrtom na uspjehe pro\u0161logodi\u0161nje manifestacije. \u201eKada smo organizovali prvi Montenegro Film Rendezvous prije samo godinu dana, imali smo velike snove, ali skromna o\u010dekivanja. Danas mogu da ka\u017eem &#8211; ti snovi su postali stvarnost, a na\u0161a o\u010dekivanja su uveliko prema\u0161ena\u201c, je izjavila Bo\u017eovi\u0107. Ona je istakla da su najbolji dokaz uspej\u0161nosti upravo tri filma koja su prvi put predstavljena na pro\u0161logodi\u0161njem izdanju Montenegro Film Rendezvous: \u201e15 i po\u201c, \u201eVidra\u201c, \u201eVude, ti si pobjedio\u201c a ove godine se prikazuju na Filmskom festivalu Herceg Novi.<\/p>\n\n\n\n<figure class=\"wp-block-image size-large\"><img decoding=\"async\" src=\"https:\/\/gradski.me\/wp-content\/uploads\/2025\/08\/Dr-Tamara-Vujovic-ministarka-kulture-i-medija-1024x683.jpg\" alt=\"\" class=\"wp-image-819496\"\/><\/figure>\n\n\n\n<p><strong>Dr Tamara Vujovi\u0107, ministarka kulture i medija<\/strong>, je izrazila zadovoljstvo \u0161to Crna Gora mo\u017ee da bude doma\u0107in ovolikom broju u\u010desnika. \u201eKoliko god mali, na\u0161 doprinos mo\u017ee biti veliki, imaju\u0107i u vidu tradiciju filma i nove mlade snage koje \u0161kolujemo i podr\u017eavamo\u201c, istakla je ministarka, nagla\u0161avaju\u0107i da je glavna rije\u010d ovog vremena upravo autenti\u010dnost. \u201e\u017delimo da predstavimo na\u0161e kreativne ljude i njihov potencijal, kao i da ostvarimo jake veze u svijetu filmske industrije\u201c, dodala je Vujovi\u0107.&nbsp;<\/p>\n\n\n\n<figure class=\"wp-block-image size-large\"><img decoding=\"async\" src=\"https:\/\/gradski.me\/wp-content\/uploads\/2025\/08\/Nj.-E.-Don-Meken-ambasadorka-Velike-Britanije-u-Crnoj-Gori-1024x683.jpg\" alt=\"\" class=\"wp-image-819497\"\/><\/figure>\n\n\n\n<p>Nj. E. <strong>Don<\/strong> <strong>Meken<\/strong>, <strong>ambasadorka<\/strong> <strong>Velike<\/strong> <strong>Britanije<\/strong> <strong>u Crnoj Gori<\/strong>, je istakla zadovoljstvo britanske vlade \u0161to kroz Britanski savjet podr\u017eava ovu inicijativu. \u201eOvaj doga\u0111aj je ve\u0107 postao prostor gdje se kreativnost, razmjena i saradnja efikasno spajaju. To je prilika da se prepozna i proslavi crnogorska filmska industrija &#8211; mlada je, ambiciozna, ali sve vidljivija\u201c, izjavila je ambasadorka. Ona je posebno naglasila prisustvo tri zna\u010dajne britanske kompanije: kreativnog studija Frejmstor (Framestore), organizacije Skrin Jork\u0161ir (Screen Yorkshire) i Britanskog filmskog instituta.&nbsp;&nbsp;<\/p>\n\n\n\n<p>Poseban zna\u010daj ovogodi\u0161nje manifestacije predstavlja \u010dinjenica da su se po prvi put u Crnoj Gori okupili svi direktori filmskih centara iz Jugoisto\u010dne Evrope, \u0161to dodatno potvr\u0111uje rastu\u0107i zna\u010daj doga\u0111aja Montenegro Film Rendezvous kao regionalne platforme za filmsku saradnju i povezivanje Crne Gore sa evropskom i svjetskom filmskom industrijom.<\/p>\n\n\n\n<figure class=\"wp-block-image size-large\"><img decoding=\"async\" src=\"https:\/\/gradski.me\/wp-content\/uploads\/2025\/08\/otvaranja-drugog-izdanja-Montenegro-Film-Rendezvous-1024x683.jpg\" alt=\"\" class=\"wp-image-819498\"\/><\/figure>\n\n\n\n<p>Montenegro Film Rendezvous realizuje se u saradnji sa Ministarstvom kulture i medija, Op\u0161tinom Herceg Novi i JUK Herceg Fest, koja je ujedno i producent Filmskog festivala Herceg Novi \u2013 Montenegro Film Festivala. Tako\u0111e, ovogodi\u0161nje izdanje se organizuje u saradnji sa amabsadom Francuske u Crnoj Gori, Francuskim institutom u Crnoj Gori, kao i sa Britanskim Savjetom.&nbsp;<\/p>\n\n\n\n<p>Sponzori ovogodi\u0161njeg izdanja Montenegro Film Rendezvous su Uniqa osiguranje i Nescafe.<\/p>","protected":false},"excerpt":{"rendered":"<p>U subotu, 23. avgusta, u okviru 38. Filmskog festivala Herceg Novi \u2013 Montenegro Film Festival sve\u010dano je otvoreno drugo izdanje Montenegro Film Rendezvous-a, doga\u0111aja posve\u0107enog filmskoj industriji koji organizuje Filmski centar Crne Gore. Trodnevna manifestacija, koja se odr\u017eava do 25. avgusta, okupila je rekordni broj predstavnika evropske filmske industrije.<\/p>","protected":false},"author":1,"featured_media":948097,"comment_status":"open","ping_status":"open","sticky":false,"template":"","format":"standard","meta":{"_acf_changed":false,"footnotes":""},"categories":[50],"tags":[10711,48,18201,4619],"naslovna":[],"class_list":["post-948096","post","type-post","status-publish","format-standard","has-post-thumbnail","hentry","category-kultura","tag-drugo-izdanje","tag-herceg-novi","tag-montenegro-film-rendezvous","tag-svecano-otvaranje"],"acf":[],"yoast_head":"<!-- This site is optimized with the Yoast SEO plugin v27.0 - https:\/\/yoast.com\/product\/yoast-seo-wordpress\/ -->\n<title>Sve\u010dano otvoreno drugo izdanje Montenegro Film Rendezvous u Herceg Novom - dmcsrb.com<\/title>\n<meta name=\"robots\" content=\"index, follow, max-snippet:-1, max-image-preview:large, max-video-preview:-1\" \/>\n<link rel=\"canonical\" href=\"https:\/\/dmcsrb.com\/en\/kultura\/svecano-otvoreno-drugo-izdanje-montenegro-film-rendezvous-u-herceg-novom\/\" \/>\n<meta property=\"og:locale\" content=\"en_GB\" \/>\n<meta property=\"og:type\" content=\"article\" \/>\n<meta property=\"og:title\" content=\"Sve\u010dano otvoreno drugo izdanje Montenegro Film Rendezvous u Herceg Novom - dmcsrb.com\" \/>\n<meta property=\"og:description\" content=\"U subotu, 23. avgusta, u okviru 38. Filmskog festivala Herceg Novi \u2013 Montenegro Film Festival sve\u010dano je otvoreno drugo izdanje Montenegro Film Rendezvous-a, doga\u0111aja posve\u0107enog filmskoj industriji koji organizuje Filmski centar Crne Gore. Trodnevna manifestacija, koja se odr\u017eava do 25. avgusta, okupila je rekordni broj predstavnika evropske filmske industrije.\" \/>\n<meta property=\"og:url\" content=\"https:\/\/dmcsrb.com\/en\/kultura\/svecano-otvoreno-drugo-izdanje-montenegro-film-rendezvous-u-herceg-novom\/\" \/>\n<meta property=\"og:site_name\" content=\"dmcsrb.com\" \/>\n<meta property=\"article:published_time\" content=\"2025-08-24T16:22:00+00:00\" \/>\n<meta property=\"og:image\" content=\"https:\/\/dmcsrb.com\/wp-content\/uploads\/2026\/01\/Grupna-fotografija-sa-ceremonije-otvaranja-scaled-1.webp\" \/>\n\t<meta property=\"og:image:width\" content=\"2560\" \/>\n\t<meta property=\"og:image:height\" content=\"1707\" \/>\n\t<meta property=\"og:image:type\" content=\"image\/jpeg\" \/>\n<meta name=\"author\" content=\"dmcsrbija.com@gmail.com\" \/>\n<meta name=\"twitter:card\" content=\"summary_large_image\" \/>\n<meta name=\"twitter:label1\" content=\"Written by\" \/>\n\t<meta name=\"twitter:data1\" content=\"dmcsrbija.com@gmail.com\" \/>\n\t<meta name=\"twitter:label2\" content=\"Estimated reading time\" \/>\n\t<meta name=\"twitter:data2\" content=\"2 minutes\" \/>\n<script type=\"application\/ld+json\" class=\"yoast-schema-graph\">{\"@context\":\"https:\/\/schema.org\",\"@graph\":[{\"@type\":\"Article\",\"@id\":\"https:\/\/dmcsrb.com\/kultura\/svecano-otvoreno-drugo-izdanje-montenegro-film-rendezvous-u-herceg-novom\/#article\",\"isPartOf\":{\"@id\":\"https:\/\/dmcsrb.com\/kultura\/svecano-otvoreno-drugo-izdanje-montenegro-film-rendezvous-u-herceg-novom\/\"},\"author\":{\"name\":\"dmcsrbija.com@gmail.com\",\"@id\":\"https:\/\/dmcsrb.com\/#\/schema\/person\/5c39170f12db1b8b457732d0b5c854e2\"},\"headline\":\"Sve\u010dano otvoreno drugo izdanje Montenegro Film Rendezvous u Herceg Novom\",\"datePublished\":\"2025-08-24T16:22:00+00:00\",\"mainEntityOfPage\":{\"@id\":\"https:\/\/dmcsrb.com\/kultura\/svecano-otvoreno-drugo-izdanje-montenegro-film-rendezvous-u-herceg-novom\/\"},\"wordCount\":448,\"commentCount\":0,\"image\":{\"@id\":\"https:\/\/dmcsrb.com\/kultura\/svecano-otvoreno-drugo-izdanje-montenegro-film-rendezvous-u-herceg-novom\/#primaryimage\"},\"thumbnailUrl\":\"https:\/\/dmcsrb.com\/wp-content\/uploads\/2026\/01\/Grupna-fotografija-sa-ceremonije-otvaranja-scaled-1.webp\",\"keywords\":[\"Drugo izdanje\",\"Herceg Novi\",\"Montenegro Film Rendezvous\",\"sve\u010dano otvaranje\"],\"articleSection\":[\"Kultura\"],\"inLanguage\":\"en-GB\",\"potentialAction\":[{\"@type\":\"CommentAction\",\"name\":\"Comment\",\"target\":[\"https:\/\/dmcsrb.com\/kultura\/svecano-otvoreno-drugo-izdanje-montenegro-film-rendezvous-u-herceg-novom\/#respond\"]}]},{\"@type\":\"WebPage\",\"@id\":\"https:\/\/dmcsrb.com\/kultura\/svecano-otvoreno-drugo-izdanje-montenegro-film-rendezvous-u-herceg-novom\/\",\"url\":\"https:\/\/dmcsrb.com\/kultura\/svecano-otvoreno-drugo-izdanje-montenegro-film-rendezvous-u-herceg-novom\/\",\"name\":\"Sve\u010dano otvoreno drugo izdanje Montenegro Film Rendezvous u Herceg Novom - dmcsrb.com\",\"isPartOf\":{\"@id\":\"https:\/\/dmcsrb.com\/#website\"},\"primaryImageOfPage\":{\"@id\":\"https:\/\/dmcsrb.com\/kultura\/svecano-otvoreno-drugo-izdanje-montenegro-film-rendezvous-u-herceg-novom\/#primaryimage\"},\"image\":{\"@id\":\"https:\/\/dmcsrb.com\/kultura\/svecano-otvoreno-drugo-izdanje-montenegro-film-rendezvous-u-herceg-novom\/#primaryimage\"},\"thumbnailUrl\":\"https:\/\/dmcsrb.com\/wp-content\/uploads\/2026\/01\/Grupna-fotografija-sa-ceremonije-otvaranja-scaled-1.webp\",\"datePublished\":\"2025-08-24T16:22:00+00:00\",\"author\":{\"@id\":\"https:\/\/dmcsrb.com\/#\/schema\/person\/5c39170f12db1b8b457732d0b5c854e2\"},\"breadcrumb\":{\"@id\":\"https:\/\/dmcsrb.com\/kultura\/svecano-otvoreno-drugo-izdanje-montenegro-film-rendezvous-u-herceg-novom\/#breadcrumb\"},\"inLanguage\":\"en-GB\",\"potentialAction\":[{\"@type\":\"ReadAction\",\"target\":[\"https:\/\/dmcsrb.com\/kultura\/svecano-otvoreno-drugo-izdanje-montenegro-film-rendezvous-u-herceg-novom\/\"]}]},{\"@type\":\"ImageObject\",\"inLanguage\":\"en-GB\",\"@id\":\"https:\/\/dmcsrb.com\/kultura\/svecano-otvoreno-drugo-izdanje-montenegro-film-rendezvous-u-herceg-novom\/#primaryimage\",\"url\":\"https:\/\/dmcsrb.com\/wp-content\/uploads\/2026\/01\/Grupna-fotografija-sa-ceremonije-otvaranja-scaled-1.webp\",\"contentUrl\":\"https:\/\/dmcsrb.com\/wp-content\/uploads\/2026\/01\/Grupna-fotografija-sa-ceremonije-otvaranja-scaled-1.webp\",\"width\":2560,\"height\":1707},{\"@type\":\"BreadcrumbList\",\"@id\":\"https:\/\/dmcsrb.com\/kultura\/svecano-otvoreno-drugo-izdanje-montenegro-film-rendezvous-u-herceg-novom\/#breadcrumb\",\"itemListElement\":[{\"@type\":\"ListItem\",\"position\":1,\"name\":\"Home\",\"item\":\"https:\/\/dmcsrb.com\/\"},{\"@type\":\"ListItem\",\"position\":2,\"name\":\"Sve\u010dano otvoreno drugo izdanje Montenegro Film Rendezvous u Herceg Novom\"}]},{\"@type\":\"WebSite\",\"@id\":\"https:\/\/dmcsrb.com\/#website\",\"url\":\"https:\/\/dmcsrb.com\/\",\"name\":\"dmcsrb.com\",\"description\":\"\",\"potentialAction\":[{\"@type\":\"SearchAction\",\"target\":{\"@type\":\"EntryPoint\",\"urlTemplate\":\"https:\/\/dmcsrb.com\/?s={search_term_string}\"},\"query-input\":{\"@type\":\"PropertyValueSpecification\",\"valueRequired\":true,\"valueName\":\"search_term_string\"}}],\"inLanguage\":\"en-GB\"},{\"@type\":\"Person\",\"@id\":\"https:\/\/dmcsrb.com\/#\/schema\/person\/5c39170f12db1b8b457732d0b5c854e2\",\"name\":\"dmcsrbija.com@gmail.com\",\"image\":{\"@type\":\"ImageObject\",\"inLanguage\":\"en-GB\",\"@id\":\"https:\/\/dmcsrb.com\/#\/schema\/person\/image\/\",\"url\":\"https:\/\/secure.gravatar.com\/avatar\/68592660ad6347fad0fb587f8d5d8f1a7b44961362f56e4f2cd524feb87e9069?s=96&d=mm&r=g\",\"contentUrl\":\"https:\/\/secure.gravatar.com\/avatar\/68592660ad6347fad0fb587f8d5d8f1a7b44961362f56e4f2cd524feb87e9069?s=96&d=mm&r=g\",\"caption\":\"dmcsrbija.com@gmail.com\"},\"sameAs\":[\"https:\/\/dmcsrb.com\"],\"url\":\"https:\/\/dmcsrb.com\/en\/author\/dmcsrbija-comgmail-com\/\"}]}<\/script>\n<!-- \/ Yoast SEO plugin. -->","yoast_head_json":{"title":"Sve\u010dano otvoreno drugo izdanje Montenegro Film Rendezvous u Herceg Novom - dmcsrb.com","robots":{"index":"index","follow":"follow","max-snippet":"max-snippet:-1","max-image-preview":"max-image-preview:large","max-video-preview":"max-video-preview:-1"},"canonical":"https:\/\/dmcsrb.com\/en\/kultura\/svecano-otvoreno-drugo-izdanje-montenegro-film-rendezvous-u-herceg-novom\/","og_locale":"en_GB","og_type":"article","og_title":"Sve\u010dano otvoreno drugo izdanje Montenegro Film Rendezvous u Herceg Novom - dmcsrb.com","og_description":"U subotu, 23. avgusta, u okviru 38. Filmskog festivala Herceg Novi \u2013 Montenegro Film Festival sve\u010dano je otvoreno drugo izdanje Montenegro Film Rendezvous-a, doga\u0111aja posve\u0107enog filmskoj industriji koji organizuje Filmski centar Crne Gore. Trodnevna manifestacija, koja se odr\u017eava do 25. avgusta, okupila je rekordni broj predstavnika evropske filmske industrije.","og_url":"https:\/\/dmcsrb.com\/en\/kultura\/svecano-otvoreno-drugo-izdanje-montenegro-film-rendezvous-u-herceg-novom\/","og_site_name":"dmcsrb.com","article_published_time":"2025-08-24T16:22:00+00:00","og_image":[{"width":2560,"height":1707,"url":"https:\/\/dmcsrb.com\/wp-content\/uploads\/2026\/01\/Grupna-fotografija-sa-ceremonije-otvaranja-scaled-1.webp","type":"image\/jpeg"}],"author":"dmcsrbija.com@gmail.com","twitter_card":"summary_large_image","twitter_misc":{"Written by":"dmcsrbija.com@gmail.com","Estimated reading time":"2 minutes"},"schema":{"@context":"https:\/\/schema.org","@graph":[{"@type":"Article","@id":"https:\/\/dmcsrb.com\/kultura\/svecano-otvoreno-drugo-izdanje-montenegro-film-rendezvous-u-herceg-novom\/#article","isPartOf":{"@id":"https:\/\/dmcsrb.com\/kultura\/svecano-otvoreno-drugo-izdanje-montenegro-film-rendezvous-u-herceg-novom\/"},"author":{"name":"dmcsrbija.com@gmail.com","@id":"https:\/\/dmcsrb.com\/#\/schema\/person\/5c39170f12db1b8b457732d0b5c854e2"},"headline":"Sve\u010dano otvoreno drugo izdanje Montenegro Film Rendezvous u Herceg Novom","datePublished":"2025-08-24T16:22:00+00:00","mainEntityOfPage":{"@id":"https:\/\/dmcsrb.com\/kultura\/svecano-otvoreno-drugo-izdanje-montenegro-film-rendezvous-u-herceg-novom\/"},"wordCount":448,"commentCount":0,"image":{"@id":"https:\/\/dmcsrb.com\/kultura\/svecano-otvoreno-drugo-izdanje-montenegro-film-rendezvous-u-herceg-novom\/#primaryimage"},"thumbnailUrl":"https:\/\/dmcsrb.com\/wp-content\/uploads\/2026\/01\/Grupna-fotografija-sa-ceremonije-otvaranja-scaled-1.webp","keywords":["Drugo izdanje","Herceg Novi","Montenegro Film Rendezvous","sve\u010dano otvaranje"],"articleSection":["Kultura"],"inLanguage":"en-GB","potentialAction":[{"@type":"CommentAction","name":"Comment","target":["https:\/\/dmcsrb.com\/kultura\/svecano-otvoreno-drugo-izdanje-montenegro-film-rendezvous-u-herceg-novom\/#respond"]}]},{"@type":"WebPage","@id":"https:\/\/dmcsrb.com\/kultura\/svecano-otvoreno-drugo-izdanje-montenegro-film-rendezvous-u-herceg-novom\/","url":"https:\/\/dmcsrb.com\/kultura\/svecano-otvoreno-drugo-izdanje-montenegro-film-rendezvous-u-herceg-novom\/","name":"Sve\u010dano otvoreno drugo izdanje Montenegro Film Rendezvous u Herceg Novom - dmcsrb.com","isPartOf":{"@id":"https:\/\/dmcsrb.com\/#website"},"primaryImageOfPage":{"@id":"https:\/\/dmcsrb.com\/kultura\/svecano-otvoreno-drugo-izdanje-montenegro-film-rendezvous-u-herceg-novom\/#primaryimage"},"image":{"@id":"https:\/\/dmcsrb.com\/kultura\/svecano-otvoreno-drugo-izdanje-montenegro-film-rendezvous-u-herceg-novom\/#primaryimage"},"thumbnailUrl":"https:\/\/dmcsrb.com\/wp-content\/uploads\/2026\/01\/Grupna-fotografija-sa-ceremonije-otvaranja-scaled-1.webp","datePublished":"2025-08-24T16:22:00+00:00","author":{"@id":"https:\/\/dmcsrb.com\/#\/schema\/person\/5c39170f12db1b8b457732d0b5c854e2"},"breadcrumb":{"@id":"https:\/\/dmcsrb.com\/kultura\/svecano-otvoreno-drugo-izdanje-montenegro-film-rendezvous-u-herceg-novom\/#breadcrumb"},"inLanguage":"en-GB","potentialAction":[{"@type":"ReadAction","target":["https:\/\/dmcsrb.com\/kultura\/svecano-otvoreno-drugo-izdanje-montenegro-film-rendezvous-u-herceg-novom\/"]}]},{"@type":"ImageObject","inLanguage":"en-GB","@id":"https:\/\/dmcsrb.com\/kultura\/svecano-otvoreno-drugo-izdanje-montenegro-film-rendezvous-u-herceg-novom\/#primaryimage","url":"https:\/\/dmcsrb.com\/wp-content\/uploads\/2026\/01\/Grupna-fotografija-sa-ceremonije-otvaranja-scaled-1.webp","contentUrl":"https:\/\/dmcsrb.com\/wp-content\/uploads\/2026\/01\/Grupna-fotografija-sa-ceremonije-otvaranja-scaled-1.webp","width":2560,"height":1707},{"@type":"BreadcrumbList","@id":"https:\/\/dmcsrb.com\/kultura\/svecano-otvoreno-drugo-izdanje-montenegro-film-rendezvous-u-herceg-novom\/#breadcrumb","itemListElement":[{"@type":"ListItem","position":1,"name":"Home","item":"https:\/\/dmcsrb.com\/"},{"@type":"ListItem","position":2,"name":"Sve\u010dano otvoreno drugo izdanje Montenegro Film Rendezvous u Herceg Novom"}]},{"@type":"WebSite","@id":"https:\/\/dmcsrb.com\/#website","url":"https:\/\/dmcsrb.com\/","name":"dmcsrb.com","description":"","potentialAction":[{"@type":"SearchAction","target":{"@type":"EntryPoint","urlTemplate":"https:\/\/dmcsrb.com\/?s={search_term_string}"},"query-input":{"@type":"PropertyValueSpecification","valueRequired":true,"valueName":"search_term_string"}}],"inLanguage":"en-GB"},{"@type":"Person","@id":"https:\/\/dmcsrb.com\/#\/schema\/person\/5c39170f12db1b8b457732d0b5c854e2","name":"dmcsrbija.com@gmail.com","image":{"@type":"ImageObject","inLanguage":"en-GB","@id":"https:\/\/dmcsrb.com\/#\/schema\/person\/image\/","url":"https:\/\/secure.gravatar.com\/avatar\/68592660ad6347fad0fb587f8d5d8f1a7b44961362f56e4f2cd524feb87e9069?s=96&d=mm&r=g","contentUrl":"https:\/\/secure.gravatar.com\/avatar\/68592660ad6347fad0fb587f8d5d8f1a7b44961362f56e4f2cd524feb87e9069?s=96&d=mm&r=g","caption":"dmcsrbija.com@gmail.com"},"sameAs":["https:\/\/dmcsrb.com"],"url":"https:\/\/dmcsrb.com\/en\/author\/dmcsrbija-comgmail-com\/"}]}},"_links":{"self":[{"href":"https:\/\/dmcsrb.com\/en\/wp-json\/wp\/v2\/posts\/948096","targetHints":{"allow":["GET"]}}],"collection":[{"href":"https:\/\/dmcsrb.com\/en\/wp-json\/wp\/v2\/posts"}],"about":[{"href":"https:\/\/dmcsrb.com\/en\/wp-json\/wp\/v2\/types\/post"}],"author":[{"embeddable":true,"href":"https:\/\/dmcsrb.com\/en\/wp-json\/wp\/v2\/users\/1"}],"replies":[{"embeddable":true,"href":"https:\/\/dmcsrb.com\/en\/wp-json\/wp\/v2\/comments?post=948096"}],"version-history":[{"count":0,"href":"https:\/\/dmcsrb.com\/en\/wp-json\/wp\/v2\/posts\/948096\/revisions"}],"wp:featuredmedia":[{"embeddable":true,"href":"https:\/\/dmcsrb.com\/en\/wp-json\/wp\/v2\/media\/948097"}],"wp:attachment":[{"href":"https:\/\/dmcsrb.com\/en\/wp-json\/wp\/v2\/media?parent=948096"}],"wp:term":[{"taxonomy":"category","embeddable":true,"href":"https:\/\/dmcsrb.com\/en\/wp-json\/wp\/v2\/categories?post=948096"},{"taxonomy":"post_tag","embeddable":true,"href":"https:\/\/dmcsrb.com\/en\/wp-json\/wp\/v2\/tags?post=948096"},{"taxonomy":"naslovna","embeddable":true,"href":"https:\/\/dmcsrb.com\/en\/wp-json\/wp\/v2\/naslovna?post=948096"}],"curies":[{"name":"wp","href":"https:\/\/api.w.org\/{rel}","templated":true}]}}