{"id":948092,"date":"2025-08-24T17:36:40","date_gmt":"2025-08-24T15:36:40","guid":{"rendered":"https:\/\/dmcsrb.com\/uncategorized\/ajkulice-potopile-srbiju-crna-gora-je-sampion-evrope\/"},"modified":"2025-08-24T17:36:40","modified_gmt":"2025-08-24T15:36:40","slug":"ajkulice-potopile-srbiju-crna-gora-je-sampion-evrope","status":"publish","type":"post","link":"https:\/\/dmcsrb.com\/en\/sport\/ajkulice-potopile-srbiju-crna-gora-je-sampion-evrope\/","title":{"rendered":"&#8220;Ajkulice&#8221; potopile Srbiju, Crna Gora je \u0161ampion Evrope"},"content":{"rendered":"<p>Izabranici selektora Neboj\u0161e Mili\u0107a u velikom finalu u rumunskoj Oradei nadigrali su Srbiju 13:9 (3:2, 4:2, 5:2, 1:3) i donijela 14. medalju za crnogorski vaterpolo na velikim takmi\u010denjima, tre\u0107u u ovom uzrastu. <\/p>\n\n\n\n<p>Strahinja Gojkovi\u0107 i saigra\u010di dominantno su stigli do trona &#8211; \u0161est me\u010deva i isto toliko pobjeda, a dva puta su slavili protiv Srbije (prethodno u grupi 9:8). Pored Srbije, redom su bili bolji od Hrvatske (12:7), \u0160panije (11:9), Francuske (20:11) i Italije (10:6). <\/p>\n\n\n\n<p>\u0160to se ti\u010de samog finala, sve \u0161to su mladi &#8220;delfini&#8221; uspjeli, jeste da povedu na samom startu, a ostatak susreta protekao je u znaku na\u0161ih vaterpolista. <\/p>\n\n\n\n<p>Rival je poslije nepuna tri minuta postigao prvi gol na me\u010du, ta\u010dnije \u010comki\u0107. Brzo su uzvratile &#8220;ajkulice&#8221; i poravnale preko kapitena Strahinje Gojkovi\u0107a koji je pogodio kroz blok za 1:1. <\/p>\n\n\n\n<p>\u0110or\u0111e Pejovi\u0107 je u napadu s igra\u010dem vi\u0161e preokrenuo na 2:1, ali je na drugoj strani Lui\u0111i Kanepa vratio stvari u egal &#8211; 2:2. Crna Gora je ipak nakon osam minuta imala gol vi\u0161ka, nakon \u0161to je Danilo Stupar na lijep na\u010din matirao golmana Srbije. <\/p>\n\n\n\n<p>U uvodnim minutima druge dionice Miljan Bo\u0161kovi\u0107 je sa dva brza gola odvojio svoj tim na 5:2. Zeli\u0107 je smanjio na 5:3, a nda su Relja Vukani\u0107 i Supar (uz malu pomo\u0107 golmana) povisili na velikih 7:3. Vi\u0161e od osam minuta &#8220;delfini&#8221; su bili bez pogotka, ali je Kanepa u posljednjoj sekundi druge \u010detvrtine spustio minus na 7:4.<\/p>\n\n\n\n<p>Na samom startu nastavka Gojkovi\u0107 je majstorski pogodio i vratio plus \u010detiri &#8211; 8:4. Imali smo napad i dobru priliku da se dodatno odlijepimo, ali umjesto toga, rival se vratio pogocima Kanepe i Jugovi\u0107a-Jakovljevi\u0107a na 8:6 pet minuta prije kraja tre\u0107eg perioda.<\/p>\n\n\n\n<p>Me\u0111utim, to \u0107e se ispostaviti po\u010detak kraja za Srbiju. Mili\u0107evi momci su odbili nalet protivnika i za svega tri minuta postigli \u010detiri gola zaredom (Bo\u0161kovi\u0107, Stupar, Gojkovi\u0107 i Vukani\u0107) za 12:6. Ve\u0107 tada je bilo jasno da \u0107e zlato pripasti crnogorskim vaterpolistima.<\/p>\n\n\n\n<p>\u010cetvrti kvartal bio je samo odra\u0111ivanje posla, a Srbija je uspjela uz pomo\u0107 danas super raspolo\u017eenog Kanepe samo da ubla\u017ei neizbje\u017ean poraz. <\/p>\n\n\n\n<p>Najefikasniji u pobjedni\u010dkom sastavu bili su Strahinja Gojkovi\u0107, Miljan Bo\u0161kovi\u0107 Danilo Stupar sa po tri gola. Gol manje postigao je Relja Vukani\u0107, a po jednom su se u listu strijelaca upisali\u00a0Ognjen Mora\u010danin\u00a0i\u00a0\u0110or\u0111e Pejovi\u0107. Marko Pejovi\u0107 je imao 14 uspje\u0161nih intervencija.<\/p>\n\n\n\n<p>Na drugoj strani istakao se Lui\u0111i Kanepa sa \u010dak \u0161est golova. <\/p>\n\n\n\n<p>Ranije danas u borbi za bronzu Gr\u010dka je slavila protiv Italije (12:11).<\/p>\n\n\n\n<p><\/p>","protected":false},"excerpt":{"rendered":"<p>Crna Gora definitivno ne mora da brine za budu\u0107nost vaterpola &#8211; na\u0161i juniori postali su \u0161ampioni Evrope za igra\u010de do 18 godina!<\/p>","protected":false},"author":1,"featured_media":948093,"comment_status":"open","ping_status":"open","sticky":false,"template":"","format":"standard","meta":{"_acf_changed":false,"footnotes":""},"categories":[148],"tags":[17513,17944,18278],"naslovna":[],"class_list":["post-948092","post","type-post","status-publish","format-standard","has-post-thumbnail","hentry","category-sport","tag-evropsko-prvenstvo-za-vaterpoliste-do-18-godina","tag-juniorska-vaterpolo-reprezentacija-crne-gore","tag-juniorska-vaterpolo-reprezentacija-srbije"],"acf":[],"yoast_head":"<!-- This site is optimized with the Yoast SEO plugin v27.4 - https:\/\/yoast.com\/product\/yoast-seo-wordpress\/ -->\n<title>&quot;Ajkulice&quot; potopile Srbiju, Crna Gora je \u0161ampion Evrope - dmcsrb.com<\/title>\n<meta name=\"robots\" content=\"index, follow, max-snippet:-1, max-image-preview:large, max-video-preview:-1\" \/>\n<link rel=\"canonical\" href=\"https:\/\/dmcsrb.com\/en\/sport\/ajkulice-potopile-srbiju-crna-gora-je-sampion-evrope\/\" \/>\n<meta property=\"og:locale\" content=\"en_GB\" \/>\n<meta property=\"og:type\" content=\"article\" \/>\n<meta property=\"og:title\" content=\"&quot;Ajkulice&quot; potopile Srbiju, Crna Gora je \u0161ampion Evrope - dmcsrb.com\" \/>\n<meta property=\"og:description\" content=\"Crna Gora definitivno ne mora da brine za budu\u0107nost vaterpola - na\u0161i juniori postali su \u0161ampioni Evrope za igra\u010de do 18 godina!\" \/>\n<meta property=\"og:url\" content=\"https:\/\/dmcsrb.com\/en\/sport\/ajkulice-potopile-srbiju-crna-gora-je-sampion-evrope\/\" \/>\n<meta property=\"og:site_name\" content=\"dmcsrb.com\" \/>\n<meta property=\"article:published_time\" content=\"2025-08-24T15:36:40+00:00\" \/>\n<meta property=\"og:image\" content=\"https:\/\/dmcsrb.com\/wp-content\/uploads\/2026\/01\/Ajkulice-sa-peharom-prvaka-Evrope-grupna-VPSCG.webp\" \/>\n\t<meta property=\"og:image:width\" content=\"899\" \/>\n\t<meta property=\"og:image:height\" content=\"599\" \/>\n\t<meta property=\"og:image:type\" content=\"image\/jpeg\" \/>\n<meta name=\"author\" content=\"dmcsrbija.com@gmail.com\" \/>\n<meta name=\"twitter:card\" content=\"summary_large_image\" \/>\n<meta name=\"twitter:label1\" content=\"Written by\" \/>\n\t<meta name=\"twitter:data1\" content=\"dmcsrbija.com@gmail.com\" \/>\n\t<meta name=\"twitter:label2\" content=\"Estimated reading time\" \/>\n\t<meta name=\"twitter:data2\" content=\"2 minutes\" \/>\n<script type=\"application\/ld+json\" class=\"yoast-schema-graph\">{\"@context\":\"https:\\\/\\\/schema.org\",\"@graph\":[{\"@type\":\"Article\",\"@id\":\"https:\\\/\\\/dmcsrb.com\\\/sport\\\/ajkulice-potopile-srbiju-crna-gora-je-sampion-evrope\\\/#article\",\"isPartOf\":{\"@id\":\"https:\\\/\\\/dmcsrb.com\\\/sport\\\/ajkulice-potopile-srbiju-crna-gora-je-sampion-evrope\\\/\"},\"author\":{\"name\":\"dmcsrbija.com@gmail.com\",\"@id\":\"https:\\\/\\\/dmcsrb.com\\\/#\\\/schema\\\/person\\\/5c39170f12db1b8b457732d0b5c854e2\"},\"headline\":\"&#8220;Ajkulice&#8221; potopile Srbiju, Crna Gora je \u0161ampion Evrope\",\"datePublished\":\"2025-08-24T15:36:40+00:00\",\"mainEntityOfPage\":{\"@id\":\"https:\\\/\\\/dmcsrb.com\\\/sport\\\/ajkulice-potopile-srbiju-crna-gora-je-sampion-evrope\\\/\"},\"wordCount\":428,\"commentCount\":0,\"image\":{\"@id\":\"https:\\\/\\\/dmcsrb.com\\\/sport\\\/ajkulice-potopile-srbiju-crna-gora-je-sampion-evrope\\\/#primaryimage\"},\"thumbnailUrl\":\"https:\\\/\\\/dmcsrb.com\\\/wp-content\\\/uploads\\\/2026\\\/01\\\/Ajkulice-sa-peharom-prvaka-Evrope-grupna-VPSCG.webp\",\"keywords\":[\"Evropsko prvenstvo za vaterpoliste do 18 godina\",\"Juniorska vaterpolo reprezentacija Crne Gore\",\"Juniorska vaterpolo reprezentacija Srbije\"],\"articleSection\":[\"Sport\"],\"inLanguage\":\"en-GB\",\"potentialAction\":[{\"@type\":\"CommentAction\",\"name\":\"Comment\",\"target\":[\"https:\\\/\\\/dmcsrb.com\\\/sport\\\/ajkulice-potopile-srbiju-crna-gora-je-sampion-evrope\\\/#respond\"]}]},{\"@type\":\"WebPage\",\"@id\":\"https:\\\/\\\/dmcsrb.com\\\/sport\\\/ajkulice-potopile-srbiju-crna-gora-je-sampion-evrope\\\/\",\"url\":\"https:\\\/\\\/dmcsrb.com\\\/sport\\\/ajkulice-potopile-srbiju-crna-gora-je-sampion-evrope\\\/\",\"name\":\"\\\"Ajkulice\\\" potopile Srbiju, Crna Gora je \u0161ampion Evrope - dmcsrb.com\",\"isPartOf\":{\"@id\":\"https:\\\/\\\/dmcsrb.com\\\/#website\"},\"primaryImageOfPage\":{\"@id\":\"https:\\\/\\\/dmcsrb.com\\\/sport\\\/ajkulice-potopile-srbiju-crna-gora-je-sampion-evrope\\\/#primaryimage\"},\"image\":{\"@id\":\"https:\\\/\\\/dmcsrb.com\\\/sport\\\/ajkulice-potopile-srbiju-crna-gora-je-sampion-evrope\\\/#primaryimage\"},\"thumbnailUrl\":\"https:\\\/\\\/dmcsrb.com\\\/wp-content\\\/uploads\\\/2026\\\/01\\\/Ajkulice-sa-peharom-prvaka-Evrope-grupna-VPSCG.webp\",\"datePublished\":\"2025-08-24T15:36:40+00:00\",\"author\":{\"@id\":\"https:\\\/\\\/dmcsrb.com\\\/#\\\/schema\\\/person\\\/5c39170f12db1b8b457732d0b5c854e2\"},\"breadcrumb\":{\"@id\":\"https:\\\/\\\/dmcsrb.com\\\/sport\\\/ajkulice-potopile-srbiju-crna-gora-je-sampion-evrope\\\/#breadcrumb\"},\"inLanguage\":\"en-GB\",\"potentialAction\":[{\"@type\":\"ReadAction\",\"target\":[\"https:\\\/\\\/dmcsrb.com\\\/sport\\\/ajkulice-potopile-srbiju-crna-gora-je-sampion-evrope\\\/\"]}]},{\"@type\":\"ImageObject\",\"inLanguage\":\"en-GB\",\"@id\":\"https:\\\/\\\/dmcsrb.com\\\/sport\\\/ajkulice-potopile-srbiju-crna-gora-je-sampion-evrope\\\/#primaryimage\",\"url\":\"https:\\\/\\\/dmcsrb.com\\\/wp-content\\\/uploads\\\/2026\\\/01\\\/Ajkulice-sa-peharom-prvaka-Evrope-grupna-VPSCG.webp\",\"contentUrl\":\"https:\\\/\\\/dmcsrb.com\\\/wp-content\\\/uploads\\\/2026\\\/01\\\/Ajkulice-sa-peharom-prvaka-Evrope-grupna-VPSCG.webp\",\"width\":899,\"height\":599},{\"@type\":\"BreadcrumbList\",\"@id\":\"https:\\\/\\\/dmcsrb.com\\\/sport\\\/ajkulice-potopile-srbiju-crna-gora-je-sampion-evrope\\\/#breadcrumb\",\"itemListElement\":[{\"@type\":\"ListItem\",\"position\":1,\"name\":\"Home\",\"item\":\"https:\\\/\\\/dmcsrb.com\\\/\"},{\"@type\":\"ListItem\",\"position\":2,\"name\":\"&#8220;Ajkulice&#8221; potopile Srbiju, Crna Gora je \u0161ampion Evrope\"}]},{\"@type\":\"WebSite\",\"@id\":\"https:\\\/\\\/dmcsrb.com\\\/#website\",\"url\":\"https:\\\/\\\/dmcsrb.com\\\/\",\"name\":\"dmcsrb.com\",\"description\":\"\",\"potentialAction\":[{\"@type\":\"SearchAction\",\"target\":{\"@type\":\"EntryPoint\",\"urlTemplate\":\"https:\\\/\\\/dmcsrb.com\\\/?s={search_term_string}\"},\"query-input\":{\"@type\":\"PropertyValueSpecification\",\"valueRequired\":true,\"valueName\":\"search_term_string\"}}],\"inLanguage\":\"en-GB\"},{\"@type\":\"Person\",\"@id\":\"https:\\\/\\\/dmcsrb.com\\\/#\\\/schema\\\/person\\\/5c39170f12db1b8b457732d0b5c854e2\",\"name\":\"dmcsrbija.com@gmail.com\",\"image\":{\"@type\":\"ImageObject\",\"inLanguage\":\"en-GB\",\"@id\":\"https:\\\/\\\/secure.gravatar.com\\\/avatar\\\/68592660ad6347fad0fb587f8d5d8f1a7b44961362f56e4f2cd524feb87e9069?s=96&d=mm&r=g\",\"url\":\"https:\\\/\\\/secure.gravatar.com\\\/avatar\\\/68592660ad6347fad0fb587f8d5d8f1a7b44961362f56e4f2cd524feb87e9069?s=96&d=mm&r=g\",\"contentUrl\":\"https:\\\/\\\/secure.gravatar.com\\\/avatar\\\/68592660ad6347fad0fb587f8d5d8f1a7b44961362f56e4f2cd524feb87e9069?s=96&d=mm&r=g\",\"caption\":\"dmcsrbija.com@gmail.com\"},\"sameAs\":[\"https:\\\/\\\/dmcsrb.com\"],\"url\":\"https:\\\/\\\/dmcsrb.com\\\/en\\\/author\\\/dmcsrbija-comgmail-com\\\/\"}]}<\/script>\n<!-- \/ Yoast SEO plugin. -->","yoast_head_json":{"title":"\"Ajkulice\" potopile Srbiju, Crna Gora je \u0161ampion Evrope - dmcsrb.com","robots":{"index":"index","follow":"follow","max-snippet":"max-snippet:-1","max-image-preview":"max-image-preview:large","max-video-preview":"max-video-preview:-1"},"canonical":"https:\/\/dmcsrb.com\/en\/sport\/ajkulice-potopile-srbiju-crna-gora-je-sampion-evrope\/","og_locale":"en_GB","og_type":"article","og_title":"\"Ajkulice\" potopile Srbiju, Crna Gora je \u0161ampion Evrope - dmcsrb.com","og_description":"Crna Gora definitivno ne mora da brine za budu\u0107nost vaterpola - na\u0161i juniori postali su \u0161ampioni Evrope za igra\u010de do 18 godina!","og_url":"https:\/\/dmcsrb.com\/en\/sport\/ajkulice-potopile-srbiju-crna-gora-je-sampion-evrope\/","og_site_name":"dmcsrb.com","article_published_time":"2025-08-24T15:36:40+00:00","og_image":[{"width":899,"height":599,"url":"https:\/\/dmcsrb.com\/wp-content\/uploads\/2026\/01\/Ajkulice-sa-peharom-prvaka-Evrope-grupna-VPSCG.webp","type":"image\/jpeg"}],"author":"dmcsrbija.com@gmail.com","twitter_card":"summary_large_image","twitter_misc":{"Written by":"dmcsrbija.com@gmail.com","Estimated reading time":"2 minutes"},"schema":{"@context":"https:\/\/schema.org","@graph":[{"@type":"Article","@id":"https:\/\/dmcsrb.com\/sport\/ajkulice-potopile-srbiju-crna-gora-je-sampion-evrope\/#article","isPartOf":{"@id":"https:\/\/dmcsrb.com\/sport\/ajkulice-potopile-srbiju-crna-gora-je-sampion-evrope\/"},"author":{"name":"dmcsrbija.com@gmail.com","@id":"https:\/\/dmcsrb.com\/#\/schema\/person\/5c39170f12db1b8b457732d0b5c854e2"},"headline":"&#8220;Ajkulice&#8221; potopile Srbiju, Crna Gora je \u0161ampion Evrope","datePublished":"2025-08-24T15:36:40+00:00","mainEntityOfPage":{"@id":"https:\/\/dmcsrb.com\/sport\/ajkulice-potopile-srbiju-crna-gora-je-sampion-evrope\/"},"wordCount":428,"commentCount":0,"image":{"@id":"https:\/\/dmcsrb.com\/sport\/ajkulice-potopile-srbiju-crna-gora-je-sampion-evrope\/#primaryimage"},"thumbnailUrl":"https:\/\/dmcsrb.com\/wp-content\/uploads\/2026\/01\/Ajkulice-sa-peharom-prvaka-Evrope-grupna-VPSCG.webp","keywords":["Evropsko prvenstvo za vaterpoliste do 18 godina","Juniorska vaterpolo reprezentacija Crne Gore","Juniorska vaterpolo reprezentacija Srbije"],"articleSection":["Sport"],"inLanguage":"en-GB","potentialAction":[{"@type":"CommentAction","name":"Comment","target":["https:\/\/dmcsrb.com\/sport\/ajkulice-potopile-srbiju-crna-gora-je-sampion-evrope\/#respond"]}]},{"@type":"WebPage","@id":"https:\/\/dmcsrb.com\/sport\/ajkulice-potopile-srbiju-crna-gora-je-sampion-evrope\/","url":"https:\/\/dmcsrb.com\/sport\/ajkulice-potopile-srbiju-crna-gora-je-sampion-evrope\/","name":"\"Ajkulice\" potopile Srbiju, Crna Gora je \u0161ampion Evrope - dmcsrb.com","isPartOf":{"@id":"https:\/\/dmcsrb.com\/#website"},"primaryImageOfPage":{"@id":"https:\/\/dmcsrb.com\/sport\/ajkulice-potopile-srbiju-crna-gora-je-sampion-evrope\/#primaryimage"},"image":{"@id":"https:\/\/dmcsrb.com\/sport\/ajkulice-potopile-srbiju-crna-gora-je-sampion-evrope\/#primaryimage"},"thumbnailUrl":"https:\/\/dmcsrb.com\/wp-content\/uploads\/2026\/01\/Ajkulice-sa-peharom-prvaka-Evrope-grupna-VPSCG.webp","datePublished":"2025-08-24T15:36:40+00:00","author":{"@id":"https:\/\/dmcsrb.com\/#\/schema\/person\/5c39170f12db1b8b457732d0b5c854e2"},"breadcrumb":{"@id":"https:\/\/dmcsrb.com\/sport\/ajkulice-potopile-srbiju-crna-gora-je-sampion-evrope\/#breadcrumb"},"inLanguage":"en-GB","potentialAction":[{"@type":"ReadAction","target":["https:\/\/dmcsrb.com\/sport\/ajkulice-potopile-srbiju-crna-gora-je-sampion-evrope\/"]}]},{"@type":"ImageObject","inLanguage":"en-GB","@id":"https:\/\/dmcsrb.com\/sport\/ajkulice-potopile-srbiju-crna-gora-je-sampion-evrope\/#primaryimage","url":"https:\/\/dmcsrb.com\/wp-content\/uploads\/2026\/01\/Ajkulice-sa-peharom-prvaka-Evrope-grupna-VPSCG.webp","contentUrl":"https:\/\/dmcsrb.com\/wp-content\/uploads\/2026\/01\/Ajkulice-sa-peharom-prvaka-Evrope-grupna-VPSCG.webp","width":899,"height":599},{"@type":"BreadcrumbList","@id":"https:\/\/dmcsrb.com\/sport\/ajkulice-potopile-srbiju-crna-gora-je-sampion-evrope\/#breadcrumb","itemListElement":[{"@type":"ListItem","position":1,"name":"Home","item":"https:\/\/dmcsrb.com\/"},{"@type":"ListItem","position":2,"name":"&#8220;Ajkulice&#8221; potopile Srbiju, Crna Gora je \u0161ampion Evrope"}]},{"@type":"WebSite","@id":"https:\/\/dmcsrb.com\/#website","url":"https:\/\/dmcsrb.com\/","name":"dmcsrb.com","description":"","potentialAction":[{"@type":"SearchAction","target":{"@type":"EntryPoint","urlTemplate":"https:\/\/dmcsrb.com\/?s={search_term_string}"},"query-input":{"@type":"PropertyValueSpecification","valueRequired":true,"valueName":"search_term_string"}}],"inLanguage":"en-GB"},{"@type":"Person","@id":"https:\/\/dmcsrb.com\/#\/schema\/person\/5c39170f12db1b8b457732d0b5c854e2","name":"dmcsrbija.com@gmail.com","image":{"@type":"ImageObject","inLanguage":"en-GB","@id":"https:\/\/secure.gravatar.com\/avatar\/68592660ad6347fad0fb587f8d5d8f1a7b44961362f56e4f2cd524feb87e9069?s=96&d=mm&r=g","url":"https:\/\/secure.gravatar.com\/avatar\/68592660ad6347fad0fb587f8d5d8f1a7b44961362f56e4f2cd524feb87e9069?s=96&d=mm&r=g","contentUrl":"https:\/\/secure.gravatar.com\/avatar\/68592660ad6347fad0fb587f8d5d8f1a7b44961362f56e4f2cd524feb87e9069?s=96&d=mm&r=g","caption":"dmcsrbija.com@gmail.com"},"sameAs":["https:\/\/dmcsrb.com"],"url":"https:\/\/dmcsrb.com\/en\/author\/dmcsrbija-comgmail-com\/"}]}},"_links":{"self":[{"href":"https:\/\/dmcsrb.com\/en\/wp-json\/wp\/v2\/posts\/948092","targetHints":{"allow":["GET"]}}],"collection":[{"href":"https:\/\/dmcsrb.com\/en\/wp-json\/wp\/v2\/posts"}],"about":[{"href":"https:\/\/dmcsrb.com\/en\/wp-json\/wp\/v2\/types\/post"}],"author":[{"embeddable":true,"href":"https:\/\/dmcsrb.com\/en\/wp-json\/wp\/v2\/users\/1"}],"replies":[{"embeddable":true,"href":"https:\/\/dmcsrb.com\/en\/wp-json\/wp\/v2\/comments?post=948092"}],"version-history":[{"count":0,"href":"https:\/\/dmcsrb.com\/en\/wp-json\/wp\/v2\/posts\/948092\/revisions"}],"wp:featuredmedia":[{"embeddable":true,"href":"https:\/\/dmcsrb.com\/en\/wp-json\/wp\/v2\/media\/948093"}],"wp:attachment":[{"href":"https:\/\/dmcsrb.com\/en\/wp-json\/wp\/v2\/media?parent=948092"}],"wp:term":[{"taxonomy":"category","embeddable":true,"href":"https:\/\/dmcsrb.com\/en\/wp-json\/wp\/v2\/categories?post=948092"},{"taxonomy":"post_tag","embeddable":true,"href":"https:\/\/dmcsrb.com\/en\/wp-json\/wp\/v2\/tags?post=948092"},{"taxonomy":"naslovna","embeddable":true,"href":"https:\/\/dmcsrb.com\/en\/wp-json\/wp\/v2\/naslovna?post=948092"}],"curies":[{"name":"wp","href":"https:\/\/api.w.org\/{rel}","templated":true}]}}