{"id":948024,"date":"2025-08-24T11:25:00","date_gmt":"2025-08-24T09:25:00","guid":{"rendered":"https:\/\/dmcsrb.com\/uncategorized\/radovic-zadovoljan-sam-provjerom-protiv-turske-vise-smo-dobili-nego-izgubili\/"},"modified":"2025-08-24T11:25:00","modified_gmt":"2025-08-24T09:25:00","slug":"radovic-zadovoljan-sam-provjerom-protiv-turske-vise-smo-dobili-nego-izgubili","status":"publish","type":"post","link":"https:\/\/dmcsrb.com\/en\/sport\/radovic-zadovoljan-sam-provjerom-protiv-turske-vise-smo-dobili-nego-izgubili\/","title":{"rendered":"Radovi\u0107: Zadovoljan sam provjerom protiv Turske, vi\u0161e smo dobili nego izgubili"},"content":{"rendered":"<p>Ponovo su na\u0161i reprezentativci imali dobrih perioda protiv jednog od favorita za visok plasman na Eurobasketu, a minute praznog hoda u drugom poluvremenu doma\u0107in je iskoristio da napravi nedosti\u017enu razliku do kraja utakmice. <\/p>\n\n\n\n<p>Selektor Bo\u0161ko Radovi\u0107 zadovoljan je jo\u0161 jednom jakom provjerom pred glavne izazove, koji Crnu Goru o\u010dekuju u grupnoj fazi u Tampereu.<\/p>\n\n\n\n<p>&#8220;Bila je dobra posljednja provjera, ponovo tridesetak dobrih minuta i posebno prvo poluvrijeme &#8211; napada\u010dki veoma dobro, a odbrambeno smo mogli i bolje. U tre\u0107oj \u010detvrtini smo imali pet-\u0161est minuta praznog hoda, gdje je Turska napravila razliku. Nikada ne pri\u010dam o sudijama, ali ovog puta moram re\u0107i da je doma\u0107in debelo potpomognut i to odlukama u nizu&#8221;, kazao je Radovi\u0107.<\/p>\n\n\n\n<p>Selektor je na kraju iz utakmice izvukao i pozitivna iskustva.<\/p>\n\n\n\n<p>&#8220;Nismo zadovoljni porazom, ali sve u svemu igrom jesmo. Igrali smo protiv evropske velesile koja je na svakoj poziciji pokrivena evroliga\u0161kim i NBA igra\u010dima tako da nemamo za \u010dim da \u017ealimo. Bila je to jo\u0161 jedna dobra provjera, imali smo izuzutno dobre minute u igri. Osim nekoliko iskusnijih igra\u010da ovo je mlad sastav, imamo dosta debitanata i za njih je ovo veliko iskustvo da u Istanbulu igraju protiv ovakve reprezentacije. Vi\u0161e smo dobili nego izgubili ovom utakmicom&#8221;, poru\u010dio je Radovi\u0107.<\/p>\n\n\n\n<figure class=\"wp-block-embed is-type-wp-embed is-provider-gradski-portal wp-block-embed-gradski-portal\"><div class=\"wp-block-embed__wrapper\">\nhttps:\/\/gradski.me\/treca-cetvrtina-presudila-crna-gora-porazena-od-turske-u-istanbulu\/\n<\/div><\/figure>\n\n\n\n<p>Selektor je zadovoljan pripremama uprkos svim problemima koji su zadesili reprezentaciju.<\/p>\n\n\n\n<p>&#8220;Kontrolne utakmice su jedno, samo prvenstvo je drugo, ali vidjeli smo \u0161ta funkcioni\u0161e vi\u0161e, a \u0161ta manje, tako da smo spremni i u ovih nekoliko treninga nam ostaje da pone\u0161to jo\u0161 ispravimo. Imali smo otkaza i pehova, posljednji je sa Jovanom Kljaji\u0107em koji je trebalo da ima zna\u010dajnu minuta\u017eu, ali \u0161ta je tu je, nije ni prvi ni posljednji put. Ovo je 12 najboljih momaka koje imamo i idemo spremni na Evropsko prvenstvo&#8221;, dodao je Radovi\u0107.<\/p>\n\n\n\n<p>Crna Gora \u0107e na \u0161ampionatu ovoga puta nastupiti sa 5 debitanata &#8211; Olmenom, Jovanovi\u0107em, Had\u017eibegovi\u0107em, Toma\u0161evi\u0107em i \u017divanovi\u0107em.<\/p>\n\n\n\n<p>&#8220;Mo\u017eda najve\u0107i hendikep mo\u017ee biti nedostatak iskustva i igranja ovakvih takmi\u010denja, kao i du\u017eina rostera. Da biste kvalitetno igrali Evropsko prvenstvo morate imati najmanje 10 igra\u010da koji u svakom momentu mogu da daju doprinos, a nisam siguran da mi to imamo u ovom trenutku. Proba\u0107emo naravno sa svima, poku\u0161a\u0107emo da raspodijelimo minuta\u017eu, posebno u prve dvije utakmice s Njema\u010dkom i Litvanijom, pa da budemo spremni za ove tri odlu\u010duju\u0107e, sa Finskom, \u0160vedskom i Velikom Britanijom i da kroz te duele izborimo prolazak iz grupe. Ako se u prva dva me\u010da desi nego iznena\u0111enje bi\u0107e dobro, ali moramo biti spremni za te tri utakmice u kojima \u0107e se vjerovatno odlu\u010divati o plasmanu u drugu fazu&#8221;, naglasio je Radovi\u0107.<\/p>\n\n\n\n<p>Fokus se sada prebacuje na selekciju Njema\u010dke, protiv koje \u0107e Crna Gora otvoriti nastup u grupi u Tampereu, u kojoj su jo\u0161 doma\u0107a Finska, Litvanija, \u0160vedska i Velika Britanija.<\/p>\n\n\n\n<p>&#8220;U svakoj utakmici, posebno u ovim klju\u010dnim, na\u0161u \u0161ansu vidim u apsolutnoj disciplini u na\u0161oj igri. Finska, \u0160vedska i Velika Britanija igraju dosta sli\u010dno, s tim \u0161to Finci imaju Markanena koji je apsolutno dominantan, \u0161to je pokazao i u kontrolnim utakmicama. Mi moramo biti protiv svakog konstantni i disciplicinovani, ne smijemo dozvoliti da u\u0111emo u ritam protivnika ni u jednom me\u010du. ne mo\u017ee se na ovakvom takmi\u010denju igrati 35 minuta i o\u010dekivati dobar rezultat u kontinuitetu&#8221;, istakao je Radovi\u0107.<\/p>\n\n\n\n<p>Utakmica sa Njema\u010dkom igra se u srijedu od 15:30 u Nokia areni u Tampereu.<\/p>","protected":false},"excerpt":{"rendered":"<p>Crnogorski ko\u0161arka\u0161i izgubili su u Istanbulu od Turske 96:85, u posljednjoj kontrolnoj utakmici pred odlazak na Evropsko prvenstvo.<\/p>","protected":false},"author":1,"featured_media":948025,"comment_status":"open","ping_status":"open","sticky":false,"template":"","format":"standard","meta":{"_acf_changed":false,"footnotes":""},"categories":[148],"tags":[6473,5444],"naslovna":[],"class_list":["post-948024","post","type-post","status-publish","format-standard","has-post-thumbnail","hentry","category-sport","tag-bosko-radovic","tag-muska-kosarkaska-reprezentacija-crne-gore"],"acf":[],"yoast_head":"<!-- This site is optimized with the Yoast SEO plugin v27.0 - https:\/\/yoast.com\/product\/yoast-seo-wordpress\/ -->\n<title>Radovi\u0107: Zadovoljan sam provjerom protiv Turske, vi\u0161e smo dobili nego izgubili - dmcsrb.com<\/title>\n<meta name=\"robots\" content=\"index, follow, max-snippet:-1, max-image-preview:large, max-video-preview:-1\" \/>\n<link rel=\"canonical\" href=\"https:\/\/dmcsrb.com\/en\/sport\/radovic-zadovoljan-sam-provjerom-protiv-turske-vise-smo-dobili-nego-izgubili\/\" \/>\n<meta property=\"og:locale\" content=\"en_GB\" \/>\n<meta property=\"og:type\" content=\"article\" \/>\n<meta property=\"og:title\" content=\"Radovi\u0107: Zadovoljan sam provjerom protiv Turske, vi\u0161e smo dobili nego izgubili - dmcsrb.com\" \/>\n<meta property=\"og:description\" content=\"Crnogorski ko\u0161arka\u0161i izgubili su u Istanbulu od Turske 96:85, u posljednjoj kontrolnoj utakmici pred odlazak na Evropsko prvenstvo.\" \/>\n<meta property=\"og:url\" content=\"https:\/\/dmcsrb.com\/en\/sport\/radovic-zadovoljan-sam-provjerom-protiv-turske-vise-smo-dobili-nego-izgubili\/\" \/>\n<meta property=\"og:site_name\" content=\"dmcsrb.com\" \/>\n<meta property=\"article:published_time\" content=\"2025-08-24T09:25:00+00:00\" \/>\n<meta property=\"og:image\" content=\"https:\/\/dmcsrb.com\/wp-content\/uploads\/2026\/01\/Radovic-na-mecu-sa-Svedskom-u-Stokholmu-FIBA.webp\" \/>\n\t<meta property=\"og:image:width\" content=\"2400\" \/>\n\t<meta property=\"og:image:height\" content=\"1600\" \/>\n\t<meta property=\"og:image:type\" content=\"image\/webp\" \/>\n<meta name=\"author\" content=\"dmcsrbija.com@gmail.com\" \/>\n<meta name=\"twitter:card\" content=\"summary_large_image\" \/>\n<meta name=\"twitter:label1\" content=\"Written by\" \/>\n\t<meta name=\"twitter:data1\" content=\"dmcsrbija.com@gmail.com\" \/>\n\t<meta name=\"twitter:label2\" content=\"Estimated reading time\" \/>\n\t<meta name=\"twitter:data2\" content=\"3 minutes\" \/>\n<script type=\"application\/ld+json\" class=\"yoast-schema-graph\">{\"@context\":\"https:\/\/schema.org\",\"@graph\":[{\"@type\":\"Article\",\"@id\":\"https:\/\/dmcsrb.com\/sport\/radovic-zadovoljan-sam-provjerom-protiv-turske-vise-smo-dobili-nego-izgubili\/#article\",\"isPartOf\":{\"@id\":\"https:\/\/dmcsrb.com\/sport\/radovic-zadovoljan-sam-provjerom-protiv-turske-vise-smo-dobili-nego-izgubili\/\"},\"author\":{\"name\":\"dmcsrbija.com@gmail.com\",\"@id\":\"https:\/\/dmcsrb.com\/#\/schema\/person\/5c39170f12db1b8b457732d0b5c854e2\"},\"headline\":\"Radovi\u0107: Zadovoljan sam provjerom protiv Turske, vi\u0161e smo dobili nego izgubili\",\"datePublished\":\"2025-08-24T09:25:00+00:00\",\"mainEntityOfPage\":{\"@id\":\"https:\/\/dmcsrb.com\/sport\/radovic-zadovoljan-sam-provjerom-protiv-turske-vise-smo-dobili-nego-izgubili\/\"},\"wordCount\":616,\"commentCount\":0,\"image\":{\"@id\":\"https:\/\/dmcsrb.com\/sport\/radovic-zadovoljan-sam-provjerom-protiv-turske-vise-smo-dobili-nego-izgubili\/#primaryimage\"},\"thumbnailUrl\":\"https:\/\/dmcsrb.com\/wp-content\/uploads\/2026\/01\/Radovic-na-mecu-sa-Svedskom-u-Stokholmu-FIBA.webp\",\"keywords\":[\"Bo\u0161ko Radovi\u0107\",\"Mu\u0161ka ko\u0161arka\u0161ka reprezentacija Crne Gore\"],\"articleSection\":[\"Sport\"],\"inLanguage\":\"en-GB\",\"potentialAction\":[{\"@type\":\"CommentAction\",\"name\":\"Comment\",\"target\":[\"https:\/\/dmcsrb.com\/sport\/radovic-zadovoljan-sam-provjerom-protiv-turske-vise-smo-dobili-nego-izgubili\/#respond\"]}]},{\"@type\":\"WebPage\",\"@id\":\"https:\/\/dmcsrb.com\/sport\/radovic-zadovoljan-sam-provjerom-protiv-turske-vise-smo-dobili-nego-izgubili\/\",\"url\":\"https:\/\/dmcsrb.com\/sport\/radovic-zadovoljan-sam-provjerom-protiv-turske-vise-smo-dobili-nego-izgubili\/\",\"name\":\"Radovi\u0107: Zadovoljan sam provjerom protiv Turske, vi\u0161e smo dobili nego izgubili - dmcsrb.com\",\"isPartOf\":{\"@id\":\"https:\/\/dmcsrb.com\/#website\"},\"primaryImageOfPage\":{\"@id\":\"https:\/\/dmcsrb.com\/sport\/radovic-zadovoljan-sam-provjerom-protiv-turske-vise-smo-dobili-nego-izgubili\/#primaryimage\"},\"image\":{\"@id\":\"https:\/\/dmcsrb.com\/sport\/radovic-zadovoljan-sam-provjerom-protiv-turske-vise-smo-dobili-nego-izgubili\/#primaryimage\"},\"thumbnailUrl\":\"https:\/\/dmcsrb.com\/wp-content\/uploads\/2026\/01\/Radovic-na-mecu-sa-Svedskom-u-Stokholmu-FIBA.webp\",\"datePublished\":\"2025-08-24T09:25:00+00:00\",\"author\":{\"@id\":\"https:\/\/dmcsrb.com\/#\/schema\/person\/5c39170f12db1b8b457732d0b5c854e2\"},\"breadcrumb\":{\"@id\":\"https:\/\/dmcsrb.com\/sport\/radovic-zadovoljan-sam-provjerom-protiv-turske-vise-smo-dobili-nego-izgubili\/#breadcrumb\"},\"inLanguage\":\"en-GB\",\"potentialAction\":[{\"@type\":\"ReadAction\",\"target\":[\"https:\/\/dmcsrb.com\/sport\/radovic-zadovoljan-sam-provjerom-protiv-turske-vise-smo-dobili-nego-izgubili\/\"]}]},{\"@type\":\"ImageObject\",\"inLanguage\":\"en-GB\",\"@id\":\"https:\/\/dmcsrb.com\/sport\/radovic-zadovoljan-sam-provjerom-protiv-turske-vise-smo-dobili-nego-izgubili\/#primaryimage\",\"url\":\"https:\/\/dmcsrb.com\/wp-content\/uploads\/2026\/01\/Radovic-na-mecu-sa-Svedskom-u-Stokholmu-FIBA.webp\",\"contentUrl\":\"https:\/\/dmcsrb.com\/wp-content\/uploads\/2026\/01\/Radovic-na-mecu-sa-Svedskom-u-Stokholmu-FIBA.webp\",\"width\":2400,\"height\":1600},{\"@type\":\"BreadcrumbList\",\"@id\":\"https:\/\/dmcsrb.com\/sport\/radovic-zadovoljan-sam-provjerom-protiv-turske-vise-smo-dobili-nego-izgubili\/#breadcrumb\",\"itemListElement\":[{\"@type\":\"ListItem\",\"position\":1,\"name\":\"Home\",\"item\":\"https:\/\/dmcsrb.com\/\"},{\"@type\":\"ListItem\",\"position\":2,\"name\":\"Radovi\u0107: Zadovoljan sam provjerom protiv Turske, vi\u0161e smo dobili nego izgubili\"}]},{\"@type\":\"WebSite\",\"@id\":\"https:\/\/dmcsrb.com\/#website\",\"url\":\"https:\/\/dmcsrb.com\/\",\"name\":\"dmcsrb.com\",\"description\":\"\",\"potentialAction\":[{\"@type\":\"SearchAction\",\"target\":{\"@type\":\"EntryPoint\",\"urlTemplate\":\"https:\/\/dmcsrb.com\/?s={search_term_string}\"},\"query-input\":{\"@type\":\"PropertyValueSpecification\",\"valueRequired\":true,\"valueName\":\"search_term_string\"}}],\"inLanguage\":\"en-GB\"},{\"@type\":\"Person\",\"@id\":\"https:\/\/dmcsrb.com\/#\/schema\/person\/5c39170f12db1b8b457732d0b5c854e2\",\"name\":\"dmcsrbija.com@gmail.com\",\"image\":{\"@type\":\"ImageObject\",\"inLanguage\":\"en-GB\",\"@id\":\"https:\/\/dmcsrb.com\/#\/schema\/person\/image\/\",\"url\":\"https:\/\/secure.gravatar.com\/avatar\/68592660ad6347fad0fb587f8d5d8f1a7b44961362f56e4f2cd524feb87e9069?s=96&d=mm&r=g\",\"contentUrl\":\"https:\/\/secure.gravatar.com\/avatar\/68592660ad6347fad0fb587f8d5d8f1a7b44961362f56e4f2cd524feb87e9069?s=96&d=mm&r=g\",\"caption\":\"dmcsrbija.com@gmail.com\"},\"sameAs\":[\"https:\/\/dmcsrb.com\"],\"url\":\"https:\/\/dmcsrb.com\/en\/author\/dmcsrbija-comgmail-com\/\"}]}<\/script>\n<!-- \/ Yoast SEO plugin. -->","yoast_head_json":{"title":"Radovi\u0107: Zadovoljan sam provjerom protiv Turske, vi\u0161e smo dobili nego izgubili - dmcsrb.com","robots":{"index":"index","follow":"follow","max-snippet":"max-snippet:-1","max-image-preview":"max-image-preview:large","max-video-preview":"max-video-preview:-1"},"canonical":"https:\/\/dmcsrb.com\/en\/sport\/radovic-zadovoljan-sam-provjerom-protiv-turske-vise-smo-dobili-nego-izgubili\/","og_locale":"en_GB","og_type":"article","og_title":"Radovi\u0107: Zadovoljan sam provjerom protiv Turske, vi\u0161e smo dobili nego izgubili - dmcsrb.com","og_description":"Crnogorski ko\u0161arka\u0161i izgubili su u Istanbulu od Turske 96:85, u posljednjoj kontrolnoj utakmici pred odlazak na Evropsko prvenstvo.","og_url":"https:\/\/dmcsrb.com\/en\/sport\/radovic-zadovoljan-sam-provjerom-protiv-turske-vise-smo-dobili-nego-izgubili\/","og_site_name":"dmcsrb.com","article_published_time":"2025-08-24T09:25:00+00:00","og_image":[{"width":2400,"height":1600,"url":"https:\/\/dmcsrb.com\/wp-content\/uploads\/2026\/01\/Radovic-na-mecu-sa-Svedskom-u-Stokholmu-FIBA.webp","type":"image\/webp"}],"author":"dmcsrbija.com@gmail.com","twitter_card":"summary_large_image","twitter_misc":{"Written by":"dmcsrbija.com@gmail.com","Estimated reading time":"3 minutes"},"schema":{"@context":"https:\/\/schema.org","@graph":[{"@type":"Article","@id":"https:\/\/dmcsrb.com\/sport\/radovic-zadovoljan-sam-provjerom-protiv-turske-vise-smo-dobili-nego-izgubili\/#article","isPartOf":{"@id":"https:\/\/dmcsrb.com\/sport\/radovic-zadovoljan-sam-provjerom-protiv-turske-vise-smo-dobili-nego-izgubili\/"},"author":{"name":"dmcsrbija.com@gmail.com","@id":"https:\/\/dmcsrb.com\/#\/schema\/person\/5c39170f12db1b8b457732d0b5c854e2"},"headline":"Radovi\u0107: Zadovoljan sam provjerom protiv Turske, vi\u0161e smo dobili nego izgubili","datePublished":"2025-08-24T09:25:00+00:00","mainEntityOfPage":{"@id":"https:\/\/dmcsrb.com\/sport\/radovic-zadovoljan-sam-provjerom-protiv-turske-vise-smo-dobili-nego-izgubili\/"},"wordCount":616,"commentCount":0,"image":{"@id":"https:\/\/dmcsrb.com\/sport\/radovic-zadovoljan-sam-provjerom-protiv-turske-vise-smo-dobili-nego-izgubili\/#primaryimage"},"thumbnailUrl":"https:\/\/dmcsrb.com\/wp-content\/uploads\/2026\/01\/Radovic-na-mecu-sa-Svedskom-u-Stokholmu-FIBA.webp","keywords":["Bo\u0161ko Radovi\u0107","Mu\u0161ka ko\u0161arka\u0161ka reprezentacija Crne Gore"],"articleSection":["Sport"],"inLanguage":"en-GB","potentialAction":[{"@type":"CommentAction","name":"Comment","target":["https:\/\/dmcsrb.com\/sport\/radovic-zadovoljan-sam-provjerom-protiv-turske-vise-smo-dobili-nego-izgubili\/#respond"]}]},{"@type":"WebPage","@id":"https:\/\/dmcsrb.com\/sport\/radovic-zadovoljan-sam-provjerom-protiv-turske-vise-smo-dobili-nego-izgubili\/","url":"https:\/\/dmcsrb.com\/sport\/radovic-zadovoljan-sam-provjerom-protiv-turske-vise-smo-dobili-nego-izgubili\/","name":"Radovi\u0107: Zadovoljan sam provjerom protiv Turske, vi\u0161e smo dobili nego izgubili - dmcsrb.com","isPartOf":{"@id":"https:\/\/dmcsrb.com\/#website"},"primaryImageOfPage":{"@id":"https:\/\/dmcsrb.com\/sport\/radovic-zadovoljan-sam-provjerom-protiv-turske-vise-smo-dobili-nego-izgubili\/#primaryimage"},"image":{"@id":"https:\/\/dmcsrb.com\/sport\/radovic-zadovoljan-sam-provjerom-protiv-turske-vise-smo-dobili-nego-izgubili\/#primaryimage"},"thumbnailUrl":"https:\/\/dmcsrb.com\/wp-content\/uploads\/2026\/01\/Radovic-na-mecu-sa-Svedskom-u-Stokholmu-FIBA.webp","datePublished":"2025-08-24T09:25:00+00:00","author":{"@id":"https:\/\/dmcsrb.com\/#\/schema\/person\/5c39170f12db1b8b457732d0b5c854e2"},"breadcrumb":{"@id":"https:\/\/dmcsrb.com\/sport\/radovic-zadovoljan-sam-provjerom-protiv-turske-vise-smo-dobili-nego-izgubili\/#breadcrumb"},"inLanguage":"en-GB","potentialAction":[{"@type":"ReadAction","target":["https:\/\/dmcsrb.com\/sport\/radovic-zadovoljan-sam-provjerom-protiv-turske-vise-smo-dobili-nego-izgubili\/"]}]},{"@type":"ImageObject","inLanguage":"en-GB","@id":"https:\/\/dmcsrb.com\/sport\/radovic-zadovoljan-sam-provjerom-protiv-turske-vise-smo-dobili-nego-izgubili\/#primaryimage","url":"https:\/\/dmcsrb.com\/wp-content\/uploads\/2026\/01\/Radovic-na-mecu-sa-Svedskom-u-Stokholmu-FIBA.webp","contentUrl":"https:\/\/dmcsrb.com\/wp-content\/uploads\/2026\/01\/Radovic-na-mecu-sa-Svedskom-u-Stokholmu-FIBA.webp","width":2400,"height":1600},{"@type":"BreadcrumbList","@id":"https:\/\/dmcsrb.com\/sport\/radovic-zadovoljan-sam-provjerom-protiv-turske-vise-smo-dobili-nego-izgubili\/#breadcrumb","itemListElement":[{"@type":"ListItem","position":1,"name":"Home","item":"https:\/\/dmcsrb.com\/"},{"@type":"ListItem","position":2,"name":"Radovi\u0107: Zadovoljan sam provjerom protiv Turske, vi\u0161e smo dobili nego izgubili"}]},{"@type":"WebSite","@id":"https:\/\/dmcsrb.com\/#website","url":"https:\/\/dmcsrb.com\/","name":"dmcsrb.com","description":"","potentialAction":[{"@type":"SearchAction","target":{"@type":"EntryPoint","urlTemplate":"https:\/\/dmcsrb.com\/?s={search_term_string}"},"query-input":{"@type":"PropertyValueSpecification","valueRequired":true,"valueName":"search_term_string"}}],"inLanguage":"en-GB"},{"@type":"Person","@id":"https:\/\/dmcsrb.com\/#\/schema\/person\/5c39170f12db1b8b457732d0b5c854e2","name":"dmcsrbija.com@gmail.com","image":{"@type":"ImageObject","inLanguage":"en-GB","@id":"https:\/\/dmcsrb.com\/#\/schema\/person\/image\/","url":"https:\/\/secure.gravatar.com\/avatar\/68592660ad6347fad0fb587f8d5d8f1a7b44961362f56e4f2cd524feb87e9069?s=96&d=mm&r=g","contentUrl":"https:\/\/secure.gravatar.com\/avatar\/68592660ad6347fad0fb587f8d5d8f1a7b44961362f56e4f2cd524feb87e9069?s=96&d=mm&r=g","caption":"dmcsrbija.com@gmail.com"},"sameAs":["https:\/\/dmcsrb.com"],"url":"https:\/\/dmcsrb.com\/en\/author\/dmcsrbija-comgmail-com\/"}]}},"_links":{"self":[{"href":"https:\/\/dmcsrb.com\/en\/wp-json\/wp\/v2\/posts\/948024","targetHints":{"allow":["GET"]}}],"collection":[{"href":"https:\/\/dmcsrb.com\/en\/wp-json\/wp\/v2\/posts"}],"about":[{"href":"https:\/\/dmcsrb.com\/en\/wp-json\/wp\/v2\/types\/post"}],"author":[{"embeddable":true,"href":"https:\/\/dmcsrb.com\/en\/wp-json\/wp\/v2\/users\/1"}],"replies":[{"embeddable":true,"href":"https:\/\/dmcsrb.com\/en\/wp-json\/wp\/v2\/comments?post=948024"}],"version-history":[{"count":0,"href":"https:\/\/dmcsrb.com\/en\/wp-json\/wp\/v2\/posts\/948024\/revisions"}],"wp:featuredmedia":[{"embeddable":true,"href":"https:\/\/dmcsrb.com\/en\/wp-json\/wp\/v2\/media\/948025"}],"wp:attachment":[{"href":"https:\/\/dmcsrb.com\/en\/wp-json\/wp\/v2\/media?parent=948024"}],"wp:term":[{"taxonomy":"category","embeddable":true,"href":"https:\/\/dmcsrb.com\/en\/wp-json\/wp\/v2\/categories?post=948024"},{"taxonomy":"post_tag","embeddable":true,"href":"https:\/\/dmcsrb.com\/en\/wp-json\/wp\/v2\/tags?post=948024"},{"taxonomy":"naslovna","embeddable":true,"href":"https:\/\/dmcsrb.com\/en\/wp-json\/wp\/v2\/naslovna?post=948024"}],"curies":[{"name":"wp","href":"https:\/\/api.w.org\/{rel}","templated":true}]}}