{"id":948019,"date":"2025-08-24T12:06:00","date_gmt":"2025-08-24T10:06:00","guid":{"rendered":"https:\/\/dmcsrb.com\/uncategorized\/montecargo-bicemo-prinudjeni-da-od-zicg-potrazujemo-milionsku-stetu-koju-prouzrokuju-njegovi-zaposleni\/"},"modified":"2025-08-24T12:06:00","modified_gmt":"2025-08-24T10:06:00","slug":"montecargo-bicemo-prinudjeni-da-od-zicg-potrazujemo-milionsku-stetu-koju-prouzrokuju-njegovi-zaposleni","status":"publish","type":"post","link":"https:\/\/dmcsrb.com\/en\/ekonomija\/montecargo-bicemo-prinudjeni-da-od-zicg-potrazujemo-milionsku-stetu-koju-prouzrokuju-njegovi-zaposleni\/","title":{"rendered":"Montecargo: Bi\u0107emo prinu\u0111eni da od \u017dICG potra\u017eujemo milionsku \u0161tetu koju prouzrokuju njegovi zaposleni"},"content":{"rendered":"<p><\/p>\n\n\n\n<p>\u201cMontecargo, za sve poslove koji se ti\u010du prevoza robe, sklapa ugovore u kojima se dogovaraju rokovi u kojima se mora obaviti prevoz i pla\u0107a penale u slu\u010daju neizvr\u0161enja zadatih rokova. Me\u0111utim, obustava saobra\u0107aja u \u017dICG ve\u0107 se odra\u017eava na po\u0161tovanje rokova prevoza. U stanicama Prijepolje i Po\u017eega \u010dekaju otpremu vozovi sa automobilima iz Kragujevca i bakarnim koncentratom iz Bora, dok iz Nik\u0161i\u0107a \u010dekaju vozovi sa boksitom za Bar, a iz Bara vozovi sa cementom za Srbiju\u201d, navode u saop\u0161tenju.<\/p>\n\n\n\n<p>Sve to je, kako poja\u0161njavaju, onemogu\u0107eno jer se vozovi ne mogu primiti i otpremiti zbog obustave rada od strane otpravnika.<\/p>\n\n\n\n<p>Kako dalje dodaju, zbog ka\u0161njenja u isporuci robe do\u0107i \u0107e i do ka\u0161njenja brodova, \u0161to \u0107e dovesti do milionske \u0161tete, a osim toga i do mogu\u0107nosti da njihovi komitenti svoje ugovorene poslove preusmjere na druge pravce.<\/p>\n\n\n\n<p>\u201cNa putu je i brod utovaren sa 65.000 tona uglja za EPS \u2013 posao koji se prvi put usmjerava preko Luke Bar i Montecarga za Srbiju. Tako\u0111e, u Luku Bar je ve\u0107 pristigao brod sa 11.000 tona uglja za na\u0161eg komitenta HBIS iz Smedereva, koji ne mo\u017ee da se otpremi zbog nastale situacije, tj. obustave saobra\u0107aja od strane otpravnika vozova u \u017dICG\u201d, isti\u010du.<\/p>\n\n\n\n<figure class=\"wp-block-embed is-type-wp-embed is-provider-gradski-portal wp-block-embed-gradski-portal\"><div class=\"wp-block-embed__wrapper\">\n<blockquote class=\"wp-embedded-content\" data-secret=\"VdIddsM9Bd\"><a href=\"https:\/\/gradski.me\/manjinski-akcionari-zicg-traze-da-steta-bude-naplacena-od-onih-koji-su-obustavili-saobracaj\/\">Manjinski akcionari \u017dICG tra\u017ee da \u0161teta bude napla\u0107ena od onih koji su obustavili saobra\u0107aj<\/a><\/blockquote><iframe loading=\"lazy\" class=\"wp-embedded-content\" sandbox=\"allow-scripts\" security=\"restricted\" style=\"position: absolute; visibility: hidden;\" title=\"&#132;Manjinski akcionari \u017dICG tra\u017ee da \u0161teta bude napla\u0107ena od onih koji su obustavili saobra\u0107aj&#147; &#8212; Gradski portal\" src=\"https:\/\/gradski.me\/manjinski-akcionari-zicg-traze-da-steta-bude-naplacena-od-onih-koji-su-obustavili-saobracaj\/embed\/#?secret=F6kDqEv35U#?secret=VdIddsM9Bd\" data-secret=\"VdIddsM9Bd\" width=\"500\" height=\"282\" frameborder=\"0\" marginwidth=\"0\" marginheight=\"0\" scrolling=\"no\"><\/iframe>\n<\/div><\/figure>\n\n\n\n<p>Prema njihovim rije\u010dima, \u0161tetu zbog ovoga trpe Montecargo, Luka Bar, Uniprom, Stellantis, TCL, HBIS, a ona ozbiljno ugro\u017eava privredni sistem i u Crnoj Gori i u regionu.<\/p>\n\n\n\n<p>\u201cZato vas obavje\u0161tavamo da \u0107e Montecargo biti prinu\u0111en da nastalu \u0161tetu, koja \u0107e biti milionska, potra\u017euje od \u017dICG kao pravnog lica koje po zakonu odgovara za \u0161tetu koju njegovi zaposleni prouzrokuju tre\u0107im licima. \u017dICG \u0107e usljed toga, izvjesno, biti prinu\u0111en da se regresira u istom iznosu od svojih zaposlenih koji su uzrokovali nastalu \u0161tetu usljed organizacije i u\u010de\u0161\u0107a u obustavi saobra\u0107aja, koja ve\u0107 ozbiljno ugro\u017eava ne samo \u017eeljezni\u010dki, ve\u0107 i privredni sistem Crne Gore\u201d, poru\u010dili su.<\/p>\n\n\n\n<p>Tako\u0111e, nagla\u0161avaju da ovaj postupak otpravnika vozova dovodi u pitanje egzistenciju 300 zaposlenih radnika njihove kompanije, jer su samofinansiraju\u0107e preduze\u0107e, tj. ne finansiraju se iz bud\u017eeta.<\/p>\n\n\n\n<p>\u201cZato ih molimo da hitno omogu\u0107e nastavak saobra\u0107aja i prihvate ponudu da, zajedno sa reprezentativnim sindikatima, u skladu sa zakonom rije\u0161e pitanje pove\u0107anja zarada.&nbsp;\u017deljezni\u010dki sistem, koji u svom sastavu ima \u010detiri pravna lica \u2013 \u017dICG, \u017dPCG, OZVS i Montecargo \u2013 kao i Luku Bar, zapo\u0161ljava preko 2.000 radnika, a egzistencija svih njih dovedena je u pitanje zbog 85 radnika koji su obustavili rad\u201d, zaklju\u010dili su.<\/p>","protected":false},"excerpt":{"rendered":"<p>Povodom obustave rada od strane otpravnika vozova u \u017dICG, Montecargo je saop\u0161tio da \u010de biti prinu\u0111eni da nastalu \u0161tetu, koja \u0107e biti milionska, potra\u017euju od \u017dICG.<\/p>","protected":false},"author":1,"featured_media":948020,"comment_status":"open","ping_status":"open","sticky":false,"template":"","format":"standard","meta":{"_acf_changed":false,"footnotes":""},"categories":[27],"tags":[7596,455,4256],"naslovna":[],"class_list":["post-948019","post","type-post","status-publish","format-standard","has-post-thumbnail","hentry","category-ekonomija","tag-montecargo","tag-protest","tag-zicg"],"acf":[],"yoast_head":"<!-- This site is optimized with the Yoast SEO plugin v27.0 - https:\/\/yoast.com\/product\/yoast-seo-wordpress\/ -->\n<title>Montecargo: Bi\u0107emo prinu\u0111eni da od \u017dICG potra\u017eujemo milionsku \u0161tetu koju prouzrokuju njegovi zaposleni - dmcsrb.com<\/title>\n<meta name=\"robots\" content=\"index, follow, max-snippet:-1, max-image-preview:large, max-video-preview:-1\" \/>\n<link rel=\"canonical\" href=\"https:\/\/dmcsrb.com\/en\/ekonomija\/montecargo-bicemo-prinudjeni-da-od-zicg-potrazujemo-milionsku-stetu-koju-prouzrokuju-njegovi-zaposleni\/\" \/>\n<meta property=\"og:locale\" content=\"en_GB\" \/>\n<meta property=\"og:type\" content=\"article\" \/>\n<meta property=\"og:title\" content=\"Montecargo: Bi\u0107emo prinu\u0111eni da od \u017dICG potra\u017eujemo milionsku \u0161tetu koju prouzrokuju njegovi zaposleni - dmcsrb.com\" \/>\n<meta property=\"og:description\" content=\"Povodom obustave rada od strane otpravnika vozova u \u017dICG, Montecargo je saop\u0161tio da \u010de biti prinu\u0111eni da nastalu \u0161tetu, koja \u0107e biti milionska, potra\u017euju od \u017dICG.\" \/>\n<meta property=\"og:url\" content=\"https:\/\/dmcsrb.com\/en\/ekonomija\/montecargo-bicemo-prinudjeni-da-od-zicg-potrazujemo-milionsku-stetu-koju-prouzrokuju-njegovi-zaposleni\/\" \/>\n<meta property=\"og:site_name\" content=\"dmcsrb.com\" \/>\n<meta property=\"article:published_time\" content=\"2025-08-24T10:06:00+00:00\" \/>\n<meta property=\"og:image\" content=\"https:\/\/dmcsrb.com\/wp-content\/uploads\/2026\/01\/Pruga-Podgorica-foto-gradski-me.webp\" \/>\n\t<meta property=\"og:image:width\" content=\"1349\" \/>\n\t<meta property=\"og:image:height\" content=\"660\" \/>\n\t<meta property=\"og:image:type\" content=\"image\/jpeg\" \/>\n<meta name=\"author\" content=\"dmcsrbija.com@gmail.com\" \/>\n<meta name=\"twitter:card\" content=\"summary_large_image\" \/>\n<meta name=\"twitter:label1\" content=\"Written by\" \/>\n\t<meta name=\"twitter:data1\" content=\"dmcsrbija.com@gmail.com\" \/>\n\t<meta name=\"twitter:label2\" content=\"Estimated reading time\" \/>\n\t<meta name=\"twitter:data2\" content=\"2 minutes\" \/>\n<script type=\"application\/ld+json\" class=\"yoast-schema-graph\">{\"@context\":\"https:\/\/schema.org\",\"@graph\":[{\"@type\":\"Article\",\"@id\":\"https:\/\/dmcsrb.com\/en\/ekonomija\/montecargo-bicemo-prinudjeni-da-od-zicg-potrazujemo-milionsku-stetu-koju-prouzrokuju-njegovi-zaposleni\/#article\",\"isPartOf\":{\"@id\":\"https:\/\/dmcsrb.com\/en\/ekonomija\/montecargo-bicemo-prinudjeni-da-od-zicg-potrazujemo-milionsku-stetu-koju-prouzrokuju-njegovi-zaposleni\/\"},\"author\":{\"name\":\"dmcsrbija.com@gmail.com\",\"@id\":\"https:\/\/dmcsrb.com\/#\/schema\/person\/5c39170f12db1b8b457732d0b5c854e2\"},\"headline\":\"Montecargo: Bi\u0107emo prinu\u0111eni da od \u017dICG potra\u017eujemo milionsku \u0161tetu koju prouzrokuju njegovi zaposleni\",\"datePublished\":\"2025-08-24T10:06:00+00:00\",\"mainEntityOfPage\":{\"@id\":\"https:\/\/dmcsrb.com\/en\/ekonomija\/montecargo-bicemo-prinudjeni-da-od-zicg-potrazujemo-milionsku-stetu-koju-prouzrokuju-njegovi-zaposleni\/\"},\"wordCount\":454,\"commentCount\":0,\"image\":{\"@id\":\"https:\/\/dmcsrb.com\/en\/ekonomija\/montecargo-bicemo-prinudjeni-da-od-zicg-potrazujemo-milionsku-stetu-koju-prouzrokuju-njegovi-zaposleni\/#primaryimage\"},\"thumbnailUrl\":\"https:\/\/dmcsrb.com\/wp-content\/uploads\/2026\/01\/Pruga-Podgorica-foto-gradski-me.webp\",\"keywords\":[\"Montecargo\",\"Protest\",\"\u017dICG\"],\"articleSection\":[\"Ekonomija\"],\"inLanguage\":\"en-GB\",\"potentialAction\":[{\"@type\":\"CommentAction\",\"name\":\"Comment\",\"target\":[\"https:\/\/dmcsrb.com\/en\/ekonomija\/montecargo-bicemo-prinudjeni-da-od-zicg-potrazujemo-milionsku-stetu-koju-prouzrokuju-njegovi-zaposleni\/#respond\"]}]},{\"@type\":\"WebPage\",\"@id\":\"https:\/\/dmcsrb.com\/en\/ekonomija\/montecargo-bicemo-prinudjeni-da-od-zicg-potrazujemo-milionsku-stetu-koju-prouzrokuju-njegovi-zaposleni\/\",\"url\":\"https:\/\/dmcsrb.com\/en\/ekonomija\/montecargo-bicemo-prinudjeni-da-od-zicg-potrazujemo-milionsku-stetu-koju-prouzrokuju-njegovi-zaposleni\/\",\"name\":\"Montecargo: Bi\u0107emo prinu\u0111eni da od \u017dICG potra\u017eujemo milionsku \u0161tetu koju prouzrokuju njegovi zaposleni - dmcsrb.com\",\"isPartOf\":{\"@id\":\"https:\/\/dmcsrb.com\/#website\"},\"primaryImageOfPage\":{\"@id\":\"https:\/\/dmcsrb.com\/en\/ekonomija\/montecargo-bicemo-prinudjeni-da-od-zicg-potrazujemo-milionsku-stetu-koju-prouzrokuju-njegovi-zaposleni\/#primaryimage\"},\"image\":{\"@id\":\"https:\/\/dmcsrb.com\/en\/ekonomija\/montecargo-bicemo-prinudjeni-da-od-zicg-potrazujemo-milionsku-stetu-koju-prouzrokuju-njegovi-zaposleni\/#primaryimage\"},\"thumbnailUrl\":\"https:\/\/dmcsrb.com\/wp-content\/uploads\/2026\/01\/Pruga-Podgorica-foto-gradski-me.webp\",\"datePublished\":\"2025-08-24T10:06:00+00:00\",\"author\":{\"@id\":\"https:\/\/dmcsrb.com\/#\/schema\/person\/5c39170f12db1b8b457732d0b5c854e2\"},\"breadcrumb\":{\"@id\":\"https:\/\/dmcsrb.com\/en\/ekonomija\/montecargo-bicemo-prinudjeni-da-od-zicg-potrazujemo-milionsku-stetu-koju-prouzrokuju-njegovi-zaposleni\/#breadcrumb\"},\"inLanguage\":\"en-GB\",\"potentialAction\":[{\"@type\":\"ReadAction\",\"target\":[\"https:\/\/dmcsrb.com\/en\/ekonomija\/montecargo-bicemo-prinudjeni-da-od-zicg-potrazujemo-milionsku-stetu-koju-prouzrokuju-njegovi-zaposleni\/\"]}]},{\"@type\":\"ImageObject\",\"inLanguage\":\"en-GB\",\"@id\":\"https:\/\/dmcsrb.com\/en\/ekonomija\/montecargo-bicemo-prinudjeni-da-od-zicg-potrazujemo-milionsku-stetu-koju-prouzrokuju-njegovi-zaposleni\/#primaryimage\",\"url\":\"https:\/\/dmcsrb.com\/wp-content\/uploads\/2026\/01\/Pruga-Podgorica-foto-gradski-me.webp\",\"contentUrl\":\"https:\/\/dmcsrb.com\/wp-content\/uploads\/2026\/01\/Pruga-Podgorica-foto-gradski-me.webp\",\"width\":1349,\"height\":660},{\"@type\":\"BreadcrumbList\",\"@id\":\"https:\/\/dmcsrb.com\/en\/ekonomija\/montecargo-bicemo-prinudjeni-da-od-zicg-potrazujemo-milionsku-stetu-koju-prouzrokuju-njegovi-zaposleni\/#breadcrumb\",\"itemListElement\":[{\"@type\":\"ListItem\",\"position\":1,\"name\":\"Home\",\"item\":\"https:\/\/dmcsrb.com\/\"},{\"@type\":\"ListItem\",\"position\":2,\"name\":\"Montecargo: Bi\u0107emo prinu\u0111eni da od \u017dICG potra\u017eujemo milionsku \u0161tetu koju prouzrokuju njegovi zaposleni\"}]},{\"@type\":\"WebSite\",\"@id\":\"https:\/\/dmcsrb.com\/#website\",\"url\":\"https:\/\/dmcsrb.com\/\",\"name\":\"dmcsrb.com\",\"description\":\"\",\"potentialAction\":[{\"@type\":\"SearchAction\",\"target\":{\"@type\":\"EntryPoint\",\"urlTemplate\":\"https:\/\/dmcsrb.com\/?s={search_term_string}\"},\"query-input\":{\"@type\":\"PropertyValueSpecification\",\"valueRequired\":true,\"valueName\":\"search_term_string\"}}],\"inLanguage\":\"en-GB\"},{\"@type\":\"Person\",\"@id\":\"https:\/\/dmcsrb.com\/#\/schema\/person\/5c39170f12db1b8b457732d0b5c854e2\",\"name\":\"dmcsrbija.com@gmail.com\",\"image\":{\"@type\":\"ImageObject\",\"inLanguage\":\"en-GB\",\"@id\":\"https:\/\/dmcsrb.com\/#\/schema\/person\/image\/\",\"url\":\"https:\/\/secure.gravatar.com\/avatar\/68592660ad6347fad0fb587f8d5d8f1a7b44961362f56e4f2cd524feb87e9069?s=96&d=mm&r=g\",\"contentUrl\":\"https:\/\/secure.gravatar.com\/avatar\/68592660ad6347fad0fb587f8d5d8f1a7b44961362f56e4f2cd524feb87e9069?s=96&d=mm&r=g\",\"caption\":\"dmcsrbija.com@gmail.com\"},\"sameAs\":[\"https:\/\/dmcsrb.com\"],\"url\":\"https:\/\/dmcsrb.com\/en\/author\/dmcsrbija-comgmail-com\/\"}]}<\/script>\n<!-- \/ Yoast SEO plugin. -->","yoast_head_json":{"title":"Montecargo: Bi\u0107emo prinu\u0111eni da od \u017dICG potra\u017eujemo milionsku \u0161tetu koju prouzrokuju njegovi zaposleni - dmcsrb.com","robots":{"index":"index","follow":"follow","max-snippet":"max-snippet:-1","max-image-preview":"max-image-preview:large","max-video-preview":"max-video-preview:-1"},"canonical":"https:\/\/dmcsrb.com\/en\/ekonomija\/montecargo-bicemo-prinudjeni-da-od-zicg-potrazujemo-milionsku-stetu-koju-prouzrokuju-njegovi-zaposleni\/","og_locale":"en_GB","og_type":"article","og_title":"Montecargo: Bi\u0107emo prinu\u0111eni da od \u017dICG potra\u017eujemo milionsku \u0161tetu koju prouzrokuju njegovi zaposleni - dmcsrb.com","og_description":"Povodom obustave rada od strane otpravnika vozova u \u017dICG, Montecargo je saop\u0161tio da \u010de biti prinu\u0111eni da nastalu \u0161tetu, koja \u0107e biti milionska, potra\u017euju od \u017dICG.","og_url":"https:\/\/dmcsrb.com\/en\/ekonomija\/montecargo-bicemo-prinudjeni-da-od-zicg-potrazujemo-milionsku-stetu-koju-prouzrokuju-njegovi-zaposleni\/","og_site_name":"dmcsrb.com","article_published_time":"2025-08-24T10:06:00+00:00","og_image":[{"width":1349,"height":660,"url":"https:\/\/dmcsrb.com\/wp-content\/uploads\/2026\/01\/Pruga-Podgorica-foto-gradski-me.webp","type":"image\/jpeg"}],"author":"dmcsrbija.com@gmail.com","twitter_card":"summary_large_image","twitter_misc":{"Written by":"dmcsrbija.com@gmail.com","Estimated reading time":"2 minutes"},"schema":{"@context":"https:\/\/schema.org","@graph":[{"@type":"Article","@id":"https:\/\/dmcsrb.com\/en\/ekonomija\/montecargo-bicemo-prinudjeni-da-od-zicg-potrazujemo-milionsku-stetu-koju-prouzrokuju-njegovi-zaposleni\/#article","isPartOf":{"@id":"https:\/\/dmcsrb.com\/en\/ekonomija\/montecargo-bicemo-prinudjeni-da-od-zicg-potrazujemo-milionsku-stetu-koju-prouzrokuju-njegovi-zaposleni\/"},"author":{"name":"dmcsrbija.com@gmail.com","@id":"https:\/\/dmcsrb.com\/#\/schema\/person\/5c39170f12db1b8b457732d0b5c854e2"},"headline":"Montecargo: Bi\u0107emo prinu\u0111eni da od \u017dICG potra\u017eujemo milionsku \u0161tetu koju prouzrokuju njegovi zaposleni","datePublished":"2025-08-24T10:06:00+00:00","mainEntityOfPage":{"@id":"https:\/\/dmcsrb.com\/en\/ekonomija\/montecargo-bicemo-prinudjeni-da-od-zicg-potrazujemo-milionsku-stetu-koju-prouzrokuju-njegovi-zaposleni\/"},"wordCount":454,"commentCount":0,"image":{"@id":"https:\/\/dmcsrb.com\/en\/ekonomija\/montecargo-bicemo-prinudjeni-da-od-zicg-potrazujemo-milionsku-stetu-koju-prouzrokuju-njegovi-zaposleni\/#primaryimage"},"thumbnailUrl":"https:\/\/dmcsrb.com\/wp-content\/uploads\/2026\/01\/Pruga-Podgorica-foto-gradski-me.webp","keywords":["Montecargo","Protest","\u017dICG"],"articleSection":["Ekonomija"],"inLanguage":"en-GB","potentialAction":[{"@type":"CommentAction","name":"Comment","target":["https:\/\/dmcsrb.com\/en\/ekonomija\/montecargo-bicemo-prinudjeni-da-od-zicg-potrazujemo-milionsku-stetu-koju-prouzrokuju-njegovi-zaposleni\/#respond"]}]},{"@type":"WebPage","@id":"https:\/\/dmcsrb.com\/en\/ekonomija\/montecargo-bicemo-prinudjeni-da-od-zicg-potrazujemo-milionsku-stetu-koju-prouzrokuju-njegovi-zaposleni\/","url":"https:\/\/dmcsrb.com\/en\/ekonomija\/montecargo-bicemo-prinudjeni-da-od-zicg-potrazujemo-milionsku-stetu-koju-prouzrokuju-njegovi-zaposleni\/","name":"Montecargo: Bi\u0107emo prinu\u0111eni da od \u017dICG potra\u017eujemo milionsku \u0161tetu koju prouzrokuju njegovi zaposleni - dmcsrb.com","isPartOf":{"@id":"https:\/\/dmcsrb.com\/#website"},"primaryImageOfPage":{"@id":"https:\/\/dmcsrb.com\/en\/ekonomija\/montecargo-bicemo-prinudjeni-da-od-zicg-potrazujemo-milionsku-stetu-koju-prouzrokuju-njegovi-zaposleni\/#primaryimage"},"image":{"@id":"https:\/\/dmcsrb.com\/en\/ekonomija\/montecargo-bicemo-prinudjeni-da-od-zicg-potrazujemo-milionsku-stetu-koju-prouzrokuju-njegovi-zaposleni\/#primaryimage"},"thumbnailUrl":"https:\/\/dmcsrb.com\/wp-content\/uploads\/2026\/01\/Pruga-Podgorica-foto-gradski-me.webp","datePublished":"2025-08-24T10:06:00+00:00","author":{"@id":"https:\/\/dmcsrb.com\/#\/schema\/person\/5c39170f12db1b8b457732d0b5c854e2"},"breadcrumb":{"@id":"https:\/\/dmcsrb.com\/en\/ekonomija\/montecargo-bicemo-prinudjeni-da-od-zicg-potrazujemo-milionsku-stetu-koju-prouzrokuju-njegovi-zaposleni\/#breadcrumb"},"inLanguage":"en-GB","potentialAction":[{"@type":"ReadAction","target":["https:\/\/dmcsrb.com\/en\/ekonomija\/montecargo-bicemo-prinudjeni-da-od-zicg-potrazujemo-milionsku-stetu-koju-prouzrokuju-njegovi-zaposleni\/"]}]},{"@type":"ImageObject","inLanguage":"en-GB","@id":"https:\/\/dmcsrb.com\/en\/ekonomija\/montecargo-bicemo-prinudjeni-da-od-zicg-potrazujemo-milionsku-stetu-koju-prouzrokuju-njegovi-zaposleni\/#primaryimage","url":"https:\/\/dmcsrb.com\/wp-content\/uploads\/2026\/01\/Pruga-Podgorica-foto-gradski-me.webp","contentUrl":"https:\/\/dmcsrb.com\/wp-content\/uploads\/2026\/01\/Pruga-Podgorica-foto-gradski-me.webp","width":1349,"height":660},{"@type":"BreadcrumbList","@id":"https:\/\/dmcsrb.com\/en\/ekonomija\/montecargo-bicemo-prinudjeni-da-od-zicg-potrazujemo-milionsku-stetu-koju-prouzrokuju-njegovi-zaposleni\/#breadcrumb","itemListElement":[{"@type":"ListItem","position":1,"name":"Home","item":"https:\/\/dmcsrb.com\/"},{"@type":"ListItem","position":2,"name":"Montecargo: Bi\u0107emo prinu\u0111eni da od \u017dICG potra\u017eujemo milionsku \u0161tetu koju prouzrokuju njegovi zaposleni"}]},{"@type":"WebSite","@id":"https:\/\/dmcsrb.com\/#website","url":"https:\/\/dmcsrb.com\/","name":"dmcsrb.com","description":"","potentialAction":[{"@type":"SearchAction","target":{"@type":"EntryPoint","urlTemplate":"https:\/\/dmcsrb.com\/?s={search_term_string}"},"query-input":{"@type":"PropertyValueSpecification","valueRequired":true,"valueName":"search_term_string"}}],"inLanguage":"en-GB"},{"@type":"Person","@id":"https:\/\/dmcsrb.com\/#\/schema\/person\/5c39170f12db1b8b457732d0b5c854e2","name":"dmcsrbija.com@gmail.com","image":{"@type":"ImageObject","inLanguage":"en-GB","@id":"https:\/\/dmcsrb.com\/#\/schema\/person\/image\/","url":"https:\/\/secure.gravatar.com\/avatar\/68592660ad6347fad0fb587f8d5d8f1a7b44961362f56e4f2cd524feb87e9069?s=96&d=mm&r=g","contentUrl":"https:\/\/secure.gravatar.com\/avatar\/68592660ad6347fad0fb587f8d5d8f1a7b44961362f56e4f2cd524feb87e9069?s=96&d=mm&r=g","caption":"dmcsrbija.com@gmail.com"},"sameAs":["https:\/\/dmcsrb.com"],"url":"https:\/\/dmcsrb.com\/en\/author\/dmcsrbija-comgmail-com\/"}]}},"_links":{"self":[{"href":"https:\/\/dmcsrb.com\/en\/wp-json\/wp\/v2\/posts\/948019","targetHints":{"allow":["GET"]}}],"collection":[{"href":"https:\/\/dmcsrb.com\/en\/wp-json\/wp\/v2\/posts"}],"about":[{"href":"https:\/\/dmcsrb.com\/en\/wp-json\/wp\/v2\/types\/post"}],"author":[{"embeddable":true,"href":"https:\/\/dmcsrb.com\/en\/wp-json\/wp\/v2\/users\/1"}],"replies":[{"embeddable":true,"href":"https:\/\/dmcsrb.com\/en\/wp-json\/wp\/v2\/comments?post=948019"}],"version-history":[{"count":0,"href":"https:\/\/dmcsrb.com\/en\/wp-json\/wp\/v2\/posts\/948019\/revisions"}],"wp:featuredmedia":[{"embeddable":true,"href":"https:\/\/dmcsrb.com\/en\/wp-json\/wp\/v2\/media\/948020"}],"wp:attachment":[{"href":"https:\/\/dmcsrb.com\/en\/wp-json\/wp\/v2\/media?parent=948019"}],"wp:term":[{"taxonomy":"category","embeddable":true,"href":"https:\/\/dmcsrb.com\/en\/wp-json\/wp\/v2\/categories?post=948019"},{"taxonomy":"post_tag","embeddable":true,"href":"https:\/\/dmcsrb.com\/en\/wp-json\/wp\/v2\/tags?post=948019"},{"taxonomy":"naslovna","embeddable":true,"href":"https:\/\/dmcsrb.com\/en\/wp-json\/wp\/v2\/naslovna?post=948019"}],"curies":[{"name":"wp","href":"https:\/\/api.w.org\/{rel}","templated":true}]}}