{"id":947984,"date":"2025-08-24T07:19:00","date_gmt":"2025-08-24T05:19:00","guid":{"rendered":"https:\/\/dmcsrb.com\/uncategorized\/strajkaci-odbili-sve-ponude-menadzmenta\/"},"modified":"2025-08-24T07:19:00","modified_gmt":"2025-08-24T05:19:00","slug":"strajkaci-odbili-sve-ponude-menadzmenta","status":"publish","type":"post","link":"https:\/\/dmcsrb.com\/en\/ekonomija\/strajkaci-odbili-sve-ponude-menadzmenta\/","title":{"rendered":"\u0160trajka\u010di odbili sve ponude menad\u017ementa"},"content":{"rendered":"<p><\/p>\n\n\n\n<p>Prema nezvani\u010dnim informacijama iz vi\u0161e izvora, kako pi\u0161e Dan, samo pove\u0107anje plata za menad\u017ement nije problem dok specijalne dodatke koje \u0161trajka\u010di tra\u017ee smatra nezakonitim.<\/p>\n\n\n\n<p>Predstavnicima \u0161trajka\u010da, uglavnom srednjo\u0161kolskom kadru, koje predvodi <strong>Andrej Kalu\u0111erovi\u0107<\/strong>, ponu\u0111eno je pove\u0107anje plata, dodatak od 15 posto na platu i pla\u0107anje prekovremenog rada. Ovaj dodatak nije problemati\u010dan po\u0161to je i do sada ispla\u0107ivan radnicima koji su radili prekovremeno. Na drugoj strani, \u0161trajka\u010di tra\u017ee dva dodatka od po 30 i 25 odsto \u0161to je ocijenjeno kao nezakonito.<\/p>\n\n\n\n<p>Menad\u017ementu su poru\u010dili da tra\u017ee ve\u0107e dodatke i koeficijente i odbili sve ponude za razrje\u0161enje krize u \u017dICG.<\/p>\n\n\n\n<p>Blokadu saobra\u0107aja u tom dr\u017eavnom preduze\u0107u u znak protesta orgaizovala je grupa od 80 od ukupno 800 zaposlenih. Radi se o srednjo\u0161kolskom kadru \u010dije se plate kre\u0107u od 750 do 950 eura zavisno od radnog mjesta i godina sta\u017ea i to u mjesecima kada nema prazni\u010dnih dana.<\/p>\n\n\n\n<p>Iz \u017deljezni\u010dke infrastrukture saop\u0161teno je da zbog blokade saobra\u0107aja ne\u0107e biti do daljeg. U koordinaciji sa \u017deljezni\u010dkim prevozom putnici se transportuju autobusima, dok su automobili i dalje u vagonu u Podgorici. Vlasnicima automobila koji su prije dva dana krenuli iz Srbije ka moru bi\u0107e omogu\u0107eno da preuzmu li\u010dne stvari.<\/p>\n\n\n\n<p>Menad\u017eent je pozvao sve zaposlene da ostanu posve\u0107eni zakonitom i odgovornom radu a relevantne institucije da adekvatno reaguju na o\u010diglednu opstrukciu kojom se nanosi ozbiljna \u0161teta javnom interesu i bezbijednosti saobra\u0107aja.<\/p>\n\n\n\n<p>Ministarstvo saobra\u0107aja upozorilo je da je \u0161trajk nezakonit i da Crna Gora mora funkcionisati kao pravna dr\u017eava u kojoj se po\u0161tuju prava radnika ali se ne dozvoljava samovolja i ultimatumi sa o\u010diglednom motivacijom izazivanja nestabilnosti.<\/p>","protected":false},"excerpt":{"rendered":"<p>Predstavnici osamdeset radnika \u017deljezni\u010dke infrastrukiture Crne Gore(\u017dICG) koji ve\u0107 dva dana blokiraju \u017eeljezni\u010dki saobra\u0107aj u Crnoj Gori tra\u017ee\u0107i pove\u0107anje plata i koeficijenata odbili su sve ponude menad\u017ementa najaviv\u0161i da \u0107e nastaviti \u0161trajk.<\/p>","protected":false},"author":1,"featured_media":947935,"comment_status":"open","ping_status":"open","sticky":false,"template":"","format":"standard","meta":{"_acf_changed":false,"footnotes":""},"categories":[27],"tags":[18269,3081,455,4256],"naslovna":[],"class_list":["post-947984","post","type-post","status-publish","format-standard","has-post-thumbnail","hentry","category-ekonomija","tag-andrej-kaludjerovic","tag-ministarstvo-saobracaja","tag-protest","tag-zicg"],"acf":[],"yoast_head":"<!-- This site is optimized with the Yoast SEO plugin v27.0 - https:\/\/yoast.com\/product\/yoast-seo-wordpress\/ -->\n<title>\u0160trajka\u010di odbili sve ponude menad\u017ementa - dmcsrb.com<\/title>\n<meta name=\"robots\" content=\"index, follow, max-snippet:-1, max-image-preview:large, max-video-preview:-1\" \/>\n<link rel=\"canonical\" href=\"https:\/\/dmcsrb.com\/en\/ekonomija\/strajkaci-odbili-sve-ponude-menadzmenta\/\" \/>\n<meta property=\"og:locale\" content=\"en_GB\" \/>\n<meta property=\"og:type\" content=\"article\" \/>\n<meta property=\"og:title\" content=\"\u0160trajka\u010di odbili sve ponude menad\u017ementa - dmcsrb.com\" \/>\n<meta property=\"og:description\" content=\"Predstavnici osamdeset radnika \u017deljezni\u010dke infrastrukiture Crne Gore(\u017dICG) koji ve\u0107 dva dana blokiraju \u017eeljezni\u010dki saobra\u0107aj u Crnoj Gori tra\u017ee\u0107i pove\u0107anje plata i koeficijenata odbili su sve ponude menad\u017ementa najaviv\u0161i da \u0107e nastaviti \u0161trajk.\" \/>\n<meta property=\"og:url\" content=\"https:\/\/dmcsrb.com\/en\/ekonomija\/strajkaci-odbili-sve-ponude-menadzmenta\/\" \/>\n<meta property=\"og:site_name\" content=\"dmcsrb.com\" \/>\n<meta property=\"article:published_time\" content=\"2025-08-24T05:19:00+00:00\" \/>\n<meta property=\"og:image\" content=\"https:\/\/dmcsrb.com\/wp-content\/uploads\/2026\/01\/Radnici-Zeljeznice-protest-ZICG-foto-rtcg.webp\" \/>\n\t<meta property=\"og:image:width\" content=\"915\" \/>\n\t<meta property=\"og:image:height\" content=\"471\" \/>\n\t<meta property=\"og:image:type\" content=\"image\/jpeg\" \/>\n<meta name=\"author\" content=\"dmcsrbija.com@gmail.com\" \/>\n<meta name=\"twitter:card\" content=\"summary_large_image\" \/>\n<meta name=\"twitter:label1\" content=\"Written by\" \/>\n\t<meta name=\"twitter:data1\" content=\"dmcsrbija.com@gmail.com\" \/>\n\t<meta name=\"twitter:label2\" content=\"Estimated reading time\" \/>\n\t<meta name=\"twitter:data2\" content=\"1 minute\" \/>\n<script type=\"application\/ld+json\" class=\"yoast-schema-graph\">{\"@context\":\"https:\/\/schema.org\",\"@graph\":[{\"@type\":\"Article\",\"@id\":\"https:\/\/dmcsrb.com\/en\/ekonomija\/strajkaci-odbili-sve-ponude-menadzmenta\/#article\",\"isPartOf\":{\"@id\":\"https:\/\/dmcsrb.com\/en\/ekonomija\/strajkaci-odbili-sve-ponude-menadzmenta\/\"},\"author\":{\"name\":\"dmcsrbija.com@gmail.com\",\"@id\":\"https:\/\/dmcsrb.com\/#\/schema\/person\/5c39170f12db1b8b457732d0b5c854e2\"},\"headline\":\"\u0160trajka\u010di odbili sve ponude menad\u017ementa\",\"datePublished\":\"2025-08-24T05:19:00+00:00\",\"mainEntityOfPage\":{\"@id\":\"https:\/\/dmcsrb.com\/en\/ekonomija\/strajkaci-odbili-sve-ponude-menadzmenta\/\"},\"wordCount\":306,\"commentCount\":0,\"image\":{\"@id\":\"https:\/\/dmcsrb.com\/en\/ekonomija\/strajkaci-odbili-sve-ponude-menadzmenta\/#primaryimage\"},\"thumbnailUrl\":\"https:\/\/dmcsrb.com\/wp-content\/uploads\/2026\/01\/Radnici-Zeljeznice-protest-ZICG-foto-rtcg.webp\",\"keywords\":[\"Andrej Kalu\u0111erovi\u0107\",\"Ministarstvo saobra\u0107aja\",\"Protest\",\"\u017dICG\"],\"articleSection\":[\"Ekonomija\"],\"inLanguage\":\"en-GB\",\"potentialAction\":[{\"@type\":\"CommentAction\",\"name\":\"Comment\",\"target\":[\"https:\/\/dmcsrb.com\/en\/ekonomija\/strajkaci-odbili-sve-ponude-menadzmenta\/#respond\"]}]},{\"@type\":\"WebPage\",\"@id\":\"https:\/\/dmcsrb.com\/en\/ekonomija\/strajkaci-odbili-sve-ponude-menadzmenta\/\",\"url\":\"https:\/\/dmcsrb.com\/en\/ekonomija\/strajkaci-odbili-sve-ponude-menadzmenta\/\",\"name\":\"\u0160trajka\u010di odbili sve ponude menad\u017ementa - dmcsrb.com\",\"isPartOf\":{\"@id\":\"https:\/\/dmcsrb.com\/#website\"},\"primaryImageOfPage\":{\"@id\":\"https:\/\/dmcsrb.com\/en\/ekonomija\/strajkaci-odbili-sve-ponude-menadzmenta\/#primaryimage\"},\"image\":{\"@id\":\"https:\/\/dmcsrb.com\/en\/ekonomija\/strajkaci-odbili-sve-ponude-menadzmenta\/#primaryimage\"},\"thumbnailUrl\":\"https:\/\/dmcsrb.com\/wp-content\/uploads\/2026\/01\/Radnici-Zeljeznice-protest-ZICG-foto-rtcg.webp\",\"datePublished\":\"2025-08-24T05:19:00+00:00\",\"author\":{\"@id\":\"https:\/\/dmcsrb.com\/#\/schema\/person\/5c39170f12db1b8b457732d0b5c854e2\"},\"breadcrumb\":{\"@id\":\"https:\/\/dmcsrb.com\/en\/ekonomija\/strajkaci-odbili-sve-ponude-menadzmenta\/#breadcrumb\"},\"inLanguage\":\"en-GB\",\"potentialAction\":[{\"@type\":\"ReadAction\",\"target\":[\"https:\/\/dmcsrb.com\/en\/ekonomija\/strajkaci-odbili-sve-ponude-menadzmenta\/\"]}]},{\"@type\":\"ImageObject\",\"inLanguage\":\"en-GB\",\"@id\":\"https:\/\/dmcsrb.com\/en\/ekonomija\/strajkaci-odbili-sve-ponude-menadzmenta\/#primaryimage\",\"url\":\"https:\/\/dmcsrb.com\/wp-content\/uploads\/2026\/01\/Radnici-Zeljeznice-protest-ZICG-foto-rtcg.webp\",\"contentUrl\":\"https:\/\/dmcsrb.com\/wp-content\/uploads\/2026\/01\/Radnici-Zeljeznice-protest-ZICG-foto-rtcg.webp\",\"width\":915,\"height\":471},{\"@type\":\"BreadcrumbList\",\"@id\":\"https:\/\/dmcsrb.com\/en\/ekonomija\/strajkaci-odbili-sve-ponude-menadzmenta\/#breadcrumb\",\"itemListElement\":[{\"@type\":\"ListItem\",\"position\":1,\"name\":\"Home\",\"item\":\"https:\/\/dmcsrb.com\/\"},{\"@type\":\"ListItem\",\"position\":2,\"name\":\"\u0160trajka\u010di odbili sve ponude menad\u017ementa\"}]},{\"@type\":\"WebSite\",\"@id\":\"https:\/\/dmcsrb.com\/#website\",\"url\":\"https:\/\/dmcsrb.com\/\",\"name\":\"dmcsrb.com\",\"description\":\"\",\"potentialAction\":[{\"@type\":\"SearchAction\",\"target\":{\"@type\":\"EntryPoint\",\"urlTemplate\":\"https:\/\/dmcsrb.com\/?s={search_term_string}\"},\"query-input\":{\"@type\":\"PropertyValueSpecification\",\"valueRequired\":true,\"valueName\":\"search_term_string\"}}],\"inLanguage\":\"en-GB\"},{\"@type\":\"Person\",\"@id\":\"https:\/\/dmcsrb.com\/#\/schema\/person\/5c39170f12db1b8b457732d0b5c854e2\",\"name\":\"dmcsrbija.com@gmail.com\",\"image\":{\"@type\":\"ImageObject\",\"inLanguage\":\"en-GB\",\"@id\":\"https:\/\/dmcsrb.com\/#\/schema\/person\/image\/\",\"url\":\"https:\/\/secure.gravatar.com\/avatar\/68592660ad6347fad0fb587f8d5d8f1a7b44961362f56e4f2cd524feb87e9069?s=96&d=mm&r=g\",\"contentUrl\":\"https:\/\/secure.gravatar.com\/avatar\/68592660ad6347fad0fb587f8d5d8f1a7b44961362f56e4f2cd524feb87e9069?s=96&d=mm&r=g\",\"caption\":\"dmcsrbija.com@gmail.com\"},\"sameAs\":[\"https:\/\/dmcsrb.com\"],\"url\":\"https:\/\/dmcsrb.com\/en\/author\/dmcsrbija-comgmail-com\/\"}]}<\/script>\n<!-- \/ Yoast SEO plugin. -->","yoast_head_json":{"title":"\u0160trajka\u010di odbili sve ponude menad\u017ementa - dmcsrb.com","robots":{"index":"index","follow":"follow","max-snippet":"max-snippet:-1","max-image-preview":"max-image-preview:large","max-video-preview":"max-video-preview:-1"},"canonical":"https:\/\/dmcsrb.com\/en\/ekonomija\/strajkaci-odbili-sve-ponude-menadzmenta\/","og_locale":"en_GB","og_type":"article","og_title":"\u0160trajka\u010di odbili sve ponude menad\u017ementa - dmcsrb.com","og_description":"Predstavnici osamdeset radnika \u017deljezni\u010dke infrastrukiture Crne Gore(\u017dICG) koji ve\u0107 dva dana blokiraju \u017eeljezni\u010dki saobra\u0107aj u Crnoj Gori tra\u017ee\u0107i pove\u0107anje plata i koeficijenata odbili su sve ponude menad\u017ementa najaviv\u0161i da \u0107e nastaviti \u0161trajk.","og_url":"https:\/\/dmcsrb.com\/en\/ekonomija\/strajkaci-odbili-sve-ponude-menadzmenta\/","og_site_name":"dmcsrb.com","article_published_time":"2025-08-24T05:19:00+00:00","og_image":[{"width":915,"height":471,"url":"https:\/\/dmcsrb.com\/wp-content\/uploads\/2026\/01\/Radnici-Zeljeznice-protest-ZICG-foto-rtcg.webp","type":"image\/jpeg"}],"author":"dmcsrbija.com@gmail.com","twitter_card":"summary_large_image","twitter_misc":{"Written by":"dmcsrbija.com@gmail.com","Estimated reading time":"1 minute"},"schema":{"@context":"https:\/\/schema.org","@graph":[{"@type":"Article","@id":"https:\/\/dmcsrb.com\/en\/ekonomija\/strajkaci-odbili-sve-ponude-menadzmenta\/#article","isPartOf":{"@id":"https:\/\/dmcsrb.com\/en\/ekonomija\/strajkaci-odbili-sve-ponude-menadzmenta\/"},"author":{"name":"dmcsrbija.com@gmail.com","@id":"https:\/\/dmcsrb.com\/#\/schema\/person\/5c39170f12db1b8b457732d0b5c854e2"},"headline":"\u0160trajka\u010di odbili sve ponude menad\u017ementa","datePublished":"2025-08-24T05:19:00+00:00","mainEntityOfPage":{"@id":"https:\/\/dmcsrb.com\/en\/ekonomija\/strajkaci-odbili-sve-ponude-menadzmenta\/"},"wordCount":306,"commentCount":0,"image":{"@id":"https:\/\/dmcsrb.com\/en\/ekonomija\/strajkaci-odbili-sve-ponude-menadzmenta\/#primaryimage"},"thumbnailUrl":"https:\/\/dmcsrb.com\/wp-content\/uploads\/2026\/01\/Radnici-Zeljeznice-protest-ZICG-foto-rtcg.webp","keywords":["Andrej Kalu\u0111erovi\u0107","Ministarstvo saobra\u0107aja","Protest","\u017dICG"],"articleSection":["Ekonomija"],"inLanguage":"en-GB","potentialAction":[{"@type":"CommentAction","name":"Comment","target":["https:\/\/dmcsrb.com\/en\/ekonomija\/strajkaci-odbili-sve-ponude-menadzmenta\/#respond"]}]},{"@type":"WebPage","@id":"https:\/\/dmcsrb.com\/en\/ekonomija\/strajkaci-odbili-sve-ponude-menadzmenta\/","url":"https:\/\/dmcsrb.com\/en\/ekonomija\/strajkaci-odbili-sve-ponude-menadzmenta\/","name":"\u0160trajka\u010di odbili sve ponude menad\u017ementa - dmcsrb.com","isPartOf":{"@id":"https:\/\/dmcsrb.com\/#website"},"primaryImageOfPage":{"@id":"https:\/\/dmcsrb.com\/en\/ekonomija\/strajkaci-odbili-sve-ponude-menadzmenta\/#primaryimage"},"image":{"@id":"https:\/\/dmcsrb.com\/en\/ekonomija\/strajkaci-odbili-sve-ponude-menadzmenta\/#primaryimage"},"thumbnailUrl":"https:\/\/dmcsrb.com\/wp-content\/uploads\/2026\/01\/Radnici-Zeljeznice-protest-ZICG-foto-rtcg.webp","datePublished":"2025-08-24T05:19:00+00:00","author":{"@id":"https:\/\/dmcsrb.com\/#\/schema\/person\/5c39170f12db1b8b457732d0b5c854e2"},"breadcrumb":{"@id":"https:\/\/dmcsrb.com\/en\/ekonomija\/strajkaci-odbili-sve-ponude-menadzmenta\/#breadcrumb"},"inLanguage":"en-GB","potentialAction":[{"@type":"ReadAction","target":["https:\/\/dmcsrb.com\/en\/ekonomija\/strajkaci-odbili-sve-ponude-menadzmenta\/"]}]},{"@type":"ImageObject","inLanguage":"en-GB","@id":"https:\/\/dmcsrb.com\/en\/ekonomija\/strajkaci-odbili-sve-ponude-menadzmenta\/#primaryimage","url":"https:\/\/dmcsrb.com\/wp-content\/uploads\/2026\/01\/Radnici-Zeljeznice-protest-ZICG-foto-rtcg.webp","contentUrl":"https:\/\/dmcsrb.com\/wp-content\/uploads\/2026\/01\/Radnici-Zeljeznice-protest-ZICG-foto-rtcg.webp","width":915,"height":471},{"@type":"BreadcrumbList","@id":"https:\/\/dmcsrb.com\/en\/ekonomija\/strajkaci-odbili-sve-ponude-menadzmenta\/#breadcrumb","itemListElement":[{"@type":"ListItem","position":1,"name":"Home","item":"https:\/\/dmcsrb.com\/"},{"@type":"ListItem","position":2,"name":"\u0160trajka\u010di odbili sve ponude menad\u017ementa"}]},{"@type":"WebSite","@id":"https:\/\/dmcsrb.com\/#website","url":"https:\/\/dmcsrb.com\/","name":"dmcsrb.com","description":"","potentialAction":[{"@type":"SearchAction","target":{"@type":"EntryPoint","urlTemplate":"https:\/\/dmcsrb.com\/?s={search_term_string}"},"query-input":{"@type":"PropertyValueSpecification","valueRequired":true,"valueName":"search_term_string"}}],"inLanguage":"en-GB"},{"@type":"Person","@id":"https:\/\/dmcsrb.com\/#\/schema\/person\/5c39170f12db1b8b457732d0b5c854e2","name":"dmcsrbija.com@gmail.com","image":{"@type":"ImageObject","inLanguage":"en-GB","@id":"https:\/\/dmcsrb.com\/#\/schema\/person\/image\/","url":"https:\/\/secure.gravatar.com\/avatar\/68592660ad6347fad0fb587f8d5d8f1a7b44961362f56e4f2cd524feb87e9069?s=96&d=mm&r=g","contentUrl":"https:\/\/secure.gravatar.com\/avatar\/68592660ad6347fad0fb587f8d5d8f1a7b44961362f56e4f2cd524feb87e9069?s=96&d=mm&r=g","caption":"dmcsrbija.com@gmail.com"},"sameAs":["https:\/\/dmcsrb.com"],"url":"https:\/\/dmcsrb.com\/en\/author\/dmcsrbija-comgmail-com\/"}]}},"_links":{"self":[{"href":"https:\/\/dmcsrb.com\/en\/wp-json\/wp\/v2\/posts\/947984","targetHints":{"allow":["GET"]}}],"collection":[{"href":"https:\/\/dmcsrb.com\/en\/wp-json\/wp\/v2\/posts"}],"about":[{"href":"https:\/\/dmcsrb.com\/en\/wp-json\/wp\/v2\/types\/post"}],"author":[{"embeddable":true,"href":"https:\/\/dmcsrb.com\/en\/wp-json\/wp\/v2\/users\/1"}],"replies":[{"embeddable":true,"href":"https:\/\/dmcsrb.com\/en\/wp-json\/wp\/v2\/comments?post=947984"}],"version-history":[{"count":0,"href":"https:\/\/dmcsrb.com\/en\/wp-json\/wp\/v2\/posts\/947984\/revisions"}],"wp:featuredmedia":[{"embeddable":true,"href":"https:\/\/dmcsrb.com\/en\/wp-json\/wp\/v2\/media\/947935"}],"wp:attachment":[{"href":"https:\/\/dmcsrb.com\/en\/wp-json\/wp\/v2\/media?parent=947984"}],"wp:term":[{"taxonomy":"category","embeddable":true,"href":"https:\/\/dmcsrb.com\/en\/wp-json\/wp\/v2\/categories?post=947984"},{"taxonomy":"post_tag","embeddable":true,"href":"https:\/\/dmcsrb.com\/en\/wp-json\/wp\/v2\/tags?post=947984"},{"taxonomy":"naslovna","embeddable":true,"href":"https:\/\/dmcsrb.com\/en\/wp-json\/wp\/v2\/naslovna?post=947984"}],"curies":[{"name":"wp","href":"https:\/\/api.w.org\/{rel}","templated":true}]}}