{"id":947969,"date":"2025-08-24T05:43:00","date_gmt":"2025-08-24T03:43:00","guid":{"rendered":"https:\/\/dmcsrb.com\/uncategorized\/ajkulice-spremne-za-zlatni-ugriz-crna-gora-veceras-protiv-srbije-za-evropski-tron\/"},"modified":"2025-08-24T05:43:00","modified_gmt":"2025-08-24T03:43:00","slug":"ajkulice-spremne-za-zlatni-ugriz-crna-gora-veceras-protiv-srbije-za-evropski-tron","status":"publish","type":"post","link":"https:\/\/dmcsrb.com\/en\/sport\/ajkulice-spremne-za-zlatni-ugriz-crna-gora-veceras-protiv-srbije-za-evropski-tron\/","title":{"rendered":"&#8220;Ajkulice&#8221; spremne za zlatni ugriz: Crna Gora ve\u010deras protiv Srbije za evropski tron"},"content":{"rendered":"<p>Izabranici Neboj\u0161e Mili\u0107a ve\u0107 su osigurali 14. medalju za crnogorski vaterpolo koji bez obzira na ishod finala, definitivno ima svijetlu budu\u0107nost. <\/p>\n\n\n\n<p>Crna Gora je do finala stigla sa svih pet pobjeda &#8211; prvo je u grupi upravo bila bolja od Srbije (9:8), potom je savladala Hrvatsku (12:7) i na kraju \u0160paniju (11:9). U \u010detvrtfinalu je prelako &#8220;pala&#8221; Francuska (20:11), a u polufinalu Italija (10:6). <\/p>\n\n\n\n<p>Srbija je jedini poraz pretrpjela ba\u0161 od dana\u0161njeg rivala, nakon \u010dega je nanizala \u010detiri trijumfa, posljednji u polufinalu protiv Gr\u010dke (20:14). <\/p>\n\n\n\n<p>Finale je na programu od 18 sati i 30 minuta. Dva sata ranije u me\u010du za bronzu sastaju se Italija i Gr\u010dka. <\/p>\n\n\n\n<p>RASPORED: <\/p>\n\n\n\n<p>Me\u010d za sedmo mjesto<\/p>\n\n\n\n<p><strong>Francuska &#8211; Hrvatska<\/strong> (14.00h) <\/p>\n\n\n\n<p>Me\u010d za peto mjesto<\/p>\n\n\n\n<p><strong>\u0160panija &#8211; Ma\u0111arska<\/strong> (15.30h) <\/p>\n\n\n\n<p>Me\u010d za bronzu <\/p>\n\n\n\n<p><strong>Italija &#8211; Gr\u010dka <\/strong>(17.30h) <\/p>\n\n\n\n<p>FINALE<\/p>\n\n\n\n<p><strong>Crna Gora &#8211; Srbija <\/strong>(18.30h).<\/p>","protected":false},"excerpt":{"rendered":"<p>Juniorska vaterpolo reprezentacija Crne Gore igra\u0107e danas protiv Srbije u finalu Evropskog prvenstva za igra\u010de do 18 godina u rumunskoj Oradei.<\/p>","protected":false},"author":1,"featured_media":946976,"comment_status":"open","ping_status":"open","sticky":false,"template":"","format":"standard","meta":{"_acf_changed":false,"footnotes":""},"categories":[148],"tags":[17513,4714,17944,18278],"naslovna":[],"class_list":["post-947969","post","type-post","status-publish","format-standard","has-post-thumbnail","hentry","category-sport","tag-evropsko-prvenstvo-za-vaterpoliste-do-18-godina","tag-finale","tag-juniorska-vaterpolo-reprezentacija-crne-gore","tag-juniorska-vaterpolo-reprezentacija-srbije"],"acf":[],"yoast_head":"<!-- This site is optimized with the Yoast SEO plugin v27.4 - https:\/\/yoast.com\/product\/yoast-seo-wordpress\/ -->\n<title>&quot;Ajkulice&quot; spremne za zlatni ugriz: Crna Gora ve\u010deras protiv Srbije za evropski tron - dmcsrb.com<\/title>\n<meta name=\"robots\" content=\"index, follow, max-snippet:-1, max-image-preview:large, max-video-preview:-1\" \/>\n<link rel=\"canonical\" href=\"https:\/\/dmcsrb.com\/en\/sport\/ajkulice-spremne-za-zlatni-ugriz-crna-gora-veceras-protiv-srbije-za-evropski-tron\/\" \/>\n<meta property=\"og:locale\" content=\"en_GB\" \/>\n<meta property=\"og:type\" content=\"article\" \/>\n<meta property=\"og:title\" content=\"&quot;Ajkulice&quot; spremne za zlatni ugriz: Crna Gora ve\u010deras protiv Srbije za evropski tron - dmcsrb.com\" \/>\n<meta property=\"og:description\" content=\"Juniorska vaterpolo reprezentacija Crne Gore igra\u0107e danas protiv Srbije u finalu Evropskog prvenstva za igra\u010de do 18 godina u rumunskoj Oradei.\" \/>\n<meta property=\"og:url\" content=\"https:\/\/dmcsrb.com\/en\/sport\/ajkulice-spremne-za-zlatni-ugriz-crna-gora-veceras-protiv-srbije-za-evropski-tron\/\" \/>\n<meta property=\"og:site_name\" content=\"dmcsrb.com\" \/>\n<meta property=\"article:published_time\" content=\"2025-08-24T03:43:00+00:00\" \/>\n<meta property=\"og:image\" content=\"https:\/\/dmcsrb.com\/wp-content\/uploads\/2026\/01\/Ajkulice-selektor-Milic-VPSCG.webp\" \/>\n\t<meta property=\"og:image:width\" content=\"2048\" \/>\n\t<meta property=\"og:image:height\" content=\"1726\" \/>\n\t<meta property=\"og:image:type\" content=\"image\/jpeg\" \/>\n<meta name=\"author\" content=\"dmcsrbija.com@gmail.com\" \/>\n<meta name=\"twitter:card\" content=\"summary_large_image\" \/>\n<meta name=\"twitter:label1\" content=\"Written by\" \/>\n\t<meta name=\"twitter:data1\" content=\"dmcsrbija.com@gmail.com\" \/>\n\t<meta name=\"twitter:label2\" content=\"Estimated reading time\" \/>\n\t<meta name=\"twitter:data2\" content=\"1 minute\" \/>\n<script type=\"application\/ld+json\" class=\"yoast-schema-graph\">{\"@context\":\"https:\\\/\\\/schema.org\",\"@graph\":[{\"@type\":\"Article\",\"@id\":\"https:\\\/\\\/dmcsrb.com\\\/sport\\\/ajkulice-spremne-za-zlatni-ugriz-crna-gora-veceras-protiv-srbije-za-evropski-tron\\\/#article\",\"isPartOf\":{\"@id\":\"https:\\\/\\\/dmcsrb.com\\\/sport\\\/ajkulice-spremne-za-zlatni-ugriz-crna-gora-veceras-protiv-srbije-za-evropski-tron\\\/\"},\"author\":{\"name\":\"dmcsrbija.com@gmail.com\",\"@id\":\"https:\\\/\\\/dmcsrb.com\\\/#\\\/schema\\\/person\\\/5c39170f12db1b8b457732d0b5c854e2\"},\"headline\":\"&#8220;Ajkulice&#8221; spremne za zlatni ugriz: Crna Gora ve\u010deras protiv Srbije za evropski tron\",\"datePublished\":\"2025-08-24T03:43:00+00:00\",\"mainEntityOfPage\":{\"@id\":\"https:\\\/\\\/dmcsrb.com\\\/sport\\\/ajkulice-spremne-za-zlatni-ugriz-crna-gora-veceras-protiv-srbije-za-evropski-tron\\\/\"},\"wordCount\":151,\"commentCount\":0,\"image\":{\"@id\":\"https:\\\/\\\/dmcsrb.com\\\/sport\\\/ajkulice-spremne-za-zlatni-ugriz-crna-gora-veceras-protiv-srbije-za-evropski-tron\\\/#primaryimage\"},\"thumbnailUrl\":\"https:\\\/\\\/dmcsrb.com\\\/wp-content\\\/uploads\\\/2026\\\/01\\\/Ajkulice-selektor-Milic-VPSCG.webp\",\"keywords\":[\"Evropsko prvenstvo za vaterpoliste do 18 godina\",\"finale\",\"Juniorska vaterpolo reprezentacija Crne Gore\",\"Juniorska vaterpolo reprezentacija Srbije\"],\"articleSection\":[\"Sport\"],\"inLanguage\":\"en-GB\",\"potentialAction\":[{\"@type\":\"CommentAction\",\"name\":\"Comment\",\"target\":[\"https:\\\/\\\/dmcsrb.com\\\/sport\\\/ajkulice-spremne-za-zlatni-ugriz-crna-gora-veceras-protiv-srbije-za-evropski-tron\\\/#respond\"]}]},{\"@type\":\"WebPage\",\"@id\":\"https:\\\/\\\/dmcsrb.com\\\/sport\\\/ajkulice-spremne-za-zlatni-ugriz-crna-gora-veceras-protiv-srbije-za-evropski-tron\\\/\",\"url\":\"https:\\\/\\\/dmcsrb.com\\\/sport\\\/ajkulice-spremne-za-zlatni-ugriz-crna-gora-veceras-protiv-srbije-za-evropski-tron\\\/\",\"name\":\"\\\"Ajkulice\\\" spremne za zlatni ugriz: Crna Gora ve\u010deras protiv Srbije za evropski tron - dmcsrb.com\",\"isPartOf\":{\"@id\":\"https:\\\/\\\/dmcsrb.com\\\/#website\"},\"primaryImageOfPage\":{\"@id\":\"https:\\\/\\\/dmcsrb.com\\\/sport\\\/ajkulice-spremne-za-zlatni-ugriz-crna-gora-veceras-protiv-srbije-za-evropski-tron\\\/#primaryimage\"},\"image\":{\"@id\":\"https:\\\/\\\/dmcsrb.com\\\/sport\\\/ajkulice-spremne-za-zlatni-ugriz-crna-gora-veceras-protiv-srbije-za-evropski-tron\\\/#primaryimage\"},\"thumbnailUrl\":\"https:\\\/\\\/dmcsrb.com\\\/wp-content\\\/uploads\\\/2026\\\/01\\\/Ajkulice-selektor-Milic-VPSCG.webp\",\"datePublished\":\"2025-08-24T03:43:00+00:00\",\"author\":{\"@id\":\"https:\\\/\\\/dmcsrb.com\\\/#\\\/schema\\\/person\\\/5c39170f12db1b8b457732d0b5c854e2\"},\"breadcrumb\":{\"@id\":\"https:\\\/\\\/dmcsrb.com\\\/sport\\\/ajkulice-spremne-za-zlatni-ugriz-crna-gora-veceras-protiv-srbije-za-evropski-tron\\\/#breadcrumb\"},\"inLanguage\":\"en-GB\",\"potentialAction\":[{\"@type\":\"ReadAction\",\"target\":[\"https:\\\/\\\/dmcsrb.com\\\/sport\\\/ajkulice-spremne-za-zlatni-ugriz-crna-gora-veceras-protiv-srbije-za-evropski-tron\\\/\"]}]},{\"@type\":\"ImageObject\",\"inLanguage\":\"en-GB\",\"@id\":\"https:\\\/\\\/dmcsrb.com\\\/sport\\\/ajkulice-spremne-za-zlatni-ugriz-crna-gora-veceras-protiv-srbije-za-evropski-tron\\\/#primaryimage\",\"url\":\"https:\\\/\\\/dmcsrb.com\\\/wp-content\\\/uploads\\\/2026\\\/01\\\/Ajkulice-selektor-Milic-VPSCG.webp\",\"contentUrl\":\"https:\\\/\\\/dmcsrb.com\\\/wp-content\\\/uploads\\\/2026\\\/01\\\/Ajkulice-selektor-Milic-VPSCG.webp\",\"width\":2048,\"height\":1726},{\"@type\":\"BreadcrumbList\",\"@id\":\"https:\\\/\\\/dmcsrb.com\\\/sport\\\/ajkulice-spremne-za-zlatni-ugriz-crna-gora-veceras-protiv-srbije-za-evropski-tron\\\/#breadcrumb\",\"itemListElement\":[{\"@type\":\"ListItem\",\"position\":1,\"name\":\"Home\",\"item\":\"https:\\\/\\\/dmcsrb.com\\\/\"},{\"@type\":\"ListItem\",\"position\":2,\"name\":\"&#8220;Ajkulice&#8221; spremne za zlatni ugriz: Crna Gora ve\u010deras protiv Srbije za evropski tron\"}]},{\"@type\":\"WebSite\",\"@id\":\"https:\\\/\\\/dmcsrb.com\\\/#website\",\"url\":\"https:\\\/\\\/dmcsrb.com\\\/\",\"name\":\"dmcsrb.com\",\"description\":\"\",\"potentialAction\":[{\"@type\":\"SearchAction\",\"target\":{\"@type\":\"EntryPoint\",\"urlTemplate\":\"https:\\\/\\\/dmcsrb.com\\\/?s={search_term_string}\"},\"query-input\":{\"@type\":\"PropertyValueSpecification\",\"valueRequired\":true,\"valueName\":\"search_term_string\"}}],\"inLanguage\":\"en-GB\"},{\"@type\":\"Person\",\"@id\":\"https:\\\/\\\/dmcsrb.com\\\/#\\\/schema\\\/person\\\/5c39170f12db1b8b457732d0b5c854e2\",\"name\":\"dmcsrbija.com@gmail.com\",\"image\":{\"@type\":\"ImageObject\",\"inLanguage\":\"en-GB\",\"@id\":\"https:\\\/\\\/secure.gravatar.com\\\/avatar\\\/68592660ad6347fad0fb587f8d5d8f1a7b44961362f56e4f2cd524feb87e9069?s=96&d=mm&r=g\",\"url\":\"https:\\\/\\\/secure.gravatar.com\\\/avatar\\\/68592660ad6347fad0fb587f8d5d8f1a7b44961362f56e4f2cd524feb87e9069?s=96&d=mm&r=g\",\"contentUrl\":\"https:\\\/\\\/secure.gravatar.com\\\/avatar\\\/68592660ad6347fad0fb587f8d5d8f1a7b44961362f56e4f2cd524feb87e9069?s=96&d=mm&r=g\",\"caption\":\"dmcsrbija.com@gmail.com\"},\"sameAs\":[\"https:\\\/\\\/dmcsrb.com\"],\"url\":\"https:\\\/\\\/dmcsrb.com\\\/en\\\/author\\\/dmcsrbija-comgmail-com\\\/\"}]}<\/script>\n<!-- \/ Yoast SEO plugin. -->","yoast_head_json":{"title":"\"Ajkulice\" spremne za zlatni ugriz: Crna Gora ve\u010deras protiv Srbije za evropski tron - dmcsrb.com","robots":{"index":"index","follow":"follow","max-snippet":"max-snippet:-1","max-image-preview":"max-image-preview:large","max-video-preview":"max-video-preview:-1"},"canonical":"https:\/\/dmcsrb.com\/en\/sport\/ajkulice-spremne-za-zlatni-ugriz-crna-gora-veceras-protiv-srbije-za-evropski-tron\/","og_locale":"en_GB","og_type":"article","og_title":"\"Ajkulice\" spremne za zlatni ugriz: Crna Gora ve\u010deras protiv Srbije za evropski tron - dmcsrb.com","og_description":"Juniorska vaterpolo reprezentacija Crne Gore igra\u0107e danas protiv Srbije u finalu Evropskog prvenstva za igra\u010de do 18 godina u rumunskoj Oradei.","og_url":"https:\/\/dmcsrb.com\/en\/sport\/ajkulice-spremne-za-zlatni-ugriz-crna-gora-veceras-protiv-srbije-za-evropski-tron\/","og_site_name":"dmcsrb.com","article_published_time":"2025-08-24T03:43:00+00:00","og_image":[{"width":2048,"height":1726,"url":"https:\/\/dmcsrb.com\/wp-content\/uploads\/2026\/01\/Ajkulice-selektor-Milic-VPSCG.webp","type":"image\/jpeg"}],"author":"dmcsrbija.com@gmail.com","twitter_card":"summary_large_image","twitter_misc":{"Written by":"dmcsrbija.com@gmail.com","Estimated reading time":"1 minute"},"schema":{"@context":"https:\/\/schema.org","@graph":[{"@type":"Article","@id":"https:\/\/dmcsrb.com\/sport\/ajkulice-spremne-za-zlatni-ugriz-crna-gora-veceras-protiv-srbije-za-evropski-tron\/#article","isPartOf":{"@id":"https:\/\/dmcsrb.com\/sport\/ajkulice-spremne-za-zlatni-ugriz-crna-gora-veceras-protiv-srbije-za-evropski-tron\/"},"author":{"name":"dmcsrbija.com@gmail.com","@id":"https:\/\/dmcsrb.com\/#\/schema\/person\/5c39170f12db1b8b457732d0b5c854e2"},"headline":"&#8220;Ajkulice&#8221; spremne za zlatni ugriz: Crna Gora ve\u010deras protiv Srbije za evropski tron","datePublished":"2025-08-24T03:43:00+00:00","mainEntityOfPage":{"@id":"https:\/\/dmcsrb.com\/sport\/ajkulice-spremne-za-zlatni-ugriz-crna-gora-veceras-protiv-srbije-za-evropski-tron\/"},"wordCount":151,"commentCount":0,"image":{"@id":"https:\/\/dmcsrb.com\/sport\/ajkulice-spremne-za-zlatni-ugriz-crna-gora-veceras-protiv-srbije-za-evropski-tron\/#primaryimage"},"thumbnailUrl":"https:\/\/dmcsrb.com\/wp-content\/uploads\/2026\/01\/Ajkulice-selektor-Milic-VPSCG.webp","keywords":["Evropsko prvenstvo za vaterpoliste do 18 godina","finale","Juniorska vaterpolo reprezentacija Crne Gore","Juniorska vaterpolo reprezentacija Srbije"],"articleSection":["Sport"],"inLanguage":"en-GB","potentialAction":[{"@type":"CommentAction","name":"Comment","target":["https:\/\/dmcsrb.com\/sport\/ajkulice-spremne-za-zlatni-ugriz-crna-gora-veceras-protiv-srbije-za-evropski-tron\/#respond"]}]},{"@type":"WebPage","@id":"https:\/\/dmcsrb.com\/sport\/ajkulice-spremne-za-zlatni-ugriz-crna-gora-veceras-protiv-srbije-za-evropski-tron\/","url":"https:\/\/dmcsrb.com\/sport\/ajkulice-spremne-za-zlatni-ugriz-crna-gora-veceras-protiv-srbije-za-evropski-tron\/","name":"\"Ajkulice\" spremne za zlatni ugriz: Crna Gora ve\u010deras protiv Srbije za evropski tron - dmcsrb.com","isPartOf":{"@id":"https:\/\/dmcsrb.com\/#website"},"primaryImageOfPage":{"@id":"https:\/\/dmcsrb.com\/sport\/ajkulice-spremne-za-zlatni-ugriz-crna-gora-veceras-protiv-srbije-za-evropski-tron\/#primaryimage"},"image":{"@id":"https:\/\/dmcsrb.com\/sport\/ajkulice-spremne-za-zlatni-ugriz-crna-gora-veceras-protiv-srbije-za-evropski-tron\/#primaryimage"},"thumbnailUrl":"https:\/\/dmcsrb.com\/wp-content\/uploads\/2026\/01\/Ajkulice-selektor-Milic-VPSCG.webp","datePublished":"2025-08-24T03:43:00+00:00","author":{"@id":"https:\/\/dmcsrb.com\/#\/schema\/person\/5c39170f12db1b8b457732d0b5c854e2"},"breadcrumb":{"@id":"https:\/\/dmcsrb.com\/sport\/ajkulice-spremne-za-zlatni-ugriz-crna-gora-veceras-protiv-srbije-za-evropski-tron\/#breadcrumb"},"inLanguage":"en-GB","potentialAction":[{"@type":"ReadAction","target":["https:\/\/dmcsrb.com\/sport\/ajkulice-spremne-za-zlatni-ugriz-crna-gora-veceras-protiv-srbije-za-evropski-tron\/"]}]},{"@type":"ImageObject","inLanguage":"en-GB","@id":"https:\/\/dmcsrb.com\/sport\/ajkulice-spremne-za-zlatni-ugriz-crna-gora-veceras-protiv-srbije-za-evropski-tron\/#primaryimage","url":"https:\/\/dmcsrb.com\/wp-content\/uploads\/2026\/01\/Ajkulice-selektor-Milic-VPSCG.webp","contentUrl":"https:\/\/dmcsrb.com\/wp-content\/uploads\/2026\/01\/Ajkulice-selektor-Milic-VPSCG.webp","width":2048,"height":1726},{"@type":"BreadcrumbList","@id":"https:\/\/dmcsrb.com\/sport\/ajkulice-spremne-za-zlatni-ugriz-crna-gora-veceras-protiv-srbije-za-evropski-tron\/#breadcrumb","itemListElement":[{"@type":"ListItem","position":1,"name":"Home","item":"https:\/\/dmcsrb.com\/"},{"@type":"ListItem","position":2,"name":"&#8220;Ajkulice&#8221; spremne za zlatni ugriz: Crna Gora ve\u010deras protiv Srbije za evropski tron"}]},{"@type":"WebSite","@id":"https:\/\/dmcsrb.com\/#website","url":"https:\/\/dmcsrb.com\/","name":"dmcsrb.com","description":"","potentialAction":[{"@type":"SearchAction","target":{"@type":"EntryPoint","urlTemplate":"https:\/\/dmcsrb.com\/?s={search_term_string}"},"query-input":{"@type":"PropertyValueSpecification","valueRequired":true,"valueName":"search_term_string"}}],"inLanguage":"en-GB"},{"@type":"Person","@id":"https:\/\/dmcsrb.com\/#\/schema\/person\/5c39170f12db1b8b457732d0b5c854e2","name":"dmcsrbija.com@gmail.com","image":{"@type":"ImageObject","inLanguage":"en-GB","@id":"https:\/\/secure.gravatar.com\/avatar\/68592660ad6347fad0fb587f8d5d8f1a7b44961362f56e4f2cd524feb87e9069?s=96&d=mm&r=g","url":"https:\/\/secure.gravatar.com\/avatar\/68592660ad6347fad0fb587f8d5d8f1a7b44961362f56e4f2cd524feb87e9069?s=96&d=mm&r=g","contentUrl":"https:\/\/secure.gravatar.com\/avatar\/68592660ad6347fad0fb587f8d5d8f1a7b44961362f56e4f2cd524feb87e9069?s=96&d=mm&r=g","caption":"dmcsrbija.com@gmail.com"},"sameAs":["https:\/\/dmcsrb.com"],"url":"https:\/\/dmcsrb.com\/en\/author\/dmcsrbija-comgmail-com\/"}]}},"_links":{"self":[{"href":"https:\/\/dmcsrb.com\/en\/wp-json\/wp\/v2\/posts\/947969","targetHints":{"allow":["GET"]}}],"collection":[{"href":"https:\/\/dmcsrb.com\/en\/wp-json\/wp\/v2\/posts"}],"about":[{"href":"https:\/\/dmcsrb.com\/en\/wp-json\/wp\/v2\/types\/post"}],"author":[{"embeddable":true,"href":"https:\/\/dmcsrb.com\/en\/wp-json\/wp\/v2\/users\/1"}],"replies":[{"embeddable":true,"href":"https:\/\/dmcsrb.com\/en\/wp-json\/wp\/v2\/comments?post=947969"}],"version-history":[{"count":0,"href":"https:\/\/dmcsrb.com\/en\/wp-json\/wp\/v2\/posts\/947969\/revisions"}],"wp:featuredmedia":[{"embeddable":true,"href":"https:\/\/dmcsrb.com\/en\/wp-json\/wp\/v2\/media\/946976"}],"wp:attachment":[{"href":"https:\/\/dmcsrb.com\/en\/wp-json\/wp\/v2\/media?parent=947969"}],"wp:term":[{"taxonomy":"category","embeddable":true,"href":"https:\/\/dmcsrb.com\/en\/wp-json\/wp\/v2\/categories?post=947969"},{"taxonomy":"post_tag","embeddable":true,"href":"https:\/\/dmcsrb.com\/en\/wp-json\/wp\/v2\/tags?post=947969"},{"taxonomy":"naslovna","embeddable":true,"href":"https:\/\/dmcsrb.com\/en\/wp-json\/wp\/v2\/naslovna?post=947969"}],"curies":[{"name":"wp","href":"https:\/\/api.w.org\/{rel}","templated":true}]}}