{"id":947951,"date":"2025-08-23T19:45:31","date_gmt":"2025-08-23T17:45:31","guid":{"rendered":"https:\/\/dmcsrb.com\/uncategorized\/srbija-rival-crne-gore-u-borbi-za-evropsko-zlato\/"},"modified":"2025-08-23T19:45:31","modified_gmt":"2025-08-23T17:45:31","slug":"srbija-rival-crne-gore-u-borbi-za-evropsko-zlato","status":"publish","type":"post","link":"https:\/\/dmcsrb.com\/en\/sport\/srbija-rival-crne-gore-u-borbi-za-evropsko-zlato\/","title":{"rendered":"Srbija rival Crne Gore u borbi za evropsko zlato"},"content":{"rendered":"<p>Mladi &#8220;delfini&#8221; su u drugom polufinalu nadigrali selekciju Gr\u010dke (20:14).<\/p>\n\n\n\n<p>Podsje\u0107anja radi, &#8220;ajkulice&#8221; su ne\u0161to ranije bile ubjedljive protiv Italije (10:6). <\/p>\n\n\n\n<p>Crna Gora i Srbija su ve\u0107 odmjerilii snage na ovom \u0161ampionatu i to u 1. kolu, kada je na\u0161 nacionalni tim slavio (9:8). <\/p>\n\n\n\n<p>Finale je sjutra, sa po\u010detkom od 18 sati i 30 minuta.<\/p>\n\n\n\n<figure class=\"wp-block-embed is-type-wp-embed is-provider-gradski-portal wp-block-embed-gradski-portal\"><div class=\"wp-block-embed__wrapper\">\nhttps:\/\/gradski.me\/dominacija-protiv-italije-ajkulice-u-finalu-evropskog-prvenstva\/\n<\/div><\/figure>","protected":false},"excerpt":{"rendered":"<p>Protivnik Crne Gore u finalu Evropskog prvenstva za igra\u010de do 18 godina bi\u0107e Srbija.<\/p>","protected":false},"author":1,"featured_media":947352,"comment_status":"open","ping_status":"open","sticky":false,"template":"","format":"standard","meta":{"_acf_changed":false,"footnotes":""},"categories":[148],"tags":[18277,17944,18278],"naslovna":[],"class_list":["post-947951","post","type-post","status-publish","format-standard","has-post-thumbnail","hentry","category-sport","tag-evropsko-prvenstvo-za-igrace-do-18-godina","tag-juniorska-vaterpolo-reprezentacija-crne-gore","tag-juniorska-vaterpolo-reprezentacija-srbije"],"acf":[],"yoast_head":"<!-- This site is optimized with the Yoast SEO plugin v27.4 - https:\/\/yoast.com\/product\/yoast-seo-wordpress\/ -->\n<title>Srbija rival Crne Gore u borbi za evropsko zlato - dmcsrb.com<\/title>\n<meta name=\"robots\" content=\"index, follow, max-snippet:-1, max-image-preview:large, max-video-preview:-1\" \/>\n<link rel=\"canonical\" href=\"https:\/\/dmcsrb.com\/en\/sport\/srbija-rival-crne-gore-u-borbi-za-evropsko-zlato\/\" \/>\n<meta property=\"og:locale\" content=\"en_GB\" \/>\n<meta property=\"og:type\" content=\"article\" \/>\n<meta property=\"og:title\" content=\"Srbija rival Crne Gore u borbi za evropsko zlato - dmcsrb.com\" \/>\n<meta property=\"og:description\" content=\"Protivnik Crne Gore u finalu Evropskog prvenstva za igra\u010de do 18 godina bi\u0107e Srbija.\" \/>\n<meta property=\"og:url\" content=\"https:\/\/dmcsrb.com\/en\/sport\/srbija-rival-crne-gore-u-borbi-za-evropsko-zlato\/\" \/>\n<meta property=\"og:site_name\" content=\"dmcsrb.com\" \/>\n<meta property=\"article:published_time\" content=\"2025-08-23T17:45:31+00:00\" \/>\n<meta property=\"og:image\" content=\"https:\/\/dmcsrb.com\/wp-content\/uploads\/2026\/01\/Juniori-protiv-Spanije-VPSCG.webp\" \/>\n\t<meta property=\"og:image:width\" content=\"1280\" \/>\n\t<meta property=\"og:image:height\" content=\"853\" \/>\n\t<meta property=\"og:image:type\" content=\"image\/webp\" \/>\n<meta name=\"author\" content=\"dmcsrbija.com@gmail.com\" \/>\n<meta name=\"twitter:card\" content=\"summary_large_image\" \/>\n<meta name=\"twitter:label1\" content=\"Written by\" \/>\n\t<meta name=\"twitter:data1\" content=\"dmcsrbija.com@gmail.com\" \/>\n<script type=\"application\/ld+json\" class=\"yoast-schema-graph\">{\"@context\":\"https:\\\/\\\/schema.org\",\"@graph\":[{\"@type\":\"Article\",\"@id\":\"https:\\\/\\\/dmcsrb.com\\\/sport\\\/srbija-rival-crne-gore-u-borbi-za-evropsko-zlato\\\/#article\",\"isPartOf\":{\"@id\":\"https:\\\/\\\/dmcsrb.com\\\/sport\\\/srbija-rival-crne-gore-u-borbi-za-evropsko-zlato\\\/\"},\"author\":{\"name\":\"dmcsrbija.com@gmail.com\",\"@id\":\"https:\\\/\\\/dmcsrb.com\\\/#\\\/schema\\\/person\\\/5c39170f12db1b8b457732d0b5c854e2\"},\"headline\":\"Srbija rival Crne Gore u borbi za evropsko zlato\",\"datePublished\":\"2025-08-23T17:45:31+00:00\",\"mainEntityOfPage\":{\"@id\":\"https:\\\/\\\/dmcsrb.com\\\/sport\\\/srbija-rival-crne-gore-u-borbi-za-evropsko-zlato\\\/\"},\"wordCount\":66,\"commentCount\":0,\"image\":{\"@id\":\"https:\\\/\\\/dmcsrb.com\\\/sport\\\/srbija-rival-crne-gore-u-borbi-za-evropsko-zlato\\\/#primaryimage\"},\"thumbnailUrl\":\"https:\\\/\\\/dmcsrb.com\\\/wp-content\\\/uploads\\\/2026\\\/01\\\/Juniori-protiv-Spanije-VPSCG.webp\",\"keywords\":[\"Evropsko prvenstvo za igra\u010de do 18 godina\",\"Juniorska vaterpolo reprezentacija Crne Gore\",\"Juniorska vaterpolo reprezentacija Srbije\"],\"articleSection\":[\"Sport\"],\"inLanguage\":\"en-GB\",\"potentialAction\":[{\"@type\":\"CommentAction\",\"name\":\"Comment\",\"target\":[\"https:\\\/\\\/dmcsrb.com\\\/sport\\\/srbija-rival-crne-gore-u-borbi-za-evropsko-zlato\\\/#respond\"]}]},{\"@type\":\"WebPage\",\"@id\":\"https:\\\/\\\/dmcsrb.com\\\/sport\\\/srbija-rival-crne-gore-u-borbi-za-evropsko-zlato\\\/\",\"url\":\"https:\\\/\\\/dmcsrb.com\\\/sport\\\/srbija-rival-crne-gore-u-borbi-za-evropsko-zlato\\\/\",\"name\":\"Srbija rival Crne Gore u borbi za evropsko zlato - dmcsrb.com\",\"isPartOf\":{\"@id\":\"https:\\\/\\\/dmcsrb.com\\\/#website\"},\"primaryImageOfPage\":{\"@id\":\"https:\\\/\\\/dmcsrb.com\\\/sport\\\/srbija-rival-crne-gore-u-borbi-za-evropsko-zlato\\\/#primaryimage\"},\"image\":{\"@id\":\"https:\\\/\\\/dmcsrb.com\\\/sport\\\/srbija-rival-crne-gore-u-borbi-za-evropsko-zlato\\\/#primaryimage\"},\"thumbnailUrl\":\"https:\\\/\\\/dmcsrb.com\\\/wp-content\\\/uploads\\\/2026\\\/01\\\/Juniori-protiv-Spanije-VPSCG.webp\",\"datePublished\":\"2025-08-23T17:45:31+00:00\",\"author\":{\"@id\":\"https:\\\/\\\/dmcsrb.com\\\/#\\\/schema\\\/person\\\/5c39170f12db1b8b457732d0b5c854e2\"},\"breadcrumb\":{\"@id\":\"https:\\\/\\\/dmcsrb.com\\\/sport\\\/srbija-rival-crne-gore-u-borbi-za-evropsko-zlato\\\/#breadcrumb\"},\"inLanguage\":\"en-GB\",\"potentialAction\":[{\"@type\":\"ReadAction\",\"target\":[\"https:\\\/\\\/dmcsrb.com\\\/sport\\\/srbija-rival-crne-gore-u-borbi-za-evropsko-zlato\\\/\"]}]},{\"@type\":\"ImageObject\",\"inLanguage\":\"en-GB\",\"@id\":\"https:\\\/\\\/dmcsrb.com\\\/sport\\\/srbija-rival-crne-gore-u-borbi-za-evropsko-zlato\\\/#primaryimage\",\"url\":\"https:\\\/\\\/dmcsrb.com\\\/wp-content\\\/uploads\\\/2026\\\/01\\\/Juniori-protiv-Spanije-VPSCG.webp\",\"contentUrl\":\"https:\\\/\\\/dmcsrb.com\\\/wp-content\\\/uploads\\\/2026\\\/01\\\/Juniori-protiv-Spanije-VPSCG.webp\",\"width\":1280,\"height\":853},{\"@type\":\"BreadcrumbList\",\"@id\":\"https:\\\/\\\/dmcsrb.com\\\/sport\\\/srbija-rival-crne-gore-u-borbi-za-evropsko-zlato\\\/#breadcrumb\",\"itemListElement\":[{\"@type\":\"ListItem\",\"position\":1,\"name\":\"Home\",\"item\":\"https:\\\/\\\/dmcsrb.com\\\/\"},{\"@type\":\"ListItem\",\"position\":2,\"name\":\"Srbija rival Crne Gore u borbi za evropsko zlato\"}]},{\"@type\":\"WebSite\",\"@id\":\"https:\\\/\\\/dmcsrb.com\\\/#website\",\"url\":\"https:\\\/\\\/dmcsrb.com\\\/\",\"name\":\"dmcsrb.com\",\"description\":\"\",\"potentialAction\":[{\"@type\":\"SearchAction\",\"target\":{\"@type\":\"EntryPoint\",\"urlTemplate\":\"https:\\\/\\\/dmcsrb.com\\\/?s={search_term_string}\"},\"query-input\":{\"@type\":\"PropertyValueSpecification\",\"valueRequired\":true,\"valueName\":\"search_term_string\"}}],\"inLanguage\":\"en-GB\"},{\"@type\":\"Person\",\"@id\":\"https:\\\/\\\/dmcsrb.com\\\/#\\\/schema\\\/person\\\/5c39170f12db1b8b457732d0b5c854e2\",\"name\":\"dmcsrbija.com@gmail.com\",\"image\":{\"@type\":\"ImageObject\",\"inLanguage\":\"en-GB\",\"@id\":\"https:\\\/\\\/secure.gravatar.com\\\/avatar\\\/68592660ad6347fad0fb587f8d5d8f1a7b44961362f56e4f2cd524feb87e9069?s=96&d=mm&r=g\",\"url\":\"https:\\\/\\\/secure.gravatar.com\\\/avatar\\\/68592660ad6347fad0fb587f8d5d8f1a7b44961362f56e4f2cd524feb87e9069?s=96&d=mm&r=g\",\"contentUrl\":\"https:\\\/\\\/secure.gravatar.com\\\/avatar\\\/68592660ad6347fad0fb587f8d5d8f1a7b44961362f56e4f2cd524feb87e9069?s=96&d=mm&r=g\",\"caption\":\"dmcsrbija.com@gmail.com\"},\"sameAs\":[\"https:\\\/\\\/dmcsrb.com\"],\"url\":\"https:\\\/\\\/dmcsrb.com\\\/en\\\/author\\\/dmcsrbija-comgmail-com\\\/\"}]}<\/script>\n<!-- \/ Yoast SEO plugin. -->","yoast_head_json":{"title":"Srbija rival Crne Gore u borbi za evropsko zlato - dmcsrb.com","robots":{"index":"index","follow":"follow","max-snippet":"max-snippet:-1","max-image-preview":"max-image-preview:large","max-video-preview":"max-video-preview:-1"},"canonical":"https:\/\/dmcsrb.com\/en\/sport\/srbija-rival-crne-gore-u-borbi-za-evropsko-zlato\/","og_locale":"en_GB","og_type":"article","og_title":"Srbija rival Crne Gore u borbi za evropsko zlato - dmcsrb.com","og_description":"Protivnik Crne Gore u finalu Evropskog prvenstva za igra\u010de do 18 godina bi\u0107e Srbija.","og_url":"https:\/\/dmcsrb.com\/en\/sport\/srbija-rival-crne-gore-u-borbi-za-evropsko-zlato\/","og_site_name":"dmcsrb.com","article_published_time":"2025-08-23T17:45:31+00:00","og_image":[{"width":1280,"height":853,"url":"https:\/\/dmcsrb.com\/wp-content\/uploads\/2026\/01\/Juniori-protiv-Spanije-VPSCG.webp","type":"image\/webp"}],"author":"dmcsrbija.com@gmail.com","twitter_card":"summary_large_image","twitter_misc":{"Written by":"dmcsrbija.com@gmail.com"},"schema":{"@context":"https:\/\/schema.org","@graph":[{"@type":"Article","@id":"https:\/\/dmcsrb.com\/sport\/srbija-rival-crne-gore-u-borbi-za-evropsko-zlato\/#article","isPartOf":{"@id":"https:\/\/dmcsrb.com\/sport\/srbija-rival-crne-gore-u-borbi-za-evropsko-zlato\/"},"author":{"name":"dmcsrbija.com@gmail.com","@id":"https:\/\/dmcsrb.com\/#\/schema\/person\/5c39170f12db1b8b457732d0b5c854e2"},"headline":"Srbija rival Crne Gore u borbi za evropsko zlato","datePublished":"2025-08-23T17:45:31+00:00","mainEntityOfPage":{"@id":"https:\/\/dmcsrb.com\/sport\/srbija-rival-crne-gore-u-borbi-za-evropsko-zlato\/"},"wordCount":66,"commentCount":0,"image":{"@id":"https:\/\/dmcsrb.com\/sport\/srbija-rival-crne-gore-u-borbi-za-evropsko-zlato\/#primaryimage"},"thumbnailUrl":"https:\/\/dmcsrb.com\/wp-content\/uploads\/2026\/01\/Juniori-protiv-Spanije-VPSCG.webp","keywords":["Evropsko prvenstvo za igra\u010de do 18 godina","Juniorska vaterpolo reprezentacija Crne Gore","Juniorska vaterpolo reprezentacija Srbije"],"articleSection":["Sport"],"inLanguage":"en-GB","potentialAction":[{"@type":"CommentAction","name":"Comment","target":["https:\/\/dmcsrb.com\/sport\/srbija-rival-crne-gore-u-borbi-za-evropsko-zlato\/#respond"]}]},{"@type":"WebPage","@id":"https:\/\/dmcsrb.com\/sport\/srbija-rival-crne-gore-u-borbi-za-evropsko-zlato\/","url":"https:\/\/dmcsrb.com\/sport\/srbija-rival-crne-gore-u-borbi-za-evropsko-zlato\/","name":"Srbija rival Crne Gore u borbi za evropsko zlato - dmcsrb.com","isPartOf":{"@id":"https:\/\/dmcsrb.com\/#website"},"primaryImageOfPage":{"@id":"https:\/\/dmcsrb.com\/sport\/srbija-rival-crne-gore-u-borbi-za-evropsko-zlato\/#primaryimage"},"image":{"@id":"https:\/\/dmcsrb.com\/sport\/srbija-rival-crne-gore-u-borbi-za-evropsko-zlato\/#primaryimage"},"thumbnailUrl":"https:\/\/dmcsrb.com\/wp-content\/uploads\/2026\/01\/Juniori-protiv-Spanije-VPSCG.webp","datePublished":"2025-08-23T17:45:31+00:00","author":{"@id":"https:\/\/dmcsrb.com\/#\/schema\/person\/5c39170f12db1b8b457732d0b5c854e2"},"breadcrumb":{"@id":"https:\/\/dmcsrb.com\/sport\/srbija-rival-crne-gore-u-borbi-za-evropsko-zlato\/#breadcrumb"},"inLanguage":"en-GB","potentialAction":[{"@type":"ReadAction","target":["https:\/\/dmcsrb.com\/sport\/srbija-rival-crne-gore-u-borbi-za-evropsko-zlato\/"]}]},{"@type":"ImageObject","inLanguage":"en-GB","@id":"https:\/\/dmcsrb.com\/sport\/srbija-rival-crne-gore-u-borbi-za-evropsko-zlato\/#primaryimage","url":"https:\/\/dmcsrb.com\/wp-content\/uploads\/2026\/01\/Juniori-protiv-Spanije-VPSCG.webp","contentUrl":"https:\/\/dmcsrb.com\/wp-content\/uploads\/2026\/01\/Juniori-protiv-Spanije-VPSCG.webp","width":1280,"height":853},{"@type":"BreadcrumbList","@id":"https:\/\/dmcsrb.com\/sport\/srbija-rival-crne-gore-u-borbi-za-evropsko-zlato\/#breadcrumb","itemListElement":[{"@type":"ListItem","position":1,"name":"Home","item":"https:\/\/dmcsrb.com\/"},{"@type":"ListItem","position":2,"name":"Srbija rival Crne Gore u borbi za evropsko zlato"}]},{"@type":"WebSite","@id":"https:\/\/dmcsrb.com\/#website","url":"https:\/\/dmcsrb.com\/","name":"dmcsrb.com","description":"","potentialAction":[{"@type":"SearchAction","target":{"@type":"EntryPoint","urlTemplate":"https:\/\/dmcsrb.com\/?s={search_term_string}"},"query-input":{"@type":"PropertyValueSpecification","valueRequired":true,"valueName":"search_term_string"}}],"inLanguage":"en-GB"},{"@type":"Person","@id":"https:\/\/dmcsrb.com\/#\/schema\/person\/5c39170f12db1b8b457732d0b5c854e2","name":"dmcsrbija.com@gmail.com","image":{"@type":"ImageObject","inLanguage":"en-GB","@id":"https:\/\/secure.gravatar.com\/avatar\/68592660ad6347fad0fb587f8d5d8f1a7b44961362f56e4f2cd524feb87e9069?s=96&d=mm&r=g","url":"https:\/\/secure.gravatar.com\/avatar\/68592660ad6347fad0fb587f8d5d8f1a7b44961362f56e4f2cd524feb87e9069?s=96&d=mm&r=g","contentUrl":"https:\/\/secure.gravatar.com\/avatar\/68592660ad6347fad0fb587f8d5d8f1a7b44961362f56e4f2cd524feb87e9069?s=96&d=mm&r=g","caption":"dmcsrbija.com@gmail.com"},"sameAs":["https:\/\/dmcsrb.com"],"url":"https:\/\/dmcsrb.com\/en\/author\/dmcsrbija-comgmail-com\/"}]}},"_links":{"self":[{"href":"https:\/\/dmcsrb.com\/en\/wp-json\/wp\/v2\/posts\/947951","targetHints":{"allow":["GET"]}}],"collection":[{"href":"https:\/\/dmcsrb.com\/en\/wp-json\/wp\/v2\/posts"}],"about":[{"href":"https:\/\/dmcsrb.com\/en\/wp-json\/wp\/v2\/types\/post"}],"author":[{"embeddable":true,"href":"https:\/\/dmcsrb.com\/en\/wp-json\/wp\/v2\/users\/1"}],"replies":[{"embeddable":true,"href":"https:\/\/dmcsrb.com\/en\/wp-json\/wp\/v2\/comments?post=947951"}],"version-history":[{"count":0,"href":"https:\/\/dmcsrb.com\/en\/wp-json\/wp\/v2\/posts\/947951\/revisions"}],"wp:featuredmedia":[{"embeddable":true,"href":"https:\/\/dmcsrb.com\/en\/wp-json\/wp\/v2\/media\/947352"}],"wp:attachment":[{"href":"https:\/\/dmcsrb.com\/en\/wp-json\/wp\/v2\/media?parent=947951"}],"wp:term":[{"taxonomy":"category","embeddable":true,"href":"https:\/\/dmcsrb.com\/en\/wp-json\/wp\/v2\/categories?post=947951"},{"taxonomy":"post_tag","embeddable":true,"href":"https:\/\/dmcsrb.com\/en\/wp-json\/wp\/v2\/tags?post=947951"},{"taxonomy":"naslovna","embeddable":true,"href":"https:\/\/dmcsrb.com\/en\/wp-json\/wp\/v2\/naslovna?post=947951"}],"curies":[{"name":"wp","href":"https:\/\/api.w.org\/{rel}","templated":true}]}}