{"id":947916,"date":"2025-08-23T17:15:00","date_gmt":"2025-08-23T15:15:00","guid":{"rendered":"https:\/\/dmcsrb.com\/uncategorized\/dominacija-protiv-italije-ajkulice-u-finalu-evropskog-prvenstva\/"},"modified":"2025-08-23T17:15:00","modified_gmt":"2025-08-23T15:15:00","slug":"dominacija-protiv-italije-ajkulice-u-finalu-evropskog-prvenstva","status":"publish","type":"post","link":"https:\/\/dmcsrb.com\/en\/sport\/dominacija-protiv-italije-ajkulice-u-finalu-evropskog-prvenstva\/","title":{"rendered":"Dominacija protiv Italije &#8211; &#8220;Ajkulice&#8221; u finalu Evropskog prvenstva"},"content":{"rendered":"<p>Izabranici selektora Neboj\u0161e Mili\u0107a u polufinalu su nadigrali selekciju Italije (10:6), pa \u0107e sjutra za zlato igrati sa pobjednikom drugog polufinala u kom se sastaju Srbija i Gr\u010dka. <\/p>\n\n\n\n<p>Crna Gora je sjajno otvorila me\u010d i golovima Ognjena Mora\u010danina Danila Stupara i Luke Todorovi\u0107a povela 3:0 i poslala jasnu poruku rivalu.<\/p>\n\n\n\n<p>Imali su na\u0161i juniori potom i 5:2 sredinom druge \u010detvrtine, ali je &#8220;setebelo&#8221; serijom 3:1 pri\u0161ao na samo gol minusa &#8211; 6:5, ali je Nikola Petrovi\u0107 sjajnim golom sedam sekundi prije odlaska na obaveznu pauzu povisio rezultat na 7:5.<\/p>\n\n\n\n<p>&#8220;Ajkulice&#8221; su u nastavku igrale fenomenalnu odbranu na \u010delu sa golmanom Marko Pejovi\u0107em, pa je sve bilo prakti\u010dno rije\u0161eno pred odlu\u0107uju\u0107i kvartal kada je semafor pokazivao velikih i nedosti\u017enih 10:5 nakon pogotka Stupara sa polovine bazena. Sve \u0161to je Italija uspjela do kraja, jeste da ubla\u017ei poraz golom dva minuta prije kraja.<\/p>\n\n\n\n<p>Upravo je Stupar bio najefikasniji u pobjedni\u010dkoj ekipi sa tri gola. Strahinja Gojkovi\u0107 je postigao dva, dok su se po jednom u strijelce upisali Mora\u010danin, Petrovi\u0107, Todorovi\u0107, Andrija Roganovi\u0107 i Miljan Bo\u0161kovi\u0107.<\/p>\n\n\n\n<p>Kako god da se zavr\u0161i sjutra\u0161nji susret, juniori su ve\u0107 sada osigurali 14. medalju za crnogorski vaterpolo kada su u pitanju velika takmi\u010denja.<\/p>","protected":false},"excerpt":{"rendered":"<p>Juniorska vaterpolo reprezentacija Crne Gore igra\u0107e u finalu Evropskog prvenstva za igra\u010de do 18 godina.<\/p>","protected":false},"author":1,"featured_media":947917,"comment_status":"open","ping_status":"open","sticky":false,"template":"","format":"standard","meta":{"_acf_changed":false,"footnotes":""},"categories":[148],"tags":[17513,17944,18160],"naslovna":[],"class_list":["post-947916","post","type-post","status-publish","format-standard","has-post-thumbnail","hentry","category-sport","tag-evropsko-prvenstvo-za-vaterpoliste-do-18-godina","tag-juniorska-vaterpolo-reprezentacija-crne-gore","tag-juniorska-vaterpolo-reprezentacija-italije"],"acf":[],"yoast_head":"<!-- This site is optimized with the Yoast SEO plugin v27.4 - https:\/\/yoast.com\/product\/yoast-seo-wordpress\/ -->\n<title>Dominacija protiv Italije - &quot;Ajkulice&quot; u finalu Evropskog prvenstva - dmcsrb.com<\/title>\n<meta name=\"robots\" content=\"index, follow, max-snippet:-1, max-image-preview:large, max-video-preview:-1\" \/>\n<link rel=\"canonical\" href=\"https:\/\/dmcsrb.com\/en\/sport\/dominacija-protiv-italije-ajkulice-u-finalu-evropskog-prvenstva\/\" \/>\n<meta property=\"og:locale\" content=\"en_GB\" \/>\n<meta property=\"og:type\" content=\"article\" \/>\n<meta property=\"og:title\" content=\"Dominacija protiv Italije - &quot;Ajkulice&quot; u finalu Evropskog prvenstva - dmcsrb.com\" \/>\n<meta property=\"og:description\" content=\"Juniorska vaterpolo reprezentacija Crne Gore igra\u0107e u finalu Evropskog prvenstva za igra\u010de do 18 godina.\" \/>\n<meta property=\"og:url\" content=\"https:\/\/dmcsrb.com\/en\/sport\/dominacija-protiv-italije-ajkulice-u-finalu-evropskog-prvenstva\/\" \/>\n<meta property=\"og:site_name\" content=\"dmcsrb.com\" \/>\n<meta property=\"article:published_time\" content=\"2025-08-23T15:15:00+00:00\" \/>\n<meta property=\"og:image\" content=\"https:\/\/dmcsrb.com\/wp-content\/uploads\/2026\/01\/Juniori-selektor-VPSCG.webp\" \/>\n\t<meta property=\"og:image:width\" content=\"1000\" \/>\n\t<meta property=\"og:image:height\" content=\"666\" \/>\n\t<meta property=\"og:image:type\" content=\"image\/jpeg\" \/>\n<meta name=\"author\" content=\"dmcsrbija.com@gmail.com\" \/>\n<meta name=\"twitter:card\" content=\"summary_large_image\" \/>\n<meta name=\"twitter:label1\" content=\"Written by\" \/>\n\t<meta name=\"twitter:data1\" content=\"dmcsrbija.com@gmail.com\" \/>\n\t<meta name=\"twitter:label2\" content=\"Estimated reading time\" \/>\n\t<meta name=\"twitter:data2\" content=\"1 minute\" \/>\n<script type=\"application\/ld+json\" class=\"yoast-schema-graph\">{\"@context\":\"https:\\\/\\\/schema.org\",\"@graph\":[{\"@type\":\"Article\",\"@id\":\"https:\\\/\\\/dmcsrb.com\\\/sport\\\/dominacija-protiv-italije-ajkulice-u-finalu-evropskog-prvenstva\\\/#article\",\"isPartOf\":{\"@id\":\"https:\\\/\\\/dmcsrb.com\\\/sport\\\/dominacija-protiv-italije-ajkulice-u-finalu-evropskog-prvenstva\\\/\"},\"author\":{\"name\":\"dmcsrbija.com@gmail.com\",\"@id\":\"https:\\\/\\\/dmcsrb.com\\\/#\\\/schema\\\/person\\\/5c39170f12db1b8b457732d0b5c854e2\"},\"headline\":\"Dominacija protiv Italije &#8211; &#8220;Ajkulice&#8221; u finalu Evropskog prvenstva\",\"datePublished\":\"2025-08-23T15:15:00+00:00\",\"mainEntityOfPage\":{\"@id\":\"https:\\\/\\\/dmcsrb.com\\\/sport\\\/dominacija-protiv-italije-ajkulice-u-finalu-evropskog-prvenstva\\\/\"},\"wordCount\":217,\"commentCount\":0,\"image\":{\"@id\":\"https:\\\/\\\/dmcsrb.com\\\/sport\\\/dominacija-protiv-italije-ajkulice-u-finalu-evropskog-prvenstva\\\/#primaryimage\"},\"thumbnailUrl\":\"https:\\\/\\\/dmcsrb.com\\\/wp-content\\\/uploads\\\/2026\\\/01\\\/Juniori-selektor-VPSCG.webp\",\"keywords\":[\"Evropsko prvenstvo za vaterpoliste do 18 godina\",\"Juniorska vaterpolo reprezentacija Crne Gore\",\"Juniorska vaterpolo reprezentacija Italije\"],\"articleSection\":[\"Sport\"],\"inLanguage\":\"en-GB\",\"potentialAction\":[{\"@type\":\"CommentAction\",\"name\":\"Comment\",\"target\":[\"https:\\\/\\\/dmcsrb.com\\\/sport\\\/dominacija-protiv-italije-ajkulice-u-finalu-evropskog-prvenstva\\\/#respond\"]}]},{\"@type\":\"WebPage\",\"@id\":\"https:\\\/\\\/dmcsrb.com\\\/sport\\\/dominacija-protiv-italije-ajkulice-u-finalu-evropskog-prvenstva\\\/\",\"url\":\"https:\\\/\\\/dmcsrb.com\\\/sport\\\/dominacija-protiv-italije-ajkulice-u-finalu-evropskog-prvenstva\\\/\",\"name\":\"Dominacija protiv Italije - \\\"Ajkulice\\\" u finalu Evropskog prvenstva - dmcsrb.com\",\"isPartOf\":{\"@id\":\"https:\\\/\\\/dmcsrb.com\\\/#website\"},\"primaryImageOfPage\":{\"@id\":\"https:\\\/\\\/dmcsrb.com\\\/sport\\\/dominacija-protiv-italije-ajkulice-u-finalu-evropskog-prvenstva\\\/#primaryimage\"},\"image\":{\"@id\":\"https:\\\/\\\/dmcsrb.com\\\/sport\\\/dominacija-protiv-italije-ajkulice-u-finalu-evropskog-prvenstva\\\/#primaryimage\"},\"thumbnailUrl\":\"https:\\\/\\\/dmcsrb.com\\\/wp-content\\\/uploads\\\/2026\\\/01\\\/Juniori-selektor-VPSCG.webp\",\"datePublished\":\"2025-08-23T15:15:00+00:00\",\"author\":{\"@id\":\"https:\\\/\\\/dmcsrb.com\\\/#\\\/schema\\\/person\\\/5c39170f12db1b8b457732d0b5c854e2\"},\"breadcrumb\":{\"@id\":\"https:\\\/\\\/dmcsrb.com\\\/sport\\\/dominacija-protiv-italije-ajkulice-u-finalu-evropskog-prvenstva\\\/#breadcrumb\"},\"inLanguage\":\"en-GB\",\"potentialAction\":[{\"@type\":\"ReadAction\",\"target\":[\"https:\\\/\\\/dmcsrb.com\\\/sport\\\/dominacija-protiv-italije-ajkulice-u-finalu-evropskog-prvenstva\\\/\"]}]},{\"@type\":\"ImageObject\",\"inLanguage\":\"en-GB\",\"@id\":\"https:\\\/\\\/dmcsrb.com\\\/sport\\\/dominacija-protiv-italije-ajkulice-u-finalu-evropskog-prvenstva\\\/#primaryimage\",\"url\":\"https:\\\/\\\/dmcsrb.com\\\/wp-content\\\/uploads\\\/2026\\\/01\\\/Juniori-selektor-VPSCG.webp\",\"contentUrl\":\"https:\\\/\\\/dmcsrb.com\\\/wp-content\\\/uploads\\\/2026\\\/01\\\/Juniori-selektor-VPSCG.webp\",\"width\":1000,\"height\":666},{\"@type\":\"BreadcrumbList\",\"@id\":\"https:\\\/\\\/dmcsrb.com\\\/sport\\\/dominacija-protiv-italije-ajkulice-u-finalu-evropskog-prvenstva\\\/#breadcrumb\",\"itemListElement\":[{\"@type\":\"ListItem\",\"position\":1,\"name\":\"Home\",\"item\":\"https:\\\/\\\/dmcsrb.com\\\/\"},{\"@type\":\"ListItem\",\"position\":2,\"name\":\"Dominacija protiv Italije &#8211; &#8220;Ajkulice&#8221; u finalu Evropskog prvenstva\"}]},{\"@type\":\"WebSite\",\"@id\":\"https:\\\/\\\/dmcsrb.com\\\/#website\",\"url\":\"https:\\\/\\\/dmcsrb.com\\\/\",\"name\":\"dmcsrb.com\",\"description\":\"\",\"potentialAction\":[{\"@type\":\"SearchAction\",\"target\":{\"@type\":\"EntryPoint\",\"urlTemplate\":\"https:\\\/\\\/dmcsrb.com\\\/?s={search_term_string}\"},\"query-input\":{\"@type\":\"PropertyValueSpecification\",\"valueRequired\":true,\"valueName\":\"search_term_string\"}}],\"inLanguage\":\"en-GB\"},{\"@type\":\"Person\",\"@id\":\"https:\\\/\\\/dmcsrb.com\\\/#\\\/schema\\\/person\\\/5c39170f12db1b8b457732d0b5c854e2\",\"name\":\"dmcsrbija.com@gmail.com\",\"image\":{\"@type\":\"ImageObject\",\"inLanguage\":\"en-GB\",\"@id\":\"https:\\\/\\\/secure.gravatar.com\\\/avatar\\\/68592660ad6347fad0fb587f8d5d8f1a7b44961362f56e4f2cd524feb87e9069?s=96&d=mm&r=g\",\"url\":\"https:\\\/\\\/secure.gravatar.com\\\/avatar\\\/68592660ad6347fad0fb587f8d5d8f1a7b44961362f56e4f2cd524feb87e9069?s=96&d=mm&r=g\",\"contentUrl\":\"https:\\\/\\\/secure.gravatar.com\\\/avatar\\\/68592660ad6347fad0fb587f8d5d8f1a7b44961362f56e4f2cd524feb87e9069?s=96&d=mm&r=g\",\"caption\":\"dmcsrbija.com@gmail.com\"},\"sameAs\":[\"https:\\\/\\\/dmcsrb.com\"],\"url\":\"https:\\\/\\\/dmcsrb.com\\\/en\\\/author\\\/dmcsrbija-comgmail-com\\\/\"}]}<\/script>\n<!-- \/ Yoast SEO plugin. -->","yoast_head_json":{"title":"Dominacija protiv Italije - \"Ajkulice\" u finalu Evropskog prvenstva - dmcsrb.com","robots":{"index":"index","follow":"follow","max-snippet":"max-snippet:-1","max-image-preview":"max-image-preview:large","max-video-preview":"max-video-preview:-1"},"canonical":"https:\/\/dmcsrb.com\/en\/sport\/dominacija-protiv-italije-ajkulice-u-finalu-evropskog-prvenstva\/","og_locale":"en_GB","og_type":"article","og_title":"Dominacija protiv Italije - \"Ajkulice\" u finalu Evropskog prvenstva - dmcsrb.com","og_description":"Juniorska vaterpolo reprezentacija Crne Gore igra\u0107e u finalu Evropskog prvenstva za igra\u010de do 18 godina.","og_url":"https:\/\/dmcsrb.com\/en\/sport\/dominacija-protiv-italije-ajkulice-u-finalu-evropskog-prvenstva\/","og_site_name":"dmcsrb.com","article_published_time":"2025-08-23T15:15:00+00:00","og_image":[{"width":1000,"height":666,"url":"https:\/\/dmcsrb.com\/wp-content\/uploads\/2026\/01\/Juniori-selektor-VPSCG.webp","type":"image\/jpeg"}],"author":"dmcsrbija.com@gmail.com","twitter_card":"summary_large_image","twitter_misc":{"Written by":"dmcsrbija.com@gmail.com","Estimated reading time":"1 minute"},"schema":{"@context":"https:\/\/schema.org","@graph":[{"@type":"Article","@id":"https:\/\/dmcsrb.com\/sport\/dominacija-protiv-italije-ajkulice-u-finalu-evropskog-prvenstva\/#article","isPartOf":{"@id":"https:\/\/dmcsrb.com\/sport\/dominacija-protiv-italije-ajkulice-u-finalu-evropskog-prvenstva\/"},"author":{"name":"dmcsrbija.com@gmail.com","@id":"https:\/\/dmcsrb.com\/#\/schema\/person\/5c39170f12db1b8b457732d0b5c854e2"},"headline":"Dominacija protiv Italije &#8211; &#8220;Ajkulice&#8221; u finalu Evropskog prvenstva","datePublished":"2025-08-23T15:15:00+00:00","mainEntityOfPage":{"@id":"https:\/\/dmcsrb.com\/sport\/dominacija-protiv-italije-ajkulice-u-finalu-evropskog-prvenstva\/"},"wordCount":217,"commentCount":0,"image":{"@id":"https:\/\/dmcsrb.com\/sport\/dominacija-protiv-italije-ajkulice-u-finalu-evropskog-prvenstva\/#primaryimage"},"thumbnailUrl":"https:\/\/dmcsrb.com\/wp-content\/uploads\/2026\/01\/Juniori-selektor-VPSCG.webp","keywords":["Evropsko prvenstvo za vaterpoliste do 18 godina","Juniorska vaterpolo reprezentacija Crne Gore","Juniorska vaterpolo reprezentacija Italije"],"articleSection":["Sport"],"inLanguage":"en-GB","potentialAction":[{"@type":"CommentAction","name":"Comment","target":["https:\/\/dmcsrb.com\/sport\/dominacija-protiv-italije-ajkulice-u-finalu-evropskog-prvenstva\/#respond"]}]},{"@type":"WebPage","@id":"https:\/\/dmcsrb.com\/sport\/dominacija-protiv-italije-ajkulice-u-finalu-evropskog-prvenstva\/","url":"https:\/\/dmcsrb.com\/sport\/dominacija-protiv-italije-ajkulice-u-finalu-evropskog-prvenstva\/","name":"Dominacija protiv Italije - \"Ajkulice\" u finalu Evropskog prvenstva - dmcsrb.com","isPartOf":{"@id":"https:\/\/dmcsrb.com\/#website"},"primaryImageOfPage":{"@id":"https:\/\/dmcsrb.com\/sport\/dominacija-protiv-italije-ajkulice-u-finalu-evropskog-prvenstva\/#primaryimage"},"image":{"@id":"https:\/\/dmcsrb.com\/sport\/dominacija-protiv-italije-ajkulice-u-finalu-evropskog-prvenstva\/#primaryimage"},"thumbnailUrl":"https:\/\/dmcsrb.com\/wp-content\/uploads\/2026\/01\/Juniori-selektor-VPSCG.webp","datePublished":"2025-08-23T15:15:00+00:00","author":{"@id":"https:\/\/dmcsrb.com\/#\/schema\/person\/5c39170f12db1b8b457732d0b5c854e2"},"breadcrumb":{"@id":"https:\/\/dmcsrb.com\/sport\/dominacija-protiv-italije-ajkulice-u-finalu-evropskog-prvenstva\/#breadcrumb"},"inLanguage":"en-GB","potentialAction":[{"@type":"ReadAction","target":["https:\/\/dmcsrb.com\/sport\/dominacija-protiv-italije-ajkulice-u-finalu-evropskog-prvenstva\/"]}]},{"@type":"ImageObject","inLanguage":"en-GB","@id":"https:\/\/dmcsrb.com\/sport\/dominacija-protiv-italije-ajkulice-u-finalu-evropskog-prvenstva\/#primaryimage","url":"https:\/\/dmcsrb.com\/wp-content\/uploads\/2026\/01\/Juniori-selektor-VPSCG.webp","contentUrl":"https:\/\/dmcsrb.com\/wp-content\/uploads\/2026\/01\/Juniori-selektor-VPSCG.webp","width":1000,"height":666},{"@type":"BreadcrumbList","@id":"https:\/\/dmcsrb.com\/sport\/dominacija-protiv-italije-ajkulice-u-finalu-evropskog-prvenstva\/#breadcrumb","itemListElement":[{"@type":"ListItem","position":1,"name":"Home","item":"https:\/\/dmcsrb.com\/"},{"@type":"ListItem","position":2,"name":"Dominacija protiv Italije &#8211; &#8220;Ajkulice&#8221; u finalu Evropskog prvenstva"}]},{"@type":"WebSite","@id":"https:\/\/dmcsrb.com\/#website","url":"https:\/\/dmcsrb.com\/","name":"dmcsrb.com","description":"","potentialAction":[{"@type":"SearchAction","target":{"@type":"EntryPoint","urlTemplate":"https:\/\/dmcsrb.com\/?s={search_term_string}"},"query-input":{"@type":"PropertyValueSpecification","valueRequired":true,"valueName":"search_term_string"}}],"inLanguage":"en-GB"},{"@type":"Person","@id":"https:\/\/dmcsrb.com\/#\/schema\/person\/5c39170f12db1b8b457732d0b5c854e2","name":"dmcsrbija.com@gmail.com","image":{"@type":"ImageObject","inLanguage":"en-GB","@id":"https:\/\/secure.gravatar.com\/avatar\/68592660ad6347fad0fb587f8d5d8f1a7b44961362f56e4f2cd524feb87e9069?s=96&d=mm&r=g","url":"https:\/\/secure.gravatar.com\/avatar\/68592660ad6347fad0fb587f8d5d8f1a7b44961362f56e4f2cd524feb87e9069?s=96&d=mm&r=g","contentUrl":"https:\/\/secure.gravatar.com\/avatar\/68592660ad6347fad0fb587f8d5d8f1a7b44961362f56e4f2cd524feb87e9069?s=96&d=mm&r=g","caption":"dmcsrbija.com@gmail.com"},"sameAs":["https:\/\/dmcsrb.com"],"url":"https:\/\/dmcsrb.com\/en\/author\/dmcsrbija-comgmail-com\/"}]}},"_links":{"self":[{"href":"https:\/\/dmcsrb.com\/en\/wp-json\/wp\/v2\/posts\/947916","targetHints":{"allow":["GET"]}}],"collection":[{"href":"https:\/\/dmcsrb.com\/en\/wp-json\/wp\/v2\/posts"}],"about":[{"href":"https:\/\/dmcsrb.com\/en\/wp-json\/wp\/v2\/types\/post"}],"author":[{"embeddable":true,"href":"https:\/\/dmcsrb.com\/en\/wp-json\/wp\/v2\/users\/1"}],"replies":[{"embeddable":true,"href":"https:\/\/dmcsrb.com\/en\/wp-json\/wp\/v2\/comments?post=947916"}],"version-history":[{"count":0,"href":"https:\/\/dmcsrb.com\/en\/wp-json\/wp\/v2\/posts\/947916\/revisions"}],"wp:featuredmedia":[{"embeddable":true,"href":"https:\/\/dmcsrb.com\/en\/wp-json\/wp\/v2\/media\/947917"}],"wp:attachment":[{"href":"https:\/\/dmcsrb.com\/en\/wp-json\/wp\/v2\/media?parent=947916"}],"wp:term":[{"taxonomy":"category","embeddable":true,"href":"https:\/\/dmcsrb.com\/en\/wp-json\/wp\/v2\/categories?post=947916"},{"taxonomy":"post_tag","embeddable":true,"href":"https:\/\/dmcsrb.com\/en\/wp-json\/wp\/v2\/tags?post=947916"},{"taxonomy":"naslovna","embeddable":true,"href":"https:\/\/dmcsrb.com\/en\/wp-json\/wp\/v2\/naslovna?post=947916"}],"curies":[{"name":"wp","href":"https:\/\/api.w.org\/{rel}","templated":true}]}}