{"id":947902,"date":"2025-08-23T17:29:00","date_gmt":"2025-08-23T15:29:00","guid":{"rendered":"https:\/\/dmcsrb.com\/uncategorized\/nezakonita-spomen-ploca-u-morinju-uskoro-bi-mogla-biti-uklonjena-krapovic-vojska-nece-sprjecavati-drzavne-organe-da-rade-svoj-posao\/"},"modified":"2025-08-23T17:29:00","modified_gmt":"2025-08-23T15:29:00","slug":"nezakonita-spomen-ploca-u-morinju-uskoro-bi-mogla-biti-uklonjena-krapovic-vojska-nece-sprjecavati-drzavne-organe-da-rade-svoj-posao","status":"publish","type":"post","link":"https:\/\/dmcsrb.com\/en\/drustvo\/nezakonita-spomen-ploca-u-morinju-uskoro-bi-mogla-biti-uklonjena-krapovic-vojska-nece-sprjecavati-drzavne-organe-da-rade-svoj-posao\/","title":{"rendered":"Nezakonita spomen-plo\u010da u Morinju uskoro bi mogla biti uklonjena; Krapovi\u0107: Vojska ne\u0107e sprje\u010davati dr\u017eavne organe da rade svoj posao"},"content":{"rendered":"<p><\/p>\n\n\n\n<p>Na objektu nekada\u0161nje Jugoslovenske narodne armije u Morinju, Uprava za inspekcijske poslove vi\u0161e puta je utvrdila da sporna plo\u010da mora biti uklonjena, ali je to do sada onemogu\u0107avala Vojska Crne Gore. Komentari\u0161u\u0107i uklanjanje nezakonitih spomen obilje\u017eja, kao nedavno u Gornjem Zaostru, ministar odbrane Dragan Krapovi\u0107 je na A plus TV poru\u010dio je da se isti pristup mora primjenjivati na sve nezakonito postavljene objekte.<\/p>\n\n\n\n<p>\u201cEvo, ve\u0107 vi\u0161e od godinu, otkad ste ministar, spomen-plo\u010da u Morinju nije uklonjena. Ako se ne varam, inspekcija je vi\u0161e puta konstatovala i slala op\u0161tini&#8221;, kazao je zamjenik glavnog i odgovornog urednika Gradske TV, Nemanja Lacman.<\/p>\n\n\n\n<p>Na to je odgovorio Krapovi\u0107, navode\u0107i da u njegovom mandatu nije.<\/p>\n\n\n\n<p>&#8220;Tamo pi\u0161e decidno da je potrebno donijeti odluku o povla\u010denju vojske koja \u010duva spomen-obilje\u017eje, da bi sve to moglo biti uklonjeno&#8221;, kazao je Lacman.<\/p>\n\n\n\n<p>Ministar obja\u0161njava da Vojska \u010duva vojni objekat.<\/p>\n\n\n\n<p>&#8220;Vojska \u010duva vojni objekat Morinj. Vojska ne\u0107e sprje\u010davati dr\u017eavne organe Crne Gore da rade svoj posao. I to je to. Mislim da sam bio kristalno jasan. Vojska ne\u0107e sprje\u010davati dr\u017eavne organe da rade svoj posao. Prema svakom nezakonitom postavljanju spomen-obilje\u017eja ili bilo kojem drugom kr\u0161enju, treba imati jednak stav&#8221;, poru\u010dio je Krapovi\u0107.<\/p>\n\n\n\n<p>Podsje\u0107amo &#8211; Spomen-obilje\u017eje u Morinju su 10. oktobra 2022. godine otkrili tada\u0161nji ministri vanjskih poslova i odbrane, Ra\u0161ko Konjevi\u0107 i Ranko Krivokapi\u0107, sa hrvatskim zvani\u010dnicima, poslije \u010dega je inspekcija utvrdila da je plo\u010da nezakonito postavljena, a nakon toga je, sada ve\u0107 biv\u0161e ministre, tada\u0161nji saziv Skup\u0161tina Crne Gore razrije\u0161io du\u017enosti.<\/p>\n\n\n\n<figure class=\"wp-block-embed is-type-video is-provider-youtube wp-block-embed-youtube wp-embed-aspect-16-9 wp-has-aspect-ratio\"><div class=\"wp-block-embed__wrapper\">\n<iframe loading=\"lazy\" title=\"Krapovi\u0107: Vojska ne\u0107e sprje\u010davati dr\u017eavne organe da rade svoj posao\" width=\"500\" height=\"281\" src=\"https:\/\/www.youtube.com\/embed\/Rpbt_f-nU7A?feature=oembed\" frameborder=\"0\" allow=\"accelerometer; autoplay; clipboard-write; encrypted-media; gyroscope; picture-in-picture; web-share\" referrerpolicy=\"strict-origin-when-cross-origin\" allowfullscreen><\/iframe>\n<\/div><\/figure>","protected":false},"excerpt":{"rendered":"<p>Nezakonita spomen-plo\u010da u Morinju, postavljena 10. oktobra 2022. godine, uskoro bi mogla biti uklonjena. Iako je Uprava za inspekcijske poslove vi\u0161e puta utvrdila da plo\u010du treba ukloniti, to se do danas nije desilo. Ministar odbrane Dragan Krapovi\u0107 sap\u0161tio je da Vojska Crne Gore ne\u0107e sprje\u010davati dr\u017eavne organe da rade svoj posao.<\/p>","protected":false},"author":1,"featured_media":947903,"comment_status":"open","ping_status":"open","sticky":false,"template":"","format":"standard","meta":{"_acf_changed":false,"footnotes":""},"categories":[2],"tags":[60,683,5029,18260,5945],"naslovna":[],"class_list":["post-947902","post","type-post","status-publish","format-standard","has-post-thumbnail","hentry","category-drustvo","tag-dragan-krapovic","tag-ministarstvo-odbrane","tag-nemanja-lacman","tag-spomen-ploca-u-morinju","tag-vojska-crne-gore"],"acf":[],"yoast_head":"<!-- This site is optimized with the Yoast SEO plugin v27.4 - https:\/\/yoast.com\/product\/yoast-seo-wordpress\/ -->\n<title>Nezakonita spomen-plo\u010da u Morinju uskoro bi mogla biti uklonjena; Krapovi\u0107: Vojska ne\u0107e sprje\u010davati dr\u017eavne organe da rade svoj posao - dmcsrb.com<\/title>\n<meta name=\"robots\" content=\"index, follow, max-snippet:-1, max-image-preview:large, max-video-preview:-1\" \/>\n<link rel=\"canonical\" href=\"https:\/\/dmcsrb.com\/en\/drustvo\/nezakonita-spomen-ploca-u-morinju-uskoro-bi-mogla-biti-uklonjena-krapovic-vojska-nece-sprjecavati-drzavne-organe-da-rade-svoj-posao\/\" \/>\n<meta property=\"og:locale\" content=\"en_GB\" \/>\n<meta property=\"og:type\" content=\"article\" \/>\n<meta property=\"og:title\" content=\"Nezakonita spomen-plo\u010da u Morinju uskoro bi mogla biti uklonjena; Krapovi\u0107: Vojska ne\u0107e sprje\u010davati dr\u017eavne organe da rade svoj posao - dmcsrb.com\" \/>\n<meta property=\"og:description\" content=\"Nezakonita spomen-plo\u010da u Morinju, postavljena 10. oktobra 2022. godine, uskoro bi mogla biti uklonjena. Iako je Uprava za inspekcijske poslove vi\u0161e puta utvrdila da plo\u010du treba ukloniti, to se do danas nije desilo. Ministar odbrane Dragan Krapovi\u0107 sap\u0161tio je da Vojska Crne Gore ne\u0107e sprje\u010davati dr\u017eavne organe da rade svoj posao.\" \/>\n<meta property=\"og:url\" content=\"https:\/\/dmcsrb.com\/en\/drustvo\/nezakonita-spomen-ploca-u-morinju-uskoro-bi-mogla-biti-uklonjena-krapovic-vojska-nece-sprjecavati-drzavne-organe-da-rade-svoj-posao\/\" \/>\n<meta property=\"og:site_name\" content=\"dmcsrb.com\" \/>\n<meta property=\"article:published_time\" content=\"2025-08-23T15:29:00+00:00\" \/>\n<meta property=\"og:image\" content=\"https:\/\/dmcsrb.com\/wp-content\/uploads\/2026\/01\/SPORNA-ploca-u-Morinju-foto-gradski.webp\" \/>\n\t<meta property=\"og:image:width\" content=\"1737\" \/>\n\t<meta property=\"og:image:height\" content=\"883\" \/>\n\t<meta property=\"og:image:type\" content=\"image\/jpeg\" \/>\n<meta name=\"author\" content=\"dmcsrbija.com@gmail.com\" \/>\n<meta name=\"twitter:card\" content=\"summary_large_image\" \/>\n<meta name=\"twitter:label1\" content=\"Written by\" \/>\n\t<meta name=\"twitter:data1\" content=\"dmcsrbija.com@gmail.com\" \/>\n\t<meta name=\"twitter:label2\" content=\"Estimated reading time\" \/>\n\t<meta name=\"twitter:data2\" content=\"1 minute\" \/>\n<script type=\"application\/ld+json\" class=\"yoast-schema-graph\">{\"@context\":\"https:\\\/\\\/schema.org\",\"@graph\":[{\"@type\":\"Article\",\"@id\":\"https:\\\/\\\/dmcsrb.com\\\/drustvo\\\/nezakonita-spomen-ploca-u-morinju-uskoro-bi-mogla-biti-uklonjena-krapovic-vojska-nece-sprjecavati-drzavne-organe-da-rade-svoj-posao\\\/#article\",\"isPartOf\":{\"@id\":\"https:\\\/\\\/dmcsrb.com\\\/drustvo\\\/nezakonita-spomen-ploca-u-morinju-uskoro-bi-mogla-biti-uklonjena-krapovic-vojska-nece-sprjecavati-drzavne-organe-da-rade-svoj-posao\\\/\"},\"author\":{\"name\":\"dmcsrbija.com@gmail.com\",\"@id\":\"https:\\\/\\\/dmcsrb.com\\\/#\\\/schema\\\/person\\\/5c39170f12db1b8b457732d0b5c854e2\"},\"headline\":\"Nezakonita spomen-plo\u010da u Morinju uskoro bi mogla biti uklonjena; Krapovi\u0107: Vojska ne\u0107e sprje\u010davati dr\u017eavne organe da rade svoj posao\",\"datePublished\":\"2025-08-23T15:29:00+00:00\",\"mainEntityOfPage\":{\"@id\":\"https:\\\/\\\/dmcsrb.com\\\/drustvo\\\/nezakonita-spomen-ploca-u-morinju-uskoro-bi-mogla-biti-uklonjena-krapovic-vojska-nece-sprjecavati-drzavne-organe-da-rade-svoj-posao\\\/\"},\"wordCount\":310,\"commentCount\":0,\"image\":{\"@id\":\"https:\\\/\\\/dmcsrb.com\\\/drustvo\\\/nezakonita-spomen-ploca-u-morinju-uskoro-bi-mogla-biti-uklonjena-krapovic-vojska-nece-sprjecavati-drzavne-organe-da-rade-svoj-posao\\\/#primaryimage\"},\"thumbnailUrl\":\"https:\\\/\\\/dmcsrb.com\\\/wp-content\\\/uploads\\\/2026\\\/01\\\/SPORNA-ploca-u-Morinju-foto-gradski.webp\",\"keywords\":[\"Dragan Krapovi\u0107\",\"Ministarstvo odbrane\",\"nemanja lacman\",\"spomen-plo\u010da u Morinju\",\"Vojska crne Gore\"],\"articleSection\":[\"Dru\u0161tvo\"],\"inLanguage\":\"en-GB\",\"potentialAction\":[{\"@type\":\"CommentAction\",\"name\":\"Comment\",\"target\":[\"https:\\\/\\\/dmcsrb.com\\\/drustvo\\\/nezakonita-spomen-ploca-u-morinju-uskoro-bi-mogla-biti-uklonjena-krapovic-vojska-nece-sprjecavati-drzavne-organe-da-rade-svoj-posao\\\/#respond\"]}]},{\"@type\":\"WebPage\",\"@id\":\"https:\\\/\\\/dmcsrb.com\\\/drustvo\\\/nezakonita-spomen-ploca-u-morinju-uskoro-bi-mogla-biti-uklonjena-krapovic-vojska-nece-sprjecavati-drzavne-organe-da-rade-svoj-posao\\\/\",\"url\":\"https:\\\/\\\/dmcsrb.com\\\/drustvo\\\/nezakonita-spomen-ploca-u-morinju-uskoro-bi-mogla-biti-uklonjena-krapovic-vojska-nece-sprjecavati-drzavne-organe-da-rade-svoj-posao\\\/\",\"name\":\"Nezakonita spomen-plo\u010da u Morinju uskoro bi mogla biti uklonjena; Krapovi\u0107: Vojska ne\u0107e sprje\u010davati dr\u017eavne organe da rade svoj posao - dmcsrb.com\",\"isPartOf\":{\"@id\":\"https:\\\/\\\/dmcsrb.com\\\/#website\"},\"primaryImageOfPage\":{\"@id\":\"https:\\\/\\\/dmcsrb.com\\\/drustvo\\\/nezakonita-spomen-ploca-u-morinju-uskoro-bi-mogla-biti-uklonjena-krapovic-vojska-nece-sprjecavati-drzavne-organe-da-rade-svoj-posao\\\/#primaryimage\"},\"image\":{\"@id\":\"https:\\\/\\\/dmcsrb.com\\\/drustvo\\\/nezakonita-spomen-ploca-u-morinju-uskoro-bi-mogla-biti-uklonjena-krapovic-vojska-nece-sprjecavati-drzavne-organe-da-rade-svoj-posao\\\/#primaryimage\"},\"thumbnailUrl\":\"https:\\\/\\\/dmcsrb.com\\\/wp-content\\\/uploads\\\/2026\\\/01\\\/SPORNA-ploca-u-Morinju-foto-gradski.webp\",\"datePublished\":\"2025-08-23T15:29:00+00:00\",\"author\":{\"@id\":\"https:\\\/\\\/dmcsrb.com\\\/#\\\/schema\\\/person\\\/5c39170f12db1b8b457732d0b5c854e2\"},\"breadcrumb\":{\"@id\":\"https:\\\/\\\/dmcsrb.com\\\/drustvo\\\/nezakonita-spomen-ploca-u-morinju-uskoro-bi-mogla-biti-uklonjena-krapovic-vojska-nece-sprjecavati-drzavne-organe-da-rade-svoj-posao\\\/#breadcrumb\"},\"inLanguage\":\"en-GB\",\"potentialAction\":[{\"@type\":\"ReadAction\",\"target\":[\"https:\\\/\\\/dmcsrb.com\\\/drustvo\\\/nezakonita-spomen-ploca-u-morinju-uskoro-bi-mogla-biti-uklonjena-krapovic-vojska-nece-sprjecavati-drzavne-organe-da-rade-svoj-posao\\\/\"]}]},{\"@type\":\"ImageObject\",\"inLanguage\":\"en-GB\",\"@id\":\"https:\\\/\\\/dmcsrb.com\\\/drustvo\\\/nezakonita-spomen-ploca-u-morinju-uskoro-bi-mogla-biti-uklonjena-krapovic-vojska-nece-sprjecavati-drzavne-organe-da-rade-svoj-posao\\\/#primaryimage\",\"url\":\"https:\\\/\\\/dmcsrb.com\\\/wp-content\\\/uploads\\\/2026\\\/01\\\/SPORNA-ploca-u-Morinju-foto-gradski.webp\",\"contentUrl\":\"https:\\\/\\\/dmcsrb.com\\\/wp-content\\\/uploads\\\/2026\\\/01\\\/SPORNA-ploca-u-Morinju-foto-gradski.webp\",\"width\":1737,\"height\":883},{\"@type\":\"BreadcrumbList\",\"@id\":\"https:\\\/\\\/dmcsrb.com\\\/drustvo\\\/nezakonita-spomen-ploca-u-morinju-uskoro-bi-mogla-biti-uklonjena-krapovic-vojska-nece-sprjecavati-drzavne-organe-da-rade-svoj-posao\\\/#breadcrumb\",\"itemListElement\":[{\"@type\":\"ListItem\",\"position\":1,\"name\":\"Home\",\"item\":\"https:\\\/\\\/dmcsrb.com\\\/\"},{\"@type\":\"ListItem\",\"position\":2,\"name\":\"Nezakonita spomen-plo\u010da u Morinju uskoro bi mogla biti uklonjena; Krapovi\u0107: Vojska ne\u0107e sprje\u010davati dr\u017eavne organe da rade svoj posao\"}]},{\"@type\":\"WebSite\",\"@id\":\"https:\\\/\\\/dmcsrb.com\\\/#website\",\"url\":\"https:\\\/\\\/dmcsrb.com\\\/\",\"name\":\"dmcsrb.com\",\"description\":\"\",\"potentialAction\":[{\"@type\":\"SearchAction\",\"target\":{\"@type\":\"EntryPoint\",\"urlTemplate\":\"https:\\\/\\\/dmcsrb.com\\\/?s={search_term_string}\"},\"query-input\":{\"@type\":\"PropertyValueSpecification\",\"valueRequired\":true,\"valueName\":\"search_term_string\"}}],\"inLanguage\":\"en-GB\"},{\"@type\":\"Person\",\"@id\":\"https:\\\/\\\/dmcsrb.com\\\/#\\\/schema\\\/person\\\/5c39170f12db1b8b457732d0b5c854e2\",\"name\":\"dmcsrbija.com@gmail.com\",\"image\":{\"@type\":\"ImageObject\",\"inLanguage\":\"en-GB\",\"@id\":\"https:\\\/\\\/secure.gravatar.com\\\/avatar\\\/68592660ad6347fad0fb587f8d5d8f1a7b44961362f56e4f2cd524feb87e9069?s=96&d=mm&r=g\",\"url\":\"https:\\\/\\\/secure.gravatar.com\\\/avatar\\\/68592660ad6347fad0fb587f8d5d8f1a7b44961362f56e4f2cd524feb87e9069?s=96&d=mm&r=g\",\"contentUrl\":\"https:\\\/\\\/secure.gravatar.com\\\/avatar\\\/68592660ad6347fad0fb587f8d5d8f1a7b44961362f56e4f2cd524feb87e9069?s=96&d=mm&r=g\",\"caption\":\"dmcsrbija.com@gmail.com\"},\"sameAs\":[\"https:\\\/\\\/dmcsrb.com\"],\"url\":\"https:\\\/\\\/dmcsrb.com\\\/en\\\/author\\\/dmcsrbija-comgmail-com\\\/\"}]}<\/script>\n<!-- \/ Yoast SEO plugin. -->","yoast_head_json":{"title":"Nezakonita spomen-plo\u010da u Morinju uskoro bi mogla biti uklonjena; Krapovi\u0107: Vojska ne\u0107e sprje\u010davati dr\u017eavne organe da rade svoj posao - dmcsrb.com","robots":{"index":"index","follow":"follow","max-snippet":"max-snippet:-1","max-image-preview":"max-image-preview:large","max-video-preview":"max-video-preview:-1"},"canonical":"https:\/\/dmcsrb.com\/en\/drustvo\/nezakonita-spomen-ploca-u-morinju-uskoro-bi-mogla-biti-uklonjena-krapovic-vojska-nece-sprjecavati-drzavne-organe-da-rade-svoj-posao\/","og_locale":"en_GB","og_type":"article","og_title":"Nezakonita spomen-plo\u010da u Morinju uskoro bi mogla biti uklonjena; Krapovi\u0107: Vojska ne\u0107e sprje\u010davati dr\u017eavne organe da rade svoj posao - dmcsrb.com","og_description":"Nezakonita spomen-plo\u010da u Morinju, postavljena 10. oktobra 2022. godine, uskoro bi mogla biti uklonjena. Iako je Uprava za inspekcijske poslove vi\u0161e puta utvrdila da plo\u010du treba ukloniti, to se do danas nije desilo. Ministar odbrane Dragan Krapovi\u0107 sap\u0161tio je da Vojska Crne Gore ne\u0107e sprje\u010davati dr\u017eavne organe da rade svoj posao.","og_url":"https:\/\/dmcsrb.com\/en\/drustvo\/nezakonita-spomen-ploca-u-morinju-uskoro-bi-mogla-biti-uklonjena-krapovic-vojska-nece-sprjecavati-drzavne-organe-da-rade-svoj-posao\/","og_site_name":"dmcsrb.com","article_published_time":"2025-08-23T15:29:00+00:00","og_image":[{"width":1737,"height":883,"url":"https:\/\/dmcsrb.com\/wp-content\/uploads\/2026\/01\/SPORNA-ploca-u-Morinju-foto-gradski.webp","type":"image\/jpeg"}],"author":"dmcsrbija.com@gmail.com","twitter_card":"summary_large_image","twitter_misc":{"Written by":"dmcsrbija.com@gmail.com","Estimated reading time":"1 minute"},"schema":{"@context":"https:\/\/schema.org","@graph":[{"@type":"Article","@id":"https:\/\/dmcsrb.com\/drustvo\/nezakonita-spomen-ploca-u-morinju-uskoro-bi-mogla-biti-uklonjena-krapovic-vojska-nece-sprjecavati-drzavne-organe-da-rade-svoj-posao\/#article","isPartOf":{"@id":"https:\/\/dmcsrb.com\/drustvo\/nezakonita-spomen-ploca-u-morinju-uskoro-bi-mogla-biti-uklonjena-krapovic-vojska-nece-sprjecavati-drzavne-organe-da-rade-svoj-posao\/"},"author":{"name":"dmcsrbija.com@gmail.com","@id":"https:\/\/dmcsrb.com\/#\/schema\/person\/5c39170f12db1b8b457732d0b5c854e2"},"headline":"Nezakonita spomen-plo\u010da u Morinju uskoro bi mogla biti uklonjena; Krapovi\u0107: Vojska ne\u0107e sprje\u010davati dr\u017eavne organe da rade svoj posao","datePublished":"2025-08-23T15:29:00+00:00","mainEntityOfPage":{"@id":"https:\/\/dmcsrb.com\/drustvo\/nezakonita-spomen-ploca-u-morinju-uskoro-bi-mogla-biti-uklonjena-krapovic-vojska-nece-sprjecavati-drzavne-organe-da-rade-svoj-posao\/"},"wordCount":310,"commentCount":0,"image":{"@id":"https:\/\/dmcsrb.com\/drustvo\/nezakonita-spomen-ploca-u-morinju-uskoro-bi-mogla-biti-uklonjena-krapovic-vojska-nece-sprjecavati-drzavne-organe-da-rade-svoj-posao\/#primaryimage"},"thumbnailUrl":"https:\/\/dmcsrb.com\/wp-content\/uploads\/2026\/01\/SPORNA-ploca-u-Morinju-foto-gradski.webp","keywords":["Dragan Krapovi\u0107","Ministarstvo odbrane","nemanja lacman","spomen-plo\u010da u Morinju","Vojska crne Gore"],"articleSection":["Dru\u0161tvo"],"inLanguage":"en-GB","potentialAction":[{"@type":"CommentAction","name":"Comment","target":["https:\/\/dmcsrb.com\/drustvo\/nezakonita-spomen-ploca-u-morinju-uskoro-bi-mogla-biti-uklonjena-krapovic-vojska-nece-sprjecavati-drzavne-organe-da-rade-svoj-posao\/#respond"]}]},{"@type":"WebPage","@id":"https:\/\/dmcsrb.com\/drustvo\/nezakonita-spomen-ploca-u-morinju-uskoro-bi-mogla-biti-uklonjena-krapovic-vojska-nece-sprjecavati-drzavne-organe-da-rade-svoj-posao\/","url":"https:\/\/dmcsrb.com\/drustvo\/nezakonita-spomen-ploca-u-morinju-uskoro-bi-mogla-biti-uklonjena-krapovic-vojska-nece-sprjecavati-drzavne-organe-da-rade-svoj-posao\/","name":"Nezakonita spomen-plo\u010da u Morinju uskoro bi mogla biti uklonjena; Krapovi\u0107: Vojska ne\u0107e sprje\u010davati dr\u017eavne organe da rade svoj posao - dmcsrb.com","isPartOf":{"@id":"https:\/\/dmcsrb.com\/#website"},"primaryImageOfPage":{"@id":"https:\/\/dmcsrb.com\/drustvo\/nezakonita-spomen-ploca-u-morinju-uskoro-bi-mogla-biti-uklonjena-krapovic-vojska-nece-sprjecavati-drzavne-organe-da-rade-svoj-posao\/#primaryimage"},"image":{"@id":"https:\/\/dmcsrb.com\/drustvo\/nezakonita-spomen-ploca-u-morinju-uskoro-bi-mogla-biti-uklonjena-krapovic-vojska-nece-sprjecavati-drzavne-organe-da-rade-svoj-posao\/#primaryimage"},"thumbnailUrl":"https:\/\/dmcsrb.com\/wp-content\/uploads\/2026\/01\/SPORNA-ploca-u-Morinju-foto-gradski.webp","datePublished":"2025-08-23T15:29:00+00:00","author":{"@id":"https:\/\/dmcsrb.com\/#\/schema\/person\/5c39170f12db1b8b457732d0b5c854e2"},"breadcrumb":{"@id":"https:\/\/dmcsrb.com\/drustvo\/nezakonita-spomen-ploca-u-morinju-uskoro-bi-mogla-biti-uklonjena-krapovic-vojska-nece-sprjecavati-drzavne-organe-da-rade-svoj-posao\/#breadcrumb"},"inLanguage":"en-GB","potentialAction":[{"@type":"ReadAction","target":["https:\/\/dmcsrb.com\/drustvo\/nezakonita-spomen-ploca-u-morinju-uskoro-bi-mogla-biti-uklonjena-krapovic-vojska-nece-sprjecavati-drzavne-organe-da-rade-svoj-posao\/"]}]},{"@type":"ImageObject","inLanguage":"en-GB","@id":"https:\/\/dmcsrb.com\/drustvo\/nezakonita-spomen-ploca-u-morinju-uskoro-bi-mogla-biti-uklonjena-krapovic-vojska-nece-sprjecavati-drzavne-organe-da-rade-svoj-posao\/#primaryimage","url":"https:\/\/dmcsrb.com\/wp-content\/uploads\/2026\/01\/SPORNA-ploca-u-Morinju-foto-gradski.webp","contentUrl":"https:\/\/dmcsrb.com\/wp-content\/uploads\/2026\/01\/SPORNA-ploca-u-Morinju-foto-gradski.webp","width":1737,"height":883},{"@type":"BreadcrumbList","@id":"https:\/\/dmcsrb.com\/drustvo\/nezakonita-spomen-ploca-u-morinju-uskoro-bi-mogla-biti-uklonjena-krapovic-vojska-nece-sprjecavati-drzavne-organe-da-rade-svoj-posao\/#breadcrumb","itemListElement":[{"@type":"ListItem","position":1,"name":"Home","item":"https:\/\/dmcsrb.com\/"},{"@type":"ListItem","position":2,"name":"Nezakonita spomen-plo\u010da u Morinju uskoro bi mogla biti uklonjena; Krapovi\u0107: Vojska ne\u0107e sprje\u010davati dr\u017eavne organe da rade svoj posao"}]},{"@type":"WebSite","@id":"https:\/\/dmcsrb.com\/#website","url":"https:\/\/dmcsrb.com\/","name":"dmcsrb.com","description":"","potentialAction":[{"@type":"SearchAction","target":{"@type":"EntryPoint","urlTemplate":"https:\/\/dmcsrb.com\/?s={search_term_string}"},"query-input":{"@type":"PropertyValueSpecification","valueRequired":true,"valueName":"search_term_string"}}],"inLanguage":"en-GB"},{"@type":"Person","@id":"https:\/\/dmcsrb.com\/#\/schema\/person\/5c39170f12db1b8b457732d0b5c854e2","name":"dmcsrbija.com@gmail.com","image":{"@type":"ImageObject","inLanguage":"en-GB","@id":"https:\/\/secure.gravatar.com\/avatar\/68592660ad6347fad0fb587f8d5d8f1a7b44961362f56e4f2cd524feb87e9069?s=96&d=mm&r=g","url":"https:\/\/secure.gravatar.com\/avatar\/68592660ad6347fad0fb587f8d5d8f1a7b44961362f56e4f2cd524feb87e9069?s=96&d=mm&r=g","contentUrl":"https:\/\/secure.gravatar.com\/avatar\/68592660ad6347fad0fb587f8d5d8f1a7b44961362f56e4f2cd524feb87e9069?s=96&d=mm&r=g","caption":"dmcsrbija.com@gmail.com"},"sameAs":["https:\/\/dmcsrb.com"],"url":"https:\/\/dmcsrb.com\/en\/author\/dmcsrbija-comgmail-com\/"}]}},"_links":{"self":[{"href":"https:\/\/dmcsrb.com\/en\/wp-json\/wp\/v2\/posts\/947902","targetHints":{"allow":["GET"]}}],"collection":[{"href":"https:\/\/dmcsrb.com\/en\/wp-json\/wp\/v2\/posts"}],"about":[{"href":"https:\/\/dmcsrb.com\/en\/wp-json\/wp\/v2\/types\/post"}],"author":[{"embeddable":true,"href":"https:\/\/dmcsrb.com\/en\/wp-json\/wp\/v2\/users\/1"}],"replies":[{"embeddable":true,"href":"https:\/\/dmcsrb.com\/en\/wp-json\/wp\/v2\/comments?post=947902"}],"version-history":[{"count":0,"href":"https:\/\/dmcsrb.com\/en\/wp-json\/wp\/v2\/posts\/947902\/revisions"}],"wp:featuredmedia":[{"embeddable":true,"href":"https:\/\/dmcsrb.com\/en\/wp-json\/wp\/v2\/media\/947903"}],"wp:attachment":[{"href":"https:\/\/dmcsrb.com\/en\/wp-json\/wp\/v2\/media?parent=947902"}],"wp:term":[{"taxonomy":"category","embeddable":true,"href":"https:\/\/dmcsrb.com\/en\/wp-json\/wp\/v2\/categories?post=947902"},{"taxonomy":"post_tag","embeddable":true,"href":"https:\/\/dmcsrb.com\/en\/wp-json\/wp\/v2\/tags?post=947902"},{"taxonomy":"naslovna","embeddable":true,"href":"https:\/\/dmcsrb.com\/en\/wp-json\/wp\/v2\/naslovna?post=947902"}],"curies":[{"name":"wp","href":"https:\/\/api.w.org\/{rel}","templated":true}]}}