{"id":947836,"date":"2025-08-23T09:52:00","date_gmt":"2025-08-23T07:52:00","guid":{"rendered":"https:\/\/dmcsrb.com\/uncategorized\/grupa-zaposlenih-u-zicg-prica-o-politickoj-opstrukciji-je-cista-izmisljotina\/"},"modified":"2025-08-23T09:52:00","modified_gmt":"2025-08-23T07:52:00","slug":"grupa-zaposlenih-u-zicg-prica-o-politickoj-opstrukciji-je-cista-izmisljotina","status":"publish","type":"post","link":"https:\/\/dmcsrb.com\/en\/ekonomija\/grupa-zaposlenih-u-zicg-prica-o-politickoj-opstrukciji-je-cista-izmisljotina\/","title":{"rendered":"Grupa zaposlenih u \u017dICG: Pri\u010da o politi\u010dkoj opstrukciji je \u010dista izmi\u0161ljotina"},"content":{"rendered":"<p><\/p>\n\n\n\n<p>U saop\u0161tenju, koje sudostavili medijima, isti\u010de se da su upravo zaposleni \u201eglavna karika u \u017eeljezni\u010dkom sistemu\u201c te da bez njihovog rada ne bi bilo ni putni\u010dkog ni teretnog saobra\u0107aja.<\/p>\n\n\n\n<p>Oni optu\u017euju menad\u017ement da svojim \u201eopstrukcijama, ignorisanjem i manipulacijama\u201c ugro\u017eava funkcionisanje sistema i dovodi do kolapsa u pru\u017eanju usluga.<\/p>\n\n\n\n<p>Radnici podsje\u0107aju da su 22. avgusta 2025. godine, od 9:00 \u010dasova, obustavili rad, jer su iscrpili sve druge na\u010dine da uka\u017eu na probleme. Na peronu je bilo oko 50 zaposlenih, ali niko iz menad\u017ementa nije do\u0161ao da razgovara s njima.<\/p>\n\n\n\n<p>Umjesto toga, u 16:50 zaposlenima je dostavljen dopis sa ultimatumom da se prvo pokrene saobra\u0107aj, a tek potom razgovara. Menad\u017ement je potom, kako tvrde radnici, napustio zgradu i oti\u0161ao ku\u0107i.<\/p>\n\n\n\n<p>&#8211; Mi nismo postavili nikakav ultimatum. Na\u0161e jedino tra\u017eenje je razgovor &#8211;&nbsp;poru\u010duju zaposleni i nagla\u0161avaju da poslodavac, prema Zakonu o radu i me\u0111unarodnim konvencijama, ima obavezu da pregovara sa zaposlenima.<\/p>\n\n\n\n<p>Radnici kritikuju i \u010dinjenicu da menad\u017ement, kako tvrde, konstantno targetira pojedince i poku\u0161ava ih politi\u010dki diskreditovati, dok je obustava rada zajedni\u010dki stav svih 85 zaposlenih.<\/p>\n\n\n\n<p>&#8211; Pri\u010da o politi\u010dkoj opstrukciji je \u010dista izmi\u0161ljotina i poku\u0161aj li\u010dne diskreditacije &#8211;&nbsp;navodi se u saop\u0161tenju.<\/p>\n\n\n\n<p>Zaposleni dodaju da menad\u017ement nije po\u0161tovao zakonske obaveze i da bi problemi mogli biti rije\u0161eni za sat vremena da je do\u0161lo do dijaloga. Tako\u0111e, demantuju tvrdnje o \u201eograni\u010denom bud\u017eetu\u201c i navode da postoji finansijsko i pravno rje\u0161enje: naplata dugova drugih \u017eelezni\u010dkih preduze\u0107a prema \u017dICG, \u010dak i u mjese\u010dnim ratama.<\/p>\n\n\n\n<p>&#8211; Zbog ovakvog neodgovornog i nezakonitog pona\u0161anja \u0161tetu trpe zaposleni, putnici i cijela privreda. Menad\u017eeri svojim postupcima uru\u0161avaju sistem i kr\u0161e osnovna radna i socijalna prava zaposlenih &#8211;&nbsp;zaklju\u010duju radnici i tra\u017ee dijalog, po\u0161tovanje prava i ono \u0161to im po zakonu pripada.<\/p>","protected":false},"excerpt":{"rendered":"<p>Grupa od 85 zaposlenih u \u017deljezni\u010dkoj infrastrukturi Crne Gore \u2013 otpravnika vozova, TK dispe\u010dera i saobra\u0107ajnih dispe\u010dera \u2013 danas je demantovala tvrdnje menad\u017ementa o navodnoj politi\u010dkoj opstrukciji.<\/p>","protected":false},"author":1,"featured_media":947837,"comment_status":"open","ping_status":"open","sticky":false,"template":"","format":"standard","meta":{"_acf_changed":false,"footnotes":""},"categories":[27],"tags":[18203,18204,18205,4256],"naslovna":[],"class_list":["post-947836","post","type-post","status-publish","format-standard","has-post-thumbnail","hentry","category-ekonomija","tag-grupa-zaposlenih","tag-izmisljotina","tag-politicka-opstrukcija","tag-zicg"],"acf":[],"yoast_head":"<!-- This site is optimized with the Yoast SEO plugin v27.0 - https:\/\/yoast.com\/product\/yoast-seo-wordpress\/ -->\n<title>Grupa zaposlenih u \u017dICG: Pri\u010da o politi\u010dkoj opstrukciji je \u010dista izmi\u0161ljotina - dmcsrb.com<\/title>\n<meta name=\"robots\" content=\"index, follow, max-snippet:-1, max-image-preview:large, max-video-preview:-1\" \/>\n<link rel=\"canonical\" href=\"https:\/\/dmcsrb.com\/en\/ekonomija\/grupa-zaposlenih-u-zicg-prica-o-politickoj-opstrukciji-je-cista-izmisljotina\/\" \/>\n<meta property=\"og:locale\" content=\"en_GB\" \/>\n<meta property=\"og:type\" content=\"article\" \/>\n<meta property=\"og:title\" content=\"Grupa zaposlenih u \u017dICG: Pri\u010da o politi\u010dkoj opstrukciji je \u010dista izmi\u0161ljotina - dmcsrb.com\" \/>\n<meta property=\"og:description\" content=\"Grupa od 85 zaposlenih u \u017deljezni\u010dkoj infrastrukturi Crne Gore \u2013 otpravnika vozova, TK dispe\u010dera i saobra\u0107ajnih dispe\u010dera \u2013 danas je demantovala tvrdnje menad\u017ementa o navodnoj politi\u010dkoj opstrukciji.\" \/>\n<meta property=\"og:url\" content=\"https:\/\/dmcsrb.com\/en\/ekonomija\/grupa-zaposlenih-u-zicg-prica-o-politickoj-opstrukciji-je-cista-izmisljotina\/\" \/>\n<meta property=\"og:site_name\" content=\"dmcsrb.com\" \/>\n<meta property=\"article:published_time\" content=\"2025-08-23T07:52:00+00:00\" \/>\n<meta property=\"og:image\" content=\"https:\/\/dmcsrb.com\/wp-content\/uploads\/2026\/01\/radnici-zicg-strajk-foto-rtcg-1.webp\" \/>\n\t<meta property=\"og:image:width\" content=\"900\" \/>\n\t<meta property=\"og:image:height\" content=\"415\" \/>\n\t<meta property=\"og:image:type\" content=\"image\/jpeg\" \/>\n<meta name=\"author\" content=\"dmcsrbija.com@gmail.com\" \/>\n<meta name=\"twitter:card\" content=\"summary_large_image\" \/>\n<meta name=\"twitter:label1\" content=\"Written by\" \/>\n\t<meta name=\"twitter:data1\" content=\"dmcsrbija.com@gmail.com\" \/>\n\t<meta name=\"twitter:label2\" content=\"Estimated reading time\" \/>\n\t<meta name=\"twitter:data2\" content=\"2 minutes\" \/>\n<script type=\"application\/ld+json\" class=\"yoast-schema-graph\">{\"@context\":\"https:\/\/schema.org\",\"@graph\":[{\"@type\":\"Article\",\"@id\":\"https:\/\/dmcsrb.com\/en\/ekonomija\/grupa-zaposlenih-u-zicg-prica-o-politickoj-opstrukciji-je-cista-izmisljotina\/#article\",\"isPartOf\":{\"@id\":\"https:\/\/dmcsrb.com\/en\/ekonomija\/grupa-zaposlenih-u-zicg-prica-o-politickoj-opstrukciji-je-cista-izmisljotina\/\"},\"author\":{\"name\":\"dmcsrbija.com@gmail.com\",\"@id\":\"https:\/\/dmcsrb.com\/#\/schema\/person\/5c39170f12db1b8b457732d0b5c854e2\"},\"headline\":\"Grupa zaposlenih u \u017dICG: Pri\u010da o politi\u010dkoj opstrukciji je \u010dista izmi\u0161ljotina\",\"datePublished\":\"2025-08-23T07:52:00+00:00\",\"mainEntityOfPage\":{\"@id\":\"https:\/\/dmcsrb.com\/en\/ekonomija\/grupa-zaposlenih-u-zicg-prica-o-politickoj-opstrukciji-je-cista-izmisljotina\/\"},\"wordCount\":344,\"commentCount\":0,\"image\":{\"@id\":\"https:\/\/dmcsrb.com\/en\/ekonomija\/grupa-zaposlenih-u-zicg-prica-o-politickoj-opstrukciji-je-cista-izmisljotina\/#primaryimage\"},\"thumbnailUrl\":\"https:\/\/dmcsrb.com\/wp-content\/uploads\/2026\/01\/radnici-zicg-strajk-foto-rtcg-1.webp\",\"keywords\":[\"Grupa zaposlenih\",\"Izmi\u0161ljotina\",\"Politi\u010dka opstrukcija\",\"\u017dICG\"],\"articleSection\":[\"Ekonomija\"],\"inLanguage\":\"en-GB\",\"potentialAction\":[{\"@type\":\"CommentAction\",\"name\":\"Comment\",\"target\":[\"https:\/\/dmcsrb.com\/en\/ekonomija\/grupa-zaposlenih-u-zicg-prica-o-politickoj-opstrukciji-je-cista-izmisljotina\/#respond\"]}]},{\"@type\":\"WebPage\",\"@id\":\"https:\/\/dmcsrb.com\/en\/ekonomija\/grupa-zaposlenih-u-zicg-prica-o-politickoj-opstrukciji-je-cista-izmisljotina\/\",\"url\":\"https:\/\/dmcsrb.com\/en\/ekonomija\/grupa-zaposlenih-u-zicg-prica-o-politickoj-opstrukciji-je-cista-izmisljotina\/\",\"name\":\"Grupa zaposlenih u \u017dICG: Pri\u010da o politi\u010dkoj opstrukciji je \u010dista izmi\u0161ljotina - dmcsrb.com\",\"isPartOf\":{\"@id\":\"https:\/\/dmcsrb.com\/#website\"},\"primaryImageOfPage\":{\"@id\":\"https:\/\/dmcsrb.com\/en\/ekonomija\/grupa-zaposlenih-u-zicg-prica-o-politickoj-opstrukciji-je-cista-izmisljotina\/#primaryimage\"},\"image\":{\"@id\":\"https:\/\/dmcsrb.com\/en\/ekonomija\/grupa-zaposlenih-u-zicg-prica-o-politickoj-opstrukciji-je-cista-izmisljotina\/#primaryimage\"},\"thumbnailUrl\":\"https:\/\/dmcsrb.com\/wp-content\/uploads\/2026\/01\/radnici-zicg-strajk-foto-rtcg-1.webp\",\"datePublished\":\"2025-08-23T07:52:00+00:00\",\"author\":{\"@id\":\"https:\/\/dmcsrb.com\/#\/schema\/person\/5c39170f12db1b8b457732d0b5c854e2\"},\"breadcrumb\":{\"@id\":\"https:\/\/dmcsrb.com\/en\/ekonomija\/grupa-zaposlenih-u-zicg-prica-o-politickoj-opstrukciji-je-cista-izmisljotina\/#breadcrumb\"},\"inLanguage\":\"en-GB\",\"potentialAction\":[{\"@type\":\"ReadAction\",\"target\":[\"https:\/\/dmcsrb.com\/en\/ekonomija\/grupa-zaposlenih-u-zicg-prica-o-politickoj-opstrukciji-je-cista-izmisljotina\/\"]}]},{\"@type\":\"ImageObject\",\"inLanguage\":\"en-GB\",\"@id\":\"https:\/\/dmcsrb.com\/en\/ekonomija\/grupa-zaposlenih-u-zicg-prica-o-politickoj-opstrukciji-je-cista-izmisljotina\/#primaryimage\",\"url\":\"https:\/\/dmcsrb.com\/wp-content\/uploads\/2026\/01\/radnici-zicg-strajk-foto-rtcg-1.webp\",\"contentUrl\":\"https:\/\/dmcsrb.com\/wp-content\/uploads\/2026\/01\/radnici-zicg-strajk-foto-rtcg-1.webp\",\"width\":900,\"height\":415},{\"@type\":\"BreadcrumbList\",\"@id\":\"https:\/\/dmcsrb.com\/en\/ekonomija\/grupa-zaposlenih-u-zicg-prica-o-politickoj-opstrukciji-je-cista-izmisljotina\/#breadcrumb\",\"itemListElement\":[{\"@type\":\"ListItem\",\"position\":1,\"name\":\"Home\",\"item\":\"https:\/\/dmcsrb.com\/\"},{\"@type\":\"ListItem\",\"position\":2,\"name\":\"Grupa zaposlenih u \u017dICG: Pri\u010da o politi\u010dkoj opstrukciji je \u010dista izmi\u0161ljotina\"}]},{\"@type\":\"WebSite\",\"@id\":\"https:\/\/dmcsrb.com\/#website\",\"url\":\"https:\/\/dmcsrb.com\/\",\"name\":\"dmcsrb.com\",\"description\":\"\",\"potentialAction\":[{\"@type\":\"SearchAction\",\"target\":{\"@type\":\"EntryPoint\",\"urlTemplate\":\"https:\/\/dmcsrb.com\/?s={search_term_string}\"},\"query-input\":{\"@type\":\"PropertyValueSpecification\",\"valueRequired\":true,\"valueName\":\"search_term_string\"}}],\"inLanguage\":\"en-GB\"},{\"@type\":\"Person\",\"@id\":\"https:\/\/dmcsrb.com\/#\/schema\/person\/5c39170f12db1b8b457732d0b5c854e2\",\"name\":\"dmcsrbija.com@gmail.com\",\"image\":{\"@type\":\"ImageObject\",\"inLanguage\":\"en-GB\",\"@id\":\"https:\/\/dmcsrb.com\/#\/schema\/person\/image\/\",\"url\":\"https:\/\/secure.gravatar.com\/avatar\/68592660ad6347fad0fb587f8d5d8f1a7b44961362f56e4f2cd524feb87e9069?s=96&d=mm&r=g\",\"contentUrl\":\"https:\/\/secure.gravatar.com\/avatar\/68592660ad6347fad0fb587f8d5d8f1a7b44961362f56e4f2cd524feb87e9069?s=96&d=mm&r=g\",\"caption\":\"dmcsrbija.com@gmail.com\"},\"sameAs\":[\"https:\/\/dmcsrb.com\"],\"url\":\"https:\/\/dmcsrb.com\/en\/author\/dmcsrbija-comgmail-com\/\"}]}<\/script>\n<!-- \/ Yoast SEO plugin. -->","yoast_head_json":{"title":"Grupa zaposlenih u \u017dICG: Pri\u010da o politi\u010dkoj opstrukciji je \u010dista izmi\u0161ljotina - dmcsrb.com","robots":{"index":"index","follow":"follow","max-snippet":"max-snippet:-1","max-image-preview":"max-image-preview:large","max-video-preview":"max-video-preview:-1"},"canonical":"https:\/\/dmcsrb.com\/en\/ekonomija\/grupa-zaposlenih-u-zicg-prica-o-politickoj-opstrukciji-je-cista-izmisljotina\/","og_locale":"en_GB","og_type":"article","og_title":"Grupa zaposlenih u \u017dICG: Pri\u010da o politi\u010dkoj opstrukciji je \u010dista izmi\u0161ljotina - dmcsrb.com","og_description":"Grupa od 85 zaposlenih u \u017deljezni\u010dkoj infrastrukturi Crne Gore \u2013 otpravnika vozova, TK dispe\u010dera i saobra\u0107ajnih dispe\u010dera \u2013 danas je demantovala tvrdnje menad\u017ementa o navodnoj politi\u010dkoj opstrukciji.","og_url":"https:\/\/dmcsrb.com\/en\/ekonomija\/grupa-zaposlenih-u-zicg-prica-o-politickoj-opstrukciji-je-cista-izmisljotina\/","og_site_name":"dmcsrb.com","article_published_time":"2025-08-23T07:52:00+00:00","og_image":[{"width":900,"height":415,"url":"https:\/\/dmcsrb.com\/wp-content\/uploads\/2026\/01\/radnici-zicg-strajk-foto-rtcg-1.webp","type":"image\/jpeg"}],"author":"dmcsrbija.com@gmail.com","twitter_card":"summary_large_image","twitter_misc":{"Written by":"dmcsrbija.com@gmail.com","Estimated reading time":"2 minutes"},"schema":{"@context":"https:\/\/schema.org","@graph":[{"@type":"Article","@id":"https:\/\/dmcsrb.com\/en\/ekonomija\/grupa-zaposlenih-u-zicg-prica-o-politickoj-opstrukciji-je-cista-izmisljotina\/#article","isPartOf":{"@id":"https:\/\/dmcsrb.com\/en\/ekonomija\/grupa-zaposlenih-u-zicg-prica-o-politickoj-opstrukciji-je-cista-izmisljotina\/"},"author":{"name":"dmcsrbija.com@gmail.com","@id":"https:\/\/dmcsrb.com\/#\/schema\/person\/5c39170f12db1b8b457732d0b5c854e2"},"headline":"Grupa zaposlenih u \u017dICG: Pri\u010da o politi\u010dkoj opstrukciji je \u010dista izmi\u0161ljotina","datePublished":"2025-08-23T07:52:00+00:00","mainEntityOfPage":{"@id":"https:\/\/dmcsrb.com\/en\/ekonomija\/grupa-zaposlenih-u-zicg-prica-o-politickoj-opstrukciji-je-cista-izmisljotina\/"},"wordCount":344,"commentCount":0,"image":{"@id":"https:\/\/dmcsrb.com\/en\/ekonomija\/grupa-zaposlenih-u-zicg-prica-o-politickoj-opstrukciji-je-cista-izmisljotina\/#primaryimage"},"thumbnailUrl":"https:\/\/dmcsrb.com\/wp-content\/uploads\/2026\/01\/radnici-zicg-strajk-foto-rtcg-1.webp","keywords":["Grupa zaposlenih","Izmi\u0161ljotina","Politi\u010dka opstrukcija","\u017dICG"],"articleSection":["Ekonomija"],"inLanguage":"en-GB","potentialAction":[{"@type":"CommentAction","name":"Comment","target":["https:\/\/dmcsrb.com\/en\/ekonomija\/grupa-zaposlenih-u-zicg-prica-o-politickoj-opstrukciji-je-cista-izmisljotina\/#respond"]}]},{"@type":"WebPage","@id":"https:\/\/dmcsrb.com\/en\/ekonomija\/grupa-zaposlenih-u-zicg-prica-o-politickoj-opstrukciji-je-cista-izmisljotina\/","url":"https:\/\/dmcsrb.com\/en\/ekonomija\/grupa-zaposlenih-u-zicg-prica-o-politickoj-opstrukciji-je-cista-izmisljotina\/","name":"Grupa zaposlenih u \u017dICG: Pri\u010da o politi\u010dkoj opstrukciji je \u010dista izmi\u0161ljotina - dmcsrb.com","isPartOf":{"@id":"https:\/\/dmcsrb.com\/#website"},"primaryImageOfPage":{"@id":"https:\/\/dmcsrb.com\/en\/ekonomija\/grupa-zaposlenih-u-zicg-prica-o-politickoj-opstrukciji-je-cista-izmisljotina\/#primaryimage"},"image":{"@id":"https:\/\/dmcsrb.com\/en\/ekonomija\/grupa-zaposlenih-u-zicg-prica-o-politickoj-opstrukciji-je-cista-izmisljotina\/#primaryimage"},"thumbnailUrl":"https:\/\/dmcsrb.com\/wp-content\/uploads\/2026\/01\/radnici-zicg-strajk-foto-rtcg-1.webp","datePublished":"2025-08-23T07:52:00+00:00","author":{"@id":"https:\/\/dmcsrb.com\/#\/schema\/person\/5c39170f12db1b8b457732d0b5c854e2"},"breadcrumb":{"@id":"https:\/\/dmcsrb.com\/en\/ekonomija\/grupa-zaposlenih-u-zicg-prica-o-politickoj-opstrukciji-je-cista-izmisljotina\/#breadcrumb"},"inLanguage":"en-GB","potentialAction":[{"@type":"ReadAction","target":["https:\/\/dmcsrb.com\/en\/ekonomija\/grupa-zaposlenih-u-zicg-prica-o-politickoj-opstrukciji-je-cista-izmisljotina\/"]}]},{"@type":"ImageObject","inLanguage":"en-GB","@id":"https:\/\/dmcsrb.com\/en\/ekonomija\/grupa-zaposlenih-u-zicg-prica-o-politickoj-opstrukciji-je-cista-izmisljotina\/#primaryimage","url":"https:\/\/dmcsrb.com\/wp-content\/uploads\/2026\/01\/radnici-zicg-strajk-foto-rtcg-1.webp","contentUrl":"https:\/\/dmcsrb.com\/wp-content\/uploads\/2026\/01\/radnici-zicg-strajk-foto-rtcg-1.webp","width":900,"height":415},{"@type":"BreadcrumbList","@id":"https:\/\/dmcsrb.com\/en\/ekonomija\/grupa-zaposlenih-u-zicg-prica-o-politickoj-opstrukciji-je-cista-izmisljotina\/#breadcrumb","itemListElement":[{"@type":"ListItem","position":1,"name":"Home","item":"https:\/\/dmcsrb.com\/"},{"@type":"ListItem","position":2,"name":"Grupa zaposlenih u \u017dICG: Pri\u010da o politi\u010dkoj opstrukciji je \u010dista izmi\u0161ljotina"}]},{"@type":"WebSite","@id":"https:\/\/dmcsrb.com\/#website","url":"https:\/\/dmcsrb.com\/","name":"dmcsrb.com","description":"","potentialAction":[{"@type":"SearchAction","target":{"@type":"EntryPoint","urlTemplate":"https:\/\/dmcsrb.com\/?s={search_term_string}"},"query-input":{"@type":"PropertyValueSpecification","valueRequired":true,"valueName":"search_term_string"}}],"inLanguage":"en-GB"},{"@type":"Person","@id":"https:\/\/dmcsrb.com\/#\/schema\/person\/5c39170f12db1b8b457732d0b5c854e2","name":"dmcsrbija.com@gmail.com","image":{"@type":"ImageObject","inLanguage":"en-GB","@id":"https:\/\/dmcsrb.com\/#\/schema\/person\/image\/","url":"https:\/\/secure.gravatar.com\/avatar\/68592660ad6347fad0fb587f8d5d8f1a7b44961362f56e4f2cd524feb87e9069?s=96&d=mm&r=g","contentUrl":"https:\/\/secure.gravatar.com\/avatar\/68592660ad6347fad0fb587f8d5d8f1a7b44961362f56e4f2cd524feb87e9069?s=96&d=mm&r=g","caption":"dmcsrbija.com@gmail.com"},"sameAs":["https:\/\/dmcsrb.com"],"url":"https:\/\/dmcsrb.com\/en\/author\/dmcsrbija-comgmail-com\/"}]}},"_links":{"self":[{"href":"https:\/\/dmcsrb.com\/en\/wp-json\/wp\/v2\/posts\/947836","targetHints":{"allow":["GET"]}}],"collection":[{"href":"https:\/\/dmcsrb.com\/en\/wp-json\/wp\/v2\/posts"}],"about":[{"href":"https:\/\/dmcsrb.com\/en\/wp-json\/wp\/v2\/types\/post"}],"author":[{"embeddable":true,"href":"https:\/\/dmcsrb.com\/en\/wp-json\/wp\/v2\/users\/1"}],"replies":[{"embeddable":true,"href":"https:\/\/dmcsrb.com\/en\/wp-json\/wp\/v2\/comments?post=947836"}],"version-history":[{"count":0,"href":"https:\/\/dmcsrb.com\/en\/wp-json\/wp\/v2\/posts\/947836\/revisions"}],"wp:featuredmedia":[{"embeddable":true,"href":"https:\/\/dmcsrb.com\/en\/wp-json\/wp\/v2\/media\/947837"}],"wp:attachment":[{"href":"https:\/\/dmcsrb.com\/en\/wp-json\/wp\/v2\/media?parent=947836"}],"wp:term":[{"taxonomy":"category","embeddable":true,"href":"https:\/\/dmcsrb.com\/en\/wp-json\/wp\/v2\/categories?post=947836"},{"taxonomy":"post_tag","embeddable":true,"href":"https:\/\/dmcsrb.com\/en\/wp-json\/wp\/v2\/tags?post=947836"},{"taxonomy":"naslovna","embeddable":true,"href":"https:\/\/dmcsrb.com\/en\/wp-json\/wp\/v2\/naslovna?post=947836"}],"curies":[{"name":"wp","href":"https:\/\/api.w.org\/{rel}","templated":true}]}}