{"id":947831,"date":"2025-08-23T10:20:00","date_gmt":"2025-08-23T08:20:00","guid":{"rendered":"https:\/\/dmcsrb.com\/uncategorized\/crveni-tepih-kao-uvod-u-svecano-otvaranje-38-filmskog-festivala-herceg-novi\/"},"modified":"2025-08-23T10:20:00","modified_gmt":"2025-08-23T08:20:00","slug":"crveni-tepih-kao-uvod-u-svecano-otvaranje-38-filmskog-festivala-herceg-novi","status":"publish","type":"post","link":"https:\/\/dmcsrb.com\/en\/kultura\/crveni-tepih-kao-uvod-u-svecano-otvaranje-38-filmskog-festivala-herceg-novi\/","title":{"rendered":"Crveni tepih kao uvod u sve\u010dano otvaranje 38. Filmskog festivala Herceg Novi"},"content":{"rendered":"<p><br>Crveni tepih bi\u0107e po drugi put postavljen u centru grada, na glavnom trgu podno Tore, a njime \u0107e od 20 \u010dasova pro\u0161etati brojni doma\u0107i i regionalni gosti iz svijeta filma, kulture i javnog \u017eivota.<br><br>Uz susret publike sa autorima, glumcima i filmskim radnicima, crveni tepih ove godine donosi dva nova detalja, nastup Mjesne muzike \u0110enovi\u0107 i izvo\u0111enje rimejka \u010duvene pjesme \u201eStari sat\u201c, posve\u0107ene simbolu Herceg Novog, Tori (Sahat kuli), koju je izvodio legendarni novski saksofonista Jo\u0161ko Vidakovi\u0107.<br><br>Doma\u0107ica crvenog tepiha bi\u0107e glumica Dragana Dabovi\u0107, a voditelji sve\u010denog otvaranja koje je zakazano za 21.00 na Kanli kuli su gluma\u010dki par Milo\u0161 Pejovi\u0107 i Marija Bergam.<br><br>Publiku i goste o\u010dekuje pa\u017eljivo osmi\u0161ljen koncept otvaranja, u kojem \u0107e se spojiti umjetnost, film i posebna atmosfera ljetnje pozornice na Kanli Kuli.<br><br>Festival otvara Du\u0161an Kova\u010devi\u0107 kojem \u0107e biti uru\u010dena nagrada &#8220;Milan \u017dmuki\u0107\u201c , a zatim u prisustvu filmske ekipe po\u010dinje crnogorska premijera filma &#8220;Vidra&#8221; .<br><br>Milo\u0161 Pejovi\u0107, doma\u0107in otvaranja je rekao &#8220;Uvijek mi je drago kada me FFHN pozove da budem dio tima i da sam dio sve\u010danog otvaranja Festivala, na Kanli Kuli se osje\u0107am kao kod ku\u0107e i \u017eelim da, koliko mogu, doprinesem promociji Festivala i Herceg Novog&#8221; .<br><br>&#8220;FFHN je ne\u0161to uz \u0161ta sam ja odrastao i \u0161to je mo\u017eda, uz dje\u010diju scenu Hercegnovskog pozori\u0161ta, bilo i inicijalna iskra koja me potakla da u svojoj 24. godini upi\u0161em glumu&#8221;, kazao je Pejovi\u0107.<br><br>Prema njegovom mi\u0161ljenju ovakve manifestacije moraju biti uzdanica crnogorske kulture i filma.<br><br>&#8220;Svake godine bi se trebalo truditi da se ovaj Festival podigne za jednu stepenicu vi\u0161e. Ovaj festival ne treba samo \u010duvati,treba ga unapre\u0111ivati iz godine u godinu.Gostima poru\u010dujem da u\u017eivaju, da obi\u0111u Herceg Novi, da ga pamte po dobrom i da nas promovi\u0161u gdje god da odu&#8221;, istakao je Pejovi\u0107.<br><br>Tokom Festivala, Herceg Novi postaje grad koji ne spava. Brendirane lokacije sa &#8220;svim bojama filma&#8221; pretvaraju grad, trgove i \u0161etali\u0161ta u pravu festivalsku pozornicu.<br><br>Srce doga\u0111aja kuca na Kanli kuli, monumentalnoj tvr\u0111avi pod vedrim nebom, gdje publika u\u017eiva u najzna\u010dajnijim filmskim ostvarenjima iz selekcije igranog filma.<br><br>Herceg Novi \u0107e 38. put postati regionalni centar filmske umjetnosti, doma\u0107in jednog od najzna\u010dajnijih festivala u jugoisto\u010dnoj Evropi, a ulice grada bi\u0107e ispunjene filmskom energijom.<br><br>Filmski festival Herceg Novi i ove godine donosi vi\u0161e od 60 ostvarenja u tri takmi\u010darske selekcije i revijalnim programima, pod sloganom \u201eSve boje filma\u201c, \u010dine\u0107i da Herceg Novi od 23. do 29. avgusta postane pravi centar filmske umjetnosti regiona.<br><br>O dobitniku Grand Prix-a &#8211; Zlatne mimoze za najbolji film i ostalim nagradama takmi\u010darske delekcije dugometra\u017enog igranog filma odlu\u010diva\u0107e \u017eiri u sastavu: red.prof. Predrag Peri\u0161i\u0107, dramski pisac, filmski i tv scenarista, Gor\u010din Stojanovi\u0107, reditelj, Nata\u0161a Ninkovi\u0107, glumica, prof. dr. Maja Bogojevi\u0107, filmska teoreti\u010darka i kriti\u010darka i Esra Demirkiran koordinatorka festivala TRT 12 Punto.<br><br>Vi\u0161e informacija o programu FFHN dostupno je na veb sajtovima\u00a0<a href=\"https:\/\/filmfestival.me\/\">https:\/\/filmfestival.me\/<\/a>\u00a0 i<a href=\"https:\/\/www.hercegfest.me\/\">https:\/\/www.hercegfest.me\/<\/a>\u00a0kao i na kanalima na dru\u0161tvenim mre\u017ea<\/p>\n\n\n\n<p><a href=\"https:\/\/prcentar.me\/index-test.html\"><\/a><\/p>\n\n\n\n<p><a href=\"https:\/\/prcentar.me\/index-test.html\"><\/a><a href=\"https:\/\/prcentar.me\/index-test.html\"><\/a><a href=\"https:\/\/prcentar.me\/index-test.html\"><\/a><a href=\"https:\/\/prcentar.me\/index-test.html\"><\/a><\/p>","protected":false},"excerpt":{"rendered":"<p>Crveni tepih u centru Herceg Novog na glavnom trgu podno Tore, ugosti\u0107e u subotu brojne zvanice i uvesti u sve\u010dano otvaranje 38. Filmskog festivala Herceg Novi &#8211; Montenegro film festivala na Kanli kuli.<\/p>","protected":false},"author":1,"featured_media":947832,"comment_status":"open","ping_status":"open","sticky":false,"template":"","format":"standard","meta":{"_acf_changed":false,"footnotes":""},"categories":[50],"tags":[18199,9810,48,4619],"naslovna":[],"class_list":["post-947831","post","type-post","status-publish","format-standard","has-post-thumbnail","hentry","category-kultura","tag-crveni-tepih","tag-filmski-festival","tag-herceg-novi","tag-svecano-otvaranje"],"acf":[],"yoast_head":"<!-- This site is optimized with the Yoast SEO plugin v27.0 - https:\/\/yoast.com\/product\/yoast-seo-wordpress\/ -->\n<title>Crveni tepih kao uvod u sve\u010dano otvaranje 38. Filmskog festivala Herceg Novi - dmcsrb.com<\/title>\n<meta name=\"robots\" content=\"index, follow, max-snippet:-1, max-image-preview:large, max-video-preview:-1\" \/>\n<link rel=\"canonical\" href=\"https:\/\/dmcsrb.com\/en\/kultura\/crveni-tepih-kao-uvod-u-svecano-otvaranje-38-filmskog-festivala-herceg-novi\/\" \/>\n<meta property=\"og:locale\" content=\"en_GB\" \/>\n<meta property=\"og:type\" content=\"article\" \/>\n<meta property=\"og:title\" content=\"Crveni tepih kao uvod u sve\u010dano otvaranje 38. Filmskog festivala Herceg Novi - dmcsrb.com\" \/>\n<meta property=\"og:description\" content=\"Crveni tepih u centru Herceg Novog na glavnom trgu podno Tore, ugosti\u0107e u subotu brojne zvanice i uvesti u sve\u010dano otvaranje 38. Filmskog festivala Herceg Novi - Montenegro film festivala na Kanli kuli.\" \/>\n<meta property=\"og:url\" content=\"https:\/\/dmcsrb.com\/en\/kultura\/crveni-tepih-kao-uvod-u-svecano-otvaranje-38-filmskog-festivala-herceg-novi\/\" \/>\n<meta property=\"og:site_name\" content=\"dmcsrb.com\" \/>\n<meta property=\"article:published_time\" content=\"2025-08-23T08:20:00+00:00\" \/>\n<meta property=\"og:image\" content=\"https:\/\/dmcsrb.com\/wp-content\/uploads\/2026\/01\/slika-08-23-07-52-37.webp\" \/>\n\t<meta property=\"og:image:width\" content=\"1140\" \/>\n\t<meta property=\"og:image:height\" content=\"650\" \/>\n\t<meta property=\"og:image:type\" content=\"image\/jpeg\" \/>\n<meta name=\"author\" content=\"dmcsrbija.com@gmail.com\" \/>\n<meta name=\"twitter:card\" content=\"summary_large_image\" \/>\n<meta name=\"twitter:label1\" content=\"Written by\" \/>\n\t<meta name=\"twitter:data1\" content=\"dmcsrbija.com@gmail.com\" \/>\n\t<meta name=\"twitter:label2\" content=\"Estimated reading time\" \/>\n\t<meta name=\"twitter:data2\" content=\"3 minutes\" \/>\n<script type=\"application\/ld+json\" class=\"yoast-schema-graph\">{\"@context\":\"https:\/\/schema.org\",\"@graph\":[{\"@type\":\"Article\",\"@id\":\"https:\/\/dmcsrb.com\/kultura\/crveni-tepih-kao-uvod-u-svecano-otvaranje-38-filmskog-festivala-herceg-novi\/#article\",\"isPartOf\":{\"@id\":\"https:\/\/dmcsrb.com\/kultura\/crveni-tepih-kao-uvod-u-svecano-otvaranje-38-filmskog-festivala-herceg-novi\/\"},\"author\":{\"name\":\"dmcsrbija.com@gmail.com\",\"@id\":\"https:\/\/dmcsrb.com\/#\/schema\/person\/5c39170f12db1b8b457732d0b5c854e2\"},\"headline\":\"Crveni tepih kao uvod u sve\u010dano otvaranje 38. Filmskog festivala Herceg Novi\",\"datePublished\":\"2025-08-23T08:20:00+00:00\",\"mainEntityOfPage\":{\"@id\":\"https:\/\/dmcsrb.com\/kultura\/crveni-tepih-kao-uvod-u-svecano-otvaranje-38-filmskog-festivala-herceg-novi\/\"},\"wordCount\":540,\"commentCount\":0,\"image\":{\"@id\":\"https:\/\/dmcsrb.com\/kultura\/crveni-tepih-kao-uvod-u-svecano-otvaranje-38-filmskog-festivala-herceg-novi\/#primaryimage\"},\"thumbnailUrl\":\"https:\/\/dmcsrb.com\/wp-content\/uploads\/2026\/01\/slika-08-23-07-52-37.webp\",\"keywords\":[\"Crveni tepih\",\"filmski festival\",\"Herceg Novi\",\"sve\u010dano otvaranje\"],\"articleSection\":[\"Kultura\"],\"inLanguage\":\"en-GB\",\"potentialAction\":[{\"@type\":\"CommentAction\",\"name\":\"Comment\",\"target\":[\"https:\/\/dmcsrb.com\/kultura\/crveni-tepih-kao-uvod-u-svecano-otvaranje-38-filmskog-festivala-herceg-novi\/#respond\"]}]},{\"@type\":\"WebPage\",\"@id\":\"https:\/\/dmcsrb.com\/kultura\/crveni-tepih-kao-uvod-u-svecano-otvaranje-38-filmskog-festivala-herceg-novi\/\",\"url\":\"https:\/\/dmcsrb.com\/kultura\/crveni-tepih-kao-uvod-u-svecano-otvaranje-38-filmskog-festivala-herceg-novi\/\",\"name\":\"Crveni tepih kao uvod u sve\u010dano otvaranje 38. Filmskog festivala Herceg Novi - dmcsrb.com\",\"isPartOf\":{\"@id\":\"https:\/\/dmcsrb.com\/#website\"},\"primaryImageOfPage\":{\"@id\":\"https:\/\/dmcsrb.com\/kultura\/crveni-tepih-kao-uvod-u-svecano-otvaranje-38-filmskog-festivala-herceg-novi\/#primaryimage\"},\"image\":{\"@id\":\"https:\/\/dmcsrb.com\/kultura\/crveni-tepih-kao-uvod-u-svecano-otvaranje-38-filmskog-festivala-herceg-novi\/#primaryimage\"},\"thumbnailUrl\":\"https:\/\/dmcsrb.com\/wp-content\/uploads\/2026\/01\/slika-08-23-07-52-37.webp\",\"datePublished\":\"2025-08-23T08:20:00+00:00\",\"author\":{\"@id\":\"https:\/\/dmcsrb.com\/#\/schema\/person\/5c39170f12db1b8b457732d0b5c854e2\"},\"breadcrumb\":{\"@id\":\"https:\/\/dmcsrb.com\/kultura\/crveni-tepih-kao-uvod-u-svecano-otvaranje-38-filmskog-festivala-herceg-novi\/#breadcrumb\"},\"inLanguage\":\"en-GB\",\"potentialAction\":[{\"@type\":\"ReadAction\",\"target\":[\"https:\/\/dmcsrb.com\/kultura\/crveni-tepih-kao-uvod-u-svecano-otvaranje-38-filmskog-festivala-herceg-novi\/\"]}]},{\"@type\":\"ImageObject\",\"inLanguage\":\"en-GB\",\"@id\":\"https:\/\/dmcsrb.com\/kultura\/crveni-tepih-kao-uvod-u-svecano-otvaranje-38-filmskog-festivala-herceg-novi\/#primaryimage\",\"url\":\"https:\/\/dmcsrb.com\/wp-content\/uploads\/2026\/01\/slika-08-23-07-52-37.webp\",\"contentUrl\":\"https:\/\/dmcsrb.com\/wp-content\/uploads\/2026\/01\/slika-08-23-07-52-37.webp\",\"width\":1140,\"height\":650},{\"@type\":\"BreadcrumbList\",\"@id\":\"https:\/\/dmcsrb.com\/kultura\/crveni-tepih-kao-uvod-u-svecano-otvaranje-38-filmskog-festivala-herceg-novi\/#breadcrumb\",\"itemListElement\":[{\"@type\":\"ListItem\",\"position\":1,\"name\":\"Home\",\"item\":\"https:\/\/dmcsrb.com\/\"},{\"@type\":\"ListItem\",\"position\":2,\"name\":\"Crveni tepih kao uvod u sve\u010dano otvaranje 38. Filmskog festivala Herceg Novi\"}]},{\"@type\":\"WebSite\",\"@id\":\"https:\/\/dmcsrb.com\/#website\",\"url\":\"https:\/\/dmcsrb.com\/\",\"name\":\"dmcsrb.com\",\"description\":\"\",\"potentialAction\":[{\"@type\":\"SearchAction\",\"target\":{\"@type\":\"EntryPoint\",\"urlTemplate\":\"https:\/\/dmcsrb.com\/?s={search_term_string}\"},\"query-input\":{\"@type\":\"PropertyValueSpecification\",\"valueRequired\":true,\"valueName\":\"search_term_string\"}}],\"inLanguage\":\"en-GB\"},{\"@type\":\"Person\",\"@id\":\"https:\/\/dmcsrb.com\/#\/schema\/person\/5c39170f12db1b8b457732d0b5c854e2\",\"name\":\"dmcsrbija.com@gmail.com\",\"image\":{\"@type\":\"ImageObject\",\"inLanguage\":\"en-GB\",\"@id\":\"https:\/\/dmcsrb.com\/#\/schema\/person\/image\/\",\"url\":\"https:\/\/secure.gravatar.com\/avatar\/68592660ad6347fad0fb587f8d5d8f1a7b44961362f56e4f2cd524feb87e9069?s=96&d=mm&r=g\",\"contentUrl\":\"https:\/\/secure.gravatar.com\/avatar\/68592660ad6347fad0fb587f8d5d8f1a7b44961362f56e4f2cd524feb87e9069?s=96&d=mm&r=g\",\"caption\":\"dmcsrbija.com@gmail.com\"},\"sameAs\":[\"https:\/\/dmcsrb.com\"],\"url\":\"https:\/\/dmcsrb.com\/en\/author\/dmcsrbija-comgmail-com\/\"}]}<\/script>\n<!-- \/ Yoast SEO plugin. -->","yoast_head_json":{"title":"Crveni tepih kao uvod u sve\u010dano otvaranje 38. Filmskog festivala Herceg Novi - dmcsrb.com","robots":{"index":"index","follow":"follow","max-snippet":"max-snippet:-1","max-image-preview":"max-image-preview:large","max-video-preview":"max-video-preview:-1"},"canonical":"https:\/\/dmcsrb.com\/en\/kultura\/crveni-tepih-kao-uvod-u-svecano-otvaranje-38-filmskog-festivala-herceg-novi\/","og_locale":"en_GB","og_type":"article","og_title":"Crveni tepih kao uvod u sve\u010dano otvaranje 38. Filmskog festivala Herceg Novi - dmcsrb.com","og_description":"Crveni tepih u centru Herceg Novog na glavnom trgu podno Tore, ugosti\u0107e u subotu brojne zvanice i uvesti u sve\u010dano otvaranje 38. Filmskog festivala Herceg Novi - Montenegro film festivala na Kanli kuli.","og_url":"https:\/\/dmcsrb.com\/en\/kultura\/crveni-tepih-kao-uvod-u-svecano-otvaranje-38-filmskog-festivala-herceg-novi\/","og_site_name":"dmcsrb.com","article_published_time":"2025-08-23T08:20:00+00:00","og_image":[{"width":1140,"height":650,"url":"https:\/\/dmcsrb.com\/wp-content\/uploads\/2026\/01\/slika-08-23-07-52-37.webp","type":"image\/jpeg"}],"author":"dmcsrbija.com@gmail.com","twitter_card":"summary_large_image","twitter_misc":{"Written by":"dmcsrbija.com@gmail.com","Estimated reading time":"3 minutes"},"schema":{"@context":"https:\/\/schema.org","@graph":[{"@type":"Article","@id":"https:\/\/dmcsrb.com\/kultura\/crveni-tepih-kao-uvod-u-svecano-otvaranje-38-filmskog-festivala-herceg-novi\/#article","isPartOf":{"@id":"https:\/\/dmcsrb.com\/kultura\/crveni-tepih-kao-uvod-u-svecano-otvaranje-38-filmskog-festivala-herceg-novi\/"},"author":{"name":"dmcsrbija.com@gmail.com","@id":"https:\/\/dmcsrb.com\/#\/schema\/person\/5c39170f12db1b8b457732d0b5c854e2"},"headline":"Crveni tepih kao uvod u sve\u010dano otvaranje 38. Filmskog festivala Herceg Novi","datePublished":"2025-08-23T08:20:00+00:00","mainEntityOfPage":{"@id":"https:\/\/dmcsrb.com\/kultura\/crveni-tepih-kao-uvod-u-svecano-otvaranje-38-filmskog-festivala-herceg-novi\/"},"wordCount":540,"commentCount":0,"image":{"@id":"https:\/\/dmcsrb.com\/kultura\/crveni-tepih-kao-uvod-u-svecano-otvaranje-38-filmskog-festivala-herceg-novi\/#primaryimage"},"thumbnailUrl":"https:\/\/dmcsrb.com\/wp-content\/uploads\/2026\/01\/slika-08-23-07-52-37.webp","keywords":["Crveni tepih","filmski festival","Herceg Novi","sve\u010dano otvaranje"],"articleSection":["Kultura"],"inLanguage":"en-GB","potentialAction":[{"@type":"CommentAction","name":"Comment","target":["https:\/\/dmcsrb.com\/kultura\/crveni-tepih-kao-uvod-u-svecano-otvaranje-38-filmskog-festivala-herceg-novi\/#respond"]}]},{"@type":"WebPage","@id":"https:\/\/dmcsrb.com\/kultura\/crveni-tepih-kao-uvod-u-svecano-otvaranje-38-filmskog-festivala-herceg-novi\/","url":"https:\/\/dmcsrb.com\/kultura\/crveni-tepih-kao-uvod-u-svecano-otvaranje-38-filmskog-festivala-herceg-novi\/","name":"Crveni tepih kao uvod u sve\u010dano otvaranje 38. Filmskog festivala Herceg Novi - dmcsrb.com","isPartOf":{"@id":"https:\/\/dmcsrb.com\/#website"},"primaryImageOfPage":{"@id":"https:\/\/dmcsrb.com\/kultura\/crveni-tepih-kao-uvod-u-svecano-otvaranje-38-filmskog-festivala-herceg-novi\/#primaryimage"},"image":{"@id":"https:\/\/dmcsrb.com\/kultura\/crveni-tepih-kao-uvod-u-svecano-otvaranje-38-filmskog-festivala-herceg-novi\/#primaryimage"},"thumbnailUrl":"https:\/\/dmcsrb.com\/wp-content\/uploads\/2026\/01\/slika-08-23-07-52-37.webp","datePublished":"2025-08-23T08:20:00+00:00","author":{"@id":"https:\/\/dmcsrb.com\/#\/schema\/person\/5c39170f12db1b8b457732d0b5c854e2"},"breadcrumb":{"@id":"https:\/\/dmcsrb.com\/kultura\/crveni-tepih-kao-uvod-u-svecano-otvaranje-38-filmskog-festivala-herceg-novi\/#breadcrumb"},"inLanguage":"en-GB","potentialAction":[{"@type":"ReadAction","target":["https:\/\/dmcsrb.com\/kultura\/crveni-tepih-kao-uvod-u-svecano-otvaranje-38-filmskog-festivala-herceg-novi\/"]}]},{"@type":"ImageObject","inLanguage":"en-GB","@id":"https:\/\/dmcsrb.com\/kultura\/crveni-tepih-kao-uvod-u-svecano-otvaranje-38-filmskog-festivala-herceg-novi\/#primaryimage","url":"https:\/\/dmcsrb.com\/wp-content\/uploads\/2026\/01\/slika-08-23-07-52-37.webp","contentUrl":"https:\/\/dmcsrb.com\/wp-content\/uploads\/2026\/01\/slika-08-23-07-52-37.webp","width":1140,"height":650},{"@type":"BreadcrumbList","@id":"https:\/\/dmcsrb.com\/kultura\/crveni-tepih-kao-uvod-u-svecano-otvaranje-38-filmskog-festivala-herceg-novi\/#breadcrumb","itemListElement":[{"@type":"ListItem","position":1,"name":"Home","item":"https:\/\/dmcsrb.com\/"},{"@type":"ListItem","position":2,"name":"Crveni tepih kao uvod u sve\u010dano otvaranje 38. Filmskog festivala Herceg Novi"}]},{"@type":"WebSite","@id":"https:\/\/dmcsrb.com\/#website","url":"https:\/\/dmcsrb.com\/","name":"dmcsrb.com","description":"","potentialAction":[{"@type":"SearchAction","target":{"@type":"EntryPoint","urlTemplate":"https:\/\/dmcsrb.com\/?s={search_term_string}"},"query-input":{"@type":"PropertyValueSpecification","valueRequired":true,"valueName":"search_term_string"}}],"inLanguage":"en-GB"},{"@type":"Person","@id":"https:\/\/dmcsrb.com\/#\/schema\/person\/5c39170f12db1b8b457732d0b5c854e2","name":"dmcsrbija.com@gmail.com","image":{"@type":"ImageObject","inLanguage":"en-GB","@id":"https:\/\/dmcsrb.com\/#\/schema\/person\/image\/","url":"https:\/\/secure.gravatar.com\/avatar\/68592660ad6347fad0fb587f8d5d8f1a7b44961362f56e4f2cd524feb87e9069?s=96&d=mm&r=g","contentUrl":"https:\/\/secure.gravatar.com\/avatar\/68592660ad6347fad0fb587f8d5d8f1a7b44961362f56e4f2cd524feb87e9069?s=96&d=mm&r=g","caption":"dmcsrbija.com@gmail.com"},"sameAs":["https:\/\/dmcsrb.com"],"url":"https:\/\/dmcsrb.com\/en\/author\/dmcsrbija-comgmail-com\/"}]}},"_links":{"self":[{"href":"https:\/\/dmcsrb.com\/en\/wp-json\/wp\/v2\/posts\/947831","targetHints":{"allow":["GET"]}}],"collection":[{"href":"https:\/\/dmcsrb.com\/en\/wp-json\/wp\/v2\/posts"}],"about":[{"href":"https:\/\/dmcsrb.com\/en\/wp-json\/wp\/v2\/types\/post"}],"author":[{"embeddable":true,"href":"https:\/\/dmcsrb.com\/en\/wp-json\/wp\/v2\/users\/1"}],"replies":[{"embeddable":true,"href":"https:\/\/dmcsrb.com\/en\/wp-json\/wp\/v2\/comments?post=947831"}],"version-history":[{"count":0,"href":"https:\/\/dmcsrb.com\/en\/wp-json\/wp\/v2\/posts\/947831\/revisions"}],"wp:featuredmedia":[{"embeddable":true,"href":"https:\/\/dmcsrb.com\/en\/wp-json\/wp\/v2\/media\/947832"}],"wp:attachment":[{"href":"https:\/\/dmcsrb.com\/en\/wp-json\/wp\/v2\/media?parent=947831"}],"wp:term":[{"taxonomy":"category","embeddable":true,"href":"https:\/\/dmcsrb.com\/en\/wp-json\/wp\/v2\/categories?post=947831"},{"taxonomy":"post_tag","embeddable":true,"href":"https:\/\/dmcsrb.com\/en\/wp-json\/wp\/v2\/tags?post=947831"},{"taxonomy":"naslovna","embeddable":true,"href":"https:\/\/dmcsrb.com\/en\/wp-json\/wp\/v2\/naslovna?post=947831"}],"curies":[{"name":"wp","href":"https:\/\/api.w.org\/{rel}","templated":true}]}}