{"id":947828,"date":"2025-08-23T09:06:00","date_gmt":"2025-08-23T07:06:00","guid":{"rendered":"https:\/\/dmcsrb.com\/uncategorized\/koprivica-svaka-nevina-zrtva-zasluzuje-postovanje-i-pomen-a-svako-drustvo-ima-obavezu-da-se-suoci-sa-svojom-prosloscu-bez-istorijskog-revizionizma\/"},"modified":"2025-08-23T09:06:00","modified_gmt":"2025-08-23T07:06:00","slug":"koprivica-svaka-nevina-zrtva-zasluzuje-postovanje-i-pomen-a-svako-drustvo-ima-obavezu-da-se-suoci-sa-svojom-prosloscu-bez-istorijskog-revizionizma","status":"publish","type":"post","link":"https:\/\/dmcsrb.com\/en\/politika\/koprivica-svaka-nevina-zrtva-zasluzuje-postovanje-i-pomen-a-svako-drustvo-ima-obavezu-da-se-suoci-sa-svojom-prosloscu-bez-istorijskog-revizionizma\/","title":{"rendered":"Koprivica: Svaka nevina \u017ertva zaslu\u017euje po\u0161tovanje i pomen, a svako dru\u0161tvo ima obavezu da se suo\u010di sa svojom pro\u0161lo\u0161\u0107u bez istorijskog revizionizma"},"content":{"rendered":"<p><\/p>\n\n\n\n<p>Ovo nije samo dan sje\u0107anja \u2013 to je i poziv na odgovornost. Politi\u010dke i ideolo\u0161ke razlike ne smiju zasjeniti osnovne moralne i ljudske principe. Svaka nevina \u017ertva zaslu\u017euje po\u0161tovanje i pomen, a svako dru\u0161tvo ima obavezu da se suo\u010di sa svojom pro\u0161lo\u0161\u0107u bez relativizacije, negativnog istorijskog revizionizma ili zaborava, naveo je Koprivica.<\/p>\n\n\n\n<p>&#8221;Ideologije, koje su osu\u0111ene Rezolucijom Evropskog parlamenta, ostavile su trag u Evropi, a taj trag nije zaobi\u0161ao ni Crnu Goru, uz sve objektivne razlike izme\u0111u re\u017eima koji su bili kod nas i u nekim drugim isto\u010dnoevropskim dr\u017eavama i uz nu\u017eno izbjegavanje negiranja \u010dinjenice da su pripadnici NOP-a doveli do slobode od fa\u0161isti\u010dkog zavojeva\u010da&#8221;, istakao je Koprivica.<\/p>\n\n\n\n<p>Crna Gora pamti. Pamti \u017ertve vansudskih pogubljenja. Pamti kazne bez su\u0111enja, pamti zatvore za &#8220;nepodobne&#8221;, \u0107utanje iz straha, poni\u017eenja zbog druga\u010dijeg mi\u0161ljenja, pamti one koji su osu\u0111eni bez krivice i one koji su pogubljeni bez su\u0111enja. Ali pamti i one koji su odbijali partijske naloge da likvidiraju ili degradiraju kom\u0161ije ili sugra\u0111ane, potvr\u0111uju\u0107i \u010dojstvo kao osnovnu moralnu tradiciju Crne Gore. Sje\u0107anje nije \u010din pro\u0161losti, ve\u0107 otpora. Otpora poku\u0161ajima da se nepravda i ga\u017eenje ljudskih prava i dostojanstva zaborave ili opravdaju, naglasio je Koprivica.<\/p>\n\n\n\n<p>&#8221;U duhu evropskih vrijednosti istine, savjesti i sje\u0107anja, Crna Gora treba da o\u010duva svoje antifa\u0161isti\u010dke tekovine i tradicije, ali i da rasvijetli sudbine nevino stradalih u ratnom i poratnom periodu, pod autoritarnim re\u017eimom, omogu\u0107avaju\u0107i dostojanstvo i neselektivno sje\u0107anje, uklju\u010duju\u0107i i identifikaciju masovnih grobnica, u kojima su nevini ljudi, stradali bez prava na su\u0111enje i odbranu, kao \u0161to su Kotor jama u Nik\u0161i\u0107u, zatim masovne grobnice na Cetinju i drugim mjestima&#8221;, naveo je Koprivica.<\/p>\n\n\n\n<p>U pijetetu i sje\u0107anju na nevine \u017ertve nijesmo ni lijevi ni desni, ni bijeli, ni crveni ni zeleni, ve\u0107 samo ljudi. Samo dru\u0161tvo koje se, na temelju istine, suo\u010dava sa tamnim stranicama svoje pro\u0161losti ima osnov da se nada svjetlijoj budu\u0107nosti, poru\u010dio je Koprivica.<\/p>\n\n\n\n<p>&#8221;Jedino se kroz istinu, istorijsko pam\u0107enje i otvoren dijalog mo\u017ee graditi demokratska, pravedna i otporna budu\u0107nost za sve gra\u0111ane. Evropske rezolucije i deklaracije daju putokaz. Na ovaj dan izra\u017eavamo solidarnost s porodicama \u017ertava, ali i odlu\u010dnost da njegujemo kulturu sje\u0107anja i obrazovanja, kako se zlo\u010dini totalitarizma i autoritarnih re\u017eima nikada vi\u0161e ne bi ponovili&#8221;, zaklju\u010duje Koprivica.<\/p>","protected":false},"excerpt":{"rendered":"<p>Danas se sje\u0107amo miliona \u017ertava koje su stradale pod totalitarnim i autoritarnim re\u017eimima \u0161irom Evrope i svijeta. Evropski dan sje\u0107anja na \u017ertve nacizma, fa\u0161izma, komunizma i drugih autoritarnih re\u017eima, ustanovljen Rezolucijom Evropskog parlamenta, podsjetnik je na to koliko su krhke sloboda, ljudska prava i dostojanstvo ako ih dru\u0161tvo ne brani zajedni\u010dki i dosljedno, saop\u0161tio je potpredsjednik Vlade za politi\u010dki sistem, pravosu\u0111e i antikorupciju Momo Koprivica.<\/p>","protected":false},"author":1,"featured_media":944280,"comment_status":"open","ping_status":"open","sticky":false,"template":"","format":"standard","meta":{"_acf_changed":false,"footnotes":""},"categories":[12],"tags":[4295,18194,1590,18195,2537,18196,16681,14775],"naslovna":[],"class_list":["post-947828","post","type-post","status-publish","format-standard","has-post-thumbnail","hentry","category-politika","tag-drustvo","tag-istorijski-revizionizam","tag-momo-koprivica","tag-nevina-zrtva","tag-obaveza","tag-pomen","tag-postovanje","tag-proslost"],"acf":[],"yoast_head":"<!-- This site is optimized with the Yoast SEO plugin v27.4 - https:\/\/yoast.com\/product\/yoast-seo-wordpress\/ -->\n<title>Koprivica: Svaka nevina \u017ertva zaslu\u017euje po\u0161tovanje i pomen, a svako dru\u0161tvo ima obavezu da se suo\u010di sa svojom pro\u0161lo\u0161\u0107u bez istorijskog revizionizma - dmcsrb.com<\/title>\n<meta name=\"robots\" content=\"index, follow, max-snippet:-1, max-image-preview:large, max-video-preview:-1\" \/>\n<link rel=\"canonical\" href=\"https:\/\/dmcsrb.com\/en\/politika\/koprivica-svaka-nevina-zrtva-zasluzuje-postovanje-i-pomen-a-svako-drustvo-ima-obavezu-da-se-suoci-sa-svojom-prosloscu-bez-istorijskog-revizionizma\/\" \/>\n<meta property=\"og:locale\" content=\"en_GB\" \/>\n<meta property=\"og:type\" content=\"article\" \/>\n<meta property=\"og:title\" content=\"Koprivica: Svaka nevina \u017ertva zaslu\u017euje po\u0161tovanje i pomen, a svako dru\u0161tvo ima obavezu da se suo\u010di sa svojom pro\u0161lo\u0161\u0107u bez istorijskog revizionizma - dmcsrb.com\" \/>\n<meta property=\"og:description\" content=\"Danas se sje\u0107amo miliona \u017ertava koje su stradale pod totalitarnim i autoritarnim re\u017eimima \u0161irom Evrope i svijeta. Evropski dan sje\u0107anja na \u017ertve nacizma, fa\u0161izma, komunizma i drugih autoritarnih re\u017eima, ustanovljen Rezolucijom Evropskog parlamenta, podsjetnik je na to koliko su krhke sloboda, ljudska prava i dostojanstvo ako ih dru\u0161tvo ne brani zajedni\u010dki i dosljedno, saop\u0161tio je potpredsjednik Vlade za politi\u010dki sistem, pravosu\u0111e i antikorupciju Momo Koprivica.\" \/>\n<meta property=\"og:url\" content=\"https:\/\/dmcsrb.com\/en\/politika\/koprivica-svaka-nevina-zrtva-zasluzuje-postovanje-i-pomen-a-svako-drustvo-ima-obavezu-da-se-suoci-sa-svojom-prosloscu-bez-istorijskog-revizionizma\/\" \/>\n<meta property=\"og:site_name\" content=\"dmcsrb.com\" \/>\n<meta property=\"article:published_time\" content=\"2025-08-23T07:06:00+00:00\" \/>\n<meta property=\"og:image\" content=\"https:\/\/dmcsrb.com\/wp-content\/uploads\/2026\/01\/Momo-Koprivica-foto-vlada-cg-1.webp\" \/>\n\t<meta property=\"og:image:width\" content=\"1152\" \/>\n\t<meta property=\"og:image:height\" content=\"626\" \/>\n\t<meta property=\"og:image:type\" content=\"image\/jpeg\" \/>\n<meta name=\"author\" content=\"dmcsrbija.com@gmail.com\" \/>\n<meta name=\"twitter:card\" content=\"summary_large_image\" \/>\n<meta name=\"twitter:label1\" content=\"Written by\" \/>\n\t<meta name=\"twitter:data1\" content=\"dmcsrbija.com@gmail.com\" \/>\n\t<meta name=\"twitter:label2\" content=\"Estimated reading time\" \/>\n\t<meta name=\"twitter:data2\" content=\"2 minutes\" \/>\n<script type=\"application\/ld+json\" class=\"yoast-schema-graph\">{\"@context\":\"https:\\\/\\\/schema.org\",\"@graph\":[{\"@type\":\"Article\",\"@id\":\"https:\\\/\\\/dmcsrb.com\\\/politika\\\/koprivica-svaka-nevina-zrtva-zasluzuje-postovanje-i-pomen-a-svako-drustvo-ima-obavezu-da-se-suoci-sa-svojom-prosloscu-bez-istorijskog-revizionizma\\\/#article\",\"isPartOf\":{\"@id\":\"https:\\\/\\\/dmcsrb.com\\\/politika\\\/koprivica-svaka-nevina-zrtva-zasluzuje-postovanje-i-pomen-a-svako-drustvo-ima-obavezu-da-se-suoci-sa-svojom-prosloscu-bez-istorijskog-revizionizma\\\/\"},\"author\":{\"name\":\"dmcsrbija.com@gmail.com\",\"@id\":\"https:\\\/\\\/dmcsrb.com\\\/#\\\/schema\\\/person\\\/5c39170f12db1b8b457732d0b5c854e2\"},\"headline\":\"Koprivica: Svaka nevina \u017ertva zaslu\u017euje po\u0161tovanje i pomen, a svako dru\u0161tvo ima obavezu da se suo\u010di sa svojom pro\u0161lo\u0161\u0107u bez istorijskog revizionizma\",\"datePublished\":\"2025-08-23T07:06:00+00:00\",\"mainEntityOfPage\":{\"@id\":\"https:\\\/\\\/dmcsrb.com\\\/politika\\\/koprivica-svaka-nevina-zrtva-zasluzuje-postovanje-i-pomen-a-svako-drustvo-ima-obavezu-da-se-suoci-sa-svojom-prosloscu-bez-istorijskog-revizionizma\\\/\"},\"wordCount\":454,\"commentCount\":0,\"image\":{\"@id\":\"https:\\\/\\\/dmcsrb.com\\\/politika\\\/koprivica-svaka-nevina-zrtva-zasluzuje-postovanje-i-pomen-a-svako-drustvo-ima-obavezu-da-se-suoci-sa-svojom-prosloscu-bez-istorijskog-revizionizma\\\/#primaryimage\"},\"thumbnailUrl\":\"https:\\\/\\\/dmcsrb.com\\\/wp-content\\\/uploads\\\/2026\\\/01\\\/Momo-Koprivica-foto-vlada-cg-1.webp\",\"keywords\":[\"dru\u0161tvo\",\"Istorijski revizionizam\",\"Momo Koprivica\",\"Nevina \u017ertva\",\"obaveza\",\"pomen\",\"po\u0161tovanje\",\"pro\u0161lost\"],\"articleSection\":[\"Politika\"],\"inLanguage\":\"en-GB\",\"potentialAction\":[{\"@type\":\"CommentAction\",\"name\":\"Comment\",\"target\":[\"https:\\\/\\\/dmcsrb.com\\\/politika\\\/koprivica-svaka-nevina-zrtva-zasluzuje-postovanje-i-pomen-a-svako-drustvo-ima-obavezu-da-se-suoci-sa-svojom-prosloscu-bez-istorijskog-revizionizma\\\/#respond\"]}]},{\"@type\":\"WebPage\",\"@id\":\"https:\\\/\\\/dmcsrb.com\\\/politika\\\/koprivica-svaka-nevina-zrtva-zasluzuje-postovanje-i-pomen-a-svako-drustvo-ima-obavezu-da-se-suoci-sa-svojom-prosloscu-bez-istorijskog-revizionizma\\\/\",\"url\":\"https:\\\/\\\/dmcsrb.com\\\/politika\\\/koprivica-svaka-nevina-zrtva-zasluzuje-postovanje-i-pomen-a-svako-drustvo-ima-obavezu-da-se-suoci-sa-svojom-prosloscu-bez-istorijskog-revizionizma\\\/\",\"name\":\"Koprivica: Svaka nevina \u017ertva zaslu\u017euje po\u0161tovanje i pomen, a svako dru\u0161tvo ima obavezu da se suo\u010di sa svojom pro\u0161lo\u0161\u0107u bez istorijskog revizionizma - dmcsrb.com\",\"isPartOf\":{\"@id\":\"https:\\\/\\\/dmcsrb.com\\\/#website\"},\"primaryImageOfPage\":{\"@id\":\"https:\\\/\\\/dmcsrb.com\\\/politika\\\/koprivica-svaka-nevina-zrtva-zasluzuje-postovanje-i-pomen-a-svako-drustvo-ima-obavezu-da-se-suoci-sa-svojom-prosloscu-bez-istorijskog-revizionizma\\\/#primaryimage\"},\"image\":{\"@id\":\"https:\\\/\\\/dmcsrb.com\\\/politika\\\/koprivica-svaka-nevina-zrtva-zasluzuje-postovanje-i-pomen-a-svako-drustvo-ima-obavezu-da-se-suoci-sa-svojom-prosloscu-bez-istorijskog-revizionizma\\\/#primaryimage\"},\"thumbnailUrl\":\"https:\\\/\\\/dmcsrb.com\\\/wp-content\\\/uploads\\\/2026\\\/01\\\/Momo-Koprivica-foto-vlada-cg-1.webp\",\"datePublished\":\"2025-08-23T07:06:00+00:00\",\"author\":{\"@id\":\"https:\\\/\\\/dmcsrb.com\\\/#\\\/schema\\\/person\\\/5c39170f12db1b8b457732d0b5c854e2\"},\"breadcrumb\":{\"@id\":\"https:\\\/\\\/dmcsrb.com\\\/politika\\\/koprivica-svaka-nevina-zrtva-zasluzuje-postovanje-i-pomen-a-svako-drustvo-ima-obavezu-da-se-suoci-sa-svojom-prosloscu-bez-istorijskog-revizionizma\\\/#breadcrumb\"},\"inLanguage\":\"en-GB\",\"potentialAction\":[{\"@type\":\"ReadAction\",\"target\":[\"https:\\\/\\\/dmcsrb.com\\\/politika\\\/koprivica-svaka-nevina-zrtva-zasluzuje-postovanje-i-pomen-a-svako-drustvo-ima-obavezu-da-se-suoci-sa-svojom-prosloscu-bez-istorijskog-revizionizma\\\/\"]}]},{\"@type\":\"ImageObject\",\"inLanguage\":\"en-GB\",\"@id\":\"https:\\\/\\\/dmcsrb.com\\\/politika\\\/koprivica-svaka-nevina-zrtva-zasluzuje-postovanje-i-pomen-a-svako-drustvo-ima-obavezu-da-se-suoci-sa-svojom-prosloscu-bez-istorijskog-revizionizma\\\/#primaryimage\",\"url\":\"https:\\\/\\\/dmcsrb.com\\\/wp-content\\\/uploads\\\/2026\\\/01\\\/Momo-Koprivica-foto-vlada-cg-1.webp\",\"contentUrl\":\"https:\\\/\\\/dmcsrb.com\\\/wp-content\\\/uploads\\\/2026\\\/01\\\/Momo-Koprivica-foto-vlada-cg-1.webp\",\"width\":1152,\"height\":626},{\"@type\":\"BreadcrumbList\",\"@id\":\"https:\\\/\\\/dmcsrb.com\\\/politika\\\/koprivica-svaka-nevina-zrtva-zasluzuje-postovanje-i-pomen-a-svako-drustvo-ima-obavezu-da-se-suoci-sa-svojom-prosloscu-bez-istorijskog-revizionizma\\\/#breadcrumb\",\"itemListElement\":[{\"@type\":\"ListItem\",\"position\":1,\"name\":\"Home\",\"item\":\"https:\\\/\\\/dmcsrb.com\\\/\"},{\"@type\":\"ListItem\",\"position\":2,\"name\":\"Koprivica: Svaka nevina \u017ertva zaslu\u017euje po\u0161tovanje i pomen, a svako dru\u0161tvo ima obavezu da se suo\u010di sa svojom pro\u0161lo\u0161\u0107u bez istorijskog revizionizma\"}]},{\"@type\":\"WebSite\",\"@id\":\"https:\\\/\\\/dmcsrb.com\\\/#website\",\"url\":\"https:\\\/\\\/dmcsrb.com\\\/\",\"name\":\"dmcsrb.com\",\"description\":\"\",\"potentialAction\":[{\"@type\":\"SearchAction\",\"target\":{\"@type\":\"EntryPoint\",\"urlTemplate\":\"https:\\\/\\\/dmcsrb.com\\\/?s={search_term_string}\"},\"query-input\":{\"@type\":\"PropertyValueSpecification\",\"valueRequired\":true,\"valueName\":\"search_term_string\"}}],\"inLanguage\":\"en-GB\"},{\"@type\":\"Person\",\"@id\":\"https:\\\/\\\/dmcsrb.com\\\/#\\\/schema\\\/person\\\/5c39170f12db1b8b457732d0b5c854e2\",\"name\":\"dmcsrbija.com@gmail.com\",\"image\":{\"@type\":\"ImageObject\",\"inLanguage\":\"en-GB\",\"@id\":\"https:\\\/\\\/secure.gravatar.com\\\/avatar\\\/68592660ad6347fad0fb587f8d5d8f1a7b44961362f56e4f2cd524feb87e9069?s=96&d=mm&r=g\",\"url\":\"https:\\\/\\\/secure.gravatar.com\\\/avatar\\\/68592660ad6347fad0fb587f8d5d8f1a7b44961362f56e4f2cd524feb87e9069?s=96&d=mm&r=g\",\"contentUrl\":\"https:\\\/\\\/secure.gravatar.com\\\/avatar\\\/68592660ad6347fad0fb587f8d5d8f1a7b44961362f56e4f2cd524feb87e9069?s=96&d=mm&r=g\",\"caption\":\"dmcsrbija.com@gmail.com\"},\"sameAs\":[\"https:\\\/\\\/dmcsrb.com\"],\"url\":\"https:\\\/\\\/dmcsrb.com\\\/en\\\/author\\\/dmcsrbija-comgmail-com\\\/\"}]}<\/script>\n<!-- \/ Yoast SEO plugin. -->","yoast_head_json":{"title":"Koprivica: Svaka nevina \u017ertva zaslu\u017euje po\u0161tovanje i pomen, a svako dru\u0161tvo ima obavezu da se suo\u010di sa svojom pro\u0161lo\u0161\u0107u bez istorijskog revizionizma - dmcsrb.com","robots":{"index":"index","follow":"follow","max-snippet":"max-snippet:-1","max-image-preview":"max-image-preview:large","max-video-preview":"max-video-preview:-1"},"canonical":"https:\/\/dmcsrb.com\/en\/politika\/koprivica-svaka-nevina-zrtva-zasluzuje-postovanje-i-pomen-a-svako-drustvo-ima-obavezu-da-se-suoci-sa-svojom-prosloscu-bez-istorijskog-revizionizma\/","og_locale":"en_GB","og_type":"article","og_title":"Koprivica: Svaka nevina \u017ertva zaslu\u017euje po\u0161tovanje i pomen, a svako dru\u0161tvo ima obavezu da se suo\u010di sa svojom pro\u0161lo\u0161\u0107u bez istorijskog revizionizma - dmcsrb.com","og_description":"Danas se sje\u0107amo miliona \u017ertava koje su stradale pod totalitarnim i autoritarnim re\u017eimima \u0161irom Evrope i svijeta. Evropski dan sje\u0107anja na \u017ertve nacizma, fa\u0161izma, komunizma i drugih autoritarnih re\u017eima, ustanovljen Rezolucijom Evropskog parlamenta, podsjetnik je na to koliko su krhke sloboda, ljudska prava i dostojanstvo ako ih dru\u0161tvo ne brani zajedni\u010dki i dosljedno, saop\u0161tio je potpredsjednik Vlade za politi\u010dki sistem, pravosu\u0111e i antikorupciju Momo Koprivica.","og_url":"https:\/\/dmcsrb.com\/en\/politika\/koprivica-svaka-nevina-zrtva-zasluzuje-postovanje-i-pomen-a-svako-drustvo-ima-obavezu-da-se-suoci-sa-svojom-prosloscu-bez-istorijskog-revizionizma\/","og_site_name":"dmcsrb.com","article_published_time":"2025-08-23T07:06:00+00:00","og_image":[{"width":1152,"height":626,"url":"https:\/\/dmcsrb.com\/wp-content\/uploads\/2026\/01\/Momo-Koprivica-foto-vlada-cg-1.webp","type":"image\/jpeg"}],"author":"dmcsrbija.com@gmail.com","twitter_card":"summary_large_image","twitter_misc":{"Written by":"dmcsrbija.com@gmail.com","Estimated reading time":"2 minutes"},"schema":{"@context":"https:\/\/schema.org","@graph":[{"@type":"Article","@id":"https:\/\/dmcsrb.com\/politika\/koprivica-svaka-nevina-zrtva-zasluzuje-postovanje-i-pomen-a-svako-drustvo-ima-obavezu-da-se-suoci-sa-svojom-prosloscu-bez-istorijskog-revizionizma\/#article","isPartOf":{"@id":"https:\/\/dmcsrb.com\/politika\/koprivica-svaka-nevina-zrtva-zasluzuje-postovanje-i-pomen-a-svako-drustvo-ima-obavezu-da-se-suoci-sa-svojom-prosloscu-bez-istorijskog-revizionizma\/"},"author":{"name":"dmcsrbija.com@gmail.com","@id":"https:\/\/dmcsrb.com\/#\/schema\/person\/5c39170f12db1b8b457732d0b5c854e2"},"headline":"Koprivica: Svaka nevina \u017ertva zaslu\u017euje po\u0161tovanje i pomen, a svako dru\u0161tvo ima obavezu da se suo\u010di sa svojom pro\u0161lo\u0161\u0107u bez istorijskog revizionizma","datePublished":"2025-08-23T07:06:00+00:00","mainEntityOfPage":{"@id":"https:\/\/dmcsrb.com\/politika\/koprivica-svaka-nevina-zrtva-zasluzuje-postovanje-i-pomen-a-svako-drustvo-ima-obavezu-da-se-suoci-sa-svojom-prosloscu-bez-istorijskog-revizionizma\/"},"wordCount":454,"commentCount":0,"image":{"@id":"https:\/\/dmcsrb.com\/politika\/koprivica-svaka-nevina-zrtva-zasluzuje-postovanje-i-pomen-a-svako-drustvo-ima-obavezu-da-se-suoci-sa-svojom-prosloscu-bez-istorijskog-revizionizma\/#primaryimage"},"thumbnailUrl":"https:\/\/dmcsrb.com\/wp-content\/uploads\/2026\/01\/Momo-Koprivica-foto-vlada-cg-1.webp","keywords":["dru\u0161tvo","Istorijski revizionizam","Momo Koprivica","Nevina \u017ertva","obaveza","pomen","po\u0161tovanje","pro\u0161lost"],"articleSection":["Politika"],"inLanguage":"en-GB","potentialAction":[{"@type":"CommentAction","name":"Comment","target":["https:\/\/dmcsrb.com\/politika\/koprivica-svaka-nevina-zrtva-zasluzuje-postovanje-i-pomen-a-svako-drustvo-ima-obavezu-da-se-suoci-sa-svojom-prosloscu-bez-istorijskog-revizionizma\/#respond"]}]},{"@type":"WebPage","@id":"https:\/\/dmcsrb.com\/politika\/koprivica-svaka-nevina-zrtva-zasluzuje-postovanje-i-pomen-a-svako-drustvo-ima-obavezu-da-se-suoci-sa-svojom-prosloscu-bez-istorijskog-revizionizma\/","url":"https:\/\/dmcsrb.com\/politika\/koprivica-svaka-nevina-zrtva-zasluzuje-postovanje-i-pomen-a-svako-drustvo-ima-obavezu-da-se-suoci-sa-svojom-prosloscu-bez-istorijskog-revizionizma\/","name":"Koprivica: Svaka nevina \u017ertva zaslu\u017euje po\u0161tovanje i pomen, a svako dru\u0161tvo ima obavezu da se suo\u010di sa svojom pro\u0161lo\u0161\u0107u bez istorijskog revizionizma - dmcsrb.com","isPartOf":{"@id":"https:\/\/dmcsrb.com\/#website"},"primaryImageOfPage":{"@id":"https:\/\/dmcsrb.com\/politika\/koprivica-svaka-nevina-zrtva-zasluzuje-postovanje-i-pomen-a-svako-drustvo-ima-obavezu-da-se-suoci-sa-svojom-prosloscu-bez-istorijskog-revizionizma\/#primaryimage"},"image":{"@id":"https:\/\/dmcsrb.com\/politika\/koprivica-svaka-nevina-zrtva-zasluzuje-postovanje-i-pomen-a-svako-drustvo-ima-obavezu-da-se-suoci-sa-svojom-prosloscu-bez-istorijskog-revizionizma\/#primaryimage"},"thumbnailUrl":"https:\/\/dmcsrb.com\/wp-content\/uploads\/2026\/01\/Momo-Koprivica-foto-vlada-cg-1.webp","datePublished":"2025-08-23T07:06:00+00:00","author":{"@id":"https:\/\/dmcsrb.com\/#\/schema\/person\/5c39170f12db1b8b457732d0b5c854e2"},"breadcrumb":{"@id":"https:\/\/dmcsrb.com\/politika\/koprivica-svaka-nevina-zrtva-zasluzuje-postovanje-i-pomen-a-svako-drustvo-ima-obavezu-da-se-suoci-sa-svojom-prosloscu-bez-istorijskog-revizionizma\/#breadcrumb"},"inLanguage":"en-GB","potentialAction":[{"@type":"ReadAction","target":["https:\/\/dmcsrb.com\/politika\/koprivica-svaka-nevina-zrtva-zasluzuje-postovanje-i-pomen-a-svako-drustvo-ima-obavezu-da-se-suoci-sa-svojom-prosloscu-bez-istorijskog-revizionizma\/"]}]},{"@type":"ImageObject","inLanguage":"en-GB","@id":"https:\/\/dmcsrb.com\/politika\/koprivica-svaka-nevina-zrtva-zasluzuje-postovanje-i-pomen-a-svako-drustvo-ima-obavezu-da-se-suoci-sa-svojom-prosloscu-bez-istorijskog-revizionizma\/#primaryimage","url":"https:\/\/dmcsrb.com\/wp-content\/uploads\/2026\/01\/Momo-Koprivica-foto-vlada-cg-1.webp","contentUrl":"https:\/\/dmcsrb.com\/wp-content\/uploads\/2026\/01\/Momo-Koprivica-foto-vlada-cg-1.webp","width":1152,"height":626},{"@type":"BreadcrumbList","@id":"https:\/\/dmcsrb.com\/politika\/koprivica-svaka-nevina-zrtva-zasluzuje-postovanje-i-pomen-a-svako-drustvo-ima-obavezu-da-se-suoci-sa-svojom-prosloscu-bez-istorijskog-revizionizma\/#breadcrumb","itemListElement":[{"@type":"ListItem","position":1,"name":"Home","item":"https:\/\/dmcsrb.com\/"},{"@type":"ListItem","position":2,"name":"Koprivica: Svaka nevina \u017ertva zaslu\u017euje po\u0161tovanje i pomen, a svako dru\u0161tvo ima obavezu da se suo\u010di sa svojom pro\u0161lo\u0161\u0107u bez istorijskog revizionizma"}]},{"@type":"WebSite","@id":"https:\/\/dmcsrb.com\/#website","url":"https:\/\/dmcsrb.com\/","name":"dmcsrb.com","description":"","potentialAction":[{"@type":"SearchAction","target":{"@type":"EntryPoint","urlTemplate":"https:\/\/dmcsrb.com\/?s={search_term_string}"},"query-input":{"@type":"PropertyValueSpecification","valueRequired":true,"valueName":"search_term_string"}}],"inLanguage":"en-GB"},{"@type":"Person","@id":"https:\/\/dmcsrb.com\/#\/schema\/person\/5c39170f12db1b8b457732d0b5c854e2","name":"dmcsrbija.com@gmail.com","image":{"@type":"ImageObject","inLanguage":"en-GB","@id":"https:\/\/secure.gravatar.com\/avatar\/68592660ad6347fad0fb587f8d5d8f1a7b44961362f56e4f2cd524feb87e9069?s=96&d=mm&r=g","url":"https:\/\/secure.gravatar.com\/avatar\/68592660ad6347fad0fb587f8d5d8f1a7b44961362f56e4f2cd524feb87e9069?s=96&d=mm&r=g","contentUrl":"https:\/\/secure.gravatar.com\/avatar\/68592660ad6347fad0fb587f8d5d8f1a7b44961362f56e4f2cd524feb87e9069?s=96&d=mm&r=g","caption":"dmcsrbija.com@gmail.com"},"sameAs":["https:\/\/dmcsrb.com"],"url":"https:\/\/dmcsrb.com\/en\/author\/dmcsrbija-comgmail-com\/"}]}},"_links":{"self":[{"href":"https:\/\/dmcsrb.com\/en\/wp-json\/wp\/v2\/posts\/947828","targetHints":{"allow":["GET"]}}],"collection":[{"href":"https:\/\/dmcsrb.com\/en\/wp-json\/wp\/v2\/posts"}],"about":[{"href":"https:\/\/dmcsrb.com\/en\/wp-json\/wp\/v2\/types\/post"}],"author":[{"embeddable":true,"href":"https:\/\/dmcsrb.com\/en\/wp-json\/wp\/v2\/users\/1"}],"replies":[{"embeddable":true,"href":"https:\/\/dmcsrb.com\/en\/wp-json\/wp\/v2\/comments?post=947828"}],"version-history":[{"count":0,"href":"https:\/\/dmcsrb.com\/en\/wp-json\/wp\/v2\/posts\/947828\/revisions"}],"wp:featuredmedia":[{"embeddable":true,"href":"https:\/\/dmcsrb.com\/en\/wp-json\/wp\/v2\/media\/944280"}],"wp:attachment":[{"href":"https:\/\/dmcsrb.com\/en\/wp-json\/wp\/v2\/media?parent=947828"}],"wp:term":[{"taxonomy":"category","embeddable":true,"href":"https:\/\/dmcsrb.com\/en\/wp-json\/wp\/v2\/categories?post=947828"},{"taxonomy":"post_tag","embeddable":true,"href":"https:\/\/dmcsrb.com\/en\/wp-json\/wp\/v2\/tags?post=947828"},{"taxonomy":"naslovna","embeddable":true,"href":"https:\/\/dmcsrb.com\/en\/wp-json\/wp\/v2\/naslovna?post=947828"}],"curies":[{"name":"wp","href":"https:\/\/api.w.org\/{rel}","templated":true}]}}