{"id":947827,"date":"2025-08-23T08:48:00","date_gmt":"2025-08-23T06:48:00","guid":{"rendered":"https:\/\/dmcsrb.com\/uncategorized\/krivicne-prijave-protiv-tri-osobe-zbog-sumskih-kradja-u-bijelom-polju-i-niksicu\/"},"modified":"2025-08-23T08:48:00","modified_gmt":"2025-08-23T06:48:00","slug":"krivicne-prijave-protiv-tri-osobe-zbog-sumskih-kradja-u-bijelom-polju-i-niksicu","status":"publish","type":"post","link":"https:\/\/dmcsrb.com\/en\/hronika\/krivicne-prijave-protiv-tri-osobe-zbog-sumskih-kradja-u-bijelom-polju-i-niksicu\/","title":{"rendered":"Krivi\u010dne prijave protiv tri osobe zbog \u0161umskih kra\u0111a u Bijelom Polju i Nik\u0161i\u0107u"},"content":{"rendered":"<p><\/p>\n\n\n\n<p>&#8221;Naime, slu\u017ebenici Odeljenja bezbjednosti Bijelo Polje, Jedinice za suzbijanje ekonomskog kriminala podnijeli su krivi\u010dnu prijavu protiv lica koje se sumnji\u010di za krivi\u010dno djelo \u0161umska kra\u0111a koje je krajem jula ove godine, u dr\u017eavnoj \u0161umi, na podru\u010dju gazdinske jedinice \u201eMejdanica \u2013 Lisa\u201c, nezakonito posjeklo pet \u010damovih stabala ukupne bruto drvne mase 6,698 m3, \u010dime je Upravi za gazdovanje \u0161umama i lovi\u0161tima PJ Bijelo Polje pri\u010dinjena materijalna \u0161teta&#8221;, navode iz Uprave policije.<\/p>\n\n\n\n<p>Nakon sprovedenih operativnih aktivnosti i saradnje sa slu\u017ebenicima Stanice grani\u010dne policije Bijelo Polje, identifikovan je osumnji\u010deni V.K. iz Bijelog Polja, te je protiv njega nadle\u017enom tu\u017eila\u0161tvu u Osnovnom dr\u017eavnom tu\u017eila\u0161tvu u Bijelom Polju, isti\u010du iz Uprave policije.<\/p>\n\n\n\n<p>Tako\u0111e, dodaju iz Uprave policije, slu\u017ebenici Regionalnog centra bezbjednosti \u201eZapad\u201c, Odeljenja bezbjednosti Nik\u0161i\u0107 podnijeli su krivi\u010dnu prijavu Osnovnom dr\u017eavnom tu\u017eila\u0161tvu u Nik\u0161i\u0107u protiv dva lica zbog krivi\u010dnog djela \u0161umska kra\u0111a.<\/p>\n\n\n\n<p>Naime, ovo krivi\u010dno djelo na teret se stavlja D.T. (41) i R.S. (35), koji su 6. avgusta u mjestu Grada\u010dka Poljana, op\u0161tina Nik\u0161i\u0107, zate\u010deni u bespravnoj sje\u010di bukove \u0161ume, te je policija protiv njih podnijela krivi\u010dnu prijavu u redovnom postupku, navode iz Uprave policije.<\/p>\n\n\n\n<p>&#8221;Nezakonito eksploatisanje prirodnih resursa osim \u0161to predstavlja krivi\u010dno djelo, naru\u0161ava kako prirodne vrijednosti, tako i interese crnogorskog dru\u0161tva u cjelini, te apelujemo na gra\u0111ane da budu odgovorni, prema zajedni\u010dkim prirodnim resursima i da nakon eventualnih saznanja o ovakvim djelima obavijeste nadle\u017ene organe&#8221;, zaklju\u010duju iz Uprave policije.<\/p>","protected":false},"excerpt":{"rendered":"<p>Slu\u017ebenici Regionalnog centra bezbjednosti \u201eSjever\u201c i Regionalnog centra bezbjednosti \u201eZapad\u201c, su u okviru poja\u010danih aktivnosti na otkrivanju krivi\u010dnih djela iz oblasti eksploatacije prirodnih resura, podnijeli krivi\u010dne prijave protiv tri osobe, saop\u0161teno je iz Uprave policije.<\/p>","protected":false},"author":1,"featured_media":947364,"comment_status":"open","ping_status":"open","sticky":false,"template":"","format":"standard","meta":{"_acf_changed":false,"footnotes":""},"categories":[17],"tags":[1144,2343,491,18193,8672],"naslovna":[],"class_list":["post-947827","post","type-post","status-publish","format-standard","has-post-thumbnail","hentry","category-hronika","tag-bijelo-polje","tag-krivicne-prijave","tag-niksic-4","tag-sumske-kradje","tag-tri-osobe"],"acf":[],"yoast_head":"<!-- This site is optimized with the Yoast SEO plugin v27.4 - https:\/\/yoast.com\/product\/yoast-seo-wordpress\/ -->\n<title>Krivi\u010dne prijave protiv tri osobe zbog \u0161umskih kra\u0111a u Bijelom Polju i Nik\u0161i\u0107u - dmcsrb.com<\/title>\n<meta name=\"robots\" content=\"index, follow, max-snippet:-1, max-image-preview:large, max-video-preview:-1\" \/>\n<link rel=\"canonical\" href=\"https:\/\/dmcsrb.com\/en\/hronika\/krivicne-prijave-protiv-tri-osobe-zbog-sumskih-kradja-u-bijelom-polju-i-niksicu\/\" \/>\n<meta property=\"og:locale\" content=\"en_GB\" \/>\n<meta property=\"og:type\" content=\"article\" \/>\n<meta property=\"og:title\" content=\"Krivi\u010dne prijave protiv tri osobe zbog \u0161umskih kra\u0111a u Bijelom Polju i Nik\u0161i\u0107u - dmcsrb.com\" \/>\n<meta property=\"og:description\" content=\"Slu\u017ebenici Regionalnog centra bezbjednosti \u201eSjever\u201c i Regionalnog centra bezbjednosti \u201eZapad\u201c, su u okviru poja\u010danih aktivnosti na otkrivanju krivi\u010dnih djela iz oblasti eksploatacije prirodnih resura, podnijeli krivi\u010dne prijave protiv tri osobe, saop\u0161teno je iz Uprave policije.\" \/>\n<meta property=\"og:url\" content=\"https:\/\/dmcsrb.com\/en\/hronika\/krivicne-prijave-protiv-tri-osobe-zbog-sumskih-kradja-u-bijelom-polju-i-niksicu\/\" \/>\n<meta property=\"og:site_name\" content=\"dmcsrb.com\" \/>\n<meta property=\"article:published_time\" content=\"2025-08-23T06:48:00+00:00\" \/>\n<meta property=\"og:image\" content=\"https:\/\/dmcsrb.com\/wp-content\/uploads\/2026\/01\/sume-uprava-za-sume.webp\" \/>\n\t<meta property=\"og:image:width\" content=\"946\" \/>\n\t<meta property=\"og:image:height\" content=\"639\" \/>\n\t<meta property=\"og:image:type\" content=\"image\/jpeg\" \/>\n<meta name=\"author\" content=\"dmcsrbija.com@gmail.com\" \/>\n<meta name=\"twitter:card\" content=\"summary_large_image\" \/>\n<meta name=\"twitter:label1\" content=\"Written by\" \/>\n\t<meta name=\"twitter:data1\" content=\"dmcsrbija.com@gmail.com\" \/>\n\t<meta name=\"twitter:label2\" content=\"Estimated reading time\" \/>\n\t<meta name=\"twitter:data2\" content=\"1 minute\" \/>\n<script type=\"application\/ld+json\" class=\"yoast-schema-graph\">{\"@context\":\"https:\\\/\\\/schema.org\",\"@graph\":[{\"@type\":\"Article\",\"@id\":\"https:\\\/\\\/dmcsrb.com\\\/hronika\\\/krivicne-prijave-protiv-tri-osobe-zbog-sumskih-kradja-u-bijelom-polju-i-niksicu\\\/#article\",\"isPartOf\":{\"@id\":\"https:\\\/\\\/dmcsrb.com\\\/hronika\\\/krivicne-prijave-protiv-tri-osobe-zbog-sumskih-kradja-u-bijelom-polju-i-niksicu\\\/\"},\"author\":{\"name\":\"dmcsrbija.com@gmail.com\",\"@id\":\"https:\\\/\\\/dmcsrb.com\\\/#\\\/schema\\\/person\\\/5c39170f12db1b8b457732d0b5c854e2\"},\"headline\":\"Krivi\u010dne prijave protiv tri osobe zbog \u0161umskih kra\u0111a u Bijelom Polju i Nik\u0161i\u0107u\",\"datePublished\":\"2025-08-23T06:48:00+00:00\",\"mainEntityOfPage\":{\"@id\":\"https:\\\/\\\/dmcsrb.com\\\/hronika\\\/krivicne-prijave-protiv-tri-osobe-zbog-sumskih-kradja-u-bijelom-polju-i-niksicu\\\/\"},\"wordCount\":286,\"commentCount\":0,\"image\":{\"@id\":\"https:\\\/\\\/dmcsrb.com\\\/hronika\\\/krivicne-prijave-protiv-tri-osobe-zbog-sumskih-kradja-u-bijelom-polju-i-niksicu\\\/#primaryimage\"},\"thumbnailUrl\":\"https:\\\/\\\/dmcsrb.com\\\/wp-content\\\/uploads\\\/2026\\\/01\\\/sume-uprava-za-sume.webp\",\"keywords\":[\"Bijelo Polje\",\"krivi\u010dne prijave\",\"Niksic\",\"\u0160umske kra\u0111e\",\"Tri osobe\"],\"articleSection\":[\"Hronika\"],\"inLanguage\":\"en-GB\",\"potentialAction\":[{\"@type\":\"CommentAction\",\"name\":\"Comment\",\"target\":[\"https:\\\/\\\/dmcsrb.com\\\/hronika\\\/krivicne-prijave-protiv-tri-osobe-zbog-sumskih-kradja-u-bijelom-polju-i-niksicu\\\/#respond\"]}]},{\"@type\":\"WebPage\",\"@id\":\"https:\\\/\\\/dmcsrb.com\\\/hronika\\\/krivicne-prijave-protiv-tri-osobe-zbog-sumskih-kradja-u-bijelom-polju-i-niksicu\\\/\",\"url\":\"https:\\\/\\\/dmcsrb.com\\\/hronika\\\/krivicne-prijave-protiv-tri-osobe-zbog-sumskih-kradja-u-bijelom-polju-i-niksicu\\\/\",\"name\":\"Krivi\u010dne prijave protiv tri osobe zbog \u0161umskih kra\u0111a u Bijelom Polju i Nik\u0161i\u0107u - dmcsrb.com\",\"isPartOf\":{\"@id\":\"https:\\\/\\\/dmcsrb.com\\\/#website\"},\"primaryImageOfPage\":{\"@id\":\"https:\\\/\\\/dmcsrb.com\\\/hronika\\\/krivicne-prijave-protiv-tri-osobe-zbog-sumskih-kradja-u-bijelom-polju-i-niksicu\\\/#primaryimage\"},\"image\":{\"@id\":\"https:\\\/\\\/dmcsrb.com\\\/hronika\\\/krivicne-prijave-protiv-tri-osobe-zbog-sumskih-kradja-u-bijelom-polju-i-niksicu\\\/#primaryimage\"},\"thumbnailUrl\":\"https:\\\/\\\/dmcsrb.com\\\/wp-content\\\/uploads\\\/2026\\\/01\\\/sume-uprava-za-sume.webp\",\"datePublished\":\"2025-08-23T06:48:00+00:00\",\"author\":{\"@id\":\"https:\\\/\\\/dmcsrb.com\\\/#\\\/schema\\\/person\\\/5c39170f12db1b8b457732d0b5c854e2\"},\"breadcrumb\":{\"@id\":\"https:\\\/\\\/dmcsrb.com\\\/hronika\\\/krivicne-prijave-protiv-tri-osobe-zbog-sumskih-kradja-u-bijelom-polju-i-niksicu\\\/#breadcrumb\"},\"inLanguage\":\"en-GB\",\"potentialAction\":[{\"@type\":\"ReadAction\",\"target\":[\"https:\\\/\\\/dmcsrb.com\\\/hronika\\\/krivicne-prijave-protiv-tri-osobe-zbog-sumskih-kradja-u-bijelom-polju-i-niksicu\\\/\"]}]},{\"@type\":\"ImageObject\",\"inLanguage\":\"en-GB\",\"@id\":\"https:\\\/\\\/dmcsrb.com\\\/hronika\\\/krivicne-prijave-protiv-tri-osobe-zbog-sumskih-kradja-u-bijelom-polju-i-niksicu\\\/#primaryimage\",\"url\":\"https:\\\/\\\/dmcsrb.com\\\/wp-content\\\/uploads\\\/2026\\\/01\\\/sume-uprava-za-sume.webp\",\"contentUrl\":\"https:\\\/\\\/dmcsrb.com\\\/wp-content\\\/uploads\\\/2026\\\/01\\\/sume-uprava-za-sume.webp\",\"width\":946,\"height\":639},{\"@type\":\"BreadcrumbList\",\"@id\":\"https:\\\/\\\/dmcsrb.com\\\/hronika\\\/krivicne-prijave-protiv-tri-osobe-zbog-sumskih-kradja-u-bijelom-polju-i-niksicu\\\/#breadcrumb\",\"itemListElement\":[{\"@type\":\"ListItem\",\"position\":1,\"name\":\"Home\",\"item\":\"https:\\\/\\\/dmcsrb.com\\\/\"},{\"@type\":\"ListItem\",\"position\":2,\"name\":\"Krivi\u010dne prijave protiv tri osobe zbog \u0161umskih kra\u0111a u Bijelom Polju i Nik\u0161i\u0107u\"}]},{\"@type\":\"WebSite\",\"@id\":\"https:\\\/\\\/dmcsrb.com\\\/#website\",\"url\":\"https:\\\/\\\/dmcsrb.com\\\/\",\"name\":\"dmcsrb.com\",\"description\":\"\",\"potentialAction\":[{\"@type\":\"SearchAction\",\"target\":{\"@type\":\"EntryPoint\",\"urlTemplate\":\"https:\\\/\\\/dmcsrb.com\\\/?s={search_term_string}\"},\"query-input\":{\"@type\":\"PropertyValueSpecification\",\"valueRequired\":true,\"valueName\":\"search_term_string\"}}],\"inLanguage\":\"en-GB\"},{\"@type\":\"Person\",\"@id\":\"https:\\\/\\\/dmcsrb.com\\\/#\\\/schema\\\/person\\\/5c39170f12db1b8b457732d0b5c854e2\",\"name\":\"dmcsrbija.com@gmail.com\",\"image\":{\"@type\":\"ImageObject\",\"inLanguage\":\"en-GB\",\"@id\":\"https:\\\/\\\/secure.gravatar.com\\\/avatar\\\/68592660ad6347fad0fb587f8d5d8f1a7b44961362f56e4f2cd524feb87e9069?s=96&d=mm&r=g\",\"url\":\"https:\\\/\\\/secure.gravatar.com\\\/avatar\\\/68592660ad6347fad0fb587f8d5d8f1a7b44961362f56e4f2cd524feb87e9069?s=96&d=mm&r=g\",\"contentUrl\":\"https:\\\/\\\/secure.gravatar.com\\\/avatar\\\/68592660ad6347fad0fb587f8d5d8f1a7b44961362f56e4f2cd524feb87e9069?s=96&d=mm&r=g\",\"caption\":\"dmcsrbija.com@gmail.com\"},\"sameAs\":[\"https:\\\/\\\/dmcsrb.com\"],\"url\":\"https:\\\/\\\/dmcsrb.com\\\/en\\\/author\\\/dmcsrbija-comgmail-com\\\/\"}]}<\/script>\n<!-- \/ Yoast SEO plugin. -->","yoast_head_json":{"title":"Krivi\u010dne prijave protiv tri osobe zbog \u0161umskih kra\u0111a u Bijelom Polju i Nik\u0161i\u0107u - dmcsrb.com","robots":{"index":"index","follow":"follow","max-snippet":"max-snippet:-1","max-image-preview":"max-image-preview:large","max-video-preview":"max-video-preview:-1"},"canonical":"https:\/\/dmcsrb.com\/en\/hronika\/krivicne-prijave-protiv-tri-osobe-zbog-sumskih-kradja-u-bijelom-polju-i-niksicu\/","og_locale":"en_GB","og_type":"article","og_title":"Krivi\u010dne prijave protiv tri osobe zbog \u0161umskih kra\u0111a u Bijelom Polju i Nik\u0161i\u0107u - dmcsrb.com","og_description":"Slu\u017ebenici Regionalnog centra bezbjednosti \u201eSjever\u201c i Regionalnog centra bezbjednosti \u201eZapad\u201c, su u okviru poja\u010danih aktivnosti na otkrivanju krivi\u010dnih djela iz oblasti eksploatacije prirodnih resura, podnijeli krivi\u010dne prijave protiv tri osobe, saop\u0161teno je iz Uprave policije.","og_url":"https:\/\/dmcsrb.com\/en\/hronika\/krivicne-prijave-protiv-tri-osobe-zbog-sumskih-kradja-u-bijelom-polju-i-niksicu\/","og_site_name":"dmcsrb.com","article_published_time":"2025-08-23T06:48:00+00:00","og_image":[{"width":946,"height":639,"url":"https:\/\/dmcsrb.com\/wp-content\/uploads\/2026\/01\/sume-uprava-za-sume.webp","type":"image\/jpeg"}],"author":"dmcsrbija.com@gmail.com","twitter_card":"summary_large_image","twitter_misc":{"Written by":"dmcsrbija.com@gmail.com","Estimated reading time":"1 minute"},"schema":{"@context":"https:\/\/schema.org","@graph":[{"@type":"Article","@id":"https:\/\/dmcsrb.com\/hronika\/krivicne-prijave-protiv-tri-osobe-zbog-sumskih-kradja-u-bijelom-polju-i-niksicu\/#article","isPartOf":{"@id":"https:\/\/dmcsrb.com\/hronika\/krivicne-prijave-protiv-tri-osobe-zbog-sumskih-kradja-u-bijelom-polju-i-niksicu\/"},"author":{"name":"dmcsrbija.com@gmail.com","@id":"https:\/\/dmcsrb.com\/#\/schema\/person\/5c39170f12db1b8b457732d0b5c854e2"},"headline":"Krivi\u010dne prijave protiv tri osobe zbog \u0161umskih kra\u0111a u Bijelom Polju i Nik\u0161i\u0107u","datePublished":"2025-08-23T06:48:00+00:00","mainEntityOfPage":{"@id":"https:\/\/dmcsrb.com\/hronika\/krivicne-prijave-protiv-tri-osobe-zbog-sumskih-kradja-u-bijelom-polju-i-niksicu\/"},"wordCount":286,"commentCount":0,"image":{"@id":"https:\/\/dmcsrb.com\/hronika\/krivicne-prijave-protiv-tri-osobe-zbog-sumskih-kradja-u-bijelom-polju-i-niksicu\/#primaryimage"},"thumbnailUrl":"https:\/\/dmcsrb.com\/wp-content\/uploads\/2026\/01\/sume-uprava-za-sume.webp","keywords":["Bijelo Polje","krivi\u010dne prijave","Niksic","\u0160umske kra\u0111e","Tri osobe"],"articleSection":["Hronika"],"inLanguage":"en-GB","potentialAction":[{"@type":"CommentAction","name":"Comment","target":["https:\/\/dmcsrb.com\/hronika\/krivicne-prijave-protiv-tri-osobe-zbog-sumskih-kradja-u-bijelom-polju-i-niksicu\/#respond"]}]},{"@type":"WebPage","@id":"https:\/\/dmcsrb.com\/hronika\/krivicne-prijave-protiv-tri-osobe-zbog-sumskih-kradja-u-bijelom-polju-i-niksicu\/","url":"https:\/\/dmcsrb.com\/hronika\/krivicne-prijave-protiv-tri-osobe-zbog-sumskih-kradja-u-bijelom-polju-i-niksicu\/","name":"Krivi\u010dne prijave protiv tri osobe zbog \u0161umskih kra\u0111a u Bijelom Polju i Nik\u0161i\u0107u - dmcsrb.com","isPartOf":{"@id":"https:\/\/dmcsrb.com\/#website"},"primaryImageOfPage":{"@id":"https:\/\/dmcsrb.com\/hronika\/krivicne-prijave-protiv-tri-osobe-zbog-sumskih-kradja-u-bijelom-polju-i-niksicu\/#primaryimage"},"image":{"@id":"https:\/\/dmcsrb.com\/hronika\/krivicne-prijave-protiv-tri-osobe-zbog-sumskih-kradja-u-bijelom-polju-i-niksicu\/#primaryimage"},"thumbnailUrl":"https:\/\/dmcsrb.com\/wp-content\/uploads\/2026\/01\/sume-uprava-za-sume.webp","datePublished":"2025-08-23T06:48:00+00:00","author":{"@id":"https:\/\/dmcsrb.com\/#\/schema\/person\/5c39170f12db1b8b457732d0b5c854e2"},"breadcrumb":{"@id":"https:\/\/dmcsrb.com\/hronika\/krivicne-prijave-protiv-tri-osobe-zbog-sumskih-kradja-u-bijelom-polju-i-niksicu\/#breadcrumb"},"inLanguage":"en-GB","potentialAction":[{"@type":"ReadAction","target":["https:\/\/dmcsrb.com\/hronika\/krivicne-prijave-protiv-tri-osobe-zbog-sumskih-kradja-u-bijelom-polju-i-niksicu\/"]}]},{"@type":"ImageObject","inLanguage":"en-GB","@id":"https:\/\/dmcsrb.com\/hronika\/krivicne-prijave-protiv-tri-osobe-zbog-sumskih-kradja-u-bijelom-polju-i-niksicu\/#primaryimage","url":"https:\/\/dmcsrb.com\/wp-content\/uploads\/2026\/01\/sume-uprava-za-sume.webp","contentUrl":"https:\/\/dmcsrb.com\/wp-content\/uploads\/2026\/01\/sume-uprava-za-sume.webp","width":946,"height":639},{"@type":"BreadcrumbList","@id":"https:\/\/dmcsrb.com\/hronika\/krivicne-prijave-protiv-tri-osobe-zbog-sumskih-kradja-u-bijelom-polju-i-niksicu\/#breadcrumb","itemListElement":[{"@type":"ListItem","position":1,"name":"Home","item":"https:\/\/dmcsrb.com\/"},{"@type":"ListItem","position":2,"name":"Krivi\u010dne prijave protiv tri osobe zbog \u0161umskih kra\u0111a u Bijelom Polju i Nik\u0161i\u0107u"}]},{"@type":"WebSite","@id":"https:\/\/dmcsrb.com\/#website","url":"https:\/\/dmcsrb.com\/","name":"dmcsrb.com","description":"","potentialAction":[{"@type":"SearchAction","target":{"@type":"EntryPoint","urlTemplate":"https:\/\/dmcsrb.com\/?s={search_term_string}"},"query-input":{"@type":"PropertyValueSpecification","valueRequired":true,"valueName":"search_term_string"}}],"inLanguage":"en-GB"},{"@type":"Person","@id":"https:\/\/dmcsrb.com\/#\/schema\/person\/5c39170f12db1b8b457732d0b5c854e2","name":"dmcsrbija.com@gmail.com","image":{"@type":"ImageObject","inLanguage":"en-GB","@id":"https:\/\/secure.gravatar.com\/avatar\/68592660ad6347fad0fb587f8d5d8f1a7b44961362f56e4f2cd524feb87e9069?s=96&d=mm&r=g","url":"https:\/\/secure.gravatar.com\/avatar\/68592660ad6347fad0fb587f8d5d8f1a7b44961362f56e4f2cd524feb87e9069?s=96&d=mm&r=g","contentUrl":"https:\/\/secure.gravatar.com\/avatar\/68592660ad6347fad0fb587f8d5d8f1a7b44961362f56e4f2cd524feb87e9069?s=96&d=mm&r=g","caption":"dmcsrbija.com@gmail.com"},"sameAs":["https:\/\/dmcsrb.com"],"url":"https:\/\/dmcsrb.com\/en\/author\/dmcsrbija-comgmail-com\/"}]}},"_links":{"self":[{"href":"https:\/\/dmcsrb.com\/en\/wp-json\/wp\/v2\/posts\/947827","targetHints":{"allow":["GET"]}}],"collection":[{"href":"https:\/\/dmcsrb.com\/en\/wp-json\/wp\/v2\/posts"}],"about":[{"href":"https:\/\/dmcsrb.com\/en\/wp-json\/wp\/v2\/types\/post"}],"author":[{"embeddable":true,"href":"https:\/\/dmcsrb.com\/en\/wp-json\/wp\/v2\/users\/1"}],"replies":[{"embeddable":true,"href":"https:\/\/dmcsrb.com\/en\/wp-json\/wp\/v2\/comments?post=947827"}],"version-history":[{"count":0,"href":"https:\/\/dmcsrb.com\/en\/wp-json\/wp\/v2\/posts\/947827\/revisions"}],"wp:featuredmedia":[{"embeddable":true,"href":"https:\/\/dmcsrb.com\/en\/wp-json\/wp\/v2\/media\/947364"}],"wp:attachment":[{"href":"https:\/\/dmcsrb.com\/en\/wp-json\/wp\/v2\/media?parent=947827"}],"wp:term":[{"taxonomy":"category","embeddable":true,"href":"https:\/\/dmcsrb.com\/en\/wp-json\/wp\/v2\/categories?post=947827"},{"taxonomy":"post_tag","embeddable":true,"href":"https:\/\/dmcsrb.com\/en\/wp-json\/wp\/v2\/tags?post=947827"},{"taxonomy":"naslovna","embeddable":true,"href":"https:\/\/dmcsrb.com\/en\/wp-json\/wp\/v2\/naslovna?post=947827"}],"curies":[{"name":"wp","href":"https:\/\/api.w.org\/{rel}","templated":true}]}}