{"id":947769,"date":"2025-08-22T18:47:00","date_gmt":"2025-08-22T16:47:00","guid":{"rendered":"https:\/\/dmcsrb.com\/uncategorized\/reprezentativni-sindikati-aerodroma-podgorica-i-tivat-podrzavamo-moguce-produzenje-radnog-vremena-od-naredne-ljetnje-sezone\/"},"modified":"2025-08-22T18:47:00","modified_gmt":"2025-08-22T16:47:00","slug":"reprezentativni-sindikati-aerodroma-podgorica-i-tivat-podrzavamo-moguce-produzenje-radnog-vremena-od-naredne-ljetnje-sezone","status":"publish","type":"post","link":"https:\/\/dmcsrb.com\/en\/ekonomija\/reprezentativni-sindikati-aerodroma-podgorica-i-tivat-podrzavamo-moguce-produzenje-radnog-vremena-od-naredne-ljetnje-sezone\/","title":{"rendered":"Reprezentativni sindikati aerodroma Podgorica i Tivat: Podr\u017eavamo mogu\u0107e produ\u017eenje radnog vremena od naredne ljetnje sezone"},"content":{"rendered":"<p>Kako se navodi u saop\u0161tenju koje potpisuju predsjednik Sindikata Podgorica&nbsp;<strong>Slobodan Martinovi\u0107<\/strong>&nbsp;i predsjednik Sindikata Tivat&nbsp;<strong>Ljubi\u0161a D\u017eudovi\u0107, u<\/strong>vo\u0111enje tre\u0107e smjene i produ\u017eenje radnog vremena doprinije\u0107e boljoj organizaciji rada i ve\u0107oj operativnoj efikasnosti, \u0161to daje priliku da se kroz novu sistematizaciju efikasno rije\u0161e postoje\u0107i izazovi.<\/p>\n\n\n\n<p>\u201cMi smo sposobni, spremni i voljni da radimo\u201d, naglasili su.<\/p>\n\n\n\n<p>Kako su dodali, s obzirom na dodatne najavljene zahtjeve i odgovornosti koje produ\u017eeno radno vrijeme nosi, sindikati nagla\u0161avaju neophodnost adekvatnog prilago\u0111avanja plata zaposlenih \u2013 kao priznanje za dodatni anga\u017eman i slo\u017eenost poslova, posebno u ve\u010dernjim i no\u0107nim uslovima.<\/p>\n\n\n\n<p>Pri tome je, poru\u010duju, va\u017eno da ukupno radno vrijeme po zaposlenom ostane u zakonskim okvirima, uz po\u0161tovanje svih radni\u010dkih prava i Kolektivnog ugovora.<\/p>\n\n\n\n<p>\u201cPonosni smo na rekorde koje na\u0161a kompanija postavlja ove godine i podsje\u0107amo da svi na\u0161i zaposleni stoje iza preko dva miliona opslu\u017eenih putnika do 20. avgusta. Prethodni rekord je bio 28. avgusta 2024. godine, dok je dvomilioniti putnik 2019. godine opslu\u017een 8. septembra\u201d, podsjetili su.<\/p>\n\n\n\n<p>Prema njihovim rije\u010dima, ovaj uspjeh potvr\u0111uje da su zaposleni klju\u010dna snaga Aerodroma Crne Gore, odgovorni, predani i efikasni.<\/p>\n\n\n\n<p>\u201cZato o\u010dekujemo da se svaki dodatni napor, poput produ\u017eenog radnog vremena, adekvatno vrednuje kroz pravednu naknadu i jasnu sistematizaciju, uz puno po\u0161tovanje prava radnika\u201d, zaklju\u010dili su.<\/p>","protected":false},"excerpt":{"rendered":"<p>Reprezentativni sindikati zaposlenih na Aerodromu Podgorica i na Aerodromu Tivat, koji okupljaju oko 70 odsto zaposlenih, saop\u0161tili su da podr\u017eavaju najavljeno mogu\u0107e produ\u017eenje radnog vremena, a samim tim, i otvorenosti za saobra\u0107aj Aerodroma Crne Gore od naredne ljetnje sezone.<\/p>","protected":false},"author":1,"featured_media":947629,"comment_status":"open","ping_status":"open","sticky":false,"template":"","format":"standard","meta":{"_acf_changed":false,"footnotes":""},"categories":[27],"tags":[31,5218,18156,460],"naslovna":[],"class_list":["post-947769","post","type-post","status-publish","format-standard","has-post-thumbnail","hentry","category-ekonomija","tag-podgorica","tag-radno-vrijeme","tag-reprezentativni-sindikati-aerodroma","tag-tivat"],"acf":[],"yoast_head":"<!-- This site is optimized with the Yoast SEO plugin v27.4 - https:\/\/yoast.com\/product\/yoast-seo-wordpress\/ -->\n<title>Reprezentativni sindikati aerodroma Podgorica i Tivat: Podr\u017eavamo mogu\u0107e produ\u017eenje radnog vremena od naredne ljetnje sezone - dmcsrb.com<\/title>\n<meta name=\"robots\" content=\"index, follow, max-snippet:-1, max-image-preview:large, max-video-preview:-1\" \/>\n<link rel=\"canonical\" href=\"https:\/\/dmcsrb.com\/en\/ekonomija\/reprezentativni-sindikati-aerodroma-podgorica-i-tivat-podrzavamo-moguce-produzenje-radnog-vremena-od-naredne-ljetnje-sezone\/\" \/>\n<meta property=\"og:locale\" content=\"en_GB\" \/>\n<meta property=\"og:type\" content=\"article\" \/>\n<meta property=\"og:title\" content=\"Reprezentativni sindikati aerodroma Podgorica i Tivat: Podr\u017eavamo mogu\u0107e produ\u017eenje radnog vremena od naredne ljetnje sezone - dmcsrb.com\" \/>\n<meta property=\"og:description\" content=\"Reprezentativni sindikati zaposlenih na Aerodromu Podgorica i na Aerodromu Tivat, koji okupljaju oko 70 odsto zaposlenih, saop\u0161tili su da podr\u017eavaju najavljeno mogu\u0107e produ\u017eenje radnog vremena, a samim tim, i otvorenosti za saobra\u0107aj Aerodroma Crne Gore od naredne ljetnje sezone.\" \/>\n<meta property=\"og:url\" content=\"https:\/\/dmcsrb.com\/en\/ekonomija\/reprezentativni-sindikati-aerodroma-podgorica-i-tivat-podrzavamo-moguce-produzenje-radnog-vremena-od-naredne-ljetnje-sezone\/\" \/>\n<meta property=\"og:site_name\" content=\"dmcsrb.com\" \/>\n<meta property=\"article:published_time\" content=\"2025-08-22T16:47:00+00:00\" \/>\n<meta property=\"og:image\" content=\"https:\/\/dmcsrb.com\/wp-content\/uploads\/2026\/01\/aerodrom-2.webp\" \/>\n\t<meta property=\"og:image:width\" content=\"1800\" \/>\n\t<meta property=\"og:image:height\" content=\"1350\" \/>\n\t<meta property=\"og:image:type\" content=\"image\/jpeg\" \/>\n<meta name=\"author\" content=\"dmcsrbija.com@gmail.com\" \/>\n<meta name=\"twitter:card\" content=\"summary_large_image\" \/>\n<meta name=\"twitter:label1\" content=\"Written by\" \/>\n\t<meta name=\"twitter:data1\" content=\"dmcsrbija.com@gmail.com\" \/>\n\t<meta name=\"twitter:label2\" content=\"Estimated reading time\" \/>\n\t<meta name=\"twitter:data2\" content=\"1 minute\" \/>\n<script type=\"application\/ld+json\" class=\"yoast-schema-graph\">{\"@context\":\"https:\\\/\\\/schema.org\",\"@graph\":[{\"@type\":\"Article\",\"@id\":\"https:\\\/\\\/dmcsrb.com\\\/ekonomija\\\/reprezentativni-sindikati-aerodroma-podgorica-i-tivat-podrzavamo-moguce-produzenje-radnog-vremena-od-naredne-ljetnje-sezone\\\/#article\",\"isPartOf\":{\"@id\":\"https:\\\/\\\/dmcsrb.com\\\/ekonomija\\\/reprezentativni-sindikati-aerodroma-podgorica-i-tivat-podrzavamo-moguce-produzenje-radnog-vremena-od-naredne-ljetnje-sezone\\\/\"},\"author\":{\"name\":\"dmcsrbija.com@gmail.com\",\"@id\":\"https:\\\/\\\/dmcsrb.com\\\/#\\\/schema\\\/person\\\/5c39170f12db1b8b457732d0b5c854e2\"},\"headline\":\"Reprezentativni sindikati aerodroma Podgorica i Tivat: Podr\u017eavamo mogu\u0107e produ\u017eenje radnog vremena od naredne ljetnje sezone\",\"datePublished\":\"2025-08-22T16:47:00+00:00\",\"mainEntityOfPage\":{\"@id\":\"https:\\\/\\\/dmcsrb.com\\\/ekonomija\\\/reprezentativni-sindikati-aerodroma-podgorica-i-tivat-podrzavamo-moguce-produzenje-radnog-vremena-od-naredne-ljetnje-sezone\\\/\"},\"wordCount\":253,\"commentCount\":0,\"image\":{\"@id\":\"https:\\\/\\\/dmcsrb.com\\\/ekonomija\\\/reprezentativni-sindikati-aerodroma-podgorica-i-tivat-podrzavamo-moguce-produzenje-radnog-vremena-od-naredne-ljetnje-sezone\\\/#primaryimage\"},\"thumbnailUrl\":\"https:\\\/\\\/dmcsrb.com\\\/wp-content\\\/uploads\\\/2026\\\/01\\\/aerodrom-2.webp\",\"keywords\":[\"Podgorica\",\"radno vrijeme\",\"Reprezentativni sindikati aerodroma\",\"Tivat\"],\"articleSection\":[\"Ekonomija\"],\"inLanguage\":\"en-GB\",\"potentialAction\":[{\"@type\":\"CommentAction\",\"name\":\"Comment\",\"target\":[\"https:\\\/\\\/dmcsrb.com\\\/ekonomija\\\/reprezentativni-sindikati-aerodroma-podgorica-i-tivat-podrzavamo-moguce-produzenje-radnog-vremena-od-naredne-ljetnje-sezone\\\/#respond\"]}]},{\"@type\":\"WebPage\",\"@id\":\"https:\\\/\\\/dmcsrb.com\\\/ekonomija\\\/reprezentativni-sindikati-aerodroma-podgorica-i-tivat-podrzavamo-moguce-produzenje-radnog-vremena-od-naredne-ljetnje-sezone\\\/\",\"url\":\"https:\\\/\\\/dmcsrb.com\\\/ekonomija\\\/reprezentativni-sindikati-aerodroma-podgorica-i-tivat-podrzavamo-moguce-produzenje-radnog-vremena-od-naredne-ljetnje-sezone\\\/\",\"name\":\"Reprezentativni sindikati aerodroma Podgorica i Tivat: Podr\u017eavamo mogu\u0107e produ\u017eenje radnog vremena od naredne ljetnje sezone - dmcsrb.com\",\"isPartOf\":{\"@id\":\"https:\\\/\\\/dmcsrb.com\\\/#website\"},\"primaryImageOfPage\":{\"@id\":\"https:\\\/\\\/dmcsrb.com\\\/ekonomija\\\/reprezentativni-sindikati-aerodroma-podgorica-i-tivat-podrzavamo-moguce-produzenje-radnog-vremena-od-naredne-ljetnje-sezone\\\/#primaryimage\"},\"image\":{\"@id\":\"https:\\\/\\\/dmcsrb.com\\\/ekonomija\\\/reprezentativni-sindikati-aerodroma-podgorica-i-tivat-podrzavamo-moguce-produzenje-radnog-vremena-od-naredne-ljetnje-sezone\\\/#primaryimage\"},\"thumbnailUrl\":\"https:\\\/\\\/dmcsrb.com\\\/wp-content\\\/uploads\\\/2026\\\/01\\\/aerodrom-2.webp\",\"datePublished\":\"2025-08-22T16:47:00+00:00\",\"author\":{\"@id\":\"https:\\\/\\\/dmcsrb.com\\\/#\\\/schema\\\/person\\\/5c39170f12db1b8b457732d0b5c854e2\"},\"breadcrumb\":{\"@id\":\"https:\\\/\\\/dmcsrb.com\\\/ekonomija\\\/reprezentativni-sindikati-aerodroma-podgorica-i-tivat-podrzavamo-moguce-produzenje-radnog-vremena-od-naredne-ljetnje-sezone\\\/#breadcrumb\"},\"inLanguage\":\"en-GB\",\"potentialAction\":[{\"@type\":\"ReadAction\",\"target\":[\"https:\\\/\\\/dmcsrb.com\\\/ekonomija\\\/reprezentativni-sindikati-aerodroma-podgorica-i-tivat-podrzavamo-moguce-produzenje-radnog-vremena-od-naredne-ljetnje-sezone\\\/\"]}]},{\"@type\":\"ImageObject\",\"inLanguage\":\"en-GB\",\"@id\":\"https:\\\/\\\/dmcsrb.com\\\/ekonomija\\\/reprezentativni-sindikati-aerodroma-podgorica-i-tivat-podrzavamo-moguce-produzenje-radnog-vremena-od-naredne-ljetnje-sezone\\\/#primaryimage\",\"url\":\"https:\\\/\\\/dmcsrb.com\\\/wp-content\\\/uploads\\\/2026\\\/01\\\/aerodrom-2.webp\",\"contentUrl\":\"https:\\\/\\\/dmcsrb.com\\\/wp-content\\\/uploads\\\/2026\\\/01\\\/aerodrom-2.webp\",\"width\":1800,\"height\":1350},{\"@type\":\"BreadcrumbList\",\"@id\":\"https:\\\/\\\/dmcsrb.com\\\/ekonomija\\\/reprezentativni-sindikati-aerodroma-podgorica-i-tivat-podrzavamo-moguce-produzenje-radnog-vremena-od-naredne-ljetnje-sezone\\\/#breadcrumb\",\"itemListElement\":[{\"@type\":\"ListItem\",\"position\":1,\"name\":\"Home\",\"item\":\"https:\\\/\\\/dmcsrb.com\\\/\"},{\"@type\":\"ListItem\",\"position\":2,\"name\":\"Reprezentativni sindikati aerodroma Podgorica i Tivat: Podr\u017eavamo mogu\u0107e produ\u017eenje radnog vremena od naredne ljetnje sezone\"}]},{\"@type\":\"WebSite\",\"@id\":\"https:\\\/\\\/dmcsrb.com\\\/#website\",\"url\":\"https:\\\/\\\/dmcsrb.com\\\/\",\"name\":\"dmcsrb.com\",\"description\":\"\",\"potentialAction\":[{\"@type\":\"SearchAction\",\"target\":{\"@type\":\"EntryPoint\",\"urlTemplate\":\"https:\\\/\\\/dmcsrb.com\\\/?s={search_term_string}\"},\"query-input\":{\"@type\":\"PropertyValueSpecification\",\"valueRequired\":true,\"valueName\":\"search_term_string\"}}],\"inLanguage\":\"en-GB\"},{\"@type\":\"Person\",\"@id\":\"https:\\\/\\\/dmcsrb.com\\\/#\\\/schema\\\/person\\\/5c39170f12db1b8b457732d0b5c854e2\",\"name\":\"dmcsrbija.com@gmail.com\",\"image\":{\"@type\":\"ImageObject\",\"inLanguage\":\"en-GB\",\"@id\":\"https:\\\/\\\/secure.gravatar.com\\\/avatar\\\/68592660ad6347fad0fb587f8d5d8f1a7b44961362f56e4f2cd524feb87e9069?s=96&d=mm&r=g\",\"url\":\"https:\\\/\\\/secure.gravatar.com\\\/avatar\\\/68592660ad6347fad0fb587f8d5d8f1a7b44961362f56e4f2cd524feb87e9069?s=96&d=mm&r=g\",\"contentUrl\":\"https:\\\/\\\/secure.gravatar.com\\\/avatar\\\/68592660ad6347fad0fb587f8d5d8f1a7b44961362f56e4f2cd524feb87e9069?s=96&d=mm&r=g\",\"caption\":\"dmcsrbija.com@gmail.com\"},\"sameAs\":[\"https:\\\/\\\/dmcsrb.com\"],\"url\":\"https:\\\/\\\/dmcsrb.com\\\/en\\\/author\\\/dmcsrbija-comgmail-com\\\/\"}]}<\/script>\n<!-- \/ Yoast SEO plugin. -->","yoast_head_json":{"title":"Reprezentativni sindikati aerodroma Podgorica i Tivat: Podr\u017eavamo mogu\u0107e produ\u017eenje radnog vremena od naredne ljetnje sezone - dmcsrb.com","robots":{"index":"index","follow":"follow","max-snippet":"max-snippet:-1","max-image-preview":"max-image-preview:large","max-video-preview":"max-video-preview:-1"},"canonical":"https:\/\/dmcsrb.com\/en\/ekonomija\/reprezentativni-sindikati-aerodroma-podgorica-i-tivat-podrzavamo-moguce-produzenje-radnog-vremena-od-naredne-ljetnje-sezone\/","og_locale":"en_GB","og_type":"article","og_title":"Reprezentativni sindikati aerodroma Podgorica i Tivat: Podr\u017eavamo mogu\u0107e produ\u017eenje radnog vremena od naredne ljetnje sezone - dmcsrb.com","og_description":"Reprezentativni sindikati zaposlenih na Aerodromu Podgorica i na Aerodromu Tivat, koji okupljaju oko 70 odsto zaposlenih, saop\u0161tili su da podr\u017eavaju najavljeno mogu\u0107e produ\u017eenje radnog vremena, a samim tim, i otvorenosti za saobra\u0107aj Aerodroma Crne Gore od naredne ljetnje sezone.","og_url":"https:\/\/dmcsrb.com\/en\/ekonomija\/reprezentativni-sindikati-aerodroma-podgorica-i-tivat-podrzavamo-moguce-produzenje-radnog-vremena-od-naredne-ljetnje-sezone\/","og_site_name":"dmcsrb.com","article_published_time":"2025-08-22T16:47:00+00:00","og_image":[{"width":1800,"height":1350,"url":"https:\/\/dmcsrb.com\/wp-content\/uploads\/2026\/01\/aerodrom-2.webp","type":"image\/jpeg"}],"author":"dmcsrbija.com@gmail.com","twitter_card":"summary_large_image","twitter_misc":{"Written by":"dmcsrbija.com@gmail.com","Estimated reading time":"1 minute"},"schema":{"@context":"https:\/\/schema.org","@graph":[{"@type":"Article","@id":"https:\/\/dmcsrb.com\/ekonomija\/reprezentativni-sindikati-aerodroma-podgorica-i-tivat-podrzavamo-moguce-produzenje-radnog-vremena-od-naredne-ljetnje-sezone\/#article","isPartOf":{"@id":"https:\/\/dmcsrb.com\/ekonomija\/reprezentativni-sindikati-aerodroma-podgorica-i-tivat-podrzavamo-moguce-produzenje-radnog-vremena-od-naredne-ljetnje-sezone\/"},"author":{"name":"dmcsrbija.com@gmail.com","@id":"https:\/\/dmcsrb.com\/#\/schema\/person\/5c39170f12db1b8b457732d0b5c854e2"},"headline":"Reprezentativni sindikati aerodroma Podgorica i Tivat: Podr\u017eavamo mogu\u0107e produ\u017eenje radnog vremena od naredne ljetnje sezone","datePublished":"2025-08-22T16:47:00+00:00","mainEntityOfPage":{"@id":"https:\/\/dmcsrb.com\/ekonomija\/reprezentativni-sindikati-aerodroma-podgorica-i-tivat-podrzavamo-moguce-produzenje-radnog-vremena-od-naredne-ljetnje-sezone\/"},"wordCount":253,"commentCount":0,"image":{"@id":"https:\/\/dmcsrb.com\/ekonomija\/reprezentativni-sindikati-aerodroma-podgorica-i-tivat-podrzavamo-moguce-produzenje-radnog-vremena-od-naredne-ljetnje-sezone\/#primaryimage"},"thumbnailUrl":"https:\/\/dmcsrb.com\/wp-content\/uploads\/2026\/01\/aerodrom-2.webp","keywords":["Podgorica","radno vrijeme","Reprezentativni sindikati aerodroma","Tivat"],"articleSection":["Ekonomija"],"inLanguage":"en-GB","potentialAction":[{"@type":"CommentAction","name":"Comment","target":["https:\/\/dmcsrb.com\/ekonomija\/reprezentativni-sindikati-aerodroma-podgorica-i-tivat-podrzavamo-moguce-produzenje-radnog-vremena-od-naredne-ljetnje-sezone\/#respond"]}]},{"@type":"WebPage","@id":"https:\/\/dmcsrb.com\/ekonomija\/reprezentativni-sindikati-aerodroma-podgorica-i-tivat-podrzavamo-moguce-produzenje-radnog-vremena-od-naredne-ljetnje-sezone\/","url":"https:\/\/dmcsrb.com\/ekonomija\/reprezentativni-sindikati-aerodroma-podgorica-i-tivat-podrzavamo-moguce-produzenje-radnog-vremena-od-naredne-ljetnje-sezone\/","name":"Reprezentativni sindikati aerodroma Podgorica i Tivat: Podr\u017eavamo mogu\u0107e produ\u017eenje radnog vremena od naredne ljetnje sezone - dmcsrb.com","isPartOf":{"@id":"https:\/\/dmcsrb.com\/#website"},"primaryImageOfPage":{"@id":"https:\/\/dmcsrb.com\/ekonomija\/reprezentativni-sindikati-aerodroma-podgorica-i-tivat-podrzavamo-moguce-produzenje-radnog-vremena-od-naredne-ljetnje-sezone\/#primaryimage"},"image":{"@id":"https:\/\/dmcsrb.com\/ekonomija\/reprezentativni-sindikati-aerodroma-podgorica-i-tivat-podrzavamo-moguce-produzenje-radnog-vremena-od-naredne-ljetnje-sezone\/#primaryimage"},"thumbnailUrl":"https:\/\/dmcsrb.com\/wp-content\/uploads\/2026\/01\/aerodrom-2.webp","datePublished":"2025-08-22T16:47:00+00:00","author":{"@id":"https:\/\/dmcsrb.com\/#\/schema\/person\/5c39170f12db1b8b457732d0b5c854e2"},"breadcrumb":{"@id":"https:\/\/dmcsrb.com\/ekonomija\/reprezentativni-sindikati-aerodroma-podgorica-i-tivat-podrzavamo-moguce-produzenje-radnog-vremena-od-naredne-ljetnje-sezone\/#breadcrumb"},"inLanguage":"en-GB","potentialAction":[{"@type":"ReadAction","target":["https:\/\/dmcsrb.com\/ekonomija\/reprezentativni-sindikati-aerodroma-podgorica-i-tivat-podrzavamo-moguce-produzenje-radnog-vremena-od-naredne-ljetnje-sezone\/"]}]},{"@type":"ImageObject","inLanguage":"en-GB","@id":"https:\/\/dmcsrb.com\/ekonomija\/reprezentativni-sindikati-aerodroma-podgorica-i-tivat-podrzavamo-moguce-produzenje-radnog-vremena-od-naredne-ljetnje-sezone\/#primaryimage","url":"https:\/\/dmcsrb.com\/wp-content\/uploads\/2026\/01\/aerodrom-2.webp","contentUrl":"https:\/\/dmcsrb.com\/wp-content\/uploads\/2026\/01\/aerodrom-2.webp","width":1800,"height":1350},{"@type":"BreadcrumbList","@id":"https:\/\/dmcsrb.com\/ekonomija\/reprezentativni-sindikati-aerodroma-podgorica-i-tivat-podrzavamo-moguce-produzenje-radnog-vremena-od-naredne-ljetnje-sezone\/#breadcrumb","itemListElement":[{"@type":"ListItem","position":1,"name":"Home","item":"https:\/\/dmcsrb.com\/"},{"@type":"ListItem","position":2,"name":"Reprezentativni sindikati aerodroma Podgorica i Tivat: Podr\u017eavamo mogu\u0107e produ\u017eenje radnog vremena od naredne ljetnje sezone"}]},{"@type":"WebSite","@id":"https:\/\/dmcsrb.com\/#website","url":"https:\/\/dmcsrb.com\/","name":"dmcsrb.com","description":"","potentialAction":[{"@type":"SearchAction","target":{"@type":"EntryPoint","urlTemplate":"https:\/\/dmcsrb.com\/?s={search_term_string}"},"query-input":{"@type":"PropertyValueSpecification","valueRequired":true,"valueName":"search_term_string"}}],"inLanguage":"en-GB"},{"@type":"Person","@id":"https:\/\/dmcsrb.com\/#\/schema\/person\/5c39170f12db1b8b457732d0b5c854e2","name":"dmcsrbija.com@gmail.com","image":{"@type":"ImageObject","inLanguage":"en-GB","@id":"https:\/\/secure.gravatar.com\/avatar\/68592660ad6347fad0fb587f8d5d8f1a7b44961362f56e4f2cd524feb87e9069?s=96&d=mm&r=g","url":"https:\/\/secure.gravatar.com\/avatar\/68592660ad6347fad0fb587f8d5d8f1a7b44961362f56e4f2cd524feb87e9069?s=96&d=mm&r=g","contentUrl":"https:\/\/secure.gravatar.com\/avatar\/68592660ad6347fad0fb587f8d5d8f1a7b44961362f56e4f2cd524feb87e9069?s=96&d=mm&r=g","caption":"dmcsrbija.com@gmail.com"},"sameAs":["https:\/\/dmcsrb.com"],"url":"https:\/\/dmcsrb.com\/en\/author\/dmcsrbija-comgmail-com\/"}]}},"_links":{"self":[{"href":"https:\/\/dmcsrb.com\/en\/wp-json\/wp\/v2\/posts\/947769","targetHints":{"allow":["GET"]}}],"collection":[{"href":"https:\/\/dmcsrb.com\/en\/wp-json\/wp\/v2\/posts"}],"about":[{"href":"https:\/\/dmcsrb.com\/en\/wp-json\/wp\/v2\/types\/post"}],"author":[{"embeddable":true,"href":"https:\/\/dmcsrb.com\/en\/wp-json\/wp\/v2\/users\/1"}],"replies":[{"embeddable":true,"href":"https:\/\/dmcsrb.com\/en\/wp-json\/wp\/v2\/comments?post=947769"}],"version-history":[{"count":0,"href":"https:\/\/dmcsrb.com\/en\/wp-json\/wp\/v2\/posts\/947769\/revisions"}],"wp:featuredmedia":[{"embeddable":true,"href":"https:\/\/dmcsrb.com\/en\/wp-json\/wp\/v2\/media\/947629"}],"wp:attachment":[{"href":"https:\/\/dmcsrb.com\/en\/wp-json\/wp\/v2\/media?parent=947769"}],"wp:term":[{"taxonomy":"category","embeddable":true,"href":"https:\/\/dmcsrb.com\/en\/wp-json\/wp\/v2\/categories?post=947769"},{"taxonomy":"post_tag","embeddable":true,"href":"https:\/\/dmcsrb.com\/en\/wp-json\/wp\/v2\/tags?post=947769"},{"taxonomy":"naslovna","embeddable":true,"href":"https:\/\/dmcsrb.com\/en\/wp-json\/wp\/v2\/naslovna?post=947769"}],"curies":[{"name":"wp","href":"https:\/\/api.w.org\/{rel}","templated":true}]}}