{"id":947759,"date":"2025-08-22T15:52:00","date_gmt":"2025-08-22T13:52:00","guid":{"rendered":"https:\/\/dmcsrb.com\/uncategorized\/odbor-direktora-zicg-pozvao-zaposlene-koji-su-potpisali-obustavu-rada-da-omoguce-normalno-odvijanje-saobracaja\/"},"modified":"2025-08-22T15:52:00","modified_gmt":"2025-08-22T13:52:00","slug":"odbor-direktora-zicg-pozvao-zaposlene-koji-su-potpisali-obustavu-rada-da-omoguce-normalno-odvijanje-saobracaja","status":"publish","type":"post","link":"https:\/\/dmcsrb.com\/en\/ekonomija\/odbor-direktora-zicg-pozvao-zaposlene-koji-su-potpisali-obustavu-rada-da-omoguce-normalno-odvijanje-saobracaja\/","title":{"rendered":"Odbor direktora \u017dICG pozvao zaposlene koji su potpisali obustavu rada da omogu\u0107e normalno odvijanje saobra\u0107aja"},"content":{"rendered":"<p>\u201cNa sastanku je jednoglasno pru\u017eena podr\u0161ka izvr\u0161noj direktorici u cilju rje\u0161avanja nastale situacije i svih napora na normalizaciji \u017eeljezni\u010dkog saobra\u0107aja. Tako\u0111e, konstatovano je da svako uve\u0107anje zarada treba da bude u zakonskim okvirima, kroz pregovore sa reprezentativnim sindikatima, u cilju izrade i zaklju\u010divanja Kolektivnog ugovora\u201d, navodi se u saop\u0161tenju Odbora direktora.<\/p>\n\n\n\n<p>Odbor direktora je pozvao zaposlene koji su potpisali obustavu rada da omogu\u0107e normalno odvijanje saobra\u0107aja, kako bi se sprije\u010dila ve\u0107a \u0161teta i stvorili uslovi za konstruktivne razgovore.<\/p>\n\n\n\n<p>Podsje\u0107amo, otpravnici vozova iz \u017deljezni\u010dke infrastrukture Crne Gore obustavili su danas rad, a time lokalni i me\u0111unarodni saobra\u0107aj na pruzi Beograd\u2013Bar.<\/p>","protected":false},"excerpt":{"rendered":"<p>Odbor direktora \u017deljezni\u010dke infrastrukture (\u017dICG) odr\u017eao je danas hitan sastanak povodom, kako navode, \u201cnezakonite obustave rada\u201c. Oni su pozvali zaposlene da omogu\u0107e normalno odvijanje saobra\u0107aja. kako bi se sprije\u010dila ve\u0107a \u0161teta i stvorili uslovi za konstruktivne razgovore.<\/p>","protected":false},"author":1,"featured_media":916453,"comment_status":"open","ping_status":"open","sticky":false,"template":"","format":"standard","meta":{"_acf_changed":false,"footnotes":""},"categories":[27],"tags":[6930,4256],"naslovna":[],"class_list":["post-947759","post","type-post","status-publish","format-standard","has-post-thumbnail","hentry","category-ekonomija","tag-obustava-rada","tag-zicg"],"acf":[],"yoast_head":"<!-- This site is optimized with the Yoast SEO plugin v27.0 - https:\/\/yoast.com\/product\/yoast-seo-wordpress\/ -->\n<title>Odbor direktora \u017dICG pozvao zaposlene koji su potpisali obustavu rada da omogu\u0107e normalno odvijanje saobra\u0107aja - dmcsrb.com<\/title>\n<meta name=\"robots\" content=\"index, follow, max-snippet:-1, max-image-preview:large, max-video-preview:-1\" \/>\n<link rel=\"canonical\" href=\"https:\/\/dmcsrb.com\/en\/ekonomija\/odbor-direktora-zicg-pozvao-zaposlene-koji-su-potpisali-obustavu-rada-da-omoguce-normalno-odvijanje-saobracaja\/\" \/>\n<meta property=\"og:locale\" content=\"en_GB\" \/>\n<meta property=\"og:type\" content=\"article\" \/>\n<meta property=\"og:title\" content=\"Odbor direktora \u017dICG pozvao zaposlene koji su potpisali obustavu rada da omogu\u0107e normalno odvijanje saobra\u0107aja - dmcsrb.com\" \/>\n<meta property=\"og:description\" content=\"Odbor direktora \u017deljezni\u010dke infrastrukture (\u017dICG) odr\u017eao je danas hitan sastanak povodom, kako navode, \u201cnezakonite obustave rada\u201c. Oni su pozvali zaposlene da omogu\u0107e normalno odvijanje saobra\u0107aja. kako bi se sprije\u010dila ve\u0107a \u0161teta i stvorili uslovi za konstruktivne razgovore.\" \/>\n<meta property=\"og:url\" content=\"https:\/\/dmcsrb.com\/en\/ekonomija\/odbor-direktora-zicg-pozvao-zaposlene-koji-su-potpisali-obustavu-rada-da-omoguce-normalno-odvijanje-saobracaja\/\" \/>\n<meta property=\"og:site_name\" content=\"dmcsrb.com\" \/>\n<meta property=\"article:published_time\" content=\"2025-08-22T13:52:00+00:00\" \/>\n<meta property=\"og:image\" content=\"https:\/\/dmcsrb.com\/wp-content\/uploads\/2026\/01\/vozovi.jpg\" \/>\n\t<meta property=\"og:image:width\" content=\"660\" \/>\n\t<meta property=\"og:image:height\" content=\"330\" \/>\n\t<meta property=\"og:image:type\" content=\"image\/jpeg\" \/>\n<meta name=\"author\" content=\"dmcsrbija.com@gmail.com\" \/>\n<meta name=\"twitter:card\" content=\"summary_large_image\" \/>\n<meta name=\"twitter:label1\" content=\"Written by\" \/>\n\t<meta name=\"twitter:data1\" content=\"dmcsrbija.com@gmail.com\" \/>\n\t<meta name=\"twitter:label2\" content=\"Estimated reading time\" \/>\n\t<meta name=\"twitter:data2\" content=\"1 minute\" \/>\n<script type=\"application\/ld+json\" class=\"yoast-schema-graph\">{\"@context\":\"https:\/\/schema.org\",\"@graph\":[{\"@type\":\"Article\",\"@id\":\"https:\/\/dmcsrb.com\/en\/ekonomija\/odbor-direktora-zicg-pozvao-zaposlene-koji-su-potpisali-obustavu-rada-da-omoguce-normalno-odvijanje-saobracaja\/#article\",\"isPartOf\":{\"@id\":\"https:\/\/dmcsrb.com\/en\/ekonomija\/odbor-direktora-zicg-pozvao-zaposlene-koji-su-potpisali-obustavu-rada-da-omoguce-normalno-odvijanje-saobracaja\/\"},\"author\":{\"name\":\"dmcsrbija.com@gmail.com\",\"@id\":\"https:\/\/dmcsrb.com\/#\/schema\/person\/5c39170f12db1b8b457732d0b5c854e2\"},\"headline\":\"Odbor direktora \u017dICG pozvao zaposlene koji su potpisali obustavu rada da omogu\u0107e normalno odvijanje saobra\u0107aja\",\"datePublished\":\"2025-08-22T13:52:00+00:00\",\"mainEntityOfPage\":{\"@id\":\"https:\/\/dmcsrb.com\/en\/ekonomija\/odbor-direktora-zicg-pozvao-zaposlene-koji-su-potpisali-obustavu-rada-da-omoguce-normalno-odvijanje-saobracaja\/\"},\"wordCount\":135,\"commentCount\":0,\"image\":{\"@id\":\"https:\/\/dmcsrb.com\/en\/ekonomija\/odbor-direktora-zicg-pozvao-zaposlene-koji-su-potpisali-obustavu-rada-da-omoguce-normalno-odvijanje-saobracaja\/#primaryimage\"},\"thumbnailUrl\":\"https:\/\/dmcsrb.com\/wp-content\/uploads\/2026\/01\/vozovi.jpg\",\"keywords\":[\"obustava rada\",\"\u017dICG\"],\"articleSection\":[\"Ekonomija\"],\"inLanguage\":\"en-GB\",\"potentialAction\":[{\"@type\":\"CommentAction\",\"name\":\"Comment\",\"target\":[\"https:\/\/dmcsrb.com\/en\/ekonomija\/odbor-direktora-zicg-pozvao-zaposlene-koji-su-potpisali-obustavu-rada-da-omoguce-normalno-odvijanje-saobracaja\/#respond\"]}]},{\"@type\":\"WebPage\",\"@id\":\"https:\/\/dmcsrb.com\/en\/ekonomija\/odbor-direktora-zicg-pozvao-zaposlene-koji-su-potpisali-obustavu-rada-da-omoguce-normalno-odvijanje-saobracaja\/\",\"url\":\"https:\/\/dmcsrb.com\/en\/ekonomija\/odbor-direktora-zicg-pozvao-zaposlene-koji-su-potpisali-obustavu-rada-da-omoguce-normalno-odvijanje-saobracaja\/\",\"name\":\"Odbor direktora \u017dICG pozvao zaposlene koji su potpisali obustavu rada da omogu\u0107e normalno odvijanje saobra\u0107aja - dmcsrb.com\",\"isPartOf\":{\"@id\":\"https:\/\/dmcsrb.com\/#website\"},\"primaryImageOfPage\":{\"@id\":\"https:\/\/dmcsrb.com\/en\/ekonomija\/odbor-direktora-zicg-pozvao-zaposlene-koji-su-potpisali-obustavu-rada-da-omoguce-normalno-odvijanje-saobracaja\/#primaryimage\"},\"image\":{\"@id\":\"https:\/\/dmcsrb.com\/en\/ekonomija\/odbor-direktora-zicg-pozvao-zaposlene-koji-su-potpisali-obustavu-rada-da-omoguce-normalno-odvijanje-saobracaja\/#primaryimage\"},\"thumbnailUrl\":\"https:\/\/dmcsrb.com\/wp-content\/uploads\/2026\/01\/vozovi.jpg\",\"datePublished\":\"2025-08-22T13:52:00+00:00\",\"author\":{\"@id\":\"https:\/\/dmcsrb.com\/#\/schema\/person\/5c39170f12db1b8b457732d0b5c854e2\"},\"breadcrumb\":{\"@id\":\"https:\/\/dmcsrb.com\/en\/ekonomija\/odbor-direktora-zicg-pozvao-zaposlene-koji-su-potpisali-obustavu-rada-da-omoguce-normalno-odvijanje-saobracaja\/#breadcrumb\"},\"inLanguage\":\"en-GB\",\"potentialAction\":[{\"@type\":\"ReadAction\",\"target\":[\"https:\/\/dmcsrb.com\/en\/ekonomija\/odbor-direktora-zicg-pozvao-zaposlene-koji-su-potpisali-obustavu-rada-da-omoguce-normalno-odvijanje-saobracaja\/\"]}]},{\"@type\":\"ImageObject\",\"inLanguage\":\"en-GB\",\"@id\":\"https:\/\/dmcsrb.com\/en\/ekonomija\/odbor-direktora-zicg-pozvao-zaposlene-koji-su-potpisali-obustavu-rada-da-omoguce-normalno-odvijanje-saobracaja\/#primaryimage\",\"url\":\"https:\/\/dmcsrb.com\/wp-content\/uploads\/2026\/01\/vozovi.jpg\",\"contentUrl\":\"https:\/\/dmcsrb.com\/wp-content\/uploads\/2026\/01\/vozovi.jpg\",\"width\":660,\"height\":330},{\"@type\":\"BreadcrumbList\",\"@id\":\"https:\/\/dmcsrb.com\/en\/ekonomija\/odbor-direktora-zicg-pozvao-zaposlene-koji-su-potpisali-obustavu-rada-da-omoguce-normalno-odvijanje-saobracaja\/#breadcrumb\",\"itemListElement\":[{\"@type\":\"ListItem\",\"position\":1,\"name\":\"Home\",\"item\":\"https:\/\/dmcsrb.com\/\"},{\"@type\":\"ListItem\",\"position\":2,\"name\":\"Odbor direktora \u017dICG pozvao zaposlene koji su potpisali obustavu rada da omogu\u0107e normalno odvijanje saobra\u0107aja\"}]},{\"@type\":\"WebSite\",\"@id\":\"https:\/\/dmcsrb.com\/#website\",\"url\":\"https:\/\/dmcsrb.com\/\",\"name\":\"dmcsrb.com\",\"description\":\"\",\"potentialAction\":[{\"@type\":\"SearchAction\",\"target\":{\"@type\":\"EntryPoint\",\"urlTemplate\":\"https:\/\/dmcsrb.com\/?s={search_term_string}\"},\"query-input\":{\"@type\":\"PropertyValueSpecification\",\"valueRequired\":true,\"valueName\":\"search_term_string\"}}],\"inLanguage\":\"en-GB\"},{\"@type\":\"Person\",\"@id\":\"https:\/\/dmcsrb.com\/#\/schema\/person\/5c39170f12db1b8b457732d0b5c854e2\",\"name\":\"dmcsrbija.com@gmail.com\",\"image\":{\"@type\":\"ImageObject\",\"inLanguage\":\"en-GB\",\"@id\":\"https:\/\/dmcsrb.com\/#\/schema\/person\/image\/\",\"url\":\"https:\/\/secure.gravatar.com\/avatar\/68592660ad6347fad0fb587f8d5d8f1a7b44961362f56e4f2cd524feb87e9069?s=96&d=mm&r=g\",\"contentUrl\":\"https:\/\/secure.gravatar.com\/avatar\/68592660ad6347fad0fb587f8d5d8f1a7b44961362f56e4f2cd524feb87e9069?s=96&d=mm&r=g\",\"caption\":\"dmcsrbija.com@gmail.com\"},\"sameAs\":[\"https:\/\/dmcsrb.com\"],\"url\":\"https:\/\/dmcsrb.com\/en\/author\/dmcsrbija-comgmail-com\/\"}]}<\/script>\n<!-- \/ Yoast SEO plugin. -->","yoast_head_json":{"title":"Odbor direktora \u017dICG pozvao zaposlene koji su potpisali obustavu rada da omogu\u0107e normalno odvijanje saobra\u0107aja - dmcsrb.com","robots":{"index":"index","follow":"follow","max-snippet":"max-snippet:-1","max-image-preview":"max-image-preview:large","max-video-preview":"max-video-preview:-1"},"canonical":"https:\/\/dmcsrb.com\/en\/ekonomija\/odbor-direktora-zicg-pozvao-zaposlene-koji-su-potpisali-obustavu-rada-da-omoguce-normalno-odvijanje-saobracaja\/","og_locale":"en_GB","og_type":"article","og_title":"Odbor direktora \u017dICG pozvao zaposlene koji su potpisali obustavu rada da omogu\u0107e normalno odvijanje saobra\u0107aja - dmcsrb.com","og_description":"Odbor direktora \u017deljezni\u010dke infrastrukture (\u017dICG) odr\u017eao je danas hitan sastanak povodom, kako navode, \u201cnezakonite obustave rada\u201c. Oni su pozvali zaposlene da omogu\u0107e normalno odvijanje saobra\u0107aja. kako bi se sprije\u010dila ve\u0107a \u0161teta i stvorili uslovi za konstruktivne razgovore.","og_url":"https:\/\/dmcsrb.com\/en\/ekonomija\/odbor-direktora-zicg-pozvao-zaposlene-koji-su-potpisali-obustavu-rada-da-omoguce-normalno-odvijanje-saobracaja\/","og_site_name":"dmcsrb.com","article_published_time":"2025-08-22T13:52:00+00:00","og_image":[{"width":660,"height":330,"url":"https:\/\/dmcsrb.com\/wp-content\/uploads\/2026\/01\/vozovi.jpg","type":"image\/jpeg"}],"author":"dmcsrbija.com@gmail.com","twitter_card":"summary_large_image","twitter_misc":{"Written by":"dmcsrbija.com@gmail.com","Estimated reading time":"1 minute"},"schema":{"@context":"https:\/\/schema.org","@graph":[{"@type":"Article","@id":"https:\/\/dmcsrb.com\/en\/ekonomija\/odbor-direktora-zicg-pozvao-zaposlene-koji-su-potpisali-obustavu-rada-da-omoguce-normalno-odvijanje-saobracaja\/#article","isPartOf":{"@id":"https:\/\/dmcsrb.com\/en\/ekonomija\/odbor-direktora-zicg-pozvao-zaposlene-koji-su-potpisali-obustavu-rada-da-omoguce-normalno-odvijanje-saobracaja\/"},"author":{"name":"dmcsrbija.com@gmail.com","@id":"https:\/\/dmcsrb.com\/#\/schema\/person\/5c39170f12db1b8b457732d0b5c854e2"},"headline":"Odbor direktora \u017dICG pozvao zaposlene koji su potpisali obustavu rada da omogu\u0107e normalno odvijanje saobra\u0107aja","datePublished":"2025-08-22T13:52:00+00:00","mainEntityOfPage":{"@id":"https:\/\/dmcsrb.com\/en\/ekonomija\/odbor-direktora-zicg-pozvao-zaposlene-koji-su-potpisali-obustavu-rada-da-omoguce-normalno-odvijanje-saobracaja\/"},"wordCount":135,"commentCount":0,"image":{"@id":"https:\/\/dmcsrb.com\/en\/ekonomija\/odbor-direktora-zicg-pozvao-zaposlene-koji-su-potpisali-obustavu-rada-da-omoguce-normalno-odvijanje-saobracaja\/#primaryimage"},"thumbnailUrl":"https:\/\/dmcsrb.com\/wp-content\/uploads\/2026\/01\/vozovi.jpg","keywords":["obustava rada","\u017dICG"],"articleSection":["Ekonomija"],"inLanguage":"en-GB","potentialAction":[{"@type":"CommentAction","name":"Comment","target":["https:\/\/dmcsrb.com\/en\/ekonomija\/odbor-direktora-zicg-pozvao-zaposlene-koji-su-potpisali-obustavu-rada-da-omoguce-normalno-odvijanje-saobracaja\/#respond"]}]},{"@type":"WebPage","@id":"https:\/\/dmcsrb.com\/en\/ekonomija\/odbor-direktora-zicg-pozvao-zaposlene-koji-su-potpisali-obustavu-rada-da-omoguce-normalno-odvijanje-saobracaja\/","url":"https:\/\/dmcsrb.com\/en\/ekonomija\/odbor-direktora-zicg-pozvao-zaposlene-koji-su-potpisali-obustavu-rada-da-omoguce-normalno-odvijanje-saobracaja\/","name":"Odbor direktora \u017dICG pozvao zaposlene koji su potpisali obustavu rada da omogu\u0107e normalno odvijanje saobra\u0107aja - dmcsrb.com","isPartOf":{"@id":"https:\/\/dmcsrb.com\/#website"},"primaryImageOfPage":{"@id":"https:\/\/dmcsrb.com\/en\/ekonomija\/odbor-direktora-zicg-pozvao-zaposlene-koji-su-potpisali-obustavu-rada-da-omoguce-normalno-odvijanje-saobracaja\/#primaryimage"},"image":{"@id":"https:\/\/dmcsrb.com\/en\/ekonomija\/odbor-direktora-zicg-pozvao-zaposlene-koji-su-potpisali-obustavu-rada-da-omoguce-normalno-odvijanje-saobracaja\/#primaryimage"},"thumbnailUrl":"https:\/\/dmcsrb.com\/wp-content\/uploads\/2026\/01\/vozovi.jpg","datePublished":"2025-08-22T13:52:00+00:00","author":{"@id":"https:\/\/dmcsrb.com\/#\/schema\/person\/5c39170f12db1b8b457732d0b5c854e2"},"breadcrumb":{"@id":"https:\/\/dmcsrb.com\/en\/ekonomija\/odbor-direktora-zicg-pozvao-zaposlene-koji-su-potpisali-obustavu-rada-da-omoguce-normalno-odvijanje-saobracaja\/#breadcrumb"},"inLanguage":"en-GB","potentialAction":[{"@type":"ReadAction","target":["https:\/\/dmcsrb.com\/en\/ekonomija\/odbor-direktora-zicg-pozvao-zaposlene-koji-su-potpisali-obustavu-rada-da-omoguce-normalno-odvijanje-saobracaja\/"]}]},{"@type":"ImageObject","inLanguage":"en-GB","@id":"https:\/\/dmcsrb.com\/en\/ekonomija\/odbor-direktora-zicg-pozvao-zaposlene-koji-su-potpisali-obustavu-rada-da-omoguce-normalno-odvijanje-saobracaja\/#primaryimage","url":"https:\/\/dmcsrb.com\/wp-content\/uploads\/2026\/01\/vozovi.jpg","contentUrl":"https:\/\/dmcsrb.com\/wp-content\/uploads\/2026\/01\/vozovi.jpg","width":660,"height":330},{"@type":"BreadcrumbList","@id":"https:\/\/dmcsrb.com\/en\/ekonomija\/odbor-direktora-zicg-pozvao-zaposlene-koji-su-potpisali-obustavu-rada-da-omoguce-normalno-odvijanje-saobracaja\/#breadcrumb","itemListElement":[{"@type":"ListItem","position":1,"name":"Home","item":"https:\/\/dmcsrb.com\/"},{"@type":"ListItem","position":2,"name":"Odbor direktora \u017dICG pozvao zaposlene koji su potpisali obustavu rada da omogu\u0107e normalno odvijanje saobra\u0107aja"}]},{"@type":"WebSite","@id":"https:\/\/dmcsrb.com\/#website","url":"https:\/\/dmcsrb.com\/","name":"dmcsrb.com","description":"","potentialAction":[{"@type":"SearchAction","target":{"@type":"EntryPoint","urlTemplate":"https:\/\/dmcsrb.com\/?s={search_term_string}"},"query-input":{"@type":"PropertyValueSpecification","valueRequired":true,"valueName":"search_term_string"}}],"inLanguage":"en-GB"},{"@type":"Person","@id":"https:\/\/dmcsrb.com\/#\/schema\/person\/5c39170f12db1b8b457732d0b5c854e2","name":"dmcsrbija.com@gmail.com","image":{"@type":"ImageObject","inLanguage":"en-GB","@id":"https:\/\/dmcsrb.com\/#\/schema\/person\/image\/","url":"https:\/\/secure.gravatar.com\/avatar\/68592660ad6347fad0fb587f8d5d8f1a7b44961362f56e4f2cd524feb87e9069?s=96&d=mm&r=g","contentUrl":"https:\/\/secure.gravatar.com\/avatar\/68592660ad6347fad0fb587f8d5d8f1a7b44961362f56e4f2cd524feb87e9069?s=96&d=mm&r=g","caption":"dmcsrbija.com@gmail.com"},"sameAs":["https:\/\/dmcsrb.com"],"url":"https:\/\/dmcsrb.com\/en\/author\/dmcsrbija-comgmail-com\/"}]}},"_links":{"self":[{"href":"https:\/\/dmcsrb.com\/en\/wp-json\/wp\/v2\/posts\/947759","targetHints":{"allow":["GET"]}}],"collection":[{"href":"https:\/\/dmcsrb.com\/en\/wp-json\/wp\/v2\/posts"}],"about":[{"href":"https:\/\/dmcsrb.com\/en\/wp-json\/wp\/v2\/types\/post"}],"author":[{"embeddable":true,"href":"https:\/\/dmcsrb.com\/en\/wp-json\/wp\/v2\/users\/1"}],"replies":[{"embeddable":true,"href":"https:\/\/dmcsrb.com\/en\/wp-json\/wp\/v2\/comments?post=947759"}],"version-history":[{"count":0,"href":"https:\/\/dmcsrb.com\/en\/wp-json\/wp\/v2\/posts\/947759\/revisions"}],"wp:featuredmedia":[{"embeddable":true,"href":"https:\/\/dmcsrb.com\/en\/wp-json\/wp\/v2\/media\/916453"}],"wp:attachment":[{"href":"https:\/\/dmcsrb.com\/en\/wp-json\/wp\/v2\/media?parent=947759"}],"wp:term":[{"taxonomy":"category","embeddable":true,"href":"https:\/\/dmcsrb.com\/en\/wp-json\/wp\/v2\/categories?post=947759"},{"taxonomy":"post_tag","embeddable":true,"href":"https:\/\/dmcsrb.com\/en\/wp-json\/wp\/v2\/tags?post=947759"},{"taxonomy":"naslovna","embeddable":true,"href":"https:\/\/dmcsrb.com\/en\/wp-json\/wp\/v2\/naslovna?post=947759"}],"curies":[{"name":"wp","href":"https:\/\/api.w.org\/{rel}","templated":true}]}}