{"id":947685,"date":"2025-08-22T12:08:00","date_gmt":"2025-08-22T10:08:00","guid":{"rendered":"https:\/\/dmcsrb.com\/uncategorized\/podgorica-je-usla-u-treci-krug-kandidature-za-evropsku-prijestonicu-mladih\/"},"modified":"2025-08-22T12:08:00","modified_gmt":"2025-08-22T10:08:00","slug":"podgorica-je-usla-u-treci-krug-kandidature-za-evropsku-prijestonicu-mladih","status":"publish","type":"post","link":"https:\/\/dmcsrb.com\/en\/podgorica\/podgorica-je-usla-u-treci-krug-kandidature-za-evropsku-prijestonicu-mladih\/","title":{"rendered":"Podgorica je u\u0161la u tre\u0107i krug kandidature za Evropsku prijestonicu mladih!"},"content":{"rendered":"<p><\/p>\n\n\n\n<p>Veliko mi je zadovoljstvo da podijelim vijest da je Podgorica uspje\u0161no pro\u0161la evaluaciju za tre\u0107i krug kandidature za titulu Evropske prijestonice mladih 2028, saop\u0161tila je predsjednica Skup\u0161tine Glavnog grada Jelena Borovini\u0107 Bojovi\u0107.<\/p>\n\n\n\n<p>&#8220;Posebno mi zna\u010di \u0161to ste upravo vi, mladi ljudi, svojim idejama i prijedlozima dali snagu ovoj kandidaturi. Ovo je na\u0161 zajedni\u010dki uspjeh i dokaz da Podgorica ima energiju i potencijal da postane grad mladih Evrope. Uspje\u0107emo da pozicioniramo Podgoricu u centar Evrope&#8221;, kazala je ona.<\/p>\n\n\n\n<p>&#8220;Aplikacija Glavnog grada ocijenjena je kao obe\u0107avaju\u0107a, ambiciozna i sa jasnom posve\u0107eno\u0161\u0107u osna\u017eivanju mladih, \u0161to potvr\u0111uje kvalitet i relevantnost predlo\u017eenih programa i aktivnosti. Posebno su istaknuti segmenti komunikacije, dizajna programa i uklju\u010divanja mladih u proces pripreme, \u0161to pokazuje da Glavni grad razvija inkluzivan i participativan pristup omladinskoj politici&#8221;, navode u obavje\u0161tenju.<\/p>\n\n\n\n<p>Evidentirano je, dodaju, da sna\u017ena motivacija stoji iza kandidature, pri \u010demu je svaka aktivnost podr\u017eana konsultacijama i prijedlozima mladih, \u0161to jo\u0161 jednom potvr\u0111uje participativan pristup za mlade.<\/p>\n\n\n\n<p>&#8220;Ovaj rezultat predstavlja zajedni\u010dki trud, rad i posve\u0107enost svih relevantnih aktera sa lokalnog i nacionalnog nivoa, uz sna\u017enu podr\u0161ku NVO sektora, studentskih organizacija i me\u0111unarodnih partnera&#8221;, kazali su iz Kancelarije<\/p>\n\n\n\n<p>Kako ka\u017eu, zajedni\u010dka vizija i saradnja pokazali su da Glavni grad ima snagu i potencijal da postane Evropska prijestonice mladih 2028.<\/p>\n\n\n\n<p>&#8220;Naredna dva mjeseca bi\u0107e klju\u010dna za finalizaciju aplikacije u skladu sa dobijenim smjernicama i pripremu za samo finale takmi\u010denja, kada \u0107e na\u0161 tim pred EYC \u017eirijem braniti kandidaturu i nadati se ovoj presti\u017enoj tituli&#8221;, zaklju\u010duju iz Kancelarije za mlade.<\/p>","protected":false},"excerpt":{"rendered":"<p>Glavni grad Podgorica uspje\u0161no je pro\u0161ao evaluaciju aplikacije za tre\u0107i krug kandidature za titulu Evropske prijestonice mladih 2028., te su od strane EYC \u017eirija stigle pozitivne smjernice za nastavak procesa, saop\u0161teno je iz Kancelarije za mlade Glavnog grada.<\/p>","protected":false},"author":1,"featured_media":947686,"comment_status":"open","ping_status":"open","sticky":false,"template":"","format":"standard","meta":{"_acf_changed":false,"footnotes":""},"categories":[56],"tags":[10363,2028,31],"naslovna":[],"class_list":["post-947685","post","type-post","status-publish","format-standard","has-post-thumbnail","hentry","category-podgorica","tag-evropska-prijestonica","tag-nikola-rovcanin-2","tag-podgorica"],"acf":[],"yoast_head":"<!-- This site is optimized with the Yoast SEO plugin v27.4 - https:\/\/yoast.com\/product\/yoast-seo-wordpress\/ -->\n<title>Podgorica je u\u0161la u tre\u0107i krug kandidature za Evropsku prijestonicu mladih! - dmcsrb.com<\/title>\n<meta name=\"robots\" content=\"index, follow, max-snippet:-1, max-image-preview:large, max-video-preview:-1\" \/>\n<link rel=\"canonical\" href=\"https:\/\/dmcsrb.com\/en\/podgorica\/podgorica-je-usla-u-treci-krug-kandidature-za-evropsku-prijestonicu-mladih\/\" \/>\n<meta property=\"og:locale\" content=\"en_GB\" \/>\n<meta property=\"og:type\" content=\"article\" \/>\n<meta property=\"og:title\" content=\"Podgorica je u\u0161la u tre\u0107i krug kandidature za Evropsku prijestonicu mladih! - dmcsrb.com\" \/>\n<meta property=\"og:description\" content=\"Glavni grad Podgorica uspje\u0161no je pro\u0161ao evaluaciju aplikacije za tre\u0107i krug kandidature za titulu Evropske prijestonice mladih 2028., te su od strane EYC \u017eirija stigle pozitivne smjernice za nastavak procesa, saop\u0161teno je iz Kancelarije za mlade Glavnog grada.\" \/>\n<meta property=\"og:url\" content=\"https:\/\/dmcsrb.com\/en\/podgorica\/podgorica-je-usla-u-treci-krug-kandidature-za-evropsku-prijestonicu-mladih\/\" \/>\n<meta property=\"og:site_name\" content=\"dmcsrb.com\" \/>\n<meta property=\"article:published_time\" content=\"2025-08-22T10:08:00+00:00\" \/>\n<meta property=\"og:image\" content=\"https:\/\/dmcsrb.com\/wp-content\/uploads\/2026\/01\/Podgorica-2028.webp\" \/>\n\t<meta property=\"og:image:width\" content=\"2048\" \/>\n\t<meta property=\"og:image:height\" content=\"1536\" \/>\n\t<meta property=\"og:image:type\" content=\"image\/jpeg\" \/>\n<meta name=\"author\" content=\"dmcsrbija.com@gmail.com\" \/>\n<meta name=\"twitter:card\" content=\"summary_large_image\" \/>\n<meta name=\"twitter:label1\" content=\"Written by\" \/>\n\t<meta name=\"twitter:data1\" content=\"dmcsrbija.com@gmail.com\" \/>\n\t<meta name=\"twitter:label2\" content=\"Estimated reading time\" \/>\n\t<meta name=\"twitter:data2\" content=\"1 minute\" \/>\n<script type=\"application\/ld+json\" class=\"yoast-schema-graph\">{\"@context\":\"https:\\\/\\\/schema.org\",\"@graph\":[{\"@type\":\"Article\",\"@id\":\"https:\\\/\\\/dmcsrb.com\\\/podgorica\\\/podgorica-je-usla-u-treci-krug-kandidature-za-evropsku-prijestonicu-mladih\\\/#article\",\"isPartOf\":{\"@id\":\"https:\\\/\\\/dmcsrb.com\\\/podgorica\\\/podgorica-je-usla-u-treci-krug-kandidature-za-evropsku-prijestonicu-mladih\\\/\"},\"author\":{\"name\":\"dmcsrbija.com@gmail.com\",\"@id\":\"https:\\\/\\\/dmcsrb.com\\\/#\\\/schema\\\/person\\\/5c39170f12db1b8b457732d0b5c854e2\"},\"headline\":\"Podgorica je u\u0161la u tre\u0107i krug kandidature za Evropsku prijestonicu mladih!\",\"datePublished\":\"2025-08-22T10:08:00+00:00\",\"mainEntityOfPage\":{\"@id\":\"https:\\\/\\\/dmcsrb.com\\\/podgorica\\\/podgorica-je-usla-u-treci-krug-kandidature-za-evropsku-prijestonicu-mladih\\\/\"},\"wordCount\":288,\"commentCount\":0,\"image\":{\"@id\":\"https:\\\/\\\/dmcsrb.com\\\/podgorica\\\/podgorica-je-usla-u-treci-krug-kandidature-za-evropsku-prijestonicu-mladih\\\/#primaryimage\"},\"thumbnailUrl\":\"https:\\\/\\\/dmcsrb.com\\\/wp-content\\\/uploads\\\/2026\\\/01\\\/Podgorica-2028.webp\",\"keywords\":[\"Evropska prijestonica\",\"Nikola Rov\u010danin\",\"Podgorica\"],\"articleSection\":[\"Podgorica\"],\"inLanguage\":\"en-GB\",\"potentialAction\":[{\"@type\":\"CommentAction\",\"name\":\"Comment\",\"target\":[\"https:\\\/\\\/dmcsrb.com\\\/podgorica\\\/podgorica-je-usla-u-treci-krug-kandidature-za-evropsku-prijestonicu-mladih\\\/#respond\"]}]},{\"@type\":\"WebPage\",\"@id\":\"https:\\\/\\\/dmcsrb.com\\\/podgorica\\\/podgorica-je-usla-u-treci-krug-kandidature-za-evropsku-prijestonicu-mladih\\\/\",\"url\":\"https:\\\/\\\/dmcsrb.com\\\/podgorica\\\/podgorica-je-usla-u-treci-krug-kandidature-za-evropsku-prijestonicu-mladih\\\/\",\"name\":\"Podgorica je u\u0161la u tre\u0107i krug kandidature za Evropsku prijestonicu mladih! - dmcsrb.com\",\"isPartOf\":{\"@id\":\"https:\\\/\\\/dmcsrb.com\\\/#website\"},\"primaryImageOfPage\":{\"@id\":\"https:\\\/\\\/dmcsrb.com\\\/podgorica\\\/podgorica-je-usla-u-treci-krug-kandidature-za-evropsku-prijestonicu-mladih\\\/#primaryimage\"},\"image\":{\"@id\":\"https:\\\/\\\/dmcsrb.com\\\/podgorica\\\/podgorica-je-usla-u-treci-krug-kandidature-za-evropsku-prijestonicu-mladih\\\/#primaryimage\"},\"thumbnailUrl\":\"https:\\\/\\\/dmcsrb.com\\\/wp-content\\\/uploads\\\/2026\\\/01\\\/Podgorica-2028.webp\",\"datePublished\":\"2025-08-22T10:08:00+00:00\",\"author\":{\"@id\":\"https:\\\/\\\/dmcsrb.com\\\/#\\\/schema\\\/person\\\/5c39170f12db1b8b457732d0b5c854e2\"},\"breadcrumb\":{\"@id\":\"https:\\\/\\\/dmcsrb.com\\\/podgorica\\\/podgorica-je-usla-u-treci-krug-kandidature-za-evropsku-prijestonicu-mladih\\\/#breadcrumb\"},\"inLanguage\":\"en-GB\",\"potentialAction\":[{\"@type\":\"ReadAction\",\"target\":[\"https:\\\/\\\/dmcsrb.com\\\/podgorica\\\/podgorica-je-usla-u-treci-krug-kandidature-za-evropsku-prijestonicu-mladih\\\/\"]}]},{\"@type\":\"ImageObject\",\"inLanguage\":\"en-GB\",\"@id\":\"https:\\\/\\\/dmcsrb.com\\\/podgorica\\\/podgorica-je-usla-u-treci-krug-kandidature-za-evropsku-prijestonicu-mladih\\\/#primaryimage\",\"url\":\"https:\\\/\\\/dmcsrb.com\\\/wp-content\\\/uploads\\\/2026\\\/01\\\/Podgorica-2028.webp\",\"contentUrl\":\"https:\\\/\\\/dmcsrb.com\\\/wp-content\\\/uploads\\\/2026\\\/01\\\/Podgorica-2028.webp\",\"width\":2048,\"height\":1536},{\"@type\":\"BreadcrumbList\",\"@id\":\"https:\\\/\\\/dmcsrb.com\\\/podgorica\\\/podgorica-je-usla-u-treci-krug-kandidature-za-evropsku-prijestonicu-mladih\\\/#breadcrumb\",\"itemListElement\":[{\"@type\":\"ListItem\",\"position\":1,\"name\":\"Home\",\"item\":\"https:\\\/\\\/dmcsrb.com\\\/\"},{\"@type\":\"ListItem\",\"position\":2,\"name\":\"Podgorica je u\u0161la u tre\u0107i krug kandidature za Evropsku prijestonicu mladih!\"}]},{\"@type\":\"WebSite\",\"@id\":\"https:\\\/\\\/dmcsrb.com\\\/#website\",\"url\":\"https:\\\/\\\/dmcsrb.com\\\/\",\"name\":\"dmcsrb.com\",\"description\":\"\",\"potentialAction\":[{\"@type\":\"SearchAction\",\"target\":{\"@type\":\"EntryPoint\",\"urlTemplate\":\"https:\\\/\\\/dmcsrb.com\\\/?s={search_term_string}\"},\"query-input\":{\"@type\":\"PropertyValueSpecification\",\"valueRequired\":true,\"valueName\":\"search_term_string\"}}],\"inLanguage\":\"en-GB\"},{\"@type\":\"Person\",\"@id\":\"https:\\\/\\\/dmcsrb.com\\\/#\\\/schema\\\/person\\\/5c39170f12db1b8b457732d0b5c854e2\",\"name\":\"dmcsrbija.com@gmail.com\",\"image\":{\"@type\":\"ImageObject\",\"inLanguage\":\"en-GB\",\"@id\":\"https:\\\/\\\/secure.gravatar.com\\\/avatar\\\/68592660ad6347fad0fb587f8d5d8f1a7b44961362f56e4f2cd524feb87e9069?s=96&d=mm&r=g\",\"url\":\"https:\\\/\\\/secure.gravatar.com\\\/avatar\\\/68592660ad6347fad0fb587f8d5d8f1a7b44961362f56e4f2cd524feb87e9069?s=96&d=mm&r=g\",\"contentUrl\":\"https:\\\/\\\/secure.gravatar.com\\\/avatar\\\/68592660ad6347fad0fb587f8d5d8f1a7b44961362f56e4f2cd524feb87e9069?s=96&d=mm&r=g\",\"caption\":\"dmcsrbija.com@gmail.com\"},\"sameAs\":[\"https:\\\/\\\/dmcsrb.com\"],\"url\":\"https:\\\/\\\/dmcsrb.com\\\/en\\\/author\\\/dmcsrbija-comgmail-com\\\/\"}]}<\/script>\n<!-- \/ Yoast SEO plugin. -->","yoast_head_json":{"title":"Podgorica je u\u0161la u tre\u0107i krug kandidature za Evropsku prijestonicu mladih! - dmcsrb.com","robots":{"index":"index","follow":"follow","max-snippet":"max-snippet:-1","max-image-preview":"max-image-preview:large","max-video-preview":"max-video-preview:-1"},"canonical":"https:\/\/dmcsrb.com\/en\/podgorica\/podgorica-je-usla-u-treci-krug-kandidature-za-evropsku-prijestonicu-mladih\/","og_locale":"en_GB","og_type":"article","og_title":"Podgorica je u\u0161la u tre\u0107i krug kandidature za Evropsku prijestonicu mladih! - dmcsrb.com","og_description":"Glavni grad Podgorica uspje\u0161no je pro\u0161ao evaluaciju aplikacije za tre\u0107i krug kandidature za titulu Evropske prijestonice mladih 2028., te su od strane EYC \u017eirija stigle pozitivne smjernice za nastavak procesa, saop\u0161teno je iz Kancelarije za mlade Glavnog grada.","og_url":"https:\/\/dmcsrb.com\/en\/podgorica\/podgorica-je-usla-u-treci-krug-kandidature-za-evropsku-prijestonicu-mladih\/","og_site_name":"dmcsrb.com","article_published_time":"2025-08-22T10:08:00+00:00","og_image":[{"width":2048,"height":1536,"url":"https:\/\/dmcsrb.com\/wp-content\/uploads\/2026\/01\/Podgorica-2028.webp","type":"image\/jpeg"}],"author":"dmcsrbija.com@gmail.com","twitter_card":"summary_large_image","twitter_misc":{"Written by":"dmcsrbija.com@gmail.com","Estimated reading time":"1 minute"},"schema":{"@context":"https:\/\/schema.org","@graph":[{"@type":"Article","@id":"https:\/\/dmcsrb.com\/podgorica\/podgorica-je-usla-u-treci-krug-kandidature-za-evropsku-prijestonicu-mladih\/#article","isPartOf":{"@id":"https:\/\/dmcsrb.com\/podgorica\/podgorica-je-usla-u-treci-krug-kandidature-za-evropsku-prijestonicu-mladih\/"},"author":{"name":"dmcsrbija.com@gmail.com","@id":"https:\/\/dmcsrb.com\/#\/schema\/person\/5c39170f12db1b8b457732d0b5c854e2"},"headline":"Podgorica je u\u0161la u tre\u0107i krug kandidature za Evropsku prijestonicu mladih!","datePublished":"2025-08-22T10:08:00+00:00","mainEntityOfPage":{"@id":"https:\/\/dmcsrb.com\/podgorica\/podgorica-je-usla-u-treci-krug-kandidature-za-evropsku-prijestonicu-mladih\/"},"wordCount":288,"commentCount":0,"image":{"@id":"https:\/\/dmcsrb.com\/podgorica\/podgorica-je-usla-u-treci-krug-kandidature-za-evropsku-prijestonicu-mladih\/#primaryimage"},"thumbnailUrl":"https:\/\/dmcsrb.com\/wp-content\/uploads\/2026\/01\/Podgorica-2028.webp","keywords":["Evropska prijestonica","Nikola Rov\u010danin","Podgorica"],"articleSection":["Podgorica"],"inLanguage":"en-GB","potentialAction":[{"@type":"CommentAction","name":"Comment","target":["https:\/\/dmcsrb.com\/podgorica\/podgorica-je-usla-u-treci-krug-kandidature-za-evropsku-prijestonicu-mladih\/#respond"]}]},{"@type":"WebPage","@id":"https:\/\/dmcsrb.com\/podgorica\/podgorica-je-usla-u-treci-krug-kandidature-za-evropsku-prijestonicu-mladih\/","url":"https:\/\/dmcsrb.com\/podgorica\/podgorica-je-usla-u-treci-krug-kandidature-za-evropsku-prijestonicu-mladih\/","name":"Podgorica je u\u0161la u tre\u0107i krug kandidature za Evropsku prijestonicu mladih! - dmcsrb.com","isPartOf":{"@id":"https:\/\/dmcsrb.com\/#website"},"primaryImageOfPage":{"@id":"https:\/\/dmcsrb.com\/podgorica\/podgorica-je-usla-u-treci-krug-kandidature-za-evropsku-prijestonicu-mladih\/#primaryimage"},"image":{"@id":"https:\/\/dmcsrb.com\/podgorica\/podgorica-je-usla-u-treci-krug-kandidature-za-evropsku-prijestonicu-mladih\/#primaryimage"},"thumbnailUrl":"https:\/\/dmcsrb.com\/wp-content\/uploads\/2026\/01\/Podgorica-2028.webp","datePublished":"2025-08-22T10:08:00+00:00","author":{"@id":"https:\/\/dmcsrb.com\/#\/schema\/person\/5c39170f12db1b8b457732d0b5c854e2"},"breadcrumb":{"@id":"https:\/\/dmcsrb.com\/podgorica\/podgorica-je-usla-u-treci-krug-kandidature-za-evropsku-prijestonicu-mladih\/#breadcrumb"},"inLanguage":"en-GB","potentialAction":[{"@type":"ReadAction","target":["https:\/\/dmcsrb.com\/podgorica\/podgorica-je-usla-u-treci-krug-kandidature-za-evropsku-prijestonicu-mladih\/"]}]},{"@type":"ImageObject","inLanguage":"en-GB","@id":"https:\/\/dmcsrb.com\/podgorica\/podgorica-je-usla-u-treci-krug-kandidature-za-evropsku-prijestonicu-mladih\/#primaryimage","url":"https:\/\/dmcsrb.com\/wp-content\/uploads\/2026\/01\/Podgorica-2028.webp","contentUrl":"https:\/\/dmcsrb.com\/wp-content\/uploads\/2026\/01\/Podgorica-2028.webp","width":2048,"height":1536},{"@type":"BreadcrumbList","@id":"https:\/\/dmcsrb.com\/podgorica\/podgorica-je-usla-u-treci-krug-kandidature-za-evropsku-prijestonicu-mladih\/#breadcrumb","itemListElement":[{"@type":"ListItem","position":1,"name":"Home","item":"https:\/\/dmcsrb.com\/"},{"@type":"ListItem","position":2,"name":"Podgorica je u\u0161la u tre\u0107i krug kandidature za Evropsku prijestonicu mladih!"}]},{"@type":"WebSite","@id":"https:\/\/dmcsrb.com\/#website","url":"https:\/\/dmcsrb.com\/","name":"dmcsrb.com","description":"","potentialAction":[{"@type":"SearchAction","target":{"@type":"EntryPoint","urlTemplate":"https:\/\/dmcsrb.com\/?s={search_term_string}"},"query-input":{"@type":"PropertyValueSpecification","valueRequired":true,"valueName":"search_term_string"}}],"inLanguage":"en-GB"},{"@type":"Person","@id":"https:\/\/dmcsrb.com\/#\/schema\/person\/5c39170f12db1b8b457732d0b5c854e2","name":"dmcsrbija.com@gmail.com","image":{"@type":"ImageObject","inLanguage":"en-GB","@id":"https:\/\/secure.gravatar.com\/avatar\/68592660ad6347fad0fb587f8d5d8f1a7b44961362f56e4f2cd524feb87e9069?s=96&d=mm&r=g","url":"https:\/\/secure.gravatar.com\/avatar\/68592660ad6347fad0fb587f8d5d8f1a7b44961362f56e4f2cd524feb87e9069?s=96&d=mm&r=g","contentUrl":"https:\/\/secure.gravatar.com\/avatar\/68592660ad6347fad0fb587f8d5d8f1a7b44961362f56e4f2cd524feb87e9069?s=96&d=mm&r=g","caption":"dmcsrbija.com@gmail.com"},"sameAs":["https:\/\/dmcsrb.com"],"url":"https:\/\/dmcsrb.com\/en\/author\/dmcsrbija-comgmail-com\/"}]}},"_links":{"self":[{"href":"https:\/\/dmcsrb.com\/en\/wp-json\/wp\/v2\/posts\/947685","targetHints":{"allow":["GET"]}}],"collection":[{"href":"https:\/\/dmcsrb.com\/en\/wp-json\/wp\/v2\/posts"}],"about":[{"href":"https:\/\/dmcsrb.com\/en\/wp-json\/wp\/v2\/types\/post"}],"author":[{"embeddable":true,"href":"https:\/\/dmcsrb.com\/en\/wp-json\/wp\/v2\/users\/1"}],"replies":[{"embeddable":true,"href":"https:\/\/dmcsrb.com\/en\/wp-json\/wp\/v2\/comments?post=947685"}],"version-history":[{"count":0,"href":"https:\/\/dmcsrb.com\/en\/wp-json\/wp\/v2\/posts\/947685\/revisions"}],"wp:featuredmedia":[{"embeddable":true,"href":"https:\/\/dmcsrb.com\/en\/wp-json\/wp\/v2\/media\/947686"}],"wp:attachment":[{"href":"https:\/\/dmcsrb.com\/en\/wp-json\/wp\/v2\/media?parent=947685"}],"wp:term":[{"taxonomy":"category","embeddable":true,"href":"https:\/\/dmcsrb.com\/en\/wp-json\/wp\/v2\/categories?post=947685"},{"taxonomy":"post_tag","embeddable":true,"href":"https:\/\/dmcsrb.com\/en\/wp-json\/wp\/v2\/tags?post=947685"},{"taxonomy":"naslovna","embeddable":true,"href":"https:\/\/dmcsrb.com\/en\/wp-json\/wp\/v2\/naslovna?post=947685"}],"curies":[{"name":"wp","href":"https:\/\/api.w.org\/{rel}","templated":true}]}}