{"id":947669,"date":"2025-08-22T10:01:25","date_gmt":"2025-08-22T08:01:25","guid":{"rendered":"https:\/\/dmcsrb.com\/uncategorized\/boskovic-moja-vrata-su-otvorena-za-pregovore-sa-radnicima-izvinjenje-putnicima\/"},"modified":"2025-08-22T10:01:25","modified_gmt":"2025-08-22T08:01:25","slug":"boskovic-moja-vrata-su-otvorena-za-pregovore-sa-radnicima-izvinjenje-putnicima","status":"publish","type":"post","link":"https:\/\/dmcsrb.com\/en\/drustvo\/boskovic-moja-vrata-su-otvorena-za-pregovore-sa-radnicima-izvinjenje-putnicima\/","title":{"rendered":"Bo\u0161kovi\u0107: Moja vrata su otvorena za pregovore sa radnicima, izvinjenje putnicima"},"content":{"rendered":"<p><\/p>\n\n\n\n<p>Ona je nazvala dana\u0161nju obustavu saobra\u0107aja ucjenom.<\/p>\n\n\n\n<p>Bo\u0161kovi\u0107 tvrdi da se protestu nije pridru\u017eilo svih 85 radnika koji su najavili obustavu saobra\u0107aja.<\/p>\n\n\n\n<p>Direktorica \u017dICG se izvinila svim putnicima zbog obustave saobra\u0107aja, i naglasila da je protest nezakonit, te da nije prijavljen.<\/p>\n\n\n\n<p>Na navode Bo\u0161kovi\u0107 radnici koji protestuju odgovori\u0107e, kako saznajemo, u 12.10 \u010dasova.<\/p>\n\n\n\n<p>Kako nam je re\u010deno iz redova pobunjenih radnika oni su o\u010dekivali da im se direktorka obrati li\u010dno.<\/p>\n\n\n\n<p>Kako je jedna od zaposlenih koja protestuje kazala&#8221; vozovi ne\u0107e kretati dok im se ne obrati&#8221;.<\/p>\n\n\n\n<p>Na stanici su i dalje putnici \u010diji se automobili nalaze&nbsp; na vagonima auto-voza.<\/p>\n\n\n\n<p>&#8211; \u010cinimo sve da u skladu sa zakonom taj problem rije\u0161imo &#8211; kazala je Bo\u0161kovi\u0107.<\/p>","protected":false},"excerpt":{"rendered":"<p>Direktorica \u017dICG Marina Bo\u0161kovi\u0107 je kazala da su njena vrata otvorena za pregovore i da dio radnika koji je obustavio \u017eeljezni\u010dki prevoz do sada nije bio spreman da razgovara, prenosni DAN.<\/p>","protected":false},"author":1,"featured_media":947670,"comment_status":"open","ping_status":"open","sticky":false,"template":"","format":"standard","meta":{"_acf_changed":false,"footnotes":""},"categories":[2],"tags":[455,3895],"naslovna":[],"class_list":["post-947669","post","type-post","status-publish","format-standard","has-post-thumbnail","hentry","category-drustvo","tag-protest","tag-vozovi"],"acf":[],"yoast_head":"<!-- This site is optimized with the Yoast SEO plugin v27.0 - https:\/\/yoast.com\/product\/yoast-seo-wordpress\/ -->\n<title>Bo\u0161kovi\u0107: Moja vrata su otvorena za pregovore sa radnicima, izvinjenje putnicima - dmcsrb.com<\/title>\n<meta name=\"robots\" content=\"index, follow, max-snippet:-1, max-image-preview:large, max-video-preview:-1\" \/>\n<link rel=\"canonical\" href=\"https:\/\/dmcsrb.com\/en\/drustvo\/boskovic-moja-vrata-su-otvorena-za-pregovore-sa-radnicima-izvinjenje-putnicima\/\" \/>\n<meta property=\"og:locale\" content=\"en_GB\" \/>\n<meta property=\"og:type\" content=\"article\" \/>\n<meta property=\"og:title\" content=\"Bo\u0161kovi\u0107: Moja vrata su otvorena za pregovore sa radnicima, izvinjenje putnicima - dmcsrb.com\" \/>\n<meta property=\"og:description\" content=\"Direktorica \u017dICG Marina Bo\u0161kovi\u0107 je kazala da su njena vrata otvorena za pregovore i da dio radnika koji je obustavio \u017eeljezni\u010dki prevoz do sada nije bio spreman da razgovara, prenosni DAN.\" \/>\n<meta property=\"og:url\" content=\"https:\/\/dmcsrb.com\/en\/drustvo\/boskovic-moja-vrata-su-otvorena-za-pregovore-sa-radnicima-izvinjenje-putnicima\/\" \/>\n<meta property=\"og:site_name\" content=\"dmcsrb.com\" \/>\n<meta property=\"article:published_time\" content=\"2025-08-22T08:01:25+00:00\" \/>\n<meta property=\"og:image\" content=\"https:\/\/dmcsrb.com\/wp-content\/uploads\/2026\/01\/direktorica.webp\" \/>\n\t<meta property=\"og:image:width\" content=\"547\" \/>\n\t<meta property=\"og:image:height\" content=\"434\" \/>\n\t<meta property=\"og:image:type\" content=\"image\/jpeg\" \/>\n<meta name=\"author\" content=\"dmcsrbija.com@gmail.com\" \/>\n<meta name=\"twitter:card\" content=\"summary_large_image\" \/>\n<meta name=\"twitter:label1\" content=\"Written by\" \/>\n\t<meta name=\"twitter:data1\" content=\"dmcsrbija.com@gmail.com\" \/>\n\t<meta name=\"twitter:label2\" content=\"Estimated reading time\" \/>\n\t<meta name=\"twitter:data2\" content=\"1 minute\" \/>\n<script type=\"application\/ld+json\" class=\"yoast-schema-graph\">{\"@context\":\"https:\/\/schema.org\",\"@graph\":[{\"@type\":\"Article\",\"@id\":\"https:\/\/dmcsrb.com\/en\/drustvo\/boskovic-moja-vrata-su-otvorena-za-pregovore-sa-radnicima-izvinjenje-putnicima\/#article\",\"isPartOf\":{\"@id\":\"https:\/\/dmcsrb.com\/en\/drustvo\/boskovic-moja-vrata-su-otvorena-za-pregovore-sa-radnicima-izvinjenje-putnicima\/\"},\"author\":{\"name\":\"dmcsrbija.com@gmail.com\",\"@id\":\"https:\/\/dmcsrb.com\/#\/schema\/person\/5c39170f12db1b8b457732d0b5c854e2\"},\"headline\":\"Bo\u0161kovi\u0107: Moja vrata su otvorena za pregovore sa radnicima, izvinjenje putnicima\",\"datePublished\":\"2025-08-22T08:01:25+00:00\",\"mainEntityOfPage\":{\"@id\":\"https:\/\/dmcsrb.com\/en\/drustvo\/boskovic-moja-vrata-su-otvorena-za-pregovore-sa-radnicima-izvinjenje-putnicima\/\"},\"wordCount\":139,\"commentCount\":0,\"image\":{\"@id\":\"https:\/\/dmcsrb.com\/en\/drustvo\/boskovic-moja-vrata-su-otvorena-za-pregovore-sa-radnicima-izvinjenje-putnicima\/#primaryimage\"},\"thumbnailUrl\":\"https:\/\/dmcsrb.com\/wp-content\/uploads\/2026\/01\/direktorica.webp\",\"keywords\":[\"Protest\",\"Vozovi\"],\"articleSection\":[\"Dru\u0161tvo\"],\"inLanguage\":\"en-GB\",\"potentialAction\":[{\"@type\":\"CommentAction\",\"name\":\"Comment\",\"target\":[\"https:\/\/dmcsrb.com\/en\/drustvo\/boskovic-moja-vrata-su-otvorena-za-pregovore-sa-radnicima-izvinjenje-putnicima\/#respond\"]}]},{\"@type\":\"WebPage\",\"@id\":\"https:\/\/dmcsrb.com\/en\/drustvo\/boskovic-moja-vrata-su-otvorena-za-pregovore-sa-radnicima-izvinjenje-putnicima\/\",\"url\":\"https:\/\/dmcsrb.com\/en\/drustvo\/boskovic-moja-vrata-su-otvorena-za-pregovore-sa-radnicima-izvinjenje-putnicima\/\",\"name\":\"Bo\u0161kovi\u0107: Moja vrata su otvorena za pregovore sa radnicima, izvinjenje putnicima - dmcsrb.com\",\"isPartOf\":{\"@id\":\"https:\/\/dmcsrb.com\/#website\"},\"primaryImageOfPage\":{\"@id\":\"https:\/\/dmcsrb.com\/en\/drustvo\/boskovic-moja-vrata-su-otvorena-za-pregovore-sa-radnicima-izvinjenje-putnicima\/#primaryimage\"},\"image\":{\"@id\":\"https:\/\/dmcsrb.com\/en\/drustvo\/boskovic-moja-vrata-su-otvorena-za-pregovore-sa-radnicima-izvinjenje-putnicima\/#primaryimage\"},\"thumbnailUrl\":\"https:\/\/dmcsrb.com\/wp-content\/uploads\/2026\/01\/direktorica.webp\",\"datePublished\":\"2025-08-22T08:01:25+00:00\",\"author\":{\"@id\":\"https:\/\/dmcsrb.com\/#\/schema\/person\/5c39170f12db1b8b457732d0b5c854e2\"},\"breadcrumb\":{\"@id\":\"https:\/\/dmcsrb.com\/en\/drustvo\/boskovic-moja-vrata-su-otvorena-za-pregovore-sa-radnicima-izvinjenje-putnicima\/#breadcrumb\"},\"inLanguage\":\"en-GB\",\"potentialAction\":[{\"@type\":\"ReadAction\",\"target\":[\"https:\/\/dmcsrb.com\/en\/drustvo\/boskovic-moja-vrata-su-otvorena-za-pregovore-sa-radnicima-izvinjenje-putnicima\/\"]}]},{\"@type\":\"ImageObject\",\"inLanguage\":\"en-GB\",\"@id\":\"https:\/\/dmcsrb.com\/en\/drustvo\/boskovic-moja-vrata-su-otvorena-za-pregovore-sa-radnicima-izvinjenje-putnicima\/#primaryimage\",\"url\":\"https:\/\/dmcsrb.com\/wp-content\/uploads\/2026\/01\/direktorica.webp\",\"contentUrl\":\"https:\/\/dmcsrb.com\/wp-content\/uploads\/2026\/01\/direktorica.webp\",\"width\":547,\"height\":434},{\"@type\":\"BreadcrumbList\",\"@id\":\"https:\/\/dmcsrb.com\/en\/drustvo\/boskovic-moja-vrata-su-otvorena-za-pregovore-sa-radnicima-izvinjenje-putnicima\/#breadcrumb\",\"itemListElement\":[{\"@type\":\"ListItem\",\"position\":1,\"name\":\"Home\",\"item\":\"https:\/\/dmcsrb.com\/\"},{\"@type\":\"ListItem\",\"position\":2,\"name\":\"Bo\u0161kovi\u0107: Moja vrata su otvorena za pregovore sa radnicima, izvinjenje putnicima\"}]},{\"@type\":\"WebSite\",\"@id\":\"https:\/\/dmcsrb.com\/#website\",\"url\":\"https:\/\/dmcsrb.com\/\",\"name\":\"dmcsrb.com\",\"description\":\"\",\"potentialAction\":[{\"@type\":\"SearchAction\",\"target\":{\"@type\":\"EntryPoint\",\"urlTemplate\":\"https:\/\/dmcsrb.com\/?s={search_term_string}\"},\"query-input\":{\"@type\":\"PropertyValueSpecification\",\"valueRequired\":true,\"valueName\":\"search_term_string\"}}],\"inLanguage\":\"en-GB\"},{\"@type\":\"Person\",\"@id\":\"https:\/\/dmcsrb.com\/#\/schema\/person\/5c39170f12db1b8b457732d0b5c854e2\",\"name\":\"dmcsrbija.com@gmail.com\",\"image\":{\"@type\":\"ImageObject\",\"inLanguage\":\"en-GB\",\"@id\":\"https:\/\/dmcsrb.com\/#\/schema\/person\/image\/\",\"url\":\"https:\/\/secure.gravatar.com\/avatar\/68592660ad6347fad0fb587f8d5d8f1a7b44961362f56e4f2cd524feb87e9069?s=96&d=mm&r=g\",\"contentUrl\":\"https:\/\/secure.gravatar.com\/avatar\/68592660ad6347fad0fb587f8d5d8f1a7b44961362f56e4f2cd524feb87e9069?s=96&d=mm&r=g\",\"caption\":\"dmcsrbija.com@gmail.com\"},\"sameAs\":[\"https:\/\/dmcsrb.com\"],\"url\":\"https:\/\/dmcsrb.com\/en\/author\/dmcsrbija-comgmail-com\/\"}]}<\/script>\n<!-- \/ Yoast SEO plugin. -->","yoast_head_json":{"title":"Bo\u0161kovi\u0107: Moja vrata su otvorena za pregovore sa radnicima, izvinjenje putnicima - dmcsrb.com","robots":{"index":"index","follow":"follow","max-snippet":"max-snippet:-1","max-image-preview":"max-image-preview:large","max-video-preview":"max-video-preview:-1"},"canonical":"https:\/\/dmcsrb.com\/en\/drustvo\/boskovic-moja-vrata-su-otvorena-za-pregovore-sa-radnicima-izvinjenje-putnicima\/","og_locale":"en_GB","og_type":"article","og_title":"Bo\u0161kovi\u0107: Moja vrata su otvorena za pregovore sa radnicima, izvinjenje putnicima - dmcsrb.com","og_description":"Direktorica \u017dICG Marina Bo\u0161kovi\u0107 je kazala da su njena vrata otvorena za pregovore i da dio radnika koji je obustavio \u017eeljezni\u010dki prevoz do sada nije bio spreman da razgovara, prenosni DAN.","og_url":"https:\/\/dmcsrb.com\/en\/drustvo\/boskovic-moja-vrata-su-otvorena-za-pregovore-sa-radnicima-izvinjenje-putnicima\/","og_site_name":"dmcsrb.com","article_published_time":"2025-08-22T08:01:25+00:00","og_image":[{"width":547,"height":434,"url":"https:\/\/dmcsrb.com\/wp-content\/uploads\/2026\/01\/direktorica.webp","type":"image\/jpeg"}],"author":"dmcsrbija.com@gmail.com","twitter_card":"summary_large_image","twitter_misc":{"Written by":"dmcsrbija.com@gmail.com","Estimated reading time":"1 minute"},"schema":{"@context":"https:\/\/schema.org","@graph":[{"@type":"Article","@id":"https:\/\/dmcsrb.com\/en\/drustvo\/boskovic-moja-vrata-su-otvorena-za-pregovore-sa-radnicima-izvinjenje-putnicima\/#article","isPartOf":{"@id":"https:\/\/dmcsrb.com\/en\/drustvo\/boskovic-moja-vrata-su-otvorena-za-pregovore-sa-radnicima-izvinjenje-putnicima\/"},"author":{"name":"dmcsrbija.com@gmail.com","@id":"https:\/\/dmcsrb.com\/#\/schema\/person\/5c39170f12db1b8b457732d0b5c854e2"},"headline":"Bo\u0161kovi\u0107: Moja vrata su otvorena za pregovore sa radnicima, izvinjenje putnicima","datePublished":"2025-08-22T08:01:25+00:00","mainEntityOfPage":{"@id":"https:\/\/dmcsrb.com\/en\/drustvo\/boskovic-moja-vrata-su-otvorena-za-pregovore-sa-radnicima-izvinjenje-putnicima\/"},"wordCount":139,"commentCount":0,"image":{"@id":"https:\/\/dmcsrb.com\/en\/drustvo\/boskovic-moja-vrata-su-otvorena-za-pregovore-sa-radnicima-izvinjenje-putnicima\/#primaryimage"},"thumbnailUrl":"https:\/\/dmcsrb.com\/wp-content\/uploads\/2026\/01\/direktorica.webp","keywords":["Protest","Vozovi"],"articleSection":["Dru\u0161tvo"],"inLanguage":"en-GB","potentialAction":[{"@type":"CommentAction","name":"Comment","target":["https:\/\/dmcsrb.com\/en\/drustvo\/boskovic-moja-vrata-su-otvorena-za-pregovore-sa-radnicima-izvinjenje-putnicima\/#respond"]}]},{"@type":"WebPage","@id":"https:\/\/dmcsrb.com\/en\/drustvo\/boskovic-moja-vrata-su-otvorena-za-pregovore-sa-radnicima-izvinjenje-putnicima\/","url":"https:\/\/dmcsrb.com\/en\/drustvo\/boskovic-moja-vrata-su-otvorena-za-pregovore-sa-radnicima-izvinjenje-putnicima\/","name":"Bo\u0161kovi\u0107: Moja vrata su otvorena za pregovore sa radnicima, izvinjenje putnicima - dmcsrb.com","isPartOf":{"@id":"https:\/\/dmcsrb.com\/#website"},"primaryImageOfPage":{"@id":"https:\/\/dmcsrb.com\/en\/drustvo\/boskovic-moja-vrata-su-otvorena-za-pregovore-sa-radnicima-izvinjenje-putnicima\/#primaryimage"},"image":{"@id":"https:\/\/dmcsrb.com\/en\/drustvo\/boskovic-moja-vrata-su-otvorena-za-pregovore-sa-radnicima-izvinjenje-putnicima\/#primaryimage"},"thumbnailUrl":"https:\/\/dmcsrb.com\/wp-content\/uploads\/2026\/01\/direktorica.webp","datePublished":"2025-08-22T08:01:25+00:00","author":{"@id":"https:\/\/dmcsrb.com\/#\/schema\/person\/5c39170f12db1b8b457732d0b5c854e2"},"breadcrumb":{"@id":"https:\/\/dmcsrb.com\/en\/drustvo\/boskovic-moja-vrata-su-otvorena-za-pregovore-sa-radnicima-izvinjenje-putnicima\/#breadcrumb"},"inLanguage":"en-GB","potentialAction":[{"@type":"ReadAction","target":["https:\/\/dmcsrb.com\/en\/drustvo\/boskovic-moja-vrata-su-otvorena-za-pregovore-sa-radnicima-izvinjenje-putnicima\/"]}]},{"@type":"ImageObject","inLanguage":"en-GB","@id":"https:\/\/dmcsrb.com\/en\/drustvo\/boskovic-moja-vrata-su-otvorena-za-pregovore-sa-radnicima-izvinjenje-putnicima\/#primaryimage","url":"https:\/\/dmcsrb.com\/wp-content\/uploads\/2026\/01\/direktorica.webp","contentUrl":"https:\/\/dmcsrb.com\/wp-content\/uploads\/2026\/01\/direktorica.webp","width":547,"height":434},{"@type":"BreadcrumbList","@id":"https:\/\/dmcsrb.com\/en\/drustvo\/boskovic-moja-vrata-su-otvorena-za-pregovore-sa-radnicima-izvinjenje-putnicima\/#breadcrumb","itemListElement":[{"@type":"ListItem","position":1,"name":"Home","item":"https:\/\/dmcsrb.com\/"},{"@type":"ListItem","position":2,"name":"Bo\u0161kovi\u0107: Moja vrata su otvorena za pregovore sa radnicima, izvinjenje putnicima"}]},{"@type":"WebSite","@id":"https:\/\/dmcsrb.com\/#website","url":"https:\/\/dmcsrb.com\/","name":"dmcsrb.com","description":"","potentialAction":[{"@type":"SearchAction","target":{"@type":"EntryPoint","urlTemplate":"https:\/\/dmcsrb.com\/?s={search_term_string}"},"query-input":{"@type":"PropertyValueSpecification","valueRequired":true,"valueName":"search_term_string"}}],"inLanguage":"en-GB"},{"@type":"Person","@id":"https:\/\/dmcsrb.com\/#\/schema\/person\/5c39170f12db1b8b457732d0b5c854e2","name":"dmcsrbija.com@gmail.com","image":{"@type":"ImageObject","inLanguage":"en-GB","@id":"https:\/\/dmcsrb.com\/#\/schema\/person\/image\/","url":"https:\/\/secure.gravatar.com\/avatar\/68592660ad6347fad0fb587f8d5d8f1a7b44961362f56e4f2cd524feb87e9069?s=96&d=mm&r=g","contentUrl":"https:\/\/secure.gravatar.com\/avatar\/68592660ad6347fad0fb587f8d5d8f1a7b44961362f56e4f2cd524feb87e9069?s=96&d=mm&r=g","caption":"dmcsrbija.com@gmail.com"},"sameAs":["https:\/\/dmcsrb.com"],"url":"https:\/\/dmcsrb.com\/en\/author\/dmcsrbija-comgmail-com\/"}]}},"_links":{"self":[{"href":"https:\/\/dmcsrb.com\/en\/wp-json\/wp\/v2\/posts\/947669","targetHints":{"allow":["GET"]}}],"collection":[{"href":"https:\/\/dmcsrb.com\/en\/wp-json\/wp\/v2\/posts"}],"about":[{"href":"https:\/\/dmcsrb.com\/en\/wp-json\/wp\/v2\/types\/post"}],"author":[{"embeddable":true,"href":"https:\/\/dmcsrb.com\/en\/wp-json\/wp\/v2\/users\/1"}],"replies":[{"embeddable":true,"href":"https:\/\/dmcsrb.com\/en\/wp-json\/wp\/v2\/comments?post=947669"}],"version-history":[{"count":0,"href":"https:\/\/dmcsrb.com\/en\/wp-json\/wp\/v2\/posts\/947669\/revisions"}],"wp:featuredmedia":[{"embeddable":true,"href":"https:\/\/dmcsrb.com\/en\/wp-json\/wp\/v2\/media\/947670"}],"wp:attachment":[{"href":"https:\/\/dmcsrb.com\/en\/wp-json\/wp\/v2\/media?parent=947669"}],"wp:term":[{"taxonomy":"category","embeddable":true,"href":"https:\/\/dmcsrb.com\/en\/wp-json\/wp\/v2\/categories?post=947669"},{"taxonomy":"post_tag","embeddable":true,"href":"https:\/\/dmcsrb.com\/en\/wp-json\/wp\/v2\/tags?post=947669"},{"taxonomy":"naslovna","embeddable":true,"href":"https:\/\/dmcsrb.com\/en\/wp-json\/wp\/v2\/naslovna?post=947669"}],"curies":[{"name":"wp","href":"https:\/\/api.w.org\/{rel}","templated":true}]}}