{"id":947658,"date":"2025-08-22T09:39:01","date_gmt":"2025-08-22T07:39:01","guid":{"rendered":"https:\/\/dmcsrb.com\/uncategorized\/spomenik-pavlu-djurisicu-premjesten-u-djurdjeve-stupove\/"},"modified":"2025-08-22T09:39:01","modified_gmt":"2025-08-22T07:39:01","slug":"spomenik-pavlu-djurisicu-premjesten-u-djurdjeve-stupove","status":"publish","type":"post","link":"https:\/\/dmcsrb.com\/en\/drustvo\/spomenik-pavlu-djurisicu-premjesten-u-djurdjeve-stupove\/","title":{"rendered":"Spomenik Pavlu \u0110uri\u0161i\u0107u premje\u0161ten u \u0110ur\u0111eve Stupove"},"content":{"rendered":"<p><\/p>\n\n\n\n<p><\/p>\n\n\n\n<p><\/p>\n\n\n\n<p>&#8211; Spomenik je prenijet u \u0110ur\u0111eve Stupove i ono \u0161to je poznato jeste da ne\u0107e biti vra\u0107en u Zaostro &#8211; navodi se u TV magazinu \u201eOko\u201c.<\/p>\n\n\n\n<p>Oni su emitovali i snimke spomenika \u010detni\u010dkom vojvodi iz pomenutog manastira.<\/p>\n\n\n\n<p>Pomenuti spomenik najprije je otkriven u selu Gornje Zaostro.<\/p>\n\n\n\n<p>Pavle \u0110uri\u0161i\u0107 je bio jedan od najozlogla\u0161enijih \u010detni\u010dkih komandanata u Crnoj Gori i \u0161irem regionu. U brojnim dokumentima, uklju\u010duju\u0107i i njegov li\u010dni izvje\u0161taj Dra\u017ei Mihailovi\u0107u, priznaje se odgovornost za pogrom nad muslimanskim civilima u Sand\u017eaku, Bosni i Hercegovini i Crnoj Gori. Njegove jedinice bile su odgovorne za smrt hiljada nevinih ljudi \u2013 \u017eena, djece i staraca \u2013 u cilju stvaranja etni\u010dki \u201e\u010distih\u201c teritorija.<\/p>\n\n\n\n<p>Upravo je \u0110uri\u0161i\u0107, po pisanju istori\u010dara Radoja Pajovi\u0107a, prije napada na bihorski kraj i Pljevlja boravio u Gornjem Zaostru, odakle je po\u0161ao na pohod u kojem je ubijeno na hiljade Muslimana.<\/p>\n\n\n\n<p>\u2013 Prema do sada poznatim i prou\u010denim \u010detni\u010dkim dokumentima i poslijeratnim spiskovima, jedinice \u0110uri\u0161i\u0107a su na podru\u010dju Crne Gore, Sand\u017eaka i isto\u010dne Bosne likvidirale oko 15.000 Muslimana \u2013 navodi istori\u010dar Radoje Pajovi\u0107.<\/p>\n\n\n\n<figure class=\"wp-block-image\"><img decoding=\"async\" src=\"https:\/\/media.pobjeda.me\/media\/2025\/08\/22\/1755852683-oko5.png\" alt=\"\"\/><\/figure>\n\n\n\n<p>Najve\u0107i zlo\u010din nad Muslimanima od \u0110uri\u0161i\u0107evih \u010detnika izvr\u0161en je u \u010dajni\u010dkom i dijelu pljevaljskog sreza, februara 1943. godine. Tom prilikom je, prema depe\u0161i Pavla \u0110uri\u0161i\u0107a, koja je poslata Dragoljubu Mihailovi\u0107u, poginulo oko 1.200 naoru\u017eanih Muslimana, a vi\u0161e od 8.000 nevinih muslimanskih stanovnika je ubijeno, mnogi na svirep na\u010din. Osim ve\u0107 navedene Bukovice (563), tom prilikom je ubijen i 481 gra\u0111anin Meljaka i 384 \u017eitelja Boljanica.<\/p>\n\n\n\n<p>Prema poslijeratnom popisu \u017ertava \u010detni\u010dkog terora u pljevaljskom srezu, ubijena su 1.534 gra\u0111anina, od \u010dega 1.501 Musliman, navodi istori\u010dar Radoje Pajovi\u0107.<\/p>\n\n\n\n<p>O ulozi \u0110uri\u0161i\u0107a u ratovanju na strani okupatora govore i \u010dinjenice da ga je predsjednik marionetske vlade u Srbiji Milan Nedi\u0107 li\u010dno unaprijedio u potpukovnika i povjerio mu du\u017enost pomo\u0107nika komandanta Dobrovolja\u010dkog korpusa. Nakon toga, prema pisanju crnogorskog kolaboracionisti\u010dkog lista \u201eLov\u0107en\u201c iz 11. oktobra 1944. godine, od Vrhovne komande njema\u010dkih oru\u017eanih snaga za \u201enaro\u010dito priznanje za svoje vojni\u010dke vrline\u201c primio je \u201e\u017deljezni krst\u201c (Eisernes Kreuz), orden koji je dodjeljivao li\u010dno Adolf Hitler.<\/p>\n\n\n\n<figure class=\"wp-block-image\"><img decoding=\"async\" src=\"https:\/\/media.pobjeda.me\/media\/2025\/08\/22\/1755852683-oko6.png\" alt=\"\"\/><\/figure>\n\n\n\n<p>Gvozdeni krst je jedno od najpoznatijih vojnih odlikovanja nacisti\u010dke Njema\u010dke, koje su dobili istaknuti oficiri i saradnici fa\u0161isti\u010dkog re\u017eima \u0161irom okupirane Evrope. Prema istorijskim podacima, dodjeljivan je isklju\u010divo za zasluge u borbama, \u0161to zna\u010di da je Hitler smatrao ovog \u010detni\u010dkog vo\u0111u za jednog od svojih klju\u010dnih ljudi na terenu.<\/p>","protected":false},"excerpt":{"rendered":"<p>Spomenik \u010detnikom vojdvodi Pavlu \u0110uri\u0161i\u0107u, prenijet je u manastir \u0110ur\u0111evi Stupovi u Beranama, javlja RTS.<\/p>","protected":false},"author":1,"featured_media":947659,"comment_status":"open","ping_status":"open","sticky":false,"template":"","format":"standard","meta":{"_acf_changed":false,"footnotes":""},"categories":[2],"tags":[8520,18113],"naslovna":[],"class_list":["post-947658","post","type-post","status-publish","format-standard","has-post-thumbnail","hentry","category-drustvo","tag-pavle-djurisic","tag-vojvoda"],"acf":[],"yoast_head":"<!-- This site is optimized with the Yoast SEO plugin v27.4 - https:\/\/yoast.com\/product\/yoast-seo-wordpress\/ -->\n<title>Spomenik Pavlu \u0110uri\u0161i\u0107u premje\u0161ten u \u0110ur\u0111eve Stupove - dmcsrb.com<\/title>\n<meta name=\"robots\" content=\"index, follow, max-snippet:-1, max-image-preview:large, max-video-preview:-1\" \/>\n<link rel=\"canonical\" href=\"https:\/\/dmcsrb.com\/en\/drustvo\/spomenik-pavlu-djurisicu-premjesten-u-djurdjeve-stupove\/\" \/>\n<meta property=\"og:locale\" content=\"en_GB\" \/>\n<meta property=\"og:type\" content=\"article\" \/>\n<meta property=\"og:title\" content=\"Spomenik Pavlu \u0110uri\u0161i\u0107u premje\u0161ten u \u0110ur\u0111eve Stupove - dmcsrb.com\" \/>\n<meta property=\"og:description\" content=\"Spomenik \u010detnikom vojdvodi Pavlu \u0110uri\u0161i\u0107u, prenijet je u manastir \u0110ur\u0111evi Stupovi u Beranama, javlja RTS.\" \/>\n<meta property=\"og:url\" content=\"https:\/\/dmcsrb.com\/en\/drustvo\/spomenik-pavlu-djurisicu-premjesten-u-djurdjeve-stupove\/\" \/>\n<meta property=\"og:site_name\" content=\"dmcsrb.com\" \/>\n<meta property=\"article:published_time\" content=\"2025-08-22T07:39:01+00:00\" \/>\n<meta property=\"og:image\" content=\"https:\/\/dmcsrb.com\/wp-content\/uploads\/2026\/01\/1755852684-oko8-i_960x600.webp\" \/>\n\t<meta property=\"og:image:width\" content=\"960\" \/>\n\t<meta property=\"og:image:height\" content=\"600\" \/>\n\t<meta property=\"og:image:type\" content=\"image\/png\" \/>\n<meta name=\"author\" content=\"dmcsrbija.com@gmail.com\" \/>\n<meta name=\"twitter:card\" content=\"summary_large_image\" \/>\n<meta name=\"twitter:label1\" content=\"Written by\" \/>\n\t<meta name=\"twitter:data1\" content=\"dmcsrbija.com@gmail.com\" \/>\n\t<meta name=\"twitter:label2\" content=\"Estimated reading time\" \/>\n\t<meta name=\"twitter:data2\" content=\"2 minutes\" \/>\n<script type=\"application\/ld+json\" class=\"yoast-schema-graph\">{\"@context\":\"https:\\\/\\\/schema.org\",\"@graph\":[{\"@type\":\"Article\",\"@id\":\"https:\\\/\\\/dmcsrb.com\\\/drustvo\\\/spomenik-pavlu-djurisicu-premjesten-u-djurdjeve-stupove\\\/#article\",\"isPartOf\":{\"@id\":\"https:\\\/\\\/dmcsrb.com\\\/drustvo\\\/spomenik-pavlu-djurisicu-premjesten-u-djurdjeve-stupove\\\/\"},\"author\":{\"name\":\"dmcsrbija.com@gmail.com\",\"@id\":\"https:\\\/\\\/dmcsrb.com\\\/#\\\/schema\\\/person\\\/5c39170f12db1b8b457732d0b5c854e2\"},\"headline\":\"Spomenik Pavlu \u0110uri\u0161i\u0107u premje\u0161ten u \u0110ur\u0111eve Stupove\",\"datePublished\":\"2025-08-22T07:39:01+00:00\",\"mainEntityOfPage\":{\"@id\":\"https:\\\/\\\/dmcsrb.com\\\/drustvo\\\/spomenik-pavlu-djurisicu-premjesten-u-djurdjeve-stupove\\\/\"},\"wordCount\":442,\"commentCount\":0,\"image\":{\"@id\":\"https:\\\/\\\/dmcsrb.com\\\/drustvo\\\/spomenik-pavlu-djurisicu-premjesten-u-djurdjeve-stupove\\\/#primaryimage\"},\"thumbnailUrl\":\"https:\\\/\\\/dmcsrb.com\\\/wp-content\\\/uploads\\\/2026\\\/01\\\/1755852684-oko8-i_960x600.webp\",\"keywords\":[\"Pavle \u0110uri\u0161i\u0107\",\"vojvoda\"],\"articleSection\":[\"Dru\u0161tvo\"],\"inLanguage\":\"en-GB\",\"potentialAction\":[{\"@type\":\"CommentAction\",\"name\":\"Comment\",\"target\":[\"https:\\\/\\\/dmcsrb.com\\\/drustvo\\\/spomenik-pavlu-djurisicu-premjesten-u-djurdjeve-stupove\\\/#respond\"]}]},{\"@type\":\"WebPage\",\"@id\":\"https:\\\/\\\/dmcsrb.com\\\/drustvo\\\/spomenik-pavlu-djurisicu-premjesten-u-djurdjeve-stupove\\\/\",\"url\":\"https:\\\/\\\/dmcsrb.com\\\/drustvo\\\/spomenik-pavlu-djurisicu-premjesten-u-djurdjeve-stupove\\\/\",\"name\":\"Spomenik Pavlu \u0110uri\u0161i\u0107u premje\u0161ten u \u0110ur\u0111eve Stupove - dmcsrb.com\",\"isPartOf\":{\"@id\":\"https:\\\/\\\/dmcsrb.com\\\/#website\"},\"primaryImageOfPage\":{\"@id\":\"https:\\\/\\\/dmcsrb.com\\\/drustvo\\\/spomenik-pavlu-djurisicu-premjesten-u-djurdjeve-stupove\\\/#primaryimage\"},\"image\":{\"@id\":\"https:\\\/\\\/dmcsrb.com\\\/drustvo\\\/spomenik-pavlu-djurisicu-premjesten-u-djurdjeve-stupove\\\/#primaryimage\"},\"thumbnailUrl\":\"https:\\\/\\\/dmcsrb.com\\\/wp-content\\\/uploads\\\/2026\\\/01\\\/1755852684-oko8-i_960x600.webp\",\"datePublished\":\"2025-08-22T07:39:01+00:00\",\"author\":{\"@id\":\"https:\\\/\\\/dmcsrb.com\\\/#\\\/schema\\\/person\\\/5c39170f12db1b8b457732d0b5c854e2\"},\"breadcrumb\":{\"@id\":\"https:\\\/\\\/dmcsrb.com\\\/drustvo\\\/spomenik-pavlu-djurisicu-premjesten-u-djurdjeve-stupove\\\/#breadcrumb\"},\"inLanguage\":\"en-GB\",\"potentialAction\":[{\"@type\":\"ReadAction\",\"target\":[\"https:\\\/\\\/dmcsrb.com\\\/drustvo\\\/spomenik-pavlu-djurisicu-premjesten-u-djurdjeve-stupove\\\/\"]}]},{\"@type\":\"ImageObject\",\"inLanguage\":\"en-GB\",\"@id\":\"https:\\\/\\\/dmcsrb.com\\\/drustvo\\\/spomenik-pavlu-djurisicu-premjesten-u-djurdjeve-stupove\\\/#primaryimage\",\"url\":\"https:\\\/\\\/dmcsrb.com\\\/wp-content\\\/uploads\\\/2026\\\/01\\\/1755852684-oko8-i_960x600.webp\",\"contentUrl\":\"https:\\\/\\\/dmcsrb.com\\\/wp-content\\\/uploads\\\/2026\\\/01\\\/1755852684-oko8-i_960x600.webp\",\"width\":960,\"height\":600},{\"@type\":\"BreadcrumbList\",\"@id\":\"https:\\\/\\\/dmcsrb.com\\\/drustvo\\\/spomenik-pavlu-djurisicu-premjesten-u-djurdjeve-stupove\\\/#breadcrumb\",\"itemListElement\":[{\"@type\":\"ListItem\",\"position\":1,\"name\":\"Home\",\"item\":\"https:\\\/\\\/dmcsrb.com\\\/\"},{\"@type\":\"ListItem\",\"position\":2,\"name\":\"Spomenik Pavlu \u0110uri\u0161i\u0107u premje\u0161ten u \u0110ur\u0111eve Stupove\"}]},{\"@type\":\"WebSite\",\"@id\":\"https:\\\/\\\/dmcsrb.com\\\/#website\",\"url\":\"https:\\\/\\\/dmcsrb.com\\\/\",\"name\":\"dmcsrb.com\",\"description\":\"\",\"potentialAction\":[{\"@type\":\"SearchAction\",\"target\":{\"@type\":\"EntryPoint\",\"urlTemplate\":\"https:\\\/\\\/dmcsrb.com\\\/?s={search_term_string}\"},\"query-input\":{\"@type\":\"PropertyValueSpecification\",\"valueRequired\":true,\"valueName\":\"search_term_string\"}}],\"inLanguage\":\"en-GB\"},{\"@type\":\"Person\",\"@id\":\"https:\\\/\\\/dmcsrb.com\\\/#\\\/schema\\\/person\\\/5c39170f12db1b8b457732d0b5c854e2\",\"name\":\"dmcsrbija.com@gmail.com\",\"image\":{\"@type\":\"ImageObject\",\"inLanguage\":\"en-GB\",\"@id\":\"https:\\\/\\\/secure.gravatar.com\\\/avatar\\\/68592660ad6347fad0fb587f8d5d8f1a7b44961362f56e4f2cd524feb87e9069?s=96&d=mm&r=g\",\"url\":\"https:\\\/\\\/secure.gravatar.com\\\/avatar\\\/68592660ad6347fad0fb587f8d5d8f1a7b44961362f56e4f2cd524feb87e9069?s=96&d=mm&r=g\",\"contentUrl\":\"https:\\\/\\\/secure.gravatar.com\\\/avatar\\\/68592660ad6347fad0fb587f8d5d8f1a7b44961362f56e4f2cd524feb87e9069?s=96&d=mm&r=g\",\"caption\":\"dmcsrbija.com@gmail.com\"},\"sameAs\":[\"https:\\\/\\\/dmcsrb.com\"],\"url\":\"https:\\\/\\\/dmcsrb.com\\\/en\\\/author\\\/dmcsrbija-comgmail-com\\\/\"}]}<\/script>\n<!-- \/ Yoast SEO plugin. -->","yoast_head_json":{"title":"Spomenik Pavlu \u0110uri\u0161i\u0107u premje\u0161ten u \u0110ur\u0111eve Stupove - dmcsrb.com","robots":{"index":"index","follow":"follow","max-snippet":"max-snippet:-1","max-image-preview":"max-image-preview:large","max-video-preview":"max-video-preview:-1"},"canonical":"https:\/\/dmcsrb.com\/en\/drustvo\/spomenik-pavlu-djurisicu-premjesten-u-djurdjeve-stupove\/","og_locale":"en_GB","og_type":"article","og_title":"Spomenik Pavlu \u0110uri\u0161i\u0107u premje\u0161ten u \u0110ur\u0111eve Stupove - dmcsrb.com","og_description":"Spomenik \u010detnikom vojdvodi Pavlu \u0110uri\u0161i\u0107u, prenijet je u manastir \u0110ur\u0111evi Stupovi u Beranama, javlja RTS.","og_url":"https:\/\/dmcsrb.com\/en\/drustvo\/spomenik-pavlu-djurisicu-premjesten-u-djurdjeve-stupove\/","og_site_name":"dmcsrb.com","article_published_time":"2025-08-22T07:39:01+00:00","og_image":[{"width":960,"height":600,"url":"https:\/\/dmcsrb.com\/wp-content\/uploads\/2026\/01\/1755852684-oko8-i_960x600.webp","type":"image\/png"}],"author":"dmcsrbija.com@gmail.com","twitter_card":"summary_large_image","twitter_misc":{"Written by":"dmcsrbija.com@gmail.com","Estimated reading time":"2 minutes"},"schema":{"@context":"https:\/\/schema.org","@graph":[{"@type":"Article","@id":"https:\/\/dmcsrb.com\/drustvo\/spomenik-pavlu-djurisicu-premjesten-u-djurdjeve-stupove\/#article","isPartOf":{"@id":"https:\/\/dmcsrb.com\/drustvo\/spomenik-pavlu-djurisicu-premjesten-u-djurdjeve-stupove\/"},"author":{"name":"dmcsrbija.com@gmail.com","@id":"https:\/\/dmcsrb.com\/#\/schema\/person\/5c39170f12db1b8b457732d0b5c854e2"},"headline":"Spomenik Pavlu \u0110uri\u0161i\u0107u premje\u0161ten u \u0110ur\u0111eve Stupove","datePublished":"2025-08-22T07:39:01+00:00","mainEntityOfPage":{"@id":"https:\/\/dmcsrb.com\/drustvo\/spomenik-pavlu-djurisicu-premjesten-u-djurdjeve-stupove\/"},"wordCount":442,"commentCount":0,"image":{"@id":"https:\/\/dmcsrb.com\/drustvo\/spomenik-pavlu-djurisicu-premjesten-u-djurdjeve-stupove\/#primaryimage"},"thumbnailUrl":"https:\/\/dmcsrb.com\/wp-content\/uploads\/2026\/01\/1755852684-oko8-i_960x600.webp","keywords":["Pavle \u0110uri\u0161i\u0107","vojvoda"],"articleSection":["Dru\u0161tvo"],"inLanguage":"en-GB","potentialAction":[{"@type":"CommentAction","name":"Comment","target":["https:\/\/dmcsrb.com\/drustvo\/spomenik-pavlu-djurisicu-premjesten-u-djurdjeve-stupove\/#respond"]}]},{"@type":"WebPage","@id":"https:\/\/dmcsrb.com\/drustvo\/spomenik-pavlu-djurisicu-premjesten-u-djurdjeve-stupove\/","url":"https:\/\/dmcsrb.com\/drustvo\/spomenik-pavlu-djurisicu-premjesten-u-djurdjeve-stupove\/","name":"Spomenik Pavlu \u0110uri\u0161i\u0107u premje\u0161ten u \u0110ur\u0111eve Stupove - dmcsrb.com","isPartOf":{"@id":"https:\/\/dmcsrb.com\/#website"},"primaryImageOfPage":{"@id":"https:\/\/dmcsrb.com\/drustvo\/spomenik-pavlu-djurisicu-premjesten-u-djurdjeve-stupove\/#primaryimage"},"image":{"@id":"https:\/\/dmcsrb.com\/drustvo\/spomenik-pavlu-djurisicu-premjesten-u-djurdjeve-stupove\/#primaryimage"},"thumbnailUrl":"https:\/\/dmcsrb.com\/wp-content\/uploads\/2026\/01\/1755852684-oko8-i_960x600.webp","datePublished":"2025-08-22T07:39:01+00:00","author":{"@id":"https:\/\/dmcsrb.com\/#\/schema\/person\/5c39170f12db1b8b457732d0b5c854e2"},"breadcrumb":{"@id":"https:\/\/dmcsrb.com\/drustvo\/spomenik-pavlu-djurisicu-premjesten-u-djurdjeve-stupove\/#breadcrumb"},"inLanguage":"en-GB","potentialAction":[{"@type":"ReadAction","target":["https:\/\/dmcsrb.com\/drustvo\/spomenik-pavlu-djurisicu-premjesten-u-djurdjeve-stupove\/"]}]},{"@type":"ImageObject","inLanguage":"en-GB","@id":"https:\/\/dmcsrb.com\/drustvo\/spomenik-pavlu-djurisicu-premjesten-u-djurdjeve-stupove\/#primaryimage","url":"https:\/\/dmcsrb.com\/wp-content\/uploads\/2026\/01\/1755852684-oko8-i_960x600.webp","contentUrl":"https:\/\/dmcsrb.com\/wp-content\/uploads\/2026\/01\/1755852684-oko8-i_960x600.webp","width":960,"height":600},{"@type":"BreadcrumbList","@id":"https:\/\/dmcsrb.com\/drustvo\/spomenik-pavlu-djurisicu-premjesten-u-djurdjeve-stupove\/#breadcrumb","itemListElement":[{"@type":"ListItem","position":1,"name":"Home","item":"https:\/\/dmcsrb.com\/"},{"@type":"ListItem","position":2,"name":"Spomenik Pavlu \u0110uri\u0161i\u0107u premje\u0161ten u \u0110ur\u0111eve Stupove"}]},{"@type":"WebSite","@id":"https:\/\/dmcsrb.com\/#website","url":"https:\/\/dmcsrb.com\/","name":"dmcsrb.com","description":"","potentialAction":[{"@type":"SearchAction","target":{"@type":"EntryPoint","urlTemplate":"https:\/\/dmcsrb.com\/?s={search_term_string}"},"query-input":{"@type":"PropertyValueSpecification","valueRequired":true,"valueName":"search_term_string"}}],"inLanguage":"en-GB"},{"@type":"Person","@id":"https:\/\/dmcsrb.com\/#\/schema\/person\/5c39170f12db1b8b457732d0b5c854e2","name":"dmcsrbija.com@gmail.com","image":{"@type":"ImageObject","inLanguage":"en-GB","@id":"https:\/\/secure.gravatar.com\/avatar\/68592660ad6347fad0fb587f8d5d8f1a7b44961362f56e4f2cd524feb87e9069?s=96&d=mm&r=g","url":"https:\/\/secure.gravatar.com\/avatar\/68592660ad6347fad0fb587f8d5d8f1a7b44961362f56e4f2cd524feb87e9069?s=96&d=mm&r=g","contentUrl":"https:\/\/secure.gravatar.com\/avatar\/68592660ad6347fad0fb587f8d5d8f1a7b44961362f56e4f2cd524feb87e9069?s=96&d=mm&r=g","caption":"dmcsrbija.com@gmail.com"},"sameAs":["https:\/\/dmcsrb.com"],"url":"https:\/\/dmcsrb.com\/en\/author\/dmcsrbija-comgmail-com\/"}]}},"_links":{"self":[{"href":"https:\/\/dmcsrb.com\/en\/wp-json\/wp\/v2\/posts\/947658","targetHints":{"allow":["GET"]}}],"collection":[{"href":"https:\/\/dmcsrb.com\/en\/wp-json\/wp\/v2\/posts"}],"about":[{"href":"https:\/\/dmcsrb.com\/en\/wp-json\/wp\/v2\/types\/post"}],"author":[{"embeddable":true,"href":"https:\/\/dmcsrb.com\/en\/wp-json\/wp\/v2\/users\/1"}],"replies":[{"embeddable":true,"href":"https:\/\/dmcsrb.com\/en\/wp-json\/wp\/v2\/comments?post=947658"}],"version-history":[{"count":0,"href":"https:\/\/dmcsrb.com\/en\/wp-json\/wp\/v2\/posts\/947658\/revisions"}],"wp:featuredmedia":[{"embeddable":true,"href":"https:\/\/dmcsrb.com\/en\/wp-json\/wp\/v2\/media\/947659"}],"wp:attachment":[{"href":"https:\/\/dmcsrb.com\/en\/wp-json\/wp\/v2\/media?parent=947658"}],"wp:term":[{"taxonomy":"category","embeddable":true,"href":"https:\/\/dmcsrb.com\/en\/wp-json\/wp\/v2\/categories?post=947658"},{"taxonomy":"post_tag","embeddable":true,"href":"https:\/\/dmcsrb.com\/en\/wp-json\/wp\/v2\/tags?post=947658"},{"taxonomy":"naslovna","embeddable":true,"href":"https:\/\/dmcsrb.com\/en\/wp-json\/wp\/v2\/naslovna?post=947658"}],"curies":[{"name":"wp","href":"https:\/\/api.w.org\/{rel}","templated":true}]}}