{"id":947651,"date":"2025-08-22T09:43:00","date_gmt":"2025-08-22T07:43:00","guid":{"rendered":"https:\/\/dmcsrb.com\/uncategorized\/konatar-cijene-stanova-su-nepodnosljive-za-gradjane-moramo-formirati-drzavni-stambeni-fond\/"},"modified":"2025-08-22T09:43:00","modified_gmt":"2025-08-22T07:43:00","slug":"konatar-cijene-stanova-su-nepodnosljive-za-gradjane-moramo-formirati-drzavni-stambeni-fond","status":"publish","type":"post","link":"https:\/\/dmcsrb.com\/en\/politika\/konatar-cijene-stanova-su-nepodnosljive-za-gradjane-moramo-formirati-drzavni-stambeni-fond\/","title":{"rendered":"Konatar: Cijene stanova su nepodno\u0161ljive za gra\u0111ane, moramo formirati dr\u017eavni stambeni fond"},"content":{"rendered":"<p><\/p>\n\n\n\n<p><\/p>\n\n\n\n<p>Konatar je istakao da je danas za veliku ve\u0107inu gra\u0111ana prakti\u010dno nemogu\u0107e kupiti stan po tr\u017ei\u0161nim uslovima, a dodatni problem predstavljaju i visoke cijene rente za iznajmljivanje stanova.<\/p>\n\n\n\n<p>,,Najbolje re\u0161enje je formiranje dr\u017eavnog stambenog fonda &#8220;Stan za sve&#8221; koji bi omogu\u0107io svim gra\u0111anima koji nemaju svoj stan da ga kupe po povoljnim uslovima, odnosno po cijeni izgradnje. URA je taj predlog pripremila kao dio stambene politike za vrijeme 43. Vlade Dritana Abazovi\u0107a&#8221;, naveo je Konatar.<\/p>\n\n\n\n<p>Poslanici URA \u0107e u Skup\u0161tini ponovo predlo\u017eiti zakon o formiranju dr\u017eavnog stambenog fonda &#8220;Stan za sve&#8221; i na taj na\u010din omogu\u0107iti izgradnju stanova na dr\u017eavnom i op\u0161tinskom zemlji\u0161tu koje bi gra\u0111ani Crne Gore mogli kupiti po cijeni izgradnje, tj. po povla\u0161tenim uslovima, zaklju\u010dio je \u0161ef poslani\u010dkog kluba URA Milo\u0161 Konatar.<\/p>","protected":false},"excerpt":{"rendered":"<p>Gra\u0111anski pokret URA ponovo \u0107e u Skup\u0161tini predlo\u017eiti formiranje dr\u017eavnog stambenog fonda &#8220;Stan za sve&#8221; jer su cijene stanova nepodno\u0161ljivo visoke za gra\u0111ane Crne Gore, kazao je poslanik URA Milo\u0161 Konatar.<\/p>","protected":false},"author":1,"featured_media":909163,"comment_status":"open","ping_status":"open","sticky":false,"template":"","format":"standard","meta":{"_acf_changed":false,"footnotes":""},"categories":[12],"tags":[12585,8106],"naslovna":[],"class_list":["post-947651","post","type-post","status-publish","format-standard","has-post-thumbnail","hentry","category-politika","tag-cijene-stanova","tag-konatar"],"acf":[],"yoast_head":"<!-- This site is optimized with the Yoast SEO plugin v27.4 - https:\/\/yoast.com\/product\/yoast-seo-wordpress\/ -->\n<title>Konatar: Cijene stanova su nepodno\u0161ljive za gra\u0111ane, moramo formirati dr\u017eavni stambeni fond - dmcsrb.com<\/title>\n<meta name=\"robots\" content=\"index, follow, max-snippet:-1, max-image-preview:large, max-video-preview:-1\" \/>\n<link rel=\"canonical\" href=\"https:\/\/dmcsrb.com\/en\/politika\/konatar-cijene-stanova-su-nepodnosljive-za-gradjane-moramo-formirati-drzavni-stambeni-fond\/\" \/>\n<meta property=\"og:locale\" content=\"en_GB\" \/>\n<meta property=\"og:type\" content=\"article\" \/>\n<meta property=\"og:title\" content=\"Konatar: Cijene stanova su nepodno\u0161ljive za gra\u0111ane, moramo formirati dr\u017eavni stambeni fond - dmcsrb.com\" \/>\n<meta property=\"og:description\" content=\"Gra\u0111anski pokret URA ponovo \u0107e u Skup\u0161tini predlo\u017eiti formiranje dr\u017eavnog stambenog fonda &quot;Stan za sve&quot; jer su cijene stanova nepodno\u0161ljivo visoke za gra\u0111ane Crne Gore, kazao je poslanik URA Milo\u0161 Konatar.\" \/>\n<meta property=\"og:url\" content=\"https:\/\/dmcsrb.com\/en\/politika\/konatar-cijene-stanova-su-nepodnosljive-za-gradjane-moramo-formirati-drzavni-stambeni-fond\/\" \/>\n<meta property=\"og:site_name\" content=\"dmcsrb.com\" \/>\n<meta property=\"article:published_time\" content=\"2025-08-22T07:43:00+00:00\" \/>\n<meta property=\"og:image\" content=\"https:\/\/dmcsrb.com\/wp-content\/uploads\/2026\/01\/Milos-Konatar-URA-Foto-GP-URA.jpg\" \/>\n\t<meta property=\"og:image:width\" content=\"1195\" \/>\n\t<meta property=\"og:image:height\" content=\"782\" \/>\n\t<meta property=\"og:image:type\" content=\"image\/jpeg\" \/>\n<meta name=\"author\" content=\"dmcsrbija.com@gmail.com\" \/>\n<meta name=\"twitter:card\" content=\"summary_large_image\" \/>\n<meta name=\"twitter:label1\" content=\"Written by\" \/>\n\t<meta name=\"twitter:data1\" content=\"dmcsrbija.com@gmail.com\" \/>\n\t<meta name=\"twitter:label2\" content=\"Estimated reading time\" \/>\n\t<meta name=\"twitter:data2\" content=\"1 minute\" \/>\n<script type=\"application\/ld+json\" class=\"yoast-schema-graph\">{\"@context\":\"https:\\\/\\\/schema.org\",\"@graph\":[{\"@type\":\"Article\",\"@id\":\"https:\\\/\\\/dmcsrb.com\\\/politika\\\/konatar-cijene-stanova-su-nepodnosljive-za-gradjane-moramo-formirati-drzavni-stambeni-fond\\\/#article\",\"isPartOf\":{\"@id\":\"https:\\\/\\\/dmcsrb.com\\\/politika\\\/konatar-cijene-stanova-su-nepodnosljive-za-gradjane-moramo-formirati-drzavni-stambeni-fond\\\/\"},\"author\":{\"name\":\"dmcsrbija.com@gmail.com\",\"@id\":\"https:\\\/\\\/dmcsrb.com\\\/#\\\/schema\\\/person\\\/5c39170f12db1b8b457732d0b5c854e2\"},\"headline\":\"Konatar: Cijene stanova su nepodno\u0161ljive za gra\u0111ane, moramo formirati dr\u017eavni stambeni fond\",\"datePublished\":\"2025-08-22T07:43:00+00:00\",\"mainEntityOfPage\":{\"@id\":\"https:\\\/\\\/dmcsrb.com\\\/politika\\\/konatar-cijene-stanova-su-nepodnosljive-za-gradjane-moramo-formirati-drzavni-stambeni-fond\\\/\"},\"wordCount\":162,\"commentCount\":0,\"image\":{\"@id\":\"https:\\\/\\\/dmcsrb.com\\\/politika\\\/konatar-cijene-stanova-su-nepodnosljive-za-gradjane-moramo-formirati-drzavni-stambeni-fond\\\/#primaryimage\"},\"thumbnailUrl\":\"https:\\\/\\\/dmcsrb.com\\\/wp-content\\\/uploads\\\/2026\\\/01\\\/Milos-Konatar-URA-Foto-GP-URA.jpg\",\"keywords\":[\"cijene stanova\",\"konatar\"],\"articleSection\":[\"Politika\"],\"inLanguage\":\"en-GB\",\"potentialAction\":[{\"@type\":\"CommentAction\",\"name\":\"Comment\",\"target\":[\"https:\\\/\\\/dmcsrb.com\\\/politika\\\/konatar-cijene-stanova-su-nepodnosljive-za-gradjane-moramo-formirati-drzavni-stambeni-fond\\\/#respond\"]}]},{\"@type\":\"WebPage\",\"@id\":\"https:\\\/\\\/dmcsrb.com\\\/politika\\\/konatar-cijene-stanova-su-nepodnosljive-za-gradjane-moramo-formirati-drzavni-stambeni-fond\\\/\",\"url\":\"https:\\\/\\\/dmcsrb.com\\\/politika\\\/konatar-cijene-stanova-su-nepodnosljive-za-gradjane-moramo-formirati-drzavni-stambeni-fond\\\/\",\"name\":\"Konatar: Cijene stanova su nepodno\u0161ljive za gra\u0111ane, moramo formirati dr\u017eavni stambeni fond - dmcsrb.com\",\"isPartOf\":{\"@id\":\"https:\\\/\\\/dmcsrb.com\\\/#website\"},\"primaryImageOfPage\":{\"@id\":\"https:\\\/\\\/dmcsrb.com\\\/politika\\\/konatar-cijene-stanova-su-nepodnosljive-za-gradjane-moramo-formirati-drzavni-stambeni-fond\\\/#primaryimage\"},\"image\":{\"@id\":\"https:\\\/\\\/dmcsrb.com\\\/politika\\\/konatar-cijene-stanova-su-nepodnosljive-za-gradjane-moramo-formirati-drzavni-stambeni-fond\\\/#primaryimage\"},\"thumbnailUrl\":\"https:\\\/\\\/dmcsrb.com\\\/wp-content\\\/uploads\\\/2026\\\/01\\\/Milos-Konatar-URA-Foto-GP-URA.jpg\",\"datePublished\":\"2025-08-22T07:43:00+00:00\",\"author\":{\"@id\":\"https:\\\/\\\/dmcsrb.com\\\/#\\\/schema\\\/person\\\/5c39170f12db1b8b457732d0b5c854e2\"},\"breadcrumb\":{\"@id\":\"https:\\\/\\\/dmcsrb.com\\\/politika\\\/konatar-cijene-stanova-su-nepodnosljive-za-gradjane-moramo-formirati-drzavni-stambeni-fond\\\/#breadcrumb\"},\"inLanguage\":\"en-GB\",\"potentialAction\":[{\"@type\":\"ReadAction\",\"target\":[\"https:\\\/\\\/dmcsrb.com\\\/politika\\\/konatar-cijene-stanova-su-nepodnosljive-za-gradjane-moramo-formirati-drzavni-stambeni-fond\\\/\"]}]},{\"@type\":\"ImageObject\",\"inLanguage\":\"en-GB\",\"@id\":\"https:\\\/\\\/dmcsrb.com\\\/politika\\\/konatar-cijene-stanova-su-nepodnosljive-za-gradjane-moramo-formirati-drzavni-stambeni-fond\\\/#primaryimage\",\"url\":\"https:\\\/\\\/dmcsrb.com\\\/wp-content\\\/uploads\\\/2026\\\/01\\\/Milos-Konatar-URA-Foto-GP-URA.jpg\",\"contentUrl\":\"https:\\\/\\\/dmcsrb.com\\\/wp-content\\\/uploads\\\/2026\\\/01\\\/Milos-Konatar-URA-Foto-GP-URA.jpg\",\"width\":1195,\"height\":782},{\"@type\":\"BreadcrumbList\",\"@id\":\"https:\\\/\\\/dmcsrb.com\\\/politika\\\/konatar-cijene-stanova-su-nepodnosljive-za-gradjane-moramo-formirati-drzavni-stambeni-fond\\\/#breadcrumb\",\"itemListElement\":[{\"@type\":\"ListItem\",\"position\":1,\"name\":\"Home\",\"item\":\"https:\\\/\\\/dmcsrb.com\\\/\"},{\"@type\":\"ListItem\",\"position\":2,\"name\":\"Konatar: Cijene stanova su nepodno\u0161ljive za gra\u0111ane, moramo formirati dr\u017eavni stambeni fond\"}]},{\"@type\":\"WebSite\",\"@id\":\"https:\\\/\\\/dmcsrb.com\\\/#website\",\"url\":\"https:\\\/\\\/dmcsrb.com\\\/\",\"name\":\"dmcsrb.com\",\"description\":\"\",\"potentialAction\":[{\"@type\":\"SearchAction\",\"target\":{\"@type\":\"EntryPoint\",\"urlTemplate\":\"https:\\\/\\\/dmcsrb.com\\\/?s={search_term_string}\"},\"query-input\":{\"@type\":\"PropertyValueSpecification\",\"valueRequired\":true,\"valueName\":\"search_term_string\"}}],\"inLanguage\":\"en-GB\"},{\"@type\":\"Person\",\"@id\":\"https:\\\/\\\/dmcsrb.com\\\/#\\\/schema\\\/person\\\/5c39170f12db1b8b457732d0b5c854e2\",\"name\":\"dmcsrbija.com@gmail.com\",\"image\":{\"@type\":\"ImageObject\",\"inLanguage\":\"en-GB\",\"@id\":\"https:\\\/\\\/secure.gravatar.com\\\/avatar\\\/68592660ad6347fad0fb587f8d5d8f1a7b44961362f56e4f2cd524feb87e9069?s=96&d=mm&r=g\",\"url\":\"https:\\\/\\\/secure.gravatar.com\\\/avatar\\\/68592660ad6347fad0fb587f8d5d8f1a7b44961362f56e4f2cd524feb87e9069?s=96&d=mm&r=g\",\"contentUrl\":\"https:\\\/\\\/secure.gravatar.com\\\/avatar\\\/68592660ad6347fad0fb587f8d5d8f1a7b44961362f56e4f2cd524feb87e9069?s=96&d=mm&r=g\",\"caption\":\"dmcsrbija.com@gmail.com\"},\"sameAs\":[\"https:\\\/\\\/dmcsrb.com\"],\"url\":\"https:\\\/\\\/dmcsrb.com\\\/en\\\/author\\\/dmcsrbija-comgmail-com\\\/\"}]}<\/script>\n<!-- \/ Yoast SEO plugin. -->","yoast_head_json":{"title":"Konatar: Cijene stanova su nepodno\u0161ljive za gra\u0111ane, moramo formirati dr\u017eavni stambeni fond - dmcsrb.com","robots":{"index":"index","follow":"follow","max-snippet":"max-snippet:-1","max-image-preview":"max-image-preview:large","max-video-preview":"max-video-preview:-1"},"canonical":"https:\/\/dmcsrb.com\/en\/politika\/konatar-cijene-stanova-su-nepodnosljive-za-gradjane-moramo-formirati-drzavni-stambeni-fond\/","og_locale":"en_GB","og_type":"article","og_title":"Konatar: Cijene stanova su nepodno\u0161ljive za gra\u0111ane, moramo formirati dr\u017eavni stambeni fond - dmcsrb.com","og_description":"Gra\u0111anski pokret URA ponovo \u0107e u Skup\u0161tini predlo\u017eiti formiranje dr\u017eavnog stambenog fonda \"Stan za sve\" jer su cijene stanova nepodno\u0161ljivo visoke za gra\u0111ane Crne Gore, kazao je poslanik URA Milo\u0161 Konatar.","og_url":"https:\/\/dmcsrb.com\/en\/politika\/konatar-cijene-stanova-su-nepodnosljive-za-gradjane-moramo-formirati-drzavni-stambeni-fond\/","og_site_name":"dmcsrb.com","article_published_time":"2025-08-22T07:43:00+00:00","og_image":[{"width":1195,"height":782,"url":"https:\/\/dmcsrb.com\/wp-content\/uploads\/2026\/01\/Milos-Konatar-URA-Foto-GP-URA.jpg","type":"image\/jpeg"}],"author":"dmcsrbija.com@gmail.com","twitter_card":"summary_large_image","twitter_misc":{"Written by":"dmcsrbija.com@gmail.com","Estimated reading time":"1 minute"},"schema":{"@context":"https:\/\/schema.org","@graph":[{"@type":"Article","@id":"https:\/\/dmcsrb.com\/politika\/konatar-cijene-stanova-su-nepodnosljive-za-gradjane-moramo-formirati-drzavni-stambeni-fond\/#article","isPartOf":{"@id":"https:\/\/dmcsrb.com\/politika\/konatar-cijene-stanova-su-nepodnosljive-za-gradjane-moramo-formirati-drzavni-stambeni-fond\/"},"author":{"name":"dmcsrbija.com@gmail.com","@id":"https:\/\/dmcsrb.com\/#\/schema\/person\/5c39170f12db1b8b457732d0b5c854e2"},"headline":"Konatar: Cijene stanova su nepodno\u0161ljive za gra\u0111ane, moramo formirati dr\u017eavni stambeni fond","datePublished":"2025-08-22T07:43:00+00:00","mainEntityOfPage":{"@id":"https:\/\/dmcsrb.com\/politika\/konatar-cijene-stanova-su-nepodnosljive-za-gradjane-moramo-formirati-drzavni-stambeni-fond\/"},"wordCount":162,"commentCount":0,"image":{"@id":"https:\/\/dmcsrb.com\/politika\/konatar-cijene-stanova-su-nepodnosljive-za-gradjane-moramo-formirati-drzavni-stambeni-fond\/#primaryimage"},"thumbnailUrl":"https:\/\/dmcsrb.com\/wp-content\/uploads\/2026\/01\/Milos-Konatar-URA-Foto-GP-URA.jpg","keywords":["cijene stanova","konatar"],"articleSection":["Politika"],"inLanguage":"en-GB","potentialAction":[{"@type":"CommentAction","name":"Comment","target":["https:\/\/dmcsrb.com\/politika\/konatar-cijene-stanova-su-nepodnosljive-za-gradjane-moramo-formirati-drzavni-stambeni-fond\/#respond"]}]},{"@type":"WebPage","@id":"https:\/\/dmcsrb.com\/politika\/konatar-cijene-stanova-su-nepodnosljive-za-gradjane-moramo-formirati-drzavni-stambeni-fond\/","url":"https:\/\/dmcsrb.com\/politika\/konatar-cijene-stanova-su-nepodnosljive-za-gradjane-moramo-formirati-drzavni-stambeni-fond\/","name":"Konatar: Cijene stanova su nepodno\u0161ljive za gra\u0111ane, moramo formirati dr\u017eavni stambeni fond - dmcsrb.com","isPartOf":{"@id":"https:\/\/dmcsrb.com\/#website"},"primaryImageOfPage":{"@id":"https:\/\/dmcsrb.com\/politika\/konatar-cijene-stanova-su-nepodnosljive-za-gradjane-moramo-formirati-drzavni-stambeni-fond\/#primaryimage"},"image":{"@id":"https:\/\/dmcsrb.com\/politika\/konatar-cijene-stanova-su-nepodnosljive-za-gradjane-moramo-formirati-drzavni-stambeni-fond\/#primaryimage"},"thumbnailUrl":"https:\/\/dmcsrb.com\/wp-content\/uploads\/2026\/01\/Milos-Konatar-URA-Foto-GP-URA.jpg","datePublished":"2025-08-22T07:43:00+00:00","author":{"@id":"https:\/\/dmcsrb.com\/#\/schema\/person\/5c39170f12db1b8b457732d0b5c854e2"},"breadcrumb":{"@id":"https:\/\/dmcsrb.com\/politika\/konatar-cijene-stanova-su-nepodnosljive-za-gradjane-moramo-formirati-drzavni-stambeni-fond\/#breadcrumb"},"inLanguage":"en-GB","potentialAction":[{"@type":"ReadAction","target":["https:\/\/dmcsrb.com\/politika\/konatar-cijene-stanova-su-nepodnosljive-za-gradjane-moramo-formirati-drzavni-stambeni-fond\/"]}]},{"@type":"ImageObject","inLanguage":"en-GB","@id":"https:\/\/dmcsrb.com\/politika\/konatar-cijene-stanova-su-nepodnosljive-za-gradjane-moramo-formirati-drzavni-stambeni-fond\/#primaryimage","url":"https:\/\/dmcsrb.com\/wp-content\/uploads\/2026\/01\/Milos-Konatar-URA-Foto-GP-URA.jpg","contentUrl":"https:\/\/dmcsrb.com\/wp-content\/uploads\/2026\/01\/Milos-Konatar-URA-Foto-GP-URA.jpg","width":1195,"height":782},{"@type":"BreadcrumbList","@id":"https:\/\/dmcsrb.com\/politika\/konatar-cijene-stanova-su-nepodnosljive-za-gradjane-moramo-formirati-drzavni-stambeni-fond\/#breadcrumb","itemListElement":[{"@type":"ListItem","position":1,"name":"Home","item":"https:\/\/dmcsrb.com\/"},{"@type":"ListItem","position":2,"name":"Konatar: Cijene stanova su nepodno\u0161ljive za gra\u0111ane, moramo formirati dr\u017eavni stambeni fond"}]},{"@type":"WebSite","@id":"https:\/\/dmcsrb.com\/#website","url":"https:\/\/dmcsrb.com\/","name":"dmcsrb.com","description":"","potentialAction":[{"@type":"SearchAction","target":{"@type":"EntryPoint","urlTemplate":"https:\/\/dmcsrb.com\/?s={search_term_string}"},"query-input":{"@type":"PropertyValueSpecification","valueRequired":true,"valueName":"search_term_string"}}],"inLanguage":"en-GB"},{"@type":"Person","@id":"https:\/\/dmcsrb.com\/#\/schema\/person\/5c39170f12db1b8b457732d0b5c854e2","name":"dmcsrbija.com@gmail.com","image":{"@type":"ImageObject","inLanguage":"en-GB","@id":"https:\/\/secure.gravatar.com\/avatar\/68592660ad6347fad0fb587f8d5d8f1a7b44961362f56e4f2cd524feb87e9069?s=96&d=mm&r=g","url":"https:\/\/secure.gravatar.com\/avatar\/68592660ad6347fad0fb587f8d5d8f1a7b44961362f56e4f2cd524feb87e9069?s=96&d=mm&r=g","contentUrl":"https:\/\/secure.gravatar.com\/avatar\/68592660ad6347fad0fb587f8d5d8f1a7b44961362f56e4f2cd524feb87e9069?s=96&d=mm&r=g","caption":"dmcsrbija.com@gmail.com"},"sameAs":["https:\/\/dmcsrb.com"],"url":"https:\/\/dmcsrb.com\/en\/author\/dmcsrbija-comgmail-com\/"}]}},"_links":{"self":[{"href":"https:\/\/dmcsrb.com\/en\/wp-json\/wp\/v2\/posts\/947651","targetHints":{"allow":["GET"]}}],"collection":[{"href":"https:\/\/dmcsrb.com\/en\/wp-json\/wp\/v2\/posts"}],"about":[{"href":"https:\/\/dmcsrb.com\/en\/wp-json\/wp\/v2\/types\/post"}],"author":[{"embeddable":true,"href":"https:\/\/dmcsrb.com\/en\/wp-json\/wp\/v2\/users\/1"}],"replies":[{"embeddable":true,"href":"https:\/\/dmcsrb.com\/en\/wp-json\/wp\/v2\/comments?post=947651"}],"version-history":[{"count":0,"href":"https:\/\/dmcsrb.com\/en\/wp-json\/wp\/v2\/posts\/947651\/revisions"}],"wp:featuredmedia":[{"embeddable":true,"href":"https:\/\/dmcsrb.com\/en\/wp-json\/wp\/v2\/media\/909163"}],"wp:attachment":[{"href":"https:\/\/dmcsrb.com\/en\/wp-json\/wp\/v2\/media?parent=947651"}],"wp:term":[{"taxonomy":"category","embeddable":true,"href":"https:\/\/dmcsrb.com\/en\/wp-json\/wp\/v2\/categories?post=947651"},{"taxonomy":"post_tag","embeddable":true,"href":"https:\/\/dmcsrb.com\/en\/wp-json\/wp\/v2\/tags?post=947651"},{"taxonomy":"naslovna","embeddable":true,"href":"https:\/\/dmcsrb.com\/en\/wp-json\/wp\/v2\/naslovna?post=947651"}],"curies":[{"name":"wp","href":"https:\/\/api.w.org\/{rel}","templated":true}]}}