{"id":947583,"date":"2025-08-21T18:49:07","date_gmt":"2025-08-21T16:49:07","guid":{"rendered":"https:\/\/dmcsrb.com\/uncategorized\/ajkulice-saznale-rivala-u-cetvrtfinalu\/"},"modified":"2025-08-21T18:49:07","modified_gmt":"2025-08-21T16:49:07","slug":"ajkulice-saznale-rivala-u-cetvrtfinalu","status":"publish","type":"post","link":"https:\/\/dmcsrb.com\/en\/sport\/ajkulice-saznale-rivala-u-cetvrtfinalu\/","title":{"rendered":"&#8220;Ajkulice&#8221; saznale rivala u \u010detvrtfinalu"},"content":{"rendered":"<p>Ajklice \u0107e se za plasman me\u0111u \u010detiri najbolje ekipe na Starom kontinentu boriti sa Francuskom.<\/p>\n\n\n\n<p>Trikolori su u plej-ofu pobijedili Holandiju rezultatom 12:11 (1:2, 3:1, 5:3, 3:5).<\/p>\n\n\n\n<p>Francuzi su klu\u010dan \u201ctrokorak\u201d ka \u010detvrtfinalu napravili na dva i po minuta do kraja tre\u0107e \u010detvrtine kada su sa tri vezana gola stekli prednost od \u010detiri gola (8:4) i mirno priveli me\u010d.<\/p>\n\n\n\n<p>Iz kona\u010dnog rezultata bi se moglo zaklju\u010diti da su Holan\u0111ani do kraja bili u igri, ali je to daleko od istine. Lale su na minut i po do kraja bile na minus tri, a poslednji gol su postigle dvije sekunde do poslendjeg zvuka sirene.<\/p>\n\n\n\n<p>Utakmice izme\u0111u Crne Gore i Francuske na programu je u subotu od 15 \u010dasova. U ostalim me\u010devima sastaju se Hrvatska \u2013 Gr\u010dka, Ma\u0111arska \u2013 Srbija i Italija sa pobjednikom me\u010da izme\u0111u \u0160panije i Njema\u010dke.<\/p>\n\n\n\n<p>Ukoliko opravdaju ulogu favorita u duelu sa Francuzima, izabranici Neboj\u0161e Mili\u0107a \u0107e u polufinalu igrati sa boljim iz duela izme\u0111u Italije i pobjednika me\u010da \u0160panija \u2013 Njema\u010dka.<\/p>\n\n\n\n<p>Na\u0161i momci ne bi trebali da imaju problema sa Galskim pijetlovima, s obzirom da su u dosada\u0161njem dijelu \u0161ampionata igrali maestralno i pobjedema nad\u00a0Srbijom 9:8,\u00a0Hrvatskom 12:7\u00a0i\u00a0\u0160panijom 14:13\u00a0osvojili prvo mjesto u grupi B najja\u010de divzije.<\/p>\n\n\n\n<p>Sa druge strane, Francuzi su osvojili prvo mjesto u grupi C divizije 2 pobjedama nad Poljskom 26:9, Rumunijom 14:8 i Turskom 11:10. Dueli sa takvim selekcijama ne mogu biti pravi reper snage Trikolora. Mo\u017eda je bolje porediti Holandiju, selekciju sa kojom su igrali u osmini finala sa na\u0161im momcima. Naime, Lale su glatko izgubile sva tri me\u010da u najja\u010doj diviziji, od Ma\u0111arske 11:15, Italije 11:16 i Gr\u010dke 13:16.<\/p>\n\n\n\n<p>\u201c<strong>Svakako da smo odli\u010dnim partijama u grupi, gdje smo sakupili maksimalnih devet bodova stekli ulogu favorita pred \u010detvrtfinale. Me\u0111utim, poznato je da u ovoj fazi nadmetanja nemate pravo na gre\u0161ku, tako da \u0107emo ozbiljno shvatiti duel sa Francuzima i uraditi sve \u0161to je u na\u0161oj mo\u0107i da se plasiramo u polufinale<\/strong>\u201c, rekao je \u010dlan crnogorske juniorske reprezentacije,&nbsp;<strong>Petar Brnovi\u0107<\/strong>.<\/p>\n\n\n\n<p>SEMAFOR<\/p>\n\n\n\n<p><em>Osmina finala<\/em><\/p>\n\n\n\n<p><strong>Francuska \u2013 Holandija 12:11<\/strong><\/p>\n\n\n\n<p><strong>Gr\u010dka \u2013 Poljska 21:12<\/strong><\/p>\n\n\n\n<p><strong>Srbija \u2013 Malta 18:13<\/strong><\/p>\n\n\n\n<p><strong>19.30 \u0160panija \u2013 Njema\u010dka<\/strong><\/p>\n\n\n\n<p><em>\u010cetvrtfinale<\/em><\/p>\n\n\n\n<p>SUBOTA<\/p>\n\n\n\n<p><strong>15.00 CRNA GORA \u2013 Francuska<\/strong><\/p>\n\n\n\n<p><strong>16.30 Hrvatska \u2013 Gr\u010dka<\/strong><\/p>\n\n\n\n<p><strong>18.00 Ma\u0111arska \u2013 Srbija<\/strong><\/p>\n\n\n\n<p><strong>19.30 Italija \u2013 \u0160panija\/Njema\u010dka<\/strong><\/p>\n\n\n\n<p><em>Polufinale<\/em><\/p>\n\n\n\n<p>NEDJELJA<\/p>\n\n\n\n<p><strong>18.00 CRNA GORA\/Francuska \u2013 Italija\/\u0160panija\/Njema\u010dka\/<\/strong><\/p>\n\n\n\n<p><strong>19.30 Hrvatska\/Gr\u010dka \u2013 Ma\u0111arska\/Srbija<\/strong><\/p>","protected":false},"excerpt":{"rendered":"<p>Crnogorski juniori saznali su ime rivala u \u010detvrtfinalu Evropskog prvenstva u Oradei.<\/p>","protected":false},"author":1,"featured_media":947327,"comment_status":"open","ping_status":"open","sticky":false,"template":"","format":"standard","meta":{"_acf_changed":false,"footnotes":""},"categories":[148],"tags":[17513,17944,18096],"naslovna":[],"class_list":["post-947583","post","type-post","status-publish","format-standard","has-post-thumbnail","hentry","category-sport","tag-evropsko-prvenstvo-za-vaterpoliste-do-18-godina","tag-juniorska-vaterpolo-reprezentacija-crne-gore","tag-juniorska-vaterpolo-reprezentacija-francuske"],"acf":[],"yoast_head":"<!-- This site is optimized with the Yoast SEO plugin v27.4 - https:\/\/yoast.com\/product\/yoast-seo-wordpress\/ -->\n<title>&quot;Ajkulice&quot; saznale rivala u \u010detvrtfinalu - dmcsrb.com<\/title>\n<meta name=\"robots\" content=\"index, follow, max-snippet:-1, max-image-preview:large, max-video-preview:-1\" \/>\n<link rel=\"canonical\" href=\"https:\/\/dmcsrb.com\/en\/sport\/ajkulice-saznale-rivala-u-cetvrtfinalu\/\" \/>\n<meta property=\"og:locale\" content=\"en_GB\" \/>\n<meta property=\"og:type\" content=\"article\" \/>\n<meta property=\"og:title\" content=\"&quot;Ajkulice&quot; saznale rivala u \u010detvrtfinalu - dmcsrb.com\" \/>\n<meta property=\"og:description\" content=\"Crnogorski juniori saznali su ime rivala u \u010detvrtfinalu Evropskog prvenstva u Oradei.\" \/>\n<meta property=\"og:url\" content=\"https:\/\/dmcsrb.com\/en\/sport\/ajkulice-saznale-rivala-u-cetvrtfinalu\/\" \/>\n<meta property=\"og:site_name\" content=\"dmcsrb.com\" \/>\n<meta property=\"article:published_time\" content=\"2025-08-21T16:49:07+00:00\" \/>\n<meta property=\"og:image\" content=\"https:\/\/dmcsrb.com\/wp-content\/uploads\/2026\/01\/Juniori-VPSCG.webp\" \/>\n\t<meta property=\"og:image:width\" content=\"1280\" \/>\n\t<meta property=\"og:image:height\" content=\"853\" \/>\n\t<meta property=\"og:image:type\" content=\"image\/webp\" \/>\n<meta name=\"author\" content=\"dmcsrbija.com@gmail.com\" \/>\n<meta name=\"twitter:card\" content=\"summary_large_image\" \/>\n<meta name=\"twitter:label1\" content=\"Written by\" \/>\n\t<meta name=\"twitter:data1\" content=\"dmcsrbija.com@gmail.com\" \/>\n\t<meta name=\"twitter:label2\" content=\"Estimated reading time\" \/>\n\t<meta name=\"twitter:data2\" content=\"2 minutes\" \/>\n<script type=\"application\/ld+json\" class=\"yoast-schema-graph\">{\"@context\":\"https:\\\/\\\/schema.org\",\"@graph\":[{\"@type\":\"Article\",\"@id\":\"https:\\\/\\\/dmcsrb.com\\\/sport\\\/ajkulice-saznale-rivala-u-cetvrtfinalu\\\/#article\",\"isPartOf\":{\"@id\":\"https:\\\/\\\/dmcsrb.com\\\/sport\\\/ajkulice-saznale-rivala-u-cetvrtfinalu\\\/\"},\"author\":{\"name\":\"dmcsrbija.com@gmail.com\",\"@id\":\"https:\\\/\\\/dmcsrb.com\\\/#\\\/schema\\\/person\\\/5c39170f12db1b8b457732d0b5c854e2\"},\"headline\":\"&#8220;Ajkulice&#8221; saznale rivala u \u010detvrtfinalu\",\"datePublished\":\"2025-08-21T16:49:07+00:00\",\"mainEntityOfPage\":{\"@id\":\"https:\\\/\\\/dmcsrb.com\\\/sport\\\/ajkulice-saznale-rivala-u-cetvrtfinalu\\\/\"},\"wordCount\":391,\"commentCount\":0,\"image\":{\"@id\":\"https:\\\/\\\/dmcsrb.com\\\/sport\\\/ajkulice-saznale-rivala-u-cetvrtfinalu\\\/#primaryimage\"},\"thumbnailUrl\":\"https:\\\/\\\/dmcsrb.com\\\/wp-content\\\/uploads\\\/2026\\\/01\\\/Juniori-VPSCG.webp\",\"keywords\":[\"Evropsko prvenstvo za vaterpoliste do 18 godina\",\"Juniorska vaterpolo reprezentacija Crne Gore\",\"Juniorska vaterpolo reprezentacija Francuske\"],\"articleSection\":[\"Sport\"],\"inLanguage\":\"en-GB\",\"potentialAction\":[{\"@type\":\"CommentAction\",\"name\":\"Comment\",\"target\":[\"https:\\\/\\\/dmcsrb.com\\\/sport\\\/ajkulice-saznale-rivala-u-cetvrtfinalu\\\/#respond\"]}]},{\"@type\":\"WebPage\",\"@id\":\"https:\\\/\\\/dmcsrb.com\\\/sport\\\/ajkulice-saznale-rivala-u-cetvrtfinalu\\\/\",\"url\":\"https:\\\/\\\/dmcsrb.com\\\/sport\\\/ajkulice-saznale-rivala-u-cetvrtfinalu\\\/\",\"name\":\"\\\"Ajkulice\\\" saznale rivala u \u010detvrtfinalu - dmcsrb.com\",\"isPartOf\":{\"@id\":\"https:\\\/\\\/dmcsrb.com\\\/#website\"},\"primaryImageOfPage\":{\"@id\":\"https:\\\/\\\/dmcsrb.com\\\/sport\\\/ajkulice-saznale-rivala-u-cetvrtfinalu\\\/#primaryimage\"},\"image\":{\"@id\":\"https:\\\/\\\/dmcsrb.com\\\/sport\\\/ajkulice-saznale-rivala-u-cetvrtfinalu\\\/#primaryimage\"},\"thumbnailUrl\":\"https:\\\/\\\/dmcsrb.com\\\/wp-content\\\/uploads\\\/2026\\\/01\\\/Juniori-VPSCG.webp\",\"datePublished\":\"2025-08-21T16:49:07+00:00\",\"author\":{\"@id\":\"https:\\\/\\\/dmcsrb.com\\\/#\\\/schema\\\/person\\\/5c39170f12db1b8b457732d0b5c854e2\"},\"breadcrumb\":{\"@id\":\"https:\\\/\\\/dmcsrb.com\\\/sport\\\/ajkulice-saznale-rivala-u-cetvrtfinalu\\\/#breadcrumb\"},\"inLanguage\":\"en-GB\",\"potentialAction\":[{\"@type\":\"ReadAction\",\"target\":[\"https:\\\/\\\/dmcsrb.com\\\/sport\\\/ajkulice-saznale-rivala-u-cetvrtfinalu\\\/\"]}]},{\"@type\":\"ImageObject\",\"inLanguage\":\"en-GB\",\"@id\":\"https:\\\/\\\/dmcsrb.com\\\/sport\\\/ajkulice-saznale-rivala-u-cetvrtfinalu\\\/#primaryimage\",\"url\":\"https:\\\/\\\/dmcsrb.com\\\/wp-content\\\/uploads\\\/2026\\\/01\\\/Juniori-VPSCG.webp\",\"contentUrl\":\"https:\\\/\\\/dmcsrb.com\\\/wp-content\\\/uploads\\\/2026\\\/01\\\/Juniori-VPSCG.webp\",\"width\":1280,\"height\":853},{\"@type\":\"BreadcrumbList\",\"@id\":\"https:\\\/\\\/dmcsrb.com\\\/sport\\\/ajkulice-saznale-rivala-u-cetvrtfinalu\\\/#breadcrumb\",\"itemListElement\":[{\"@type\":\"ListItem\",\"position\":1,\"name\":\"Home\",\"item\":\"https:\\\/\\\/dmcsrb.com\\\/\"},{\"@type\":\"ListItem\",\"position\":2,\"name\":\"&#8220;Ajkulice&#8221; saznale rivala u \u010detvrtfinalu\"}]},{\"@type\":\"WebSite\",\"@id\":\"https:\\\/\\\/dmcsrb.com\\\/#website\",\"url\":\"https:\\\/\\\/dmcsrb.com\\\/\",\"name\":\"dmcsrb.com\",\"description\":\"\",\"potentialAction\":[{\"@type\":\"SearchAction\",\"target\":{\"@type\":\"EntryPoint\",\"urlTemplate\":\"https:\\\/\\\/dmcsrb.com\\\/?s={search_term_string}\"},\"query-input\":{\"@type\":\"PropertyValueSpecification\",\"valueRequired\":true,\"valueName\":\"search_term_string\"}}],\"inLanguage\":\"en-GB\"},{\"@type\":\"Person\",\"@id\":\"https:\\\/\\\/dmcsrb.com\\\/#\\\/schema\\\/person\\\/5c39170f12db1b8b457732d0b5c854e2\",\"name\":\"dmcsrbija.com@gmail.com\",\"image\":{\"@type\":\"ImageObject\",\"inLanguage\":\"en-GB\",\"@id\":\"https:\\\/\\\/secure.gravatar.com\\\/avatar\\\/68592660ad6347fad0fb587f8d5d8f1a7b44961362f56e4f2cd524feb87e9069?s=96&d=mm&r=g\",\"url\":\"https:\\\/\\\/secure.gravatar.com\\\/avatar\\\/68592660ad6347fad0fb587f8d5d8f1a7b44961362f56e4f2cd524feb87e9069?s=96&d=mm&r=g\",\"contentUrl\":\"https:\\\/\\\/secure.gravatar.com\\\/avatar\\\/68592660ad6347fad0fb587f8d5d8f1a7b44961362f56e4f2cd524feb87e9069?s=96&d=mm&r=g\",\"caption\":\"dmcsrbija.com@gmail.com\"},\"sameAs\":[\"https:\\\/\\\/dmcsrb.com\"],\"url\":\"https:\\\/\\\/dmcsrb.com\\\/en\\\/author\\\/dmcsrbija-comgmail-com\\\/\"}]}<\/script>\n<!-- \/ Yoast SEO plugin. -->","yoast_head_json":{"title":"\"Ajkulice\" saznale rivala u \u010detvrtfinalu - dmcsrb.com","robots":{"index":"index","follow":"follow","max-snippet":"max-snippet:-1","max-image-preview":"max-image-preview:large","max-video-preview":"max-video-preview:-1"},"canonical":"https:\/\/dmcsrb.com\/en\/sport\/ajkulice-saznale-rivala-u-cetvrtfinalu\/","og_locale":"en_GB","og_type":"article","og_title":"\"Ajkulice\" saznale rivala u \u010detvrtfinalu - dmcsrb.com","og_description":"Crnogorski juniori saznali su ime rivala u \u010detvrtfinalu Evropskog prvenstva u Oradei.","og_url":"https:\/\/dmcsrb.com\/en\/sport\/ajkulice-saznale-rivala-u-cetvrtfinalu\/","og_site_name":"dmcsrb.com","article_published_time":"2025-08-21T16:49:07+00:00","og_image":[{"width":1280,"height":853,"url":"https:\/\/dmcsrb.com\/wp-content\/uploads\/2026\/01\/Juniori-VPSCG.webp","type":"image\/webp"}],"author":"dmcsrbija.com@gmail.com","twitter_card":"summary_large_image","twitter_misc":{"Written by":"dmcsrbija.com@gmail.com","Estimated reading time":"2 minutes"},"schema":{"@context":"https:\/\/schema.org","@graph":[{"@type":"Article","@id":"https:\/\/dmcsrb.com\/sport\/ajkulice-saznale-rivala-u-cetvrtfinalu\/#article","isPartOf":{"@id":"https:\/\/dmcsrb.com\/sport\/ajkulice-saznale-rivala-u-cetvrtfinalu\/"},"author":{"name":"dmcsrbija.com@gmail.com","@id":"https:\/\/dmcsrb.com\/#\/schema\/person\/5c39170f12db1b8b457732d0b5c854e2"},"headline":"&#8220;Ajkulice&#8221; saznale rivala u \u010detvrtfinalu","datePublished":"2025-08-21T16:49:07+00:00","mainEntityOfPage":{"@id":"https:\/\/dmcsrb.com\/sport\/ajkulice-saznale-rivala-u-cetvrtfinalu\/"},"wordCount":391,"commentCount":0,"image":{"@id":"https:\/\/dmcsrb.com\/sport\/ajkulice-saznale-rivala-u-cetvrtfinalu\/#primaryimage"},"thumbnailUrl":"https:\/\/dmcsrb.com\/wp-content\/uploads\/2026\/01\/Juniori-VPSCG.webp","keywords":["Evropsko prvenstvo za vaterpoliste do 18 godina","Juniorska vaterpolo reprezentacija Crne Gore","Juniorska vaterpolo reprezentacija Francuske"],"articleSection":["Sport"],"inLanguage":"en-GB","potentialAction":[{"@type":"CommentAction","name":"Comment","target":["https:\/\/dmcsrb.com\/sport\/ajkulice-saznale-rivala-u-cetvrtfinalu\/#respond"]}]},{"@type":"WebPage","@id":"https:\/\/dmcsrb.com\/sport\/ajkulice-saznale-rivala-u-cetvrtfinalu\/","url":"https:\/\/dmcsrb.com\/sport\/ajkulice-saznale-rivala-u-cetvrtfinalu\/","name":"\"Ajkulice\" saznale rivala u \u010detvrtfinalu - dmcsrb.com","isPartOf":{"@id":"https:\/\/dmcsrb.com\/#website"},"primaryImageOfPage":{"@id":"https:\/\/dmcsrb.com\/sport\/ajkulice-saznale-rivala-u-cetvrtfinalu\/#primaryimage"},"image":{"@id":"https:\/\/dmcsrb.com\/sport\/ajkulice-saznale-rivala-u-cetvrtfinalu\/#primaryimage"},"thumbnailUrl":"https:\/\/dmcsrb.com\/wp-content\/uploads\/2026\/01\/Juniori-VPSCG.webp","datePublished":"2025-08-21T16:49:07+00:00","author":{"@id":"https:\/\/dmcsrb.com\/#\/schema\/person\/5c39170f12db1b8b457732d0b5c854e2"},"breadcrumb":{"@id":"https:\/\/dmcsrb.com\/sport\/ajkulice-saznale-rivala-u-cetvrtfinalu\/#breadcrumb"},"inLanguage":"en-GB","potentialAction":[{"@type":"ReadAction","target":["https:\/\/dmcsrb.com\/sport\/ajkulice-saznale-rivala-u-cetvrtfinalu\/"]}]},{"@type":"ImageObject","inLanguage":"en-GB","@id":"https:\/\/dmcsrb.com\/sport\/ajkulice-saznale-rivala-u-cetvrtfinalu\/#primaryimage","url":"https:\/\/dmcsrb.com\/wp-content\/uploads\/2026\/01\/Juniori-VPSCG.webp","contentUrl":"https:\/\/dmcsrb.com\/wp-content\/uploads\/2026\/01\/Juniori-VPSCG.webp","width":1280,"height":853},{"@type":"BreadcrumbList","@id":"https:\/\/dmcsrb.com\/sport\/ajkulice-saznale-rivala-u-cetvrtfinalu\/#breadcrumb","itemListElement":[{"@type":"ListItem","position":1,"name":"Home","item":"https:\/\/dmcsrb.com\/"},{"@type":"ListItem","position":2,"name":"&#8220;Ajkulice&#8221; saznale rivala u \u010detvrtfinalu"}]},{"@type":"WebSite","@id":"https:\/\/dmcsrb.com\/#website","url":"https:\/\/dmcsrb.com\/","name":"dmcsrb.com","description":"","potentialAction":[{"@type":"SearchAction","target":{"@type":"EntryPoint","urlTemplate":"https:\/\/dmcsrb.com\/?s={search_term_string}"},"query-input":{"@type":"PropertyValueSpecification","valueRequired":true,"valueName":"search_term_string"}}],"inLanguage":"en-GB"},{"@type":"Person","@id":"https:\/\/dmcsrb.com\/#\/schema\/person\/5c39170f12db1b8b457732d0b5c854e2","name":"dmcsrbija.com@gmail.com","image":{"@type":"ImageObject","inLanguage":"en-GB","@id":"https:\/\/secure.gravatar.com\/avatar\/68592660ad6347fad0fb587f8d5d8f1a7b44961362f56e4f2cd524feb87e9069?s=96&d=mm&r=g","url":"https:\/\/secure.gravatar.com\/avatar\/68592660ad6347fad0fb587f8d5d8f1a7b44961362f56e4f2cd524feb87e9069?s=96&d=mm&r=g","contentUrl":"https:\/\/secure.gravatar.com\/avatar\/68592660ad6347fad0fb587f8d5d8f1a7b44961362f56e4f2cd524feb87e9069?s=96&d=mm&r=g","caption":"dmcsrbija.com@gmail.com"},"sameAs":["https:\/\/dmcsrb.com"],"url":"https:\/\/dmcsrb.com\/en\/author\/dmcsrbija-comgmail-com\/"}]}},"_links":{"self":[{"href":"https:\/\/dmcsrb.com\/en\/wp-json\/wp\/v2\/posts\/947583","targetHints":{"allow":["GET"]}}],"collection":[{"href":"https:\/\/dmcsrb.com\/en\/wp-json\/wp\/v2\/posts"}],"about":[{"href":"https:\/\/dmcsrb.com\/en\/wp-json\/wp\/v2\/types\/post"}],"author":[{"embeddable":true,"href":"https:\/\/dmcsrb.com\/en\/wp-json\/wp\/v2\/users\/1"}],"replies":[{"embeddable":true,"href":"https:\/\/dmcsrb.com\/en\/wp-json\/wp\/v2\/comments?post=947583"}],"version-history":[{"count":0,"href":"https:\/\/dmcsrb.com\/en\/wp-json\/wp\/v2\/posts\/947583\/revisions"}],"wp:featuredmedia":[{"embeddable":true,"href":"https:\/\/dmcsrb.com\/en\/wp-json\/wp\/v2\/media\/947327"}],"wp:attachment":[{"href":"https:\/\/dmcsrb.com\/en\/wp-json\/wp\/v2\/media?parent=947583"}],"wp:term":[{"taxonomy":"category","embeddable":true,"href":"https:\/\/dmcsrb.com\/en\/wp-json\/wp\/v2\/categories?post=947583"},{"taxonomy":"post_tag","embeddable":true,"href":"https:\/\/dmcsrb.com\/en\/wp-json\/wp\/v2\/tags?post=947583"},{"taxonomy":"naslovna","embeddable":true,"href":"https:\/\/dmcsrb.com\/en\/wp-json\/wp\/v2\/naslovna?post=947583"}],"curies":[{"name":"wp","href":"https:\/\/api.w.org\/{rel}","templated":true}]}}