{"id":947548,"date":"2025-08-21T15:13:11","date_gmt":"2025-08-21T13:13:11","guid":{"rendered":"https:\/\/dmcsrb.com\/uncategorized\/sad-i-eu-finalizovale-trgovinski-dogovor-uskoro-smanjenje-automobilskih-carina\/"},"modified":"2025-08-21T15:13:11","modified_gmt":"2025-08-21T13:13:11","slug":"sad-i-eu-finalizovale-trgovinski-dogovor-uskoro-smanjenje-automobilskih-carina","status":"publish","type":"post","link":"https:\/\/dmcsrb.com\/en\/svijet\/sad-i-eu-finalizovale-trgovinski-dogovor-uskoro-smanjenje-automobilskih-carina\/","title":{"rendered":"SAD i EU finalizovale trgovinski dogovor, uskoro smanjenje automobilskih carina"},"content":{"rendered":"<p>Sjedinjene Ameri\u010dke Dr\u017eave i Evropska unija danas su finalizovale okvirni trgovinski dogovor koji su postigle pro\u0161log mjeseca, uz carinu od 15 odsto na ameri\u010dki uvoz ve\u0107ine evropske robe, uklju\u010duju\u0107i automobile, farmaceutske proizvode, poluvodi\u010de i drvenu gra\u0111u.<\/p>\n\n\n\n<p>Prema postignutom dogovoru, EU je obe\u0107ala ukidanje carina na sve ameri\u010dke industrijske proizvode te pru\u017eanje preferencijalnog pristupa tr\u017ei\u0161tu za niz ameri\u010dkih poljoprivrednih proizvoda i morskih plodova, navodi se u zajedni\u010dkoj izjavi SAD\u2011a i EU\u2011a.<\/p>\n\n\n\n<p>Va\u0161ington \u0107e pak preduzeti korake za smanjenje trenutne carinske stope od 27,5 odsto na uvoz evropskih automobila i automobilskih dijelova u SAD nakon \u0161to Brisel donese zakone potrebne za sprovo\u0111enje obe\u0107anih smanjenja carina na ameri\u010dke proizvode, stoji u izjavi.<\/p>\n\n\n\n<p>Ameri\u010dki predsjednik<strong> Donald Tramp<\/strong> i predsjednica Evropske komisije <strong>Ursula von der Lajen<\/strong> najavili su trgovinski dogovor  krajem pro\u0161log mjeseca  na Trampovom golf terenu u \u0160kotskoj, nakon jednosatnog sastanka koji je uslijedio nakon mjeseci intenzivnih pregovora.<\/p>\n\n\n\n<p>Evropski proizvo\u0111a\u010di automobila mogli bi biti rastere\u0107eni od visokih ameri\u010dkih carina u roku od nekoliko sedmica, saop\u0161teno je iz Trampovog kabineta.<\/p>\n\n\n\n<p>Smanjenje ameri\u010dkih carina na automobile i automobilske djelove stupit \u0107e na snagu prvog dana mjeseca u kojem EU uvede obe\u0107ane zakone, nude\u0107i mogu\u0107nost retroaktivnog rastere\u0107enja za proizvo\u0111a\u010de automobila, navodi se u zajedni\u010dkoj izjavi. Zasad jo\u0161 nije jasno kada \u0107e Brusel zapo\u010deti zakonodavni postupak.<\/p>\n\n\n\n<p>U izjavi se napominje i da \u0107e SAD od 1. septembra na uvoz evropskih vazduhoplova i vazduhoplovnih djelova, generi\u010dkih lijekova i sastojaka itd.<\/p>\n\n\n\n<p>EU \u0107e pak od SAD-a kupiti ukapljeni prirodni plin, naftu i proizvode nuklearne energije u vrijednosti od 750 milijardi dolara te ameri\u010dke \u010dipove za vje\u0161ta\u010dku inteligenciju u vrijednosti od 40 milijardi dolara, isti\u010de se u zajedni\u010dkoj izjavi.<\/p>\n\n\n\n<p>Osim toga, kompanije iz Evropske unije ulo\u017eit \u0107e dodatnih 600 milijardi dolara u strate\u0161ke ameri\u010dke sektore do 2028.<\/p>","protected":false},"excerpt":{"rendered":"<p>Evropski proizvo\u0111a\u010di automobila mogli bi biti rastere\u0107eni od visokih ameri\u010dkih carina u roku od nekoliko sedmica, saop\u0161teno je iz Trampovog kabineta.<\/p>","protected":false},"author":1,"featured_media":947549,"comment_status":"open","ping_status":"open","sticky":false,"template":"","format":"standard","meta":{"_acf_changed":false,"footnotes":""},"categories":[144],"tags":[2599,10,195],"naslovna":[],"class_list":["post-947548","post","type-post","status-publish","format-standard","has-post-thumbnail","hentry","category-svijet","tag-carine","tag-eu","tag-sad"],"acf":[],"yoast_head":"<!-- This site is optimized with the Yoast SEO plugin v27.4 - https:\/\/yoast.com\/product\/yoast-seo-wordpress\/ -->\n<title>SAD i EU finalizovale trgovinski dogovor, uskoro smanjenje automobilskih carina - dmcsrb.com<\/title>\n<meta name=\"robots\" content=\"index, follow, max-snippet:-1, max-image-preview:large, max-video-preview:-1\" \/>\n<link rel=\"canonical\" href=\"https:\/\/dmcsrb.com\/en\/svijet\/sad-i-eu-finalizovale-trgovinski-dogovor-uskoro-smanjenje-automobilskih-carina\/\" \/>\n<meta property=\"og:locale\" content=\"en_GB\" \/>\n<meta property=\"og:type\" content=\"article\" \/>\n<meta property=\"og:title\" content=\"SAD i EU finalizovale trgovinski dogovor, uskoro smanjenje automobilskih carina - dmcsrb.com\" \/>\n<meta property=\"og:description\" content=\"Evropski proizvo\u0111a\u010di automobila mogli bi biti rastere\u0107eni od visokih ameri\u010dkih carina u roku od nekoliko sedmica, saop\u0161teno je iz Trampovog kabineta.\" \/>\n<meta property=\"og:url\" content=\"https:\/\/dmcsrb.com\/en\/svijet\/sad-i-eu-finalizovale-trgovinski-dogovor-uskoro-smanjenje-automobilskih-carina\/\" \/>\n<meta property=\"og:site_name\" content=\"dmcsrb.com\" \/>\n<meta property=\"article:published_time\" content=\"2025-08-21T13:13:11+00:00\" \/>\n<meta property=\"og:image\" content=\"https:\/\/dmcsrb.com\/wp-content\/uploads\/2026\/01\/SAD-i-EU.webp\" \/>\n\t<meta property=\"og:image:width\" content=\"1280\" \/>\n\t<meta property=\"og:image:height\" content=\"853\" \/>\n\t<meta property=\"og:image:type\" content=\"image\/jpeg\" \/>\n<meta name=\"author\" content=\"dmcsrbija.com@gmail.com\" \/>\n<meta name=\"twitter:card\" content=\"summary_large_image\" \/>\n<meta name=\"twitter:label1\" content=\"Written by\" \/>\n\t<meta name=\"twitter:data1\" content=\"dmcsrbija.com@gmail.com\" \/>\n\t<meta name=\"twitter:label2\" content=\"Estimated reading time\" \/>\n\t<meta name=\"twitter:data2\" content=\"2 minutes\" \/>\n<script type=\"application\/ld+json\" class=\"yoast-schema-graph\">{\"@context\":\"https:\\\/\\\/schema.org\",\"@graph\":[{\"@type\":\"Article\",\"@id\":\"https:\\\/\\\/dmcsrb.com\\\/svijet\\\/sad-i-eu-finalizovale-trgovinski-dogovor-uskoro-smanjenje-automobilskih-carina\\\/#article\",\"isPartOf\":{\"@id\":\"https:\\\/\\\/dmcsrb.com\\\/svijet\\\/sad-i-eu-finalizovale-trgovinski-dogovor-uskoro-smanjenje-automobilskih-carina\\\/\"},\"author\":{\"name\":\"dmcsrbija.com@gmail.com\",\"@id\":\"https:\\\/\\\/dmcsrb.com\\\/#\\\/schema\\\/person\\\/5c39170f12db1b8b457732d0b5c854e2\"},\"headline\":\"SAD i EU finalizovale trgovinski dogovor, uskoro smanjenje automobilskih carina\",\"datePublished\":\"2025-08-21T13:13:11+00:00\",\"mainEntityOfPage\":{\"@id\":\"https:\\\/\\\/dmcsrb.com\\\/svijet\\\/sad-i-eu-finalizovale-trgovinski-dogovor-uskoro-smanjenje-automobilskih-carina\\\/\"},\"wordCount\":336,\"commentCount\":0,\"image\":{\"@id\":\"https:\\\/\\\/dmcsrb.com\\\/svijet\\\/sad-i-eu-finalizovale-trgovinski-dogovor-uskoro-smanjenje-automobilskih-carina\\\/#primaryimage\"},\"thumbnailUrl\":\"https:\\\/\\\/dmcsrb.com\\\/wp-content\\\/uploads\\\/2026\\\/01\\\/SAD-i-EU.webp\",\"keywords\":[\"Carine\",\"EU\",\"SAD\"],\"articleSection\":[\"Svijet\"],\"inLanguage\":\"en-GB\",\"potentialAction\":[{\"@type\":\"CommentAction\",\"name\":\"Comment\",\"target\":[\"https:\\\/\\\/dmcsrb.com\\\/svijet\\\/sad-i-eu-finalizovale-trgovinski-dogovor-uskoro-smanjenje-automobilskih-carina\\\/#respond\"]}]},{\"@type\":\"WebPage\",\"@id\":\"https:\\\/\\\/dmcsrb.com\\\/svijet\\\/sad-i-eu-finalizovale-trgovinski-dogovor-uskoro-smanjenje-automobilskih-carina\\\/\",\"url\":\"https:\\\/\\\/dmcsrb.com\\\/svijet\\\/sad-i-eu-finalizovale-trgovinski-dogovor-uskoro-smanjenje-automobilskih-carina\\\/\",\"name\":\"SAD i EU finalizovale trgovinski dogovor, uskoro smanjenje automobilskih carina - dmcsrb.com\",\"isPartOf\":{\"@id\":\"https:\\\/\\\/dmcsrb.com\\\/#website\"},\"primaryImageOfPage\":{\"@id\":\"https:\\\/\\\/dmcsrb.com\\\/svijet\\\/sad-i-eu-finalizovale-trgovinski-dogovor-uskoro-smanjenje-automobilskih-carina\\\/#primaryimage\"},\"image\":{\"@id\":\"https:\\\/\\\/dmcsrb.com\\\/svijet\\\/sad-i-eu-finalizovale-trgovinski-dogovor-uskoro-smanjenje-automobilskih-carina\\\/#primaryimage\"},\"thumbnailUrl\":\"https:\\\/\\\/dmcsrb.com\\\/wp-content\\\/uploads\\\/2026\\\/01\\\/SAD-i-EU.webp\",\"datePublished\":\"2025-08-21T13:13:11+00:00\",\"author\":{\"@id\":\"https:\\\/\\\/dmcsrb.com\\\/#\\\/schema\\\/person\\\/5c39170f12db1b8b457732d0b5c854e2\"},\"breadcrumb\":{\"@id\":\"https:\\\/\\\/dmcsrb.com\\\/svijet\\\/sad-i-eu-finalizovale-trgovinski-dogovor-uskoro-smanjenje-automobilskih-carina\\\/#breadcrumb\"},\"inLanguage\":\"en-GB\",\"potentialAction\":[{\"@type\":\"ReadAction\",\"target\":[\"https:\\\/\\\/dmcsrb.com\\\/svijet\\\/sad-i-eu-finalizovale-trgovinski-dogovor-uskoro-smanjenje-automobilskih-carina\\\/\"]}]},{\"@type\":\"ImageObject\",\"inLanguage\":\"en-GB\",\"@id\":\"https:\\\/\\\/dmcsrb.com\\\/svijet\\\/sad-i-eu-finalizovale-trgovinski-dogovor-uskoro-smanjenje-automobilskih-carina\\\/#primaryimage\",\"url\":\"https:\\\/\\\/dmcsrb.com\\\/wp-content\\\/uploads\\\/2026\\\/01\\\/SAD-i-EU.webp\",\"contentUrl\":\"https:\\\/\\\/dmcsrb.com\\\/wp-content\\\/uploads\\\/2026\\\/01\\\/SAD-i-EU.webp\",\"width\":1280,\"height\":853},{\"@type\":\"BreadcrumbList\",\"@id\":\"https:\\\/\\\/dmcsrb.com\\\/svijet\\\/sad-i-eu-finalizovale-trgovinski-dogovor-uskoro-smanjenje-automobilskih-carina\\\/#breadcrumb\",\"itemListElement\":[{\"@type\":\"ListItem\",\"position\":1,\"name\":\"Home\",\"item\":\"https:\\\/\\\/dmcsrb.com\\\/\"},{\"@type\":\"ListItem\",\"position\":2,\"name\":\"SAD i EU finalizovale trgovinski dogovor, uskoro smanjenje automobilskih carina\"}]},{\"@type\":\"WebSite\",\"@id\":\"https:\\\/\\\/dmcsrb.com\\\/#website\",\"url\":\"https:\\\/\\\/dmcsrb.com\\\/\",\"name\":\"dmcsrb.com\",\"description\":\"\",\"potentialAction\":[{\"@type\":\"SearchAction\",\"target\":{\"@type\":\"EntryPoint\",\"urlTemplate\":\"https:\\\/\\\/dmcsrb.com\\\/?s={search_term_string}\"},\"query-input\":{\"@type\":\"PropertyValueSpecification\",\"valueRequired\":true,\"valueName\":\"search_term_string\"}}],\"inLanguage\":\"en-GB\"},{\"@type\":\"Person\",\"@id\":\"https:\\\/\\\/dmcsrb.com\\\/#\\\/schema\\\/person\\\/5c39170f12db1b8b457732d0b5c854e2\",\"name\":\"dmcsrbija.com@gmail.com\",\"image\":{\"@type\":\"ImageObject\",\"inLanguage\":\"en-GB\",\"@id\":\"https:\\\/\\\/secure.gravatar.com\\\/avatar\\\/68592660ad6347fad0fb587f8d5d8f1a7b44961362f56e4f2cd524feb87e9069?s=96&d=mm&r=g\",\"url\":\"https:\\\/\\\/secure.gravatar.com\\\/avatar\\\/68592660ad6347fad0fb587f8d5d8f1a7b44961362f56e4f2cd524feb87e9069?s=96&d=mm&r=g\",\"contentUrl\":\"https:\\\/\\\/secure.gravatar.com\\\/avatar\\\/68592660ad6347fad0fb587f8d5d8f1a7b44961362f56e4f2cd524feb87e9069?s=96&d=mm&r=g\",\"caption\":\"dmcsrbija.com@gmail.com\"},\"sameAs\":[\"https:\\\/\\\/dmcsrb.com\"],\"url\":\"https:\\\/\\\/dmcsrb.com\\\/en\\\/author\\\/dmcsrbija-comgmail-com\\\/\"}]}<\/script>\n<!-- \/ Yoast SEO plugin. -->","yoast_head_json":{"title":"SAD i EU finalizovale trgovinski dogovor, uskoro smanjenje automobilskih carina - dmcsrb.com","robots":{"index":"index","follow":"follow","max-snippet":"max-snippet:-1","max-image-preview":"max-image-preview:large","max-video-preview":"max-video-preview:-1"},"canonical":"https:\/\/dmcsrb.com\/en\/svijet\/sad-i-eu-finalizovale-trgovinski-dogovor-uskoro-smanjenje-automobilskih-carina\/","og_locale":"en_GB","og_type":"article","og_title":"SAD i EU finalizovale trgovinski dogovor, uskoro smanjenje automobilskih carina - dmcsrb.com","og_description":"Evropski proizvo\u0111a\u010di automobila mogli bi biti rastere\u0107eni od visokih ameri\u010dkih carina u roku od nekoliko sedmica, saop\u0161teno je iz Trampovog kabineta.","og_url":"https:\/\/dmcsrb.com\/en\/svijet\/sad-i-eu-finalizovale-trgovinski-dogovor-uskoro-smanjenje-automobilskih-carina\/","og_site_name":"dmcsrb.com","article_published_time":"2025-08-21T13:13:11+00:00","og_image":[{"width":1280,"height":853,"url":"https:\/\/dmcsrb.com\/wp-content\/uploads\/2026\/01\/SAD-i-EU.webp","type":"image\/jpeg"}],"author":"dmcsrbija.com@gmail.com","twitter_card":"summary_large_image","twitter_misc":{"Written by":"dmcsrbija.com@gmail.com","Estimated reading time":"2 minutes"},"schema":{"@context":"https:\/\/schema.org","@graph":[{"@type":"Article","@id":"https:\/\/dmcsrb.com\/svijet\/sad-i-eu-finalizovale-trgovinski-dogovor-uskoro-smanjenje-automobilskih-carina\/#article","isPartOf":{"@id":"https:\/\/dmcsrb.com\/svijet\/sad-i-eu-finalizovale-trgovinski-dogovor-uskoro-smanjenje-automobilskih-carina\/"},"author":{"name":"dmcsrbija.com@gmail.com","@id":"https:\/\/dmcsrb.com\/#\/schema\/person\/5c39170f12db1b8b457732d0b5c854e2"},"headline":"SAD i EU finalizovale trgovinski dogovor, uskoro smanjenje automobilskih carina","datePublished":"2025-08-21T13:13:11+00:00","mainEntityOfPage":{"@id":"https:\/\/dmcsrb.com\/svijet\/sad-i-eu-finalizovale-trgovinski-dogovor-uskoro-smanjenje-automobilskih-carina\/"},"wordCount":336,"commentCount":0,"image":{"@id":"https:\/\/dmcsrb.com\/svijet\/sad-i-eu-finalizovale-trgovinski-dogovor-uskoro-smanjenje-automobilskih-carina\/#primaryimage"},"thumbnailUrl":"https:\/\/dmcsrb.com\/wp-content\/uploads\/2026\/01\/SAD-i-EU.webp","keywords":["Carine","EU","SAD"],"articleSection":["Svijet"],"inLanguage":"en-GB","potentialAction":[{"@type":"CommentAction","name":"Comment","target":["https:\/\/dmcsrb.com\/svijet\/sad-i-eu-finalizovale-trgovinski-dogovor-uskoro-smanjenje-automobilskih-carina\/#respond"]}]},{"@type":"WebPage","@id":"https:\/\/dmcsrb.com\/svijet\/sad-i-eu-finalizovale-trgovinski-dogovor-uskoro-smanjenje-automobilskih-carina\/","url":"https:\/\/dmcsrb.com\/svijet\/sad-i-eu-finalizovale-trgovinski-dogovor-uskoro-smanjenje-automobilskih-carina\/","name":"SAD i EU finalizovale trgovinski dogovor, uskoro smanjenje automobilskih carina - dmcsrb.com","isPartOf":{"@id":"https:\/\/dmcsrb.com\/#website"},"primaryImageOfPage":{"@id":"https:\/\/dmcsrb.com\/svijet\/sad-i-eu-finalizovale-trgovinski-dogovor-uskoro-smanjenje-automobilskih-carina\/#primaryimage"},"image":{"@id":"https:\/\/dmcsrb.com\/svijet\/sad-i-eu-finalizovale-trgovinski-dogovor-uskoro-smanjenje-automobilskih-carina\/#primaryimage"},"thumbnailUrl":"https:\/\/dmcsrb.com\/wp-content\/uploads\/2026\/01\/SAD-i-EU.webp","datePublished":"2025-08-21T13:13:11+00:00","author":{"@id":"https:\/\/dmcsrb.com\/#\/schema\/person\/5c39170f12db1b8b457732d0b5c854e2"},"breadcrumb":{"@id":"https:\/\/dmcsrb.com\/svijet\/sad-i-eu-finalizovale-trgovinski-dogovor-uskoro-smanjenje-automobilskih-carina\/#breadcrumb"},"inLanguage":"en-GB","potentialAction":[{"@type":"ReadAction","target":["https:\/\/dmcsrb.com\/svijet\/sad-i-eu-finalizovale-trgovinski-dogovor-uskoro-smanjenje-automobilskih-carina\/"]}]},{"@type":"ImageObject","inLanguage":"en-GB","@id":"https:\/\/dmcsrb.com\/svijet\/sad-i-eu-finalizovale-trgovinski-dogovor-uskoro-smanjenje-automobilskih-carina\/#primaryimage","url":"https:\/\/dmcsrb.com\/wp-content\/uploads\/2026\/01\/SAD-i-EU.webp","contentUrl":"https:\/\/dmcsrb.com\/wp-content\/uploads\/2026\/01\/SAD-i-EU.webp","width":1280,"height":853},{"@type":"BreadcrumbList","@id":"https:\/\/dmcsrb.com\/svijet\/sad-i-eu-finalizovale-trgovinski-dogovor-uskoro-smanjenje-automobilskih-carina\/#breadcrumb","itemListElement":[{"@type":"ListItem","position":1,"name":"Home","item":"https:\/\/dmcsrb.com\/"},{"@type":"ListItem","position":2,"name":"SAD i EU finalizovale trgovinski dogovor, uskoro smanjenje automobilskih carina"}]},{"@type":"WebSite","@id":"https:\/\/dmcsrb.com\/#website","url":"https:\/\/dmcsrb.com\/","name":"dmcsrb.com","description":"","potentialAction":[{"@type":"SearchAction","target":{"@type":"EntryPoint","urlTemplate":"https:\/\/dmcsrb.com\/?s={search_term_string}"},"query-input":{"@type":"PropertyValueSpecification","valueRequired":true,"valueName":"search_term_string"}}],"inLanguage":"en-GB"},{"@type":"Person","@id":"https:\/\/dmcsrb.com\/#\/schema\/person\/5c39170f12db1b8b457732d0b5c854e2","name":"dmcsrbija.com@gmail.com","image":{"@type":"ImageObject","inLanguage":"en-GB","@id":"https:\/\/secure.gravatar.com\/avatar\/68592660ad6347fad0fb587f8d5d8f1a7b44961362f56e4f2cd524feb87e9069?s=96&d=mm&r=g","url":"https:\/\/secure.gravatar.com\/avatar\/68592660ad6347fad0fb587f8d5d8f1a7b44961362f56e4f2cd524feb87e9069?s=96&d=mm&r=g","contentUrl":"https:\/\/secure.gravatar.com\/avatar\/68592660ad6347fad0fb587f8d5d8f1a7b44961362f56e4f2cd524feb87e9069?s=96&d=mm&r=g","caption":"dmcsrbija.com@gmail.com"},"sameAs":["https:\/\/dmcsrb.com"],"url":"https:\/\/dmcsrb.com\/en\/author\/dmcsrbija-comgmail-com\/"}]}},"_links":{"self":[{"href":"https:\/\/dmcsrb.com\/en\/wp-json\/wp\/v2\/posts\/947548","targetHints":{"allow":["GET"]}}],"collection":[{"href":"https:\/\/dmcsrb.com\/en\/wp-json\/wp\/v2\/posts"}],"about":[{"href":"https:\/\/dmcsrb.com\/en\/wp-json\/wp\/v2\/types\/post"}],"author":[{"embeddable":true,"href":"https:\/\/dmcsrb.com\/en\/wp-json\/wp\/v2\/users\/1"}],"replies":[{"embeddable":true,"href":"https:\/\/dmcsrb.com\/en\/wp-json\/wp\/v2\/comments?post=947548"}],"version-history":[{"count":0,"href":"https:\/\/dmcsrb.com\/en\/wp-json\/wp\/v2\/posts\/947548\/revisions"}],"wp:featuredmedia":[{"embeddable":true,"href":"https:\/\/dmcsrb.com\/en\/wp-json\/wp\/v2\/media\/947549"}],"wp:attachment":[{"href":"https:\/\/dmcsrb.com\/en\/wp-json\/wp\/v2\/media?parent=947548"}],"wp:term":[{"taxonomy":"category","embeddable":true,"href":"https:\/\/dmcsrb.com\/en\/wp-json\/wp\/v2\/categories?post=947548"},{"taxonomy":"post_tag","embeddable":true,"href":"https:\/\/dmcsrb.com\/en\/wp-json\/wp\/v2\/tags?post=947548"},{"taxonomy":"naslovna","embeddable":true,"href":"https:\/\/dmcsrb.com\/en\/wp-json\/wp\/v2\/naslovna?post=947548"}],"curies":[{"name":"wp","href":"https:\/\/api.w.org\/{rel}","templated":true}]}}