{"id":947544,"date":"2025-08-21T17:26:00","date_gmt":"2025-08-21T15:26:00","guid":{"rendered":"https:\/\/dmcsrb.com\/uncategorized\/video-milovic-do-kraja-jula-prikupljeno-32-tone-iskoriscenog-jestivog-ulja\/"},"modified":"2025-08-21T17:26:00","modified_gmt":"2025-08-21T15:26:00","slug":"video-milovic-do-kraja-jula-prikupljeno-32-tone-iskoriscenog-jestivog-ulja","status":"publish","type":"post","link":"https:\/\/dmcsrb.com\/en\/podgorica\/video-milovic-do-kraja-jula-prikupljeno-32-tone-iskoriscenog-jestivog-ulja\/","title":{"rendered":"(VIDEO) Milovi\u0107: Do kraja jula prikupljeno 32 tone iskori\u0161\u0107enog jestivog ulja"},"content":{"rendered":"<p>Gradsko preduze\u0107e Deponija od aprila do kraja jula prikupilo je oko 32 tone iskori\u0161\u0107enog jestivog ulja, kazala je za Gradsku pomo\u0107nica direktora \u201cDeponije\u201d Vesna Milovi\u0107. Dodaje da je ostvarena saradnja sa vi\u0161e od 150 ugostiteljskih objekata.<\/p>\n\n\n\n<p>&#8220;Mi smo bili fokusirani na teritoriju Podgorice,&nbsp; mi smo ina\u010de lokalno jedno preduze\u0107e,&nbsp; uvode\u0107i ovu novu aktivnost, dajemo direktan doprenos cirkularnoj ekonomiji&nbsp; i zna\u010di umjesto da bude zaga\u0111iva\u010d, &nbsp;jestivo ulje postaje energent ili sirovina u nekoj drugoj industriji&#8221;, kazala je pomo\u0107nica izvr\u0161nog direktora &#8220;Deponije&#8221;, Vesna Milovi\u0107.<\/p>\n\n\n\n<p>Uporedo, kako navodi Milovi\u0107, Deponija je nastavila i sa prikupljanjem stakla iz ugostiteljskih objekata.<\/p>\n\n\n\n<p>&#8220;Od februara mjeseca prvi put se iz Crne Gore izvozi staklo za Bugarsku. I ono \u0161to je povoljno jeste da se ova vrsta otpada vi\u0161e ne zatrpava, ve\u0107 se izvozi. Stakla koje smo do sada izvezli je ne\u0161to vi\u0161e od 700 tona&#8221;, istakla je Milovi\u0107.<\/p>\n\n\n\n<p>Poseban segment posve\u0107en je obrazovanju i recikla\u017ei starih \u0161kolskih ud\u017ebenika.<\/p>\n\n\n\n<p>&#8220;Ve\u0107 dvije godine zaredom u saradnji sa Ministarstvom prosvjete i udru\u017eenjem roditelja prikupljamo stare ud\u017ebenike i sveske. Obi\u0161li smo vi\u0161e od sto \u0161kola i prikupili vi\u0161e od 60 tona ovog otpada, koji je sortiran, baliran i izvezen&#8221;, kazala je Milovi\u0107.<\/p>\n\n\n\n<p>Osim ovih aktivnosti tokom ljeta GP Deponija &nbsp;postavili &nbsp;su i specijalne ko\u0161eve za kartonsku ambala\u017eu na sedam lokacija u Podgorici. Poru\u010duju da sve ove aktivnosti imaju zajedni\u010dki cilj \u2013 \u010distiju \u017eivotnu sredinu i odr\u017eiviji grad.<\/p>\n\n\n\n<figure class=\"wp-block-embed is-type-video is-provider-youtube wp-block-embed-youtube wp-embed-aspect-16-9 wp-has-aspect-ratio\"><div class=\"wp-block-embed__wrapper\">\n<iframe loading=\"lazy\" title=\"Milovi\u0107: Do kraja jula prikupljeno 32 tone iskori\u0161\u0107enog jestivog ulja\" width=\"500\" height=\"281\" src=\"https:\/\/www.youtube.com\/embed\/fZ3bhzJCYwo?feature=oembed\" frameborder=\"0\" allow=\"accelerometer; autoplay; clipboard-write; encrypted-media; gyroscope; picture-in-picture; web-share\" referrerpolicy=\"strict-origin-when-cross-origin\" allowfullscreen><\/iframe>\n<\/div><\/figure>","protected":false},"excerpt":{"rendered":"<p>U periodu od aprila do kraja jula, preduze\u0107e Deponija d.o.o. sprovelo je niz aktivnosti u cilju unapre\u0111enja selektivnog prikupljanja otpada. Pored otkupa iskori\u0161\u0107enog jestivog ulja, uvedene su i nove mjere kada je u pitanju staklo, ud\u017ebenici i kartonska ambala\u017ea.<\/p>","protected":false},"author":1,"featured_media":947545,"comment_status":"open","ping_status":"open","sticky":false,"template":"","format":"standard","meta":{"_acf_changed":false,"footnotes":""},"categories":[56],"tags":[9208,8111,18069,9211],"naslovna":[],"class_list":["post-947544","post","type-post","status-publish","format-standard","has-post-thumbnail","hentry","category-podgorica","tag-gp-deponija","tag-jestivo-ulje","tag-staklo","tag-vesna-milovic"],"acf":[],"yoast_head":"<!-- This site is optimized with the Yoast SEO plugin v27.4 - https:\/\/yoast.com\/product\/yoast-seo-wordpress\/ -->\n<title>(VIDEO) Milovi\u0107: Do kraja jula prikupljeno 32 tone iskori\u0161\u0107enog jestivog ulja - dmcsrb.com<\/title>\n<meta name=\"robots\" content=\"index, follow, max-snippet:-1, max-image-preview:large, max-video-preview:-1\" \/>\n<link rel=\"canonical\" href=\"https:\/\/dmcsrb.com\/en\/podgorica\/video-milovic-do-kraja-jula-prikupljeno-32-tone-iskoriscenog-jestivog-ulja\/\" \/>\n<meta property=\"og:locale\" content=\"en_GB\" \/>\n<meta property=\"og:type\" content=\"article\" \/>\n<meta property=\"og:title\" content=\"(VIDEO) Milovi\u0107: Do kraja jula prikupljeno 32 tone iskori\u0161\u0107enog jestivog ulja - dmcsrb.com\" \/>\n<meta property=\"og:description\" content=\"U periodu od aprila do kraja jula, preduze\u0107e Deponija d.o.o. sprovelo je niz aktivnosti u cilju unapre\u0111enja selektivnog prikupljanja otpada. Pored otkupa iskori\u0161\u0107enog jestivog ulja, uvedene su i nove mjere kada je u pitanju staklo, ud\u017ebenici i kartonska ambala\u017ea.\" \/>\n<meta property=\"og:url\" content=\"https:\/\/dmcsrb.com\/en\/podgorica\/video-milovic-do-kraja-jula-prikupljeno-32-tone-iskoriscenog-jestivog-ulja\/\" \/>\n<meta property=\"og:site_name\" content=\"dmcsrb.com\" \/>\n<meta property=\"article:published_time\" content=\"2025-08-21T15:26:00+00:00\" \/>\n<meta property=\"og:image\" content=\"https:\/\/dmcsrb.com\/wp-content\/uploads\/2026\/01\/Vesna-Milovic-1.webp\" \/>\n\t<meta property=\"og:image:width\" content=\"1851\" \/>\n\t<meta property=\"og:image:height\" content=\"885\" \/>\n\t<meta property=\"og:image:type\" content=\"image\/jpeg\" \/>\n<meta name=\"author\" content=\"dmcsrbija.com@gmail.com\" \/>\n<meta name=\"twitter:card\" content=\"summary_large_image\" \/>\n<meta name=\"twitter:label1\" content=\"Written by\" \/>\n\t<meta name=\"twitter:data1\" content=\"dmcsrbija.com@gmail.com\" \/>\n\t<meta name=\"twitter:label2\" content=\"Estimated reading time\" \/>\n\t<meta name=\"twitter:data2\" content=\"1 minute\" \/>\n<script type=\"application\/ld+json\" class=\"yoast-schema-graph\">{\"@context\":\"https:\\\/\\\/schema.org\",\"@graph\":[{\"@type\":\"Article\",\"@id\":\"https:\\\/\\\/dmcsrb.com\\\/podgorica\\\/video-milovic-do-kraja-jula-prikupljeno-32-tone-iskoriscenog-jestivog-ulja\\\/#article\",\"isPartOf\":{\"@id\":\"https:\\\/\\\/dmcsrb.com\\\/podgorica\\\/video-milovic-do-kraja-jula-prikupljeno-32-tone-iskoriscenog-jestivog-ulja\\\/\"},\"author\":{\"name\":\"dmcsrbija.com@gmail.com\",\"@id\":\"https:\\\/\\\/dmcsrb.com\\\/#\\\/schema\\\/person\\\/5c39170f12db1b8b457732d0b5c854e2\"},\"headline\":\"(VIDEO) Milovi\u0107: Do kraja jula prikupljeno 32 tone iskori\u0161\u0107enog jestivog ulja\",\"datePublished\":\"2025-08-21T15:26:00+00:00\",\"mainEntityOfPage\":{\"@id\":\"https:\\\/\\\/dmcsrb.com\\\/podgorica\\\/video-milovic-do-kraja-jula-prikupljeno-32-tone-iskoriscenog-jestivog-ulja\\\/\"},\"wordCount\":270,\"commentCount\":0,\"image\":{\"@id\":\"https:\\\/\\\/dmcsrb.com\\\/podgorica\\\/video-milovic-do-kraja-jula-prikupljeno-32-tone-iskoriscenog-jestivog-ulja\\\/#primaryimage\"},\"thumbnailUrl\":\"https:\\\/\\\/dmcsrb.com\\\/wp-content\\\/uploads\\\/2026\\\/01\\\/Vesna-Milovic-1.webp\",\"keywords\":[\"GP \\\"Deponija\\\"\",\"Jestivo ulje\",\"staklo\",\"Vesna Milovi\u0107\"],\"articleSection\":[\"Podgorica\"],\"inLanguage\":\"en-GB\",\"potentialAction\":[{\"@type\":\"CommentAction\",\"name\":\"Comment\",\"target\":[\"https:\\\/\\\/dmcsrb.com\\\/podgorica\\\/video-milovic-do-kraja-jula-prikupljeno-32-tone-iskoriscenog-jestivog-ulja\\\/#respond\"]}]},{\"@type\":\"WebPage\",\"@id\":\"https:\\\/\\\/dmcsrb.com\\\/podgorica\\\/video-milovic-do-kraja-jula-prikupljeno-32-tone-iskoriscenog-jestivog-ulja\\\/\",\"url\":\"https:\\\/\\\/dmcsrb.com\\\/podgorica\\\/video-milovic-do-kraja-jula-prikupljeno-32-tone-iskoriscenog-jestivog-ulja\\\/\",\"name\":\"(VIDEO) Milovi\u0107: Do kraja jula prikupljeno 32 tone iskori\u0161\u0107enog jestivog ulja - dmcsrb.com\",\"isPartOf\":{\"@id\":\"https:\\\/\\\/dmcsrb.com\\\/#website\"},\"primaryImageOfPage\":{\"@id\":\"https:\\\/\\\/dmcsrb.com\\\/podgorica\\\/video-milovic-do-kraja-jula-prikupljeno-32-tone-iskoriscenog-jestivog-ulja\\\/#primaryimage\"},\"image\":{\"@id\":\"https:\\\/\\\/dmcsrb.com\\\/podgorica\\\/video-milovic-do-kraja-jula-prikupljeno-32-tone-iskoriscenog-jestivog-ulja\\\/#primaryimage\"},\"thumbnailUrl\":\"https:\\\/\\\/dmcsrb.com\\\/wp-content\\\/uploads\\\/2026\\\/01\\\/Vesna-Milovic-1.webp\",\"datePublished\":\"2025-08-21T15:26:00+00:00\",\"author\":{\"@id\":\"https:\\\/\\\/dmcsrb.com\\\/#\\\/schema\\\/person\\\/5c39170f12db1b8b457732d0b5c854e2\"},\"breadcrumb\":{\"@id\":\"https:\\\/\\\/dmcsrb.com\\\/podgorica\\\/video-milovic-do-kraja-jula-prikupljeno-32-tone-iskoriscenog-jestivog-ulja\\\/#breadcrumb\"},\"inLanguage\":\"en-GB\",\"potentialAction\":[{\"@type\":\"ReadAction\",\"target\":[\"https:\\\/\\\/dmcsrb.com\\\/podgorica\\\/video-milovic-do-kraja-jula-prikupljeno-32-tone-iskoriscenog-jestivog-ulja\\\/\"]}]},{\"@type\":\"ImageObject\",\"inLanguage\":\"en-GB\",\"@id\":\"https:\\\/\\\/dmcsrb.com\\\/podgorica\\\/video-milovic-do-kraja-jula-prikupljeno-32-tone-iskoriscenog-jestivog-ulja\\\/#primaryimage\",\"url\":\"https:\\\/\\\/dmcsrb.com\\\/wp-content\\\/uploads\\\/2026\\\/01\\\/Vesna-Milovic-1.webp\",\"contentUrl\":\"https:\\\/\\\/dmcsrb.com\\\/wp-content\\\/uploads\\\/2026\\\/01\\\/Vesna-Milovic-1.webp\",\"width\":1851,\"height\":885},{\"@type\":\"BreadcrumbList\",\"@id\":\"https:\\\/\\\/dmcsrb.com\\\/podgorica\\\/video-milovic-do-kraja-jula-prikupljeno-32-tone-iskoriscenog-jestivog-ulja\\\/#breadcrumb\",\"itemListElement\":[{\"@type\":\"ListItem\",\"position\":1,\"name\":\"Home\",\"item\":\"https:\\\/\\\/dmcsrb.com\\\/\"},{\"@type\":\"ListItem\",\"position\":2,\"name\":\"(VIDEO) Milovi\u0107: Do kraja jula prikupljeno 32 tone iskori\u0161\u0107enog jestivog ulja\"}]},{\"@type\":\"WebSite\",\"@id\":\"https:\\\/\\\/dmcsrb.com\\\/#website\",\"url\":\"https:\\\/\\\/dmcsrb.com\\\/\",\"name\":\"dmcsrb.com\",\"description\":\"\",\"potentialAction\":[{\"@type\":\"SearchAction\",\"target\":{\"@type\":\"EntryPoint\",\"urlTemplate\":\"https:\\\/\\\/dmcsrb.com\\\/?s={search_term_string}\"},\"query-input\":{\"@type\":\"PropertyValueSpecification\",\"valueRequired\":true,\"valueName\":\"search_term_string\"}}],\"inLanguage\":\"en-GB\"},{\"@type\":\"Person\",\"@id\":\"https:\\\/\\\/dmcsrb.com\\\/#\\\/schema\\\/person\\\/5c39170f12db1b8b457732d0b5c854e2\",\"name\":\"dmcsrbija.com@gmail.com\",\"image\":{\"@type\":\"ImageObject\",\"inLanguage\":\"en-GB\",\"@id\":\"https:\\\/\\\/secure.gravatar.com\\\/avatar\\\/68592660ad6347fad0fb587f8d5d8f1a7b44961362f56e4f2cd524feb87e9069?s=96&d=mm&r=g\",\"url\":\"https:\\\/\\\/secure.gravatar.com\\\/avatar\\\/68592660ad6347fad0fb587f8d5d8f1a7b44961362f56e4f2cd524feb87e9069?s=96&d=mm&r=g\",\"contentUrl\":\"https:\\\/\\\/secure.gravatar.com\\\/avatar\\\/68592660ad6347fad0fb587f8d5d8f1a7b44961362f56e4f2cd524feb87e9069?s=96&d=mm&r=g\",\"caption\":\"dmcsrbija.com@gmail.com\"},\"sameAs\":[\"https:\\\/\\\/dmcsrb.com\"],\"url\":\"https:\\\/\\\/dmcsrb.com\\\/en\\\/author\\\/dmcsrbija-comgmail-com\\\/\"}]}<\/script>\n<!-- \/ Yoast SEO plugin. -->","yoast_head_json":{"title":"(VIDEO) Milovi\u0107: Do kraja jula prikupljeno 32 tone iskori\u0161\u0107enog jestivog ulja - dmcsrb.com","robots":{"index":"index","follow":"follow","max-snippet":"max-snippet:-1","max-image-preview":"max-image-preview:large","max-video-preview":"max-video-preview:-1"},"canonical":"https:\/\/dmcsrb.com\/en\/podgorica\/video-milovic-do-kraja-jula-prikupljeno-32-tone-iskoriscenog-jestivog-ulja\/","og_locale":"en_GB","og_type":"article","og_title":"(VIDEO) Milovi\u0107: Do kraja jula prikupljeno 32 tone iskori\u0161\u0107enog jestivog ulja - dmcsrb.com","og_description":"U periodu od aprila do kraja jula, preduze\u0107e Deponija d.o.o. sprovelo je niz aktivnosti u cilju unapre\u0111enja selektivnog prikupljanja otpada. Pored otkupa iskori\u0161\u0107enog jestivog ulja, uvedene su i nove mjere kada je u pitanju staklo, ud\u017ebenici i kartonska ambala\u017ea.","og_url":"https:\/\/dmcsrb.com\/en\/podgorica\/video-milovic-do-kraja-jula-prikupljeno-32-tone-iskoriscenog-jestivog-ulja\/","og_site_name":"dmcsrb.com","article_published_time":"2025-08-21T15:26:00+00:00","og_image":[{"width":1851,"height":885,"url":"https:\/\/dmcsrb.com\/wp-content\/uploads\/2026\/01\/Vesna-Milovic-1.webp","type":"image\/jpeg"}],"author":"dmcsrbija.com@gmail.com","twitter_card":"summary_large_image","twitter_misc":{"Written by":"dmcsrbija.com@gmail.com","Estimated reading time":"1 minute"},"schema":{"@context":"https:\/\/schema.org","@graph":[{"@type":"Article","@id":"https:\/\/dmcsrb.com\/podgorica\/video-milovic-do-kraja-jula-prikupljeno-32-tone-iskoriscenog-jestivog-ulja\/#article","isPartOf":{"@id":"https:\/\/dmcsrb.com\/podgorica\/video-milovic-do-kraja-jula-prikupljeno-32-tone-iskoriscenog-jestivog-ulja\/"},"author":{"name":"dmcsrbija.com@gmail.com","@id":"https:\/\/dmcsrb.com\/#\/schema\/person\/5c39170f12db1b8b457732d0b5c854e2"},"headline":"(VIDEO) Milovi\u0107: Do kraja jula prikupljeno 32 tone iskori\u0161\u0107enog jestivog ulja","datePublished":"2025-08-21T15:26:00+00:00","mainEntityOfPage":{"@id":"https:\/\/dmcsrb.com\/podgorica\/video-milovic-do-kraja-jula-prikupljeno-32-tone-iskoriscenog-jestivog-ulja\/"},"wordCount":270,"commentCount":0,"image":{"@id":"https:\/\/dmcsrb.com\/podgorica\/video-milovic-do-kraja-jula-prikupljeno-32-tone-iskoriscenog-jestivog-ulja\/#primaryimage"},"thumbnailUrl":"https:\/\/dmcsrb.com\/wp-content\/uploads\/2026\/01\/Vesna-Milovic-1.webp","keywords":["GP \"Deponija\"","Jestivo ulje","staklo","Vesna Milovi\u0107"],"articleSection":["Podgorica"],"inLanguage":"en-GB","potentialAction":[{"@type":"CommentAction","name":"Comment","target":["https:\/\/dmcsrb.com\/podgorica\/video-milovic-do-kraja-jula-prikupljeno-32-tone-iskoriscenog-jestivog-ulja\/#respond"]}]},{"@type":"WebPage","@id":"https:\/\/dmcsrb.com\/podgorica\/video-milovic-do-kraja-jula-prikupljeno-32-tone-iskoriscenog-jestivog-ulja\/","url":"https:\/\/dmcsrb.com\/podgorica\/video-milovic-do-kraja-jula-prikupljeno-32-tone-iskoriscenog-jestivog-ulja\/","name":"(VIDEO) Milovi\u0107: Do kraja jula prikupljeno 32 tone iskori\u0161\u0107enog jestivog ulja - dmcsrb.com","isPartOf":{"@id":"https:\/\/dmcsrb.com\/#website"},"primaryImageOfPage":{"@id":"https:\/\/dmcsrb.com\/podgorica\/video-milovic-do-kraja-jula-prikupljeno-32-tone-iskoriscenog-jestivog-ulja\/#primaryimage"},"image":{"@id":"https:\/\/dmcsrb.com\/podgorica\/video-milovic-do-kraja-jula-prikupljeno-32-tone-iskoriscenog-jestivog-ulja\/#primaryimage"},"thumbnailUrl":"https:\/\/dmcsrb.com\/wp-content\/uploads\/2026\/01\/Vesna-Milovic-1.webp","datePublished":"2025-08-21T15:26:00+00:00","author":{"@id":"https:\/\/dmcsrb.com\/#\/schema\/person\/5c39170f12db1b8b457732d0b5c854e2"},"breadcrumb":{"@id":"https:\/\/dmcsrb.com\/podgorica\/video-milovic-do-kraja-jula-prikupljeno-32-tone-iskoriscenog-jestivog-ulja\/#breadcrumb"},"inLanguage":"en-GB","potentialAction":[{"@type":"ReadAction","target":["https:\/\/dmcsrb.com\/podgorica\/video-milovic-do-kraja-jula-prikupljeno-32-tone-iskoriscenog-jestivog-ulja\/"]}]},{"@type":"ImageObject","inLanguage":"en-GB","@id":"https:\/\/dmcsrb.com\/podgorica\/video-milovic-do-kraja-jula-prikupljeno-32-tone-iskoriscenog-jestivog-ulja\/#primaryimage","url":"https:\/\/dmcsrb.com\/wp-content\/uploads\/2026\/01\/Vesna-Milovic-1.webp","contentUrl":"https:\/\/dmcsrb.com\/wp-content\/uploads\/2026\/01\/Vesna-Milovic-1.webp","width":1851,"height":885},{"@type":"BreadcrumbList","@id":"https:\/\/dmcsrb.com\/podgorica\/video-milovic-do-kraja-jula-prikupljeno-32-tone-iskoriscenog-jestivog-ulja\/#breadcrumb","itemListElement":[{"@type":"ListItem","position":1,"name":"Home","item":"https:\/\/dmcsrb.com\/"},{"@type":"ListItem","position":2,"name":"(VIDEO) Milovi\u0107: Do kraja jula prikupljeno 32 tone iskori\u0161\u0107enog jestivog ulja"}]},{"@type":"WebSite","@id":"https:\/\/dmcsrb.com\/#website","url":"https:\/\/dmcsrb.com\/","name":"dmcsrb.com","description":"","potentialAction":[{"@type":"SearchAction","target":{"@type":"EntryPoint","urlTemplate":"https:\/\/dmcsrb.com\/?s={search_term_string}"},"query-input":{"@type":"PropertyValueSpecification","valueRequired":true,"valueName":"search_term_string"}}],"inLanguage":"en-GB"},{"@type":"Person","@id":"https:\/\/dmcsrb.com\/#\/schema\/person\/5c39170f12db1b8b457732d0b5c854e2","name":"dmcsrbija.com@gmail.com","image":{"@type":"ImageObject","inLanguage":"en-GB","@id":"https:\/\/secure.gravatar.com\/avatar\/68592660ad6347fad0fb587f8d5d8f1a7b44961362f56e4f2cd524feb87e9069?s=96&d=mm&r=g","url":"https:\/\/secure.gravatar.com\/avatar\/68592660ad6347fad0fb587f8d5d8f1a7b44961362f56e4f2cd524feb87e9069?s=96&d=mm&r=g","contentUrl":"https:\/\/secure.gravatar.com\/avatar\/68592660ad6347fad0fb587f8d5d8f1a7b44961362f56e4f2cd524feb87e9069?s=96&d=mm&r=g","caption":"dmcsrbija.com@gmail.com"},"sameAs":["https:\/\/dmcsrb.com"],"url":"https:\/\/dmcsrb.com\/en\/author\/dmcsrbija-comgmail-com\/"}]}},"_links":{"self":[{"href":"https:\/\/dmcsrb.com\/en\/wp-json\/wp\/v2\/posts\/947544","targetHints":{"allow":["GET"]}}],"collection":[{"href":"https:\/\/dmcsrb.com\/en\/wp-json\/wp\/v2\/posts"}],"about":[{"href":"https:\/\/dmcsrb.com\/en\/wp-json\/wp\/v2\/types\/post"}],"author":[{"embeddable":true,"href":"https:\/\/dmcsrb.com\/en\/wp-json\/wp\/v2\/users\/1"}],"replies":[{"embeddable":true,"href":"https:\/\/dmcsrb.com\/en\/wp-json\/wp\/v2\/comments?post=947544"}],"version-history":[{"count":0,"href":"https:\/\/dmcsrb.com\/en\/wp-json\/wp\/v2\/posts\/947544\/revisions"}],"wp:featuredmedia":[{"embeddable":true,"href":"https:\/\/dmcsrb.com\/en\/wp-json\/wp\/v2\/media\/947545"}],"wp:attachment":[{"href":"https:\/\/dmcsrb.com\/en\/wp-json\/wp\/v2\/media?parent=947544"}],"wp:term":[{"taxonomy":"category","embeddable":true,"href":"https:\/\/dmcsrb.com\/en\/wp-json\/wp\/v2\/categories?post=947544"},{"taxonomy":"post_tag","embeddable":true,"href":"https:\/\/dmcsrb.com\/en\/wp-json\/wp\/v2\/tags?post=947544"},{"taxonomy":"naslovna","embeddable":true,"href":"https:\/\/dmcsrb.com\/en\/wp-json\/wp\/v2\/naslovna?post=947544"}],"curies":[{"name":"wp","href":"https:\/\/api.w.org\/{rel}","templated":true}]}}