{"id":947538,"date":"2025-08-21T14:49:00","date_gmt":"2025-08-21T12:49:00","guid":{"rendered":"https:\/\/dmcsrb.com\/uncategorized\/simonovic-uzivamo-u-radu-u-ekipi-vladaju-dobra-atmosfera-i-hemija\/"},"modified":"2025-08-21T14:49:00","modified_gmt":"2025-08-21T12:49:00","slug":"simonovic-uzivamo-u-radu-u-ekipi-vladaju-dobra-atmosfera-i-hemija","status":"publish","type":"post","link":"https:\/\/dmcsrb.com\/en\/sport\/simonovic-uzivamo-u-radu-u-ekipi-vladaju-dobra-atmosfera-i-hemija\/","title":{"rendered":"Simonovi\u0107: U\u017eivamo u radu, u ekipi vladaju dobra atmosfera i hemija"},"content":{"rendered":"<p>Uo\u010di nove sezone Sutjeska je dobila novog trenera \u2013 \u0161ef stru\u010dnog \u0161taba je postao Marko Simonovi\u0107, nekada\u0161nji reprezentativac Srbije, osvaja\u010d olimpijskog i svjetskog srebra, te biv\u0161i ko\u0161arka\u0161 Budu\u0107nosti, Crvene zvezde, Unikahe, Zenita, Cedevita-Olimpije&#8230;<\/p>\n\n\n\n<p>Simonovi\u0107 je okupio ekipu i krenuo sa radom, a prvi utisci su pozitivni.<\/p>\n\n\n\n<p>\u201eKrenuli smo da radimo, vladaju dobra atmosfera i hemija. Momci su do\u0161li spremni i motivisani. U\u017eivamo u radu. O\u010dekivanja su da damo maksimum na treninzima i utakmicama. Nadam se da \u0107e to ispratiti dobre igre i dobri rezultati. Samim tim, nadam se i da \u0107e publika to prepoznati i do\u0107i da nas bodri, jer nam zaista zna\u010di\u201c, poru\u010dio je Simonovi\u0107.<\/p>\n\n\n\n<p>Simonovi\u0107 je govorio i o ambicijama.<\/p>\n\n\n\n<p>\u201eSve je novo \u2013 nova ekipa i sistem. Momcima treba dati vremena i prostora, da se naviknu jedni na druge i na sistem. Da se uigramo. Razgovarao sam sa ljudima iz kluba. Najbitnije je da uspostavimo sistem, zdrave temelje. Siguran sam da momci tako razmi\u0161ljaju. I to je najbitnije. A onda \u0107e i rezultati do\u0107i. Da\u0107emo sve od sebe da tako bude.\u201c<\/p>\n\n\n\n<p>Zakazano je \u0161est kontrolnih utakmica. Prva je u subotu (18) u Nik\u0161i\u0107u protiv Radni\u010dkog iz Gora\u017eda, a onda slijede Leotar (6. septembar), Podgorica (10. septembar), SC Derbi (13. septembar), Jahorina (20. septembar) i Jedinstvo (26. septembar).<\/p>\n\n\n\n<p>\u201eMo\u017eda bude jo\u0161 kontrolnih utakmica. Nije lako na\u0107i adekvatnog protivnika\u201d, objasnio je Simonovi\u0107.<\/p>\n\n\n\n<p>U ABA2 ligi je od ove sezone novi format. Ekipa \u0107e igrati osam utakmica \u2013 \u010detiri kod ku\u0107e (MZT, Zlatibor, Jahorina i Sloboda iz Tuzle), a \u010detiri u gostima (\u0160iroki, Cibona, Student i Borac Banjaluka).<\/p>\n\n\n\n<p>\u201eNovi format. Izazovno je, zanimljivo, nemate pravo na kiks. Svaka pobjeda mo\u017ee da bude velika, a svaki poraz skupo da vas ko\u0161ta\u201c, objasnio je Simonovi\u0107.<\/p>\n\n\n\n<p>Simonovi\u0107 je trenersku karijeru po\u010deo u Crvenoj zvezdi, gdje je bio u stru\u010dnom \u0161tabu Vladimira Jovanovi\u0107a, a samostalno je vodio kragujeva\u010dki Radni\u010dki.<\/p>\n\n\n\n<p>\u201eZnao sam da \u0107u ovim koracima da krenem. Maksimalno sam motivisan i ambiciozan. Radimo i gradimo korak po korak. Poku\u0161avam da prenesem to \u0161to sam nau\u010dio od velikih trenera, sa kojima sam imao sre\u0107u da radim. Momci dobro upijaju. Ide sve dobro\u201c, poru\u010dio je Marko Simonovi\u0107.<\/p>","protected":false},"excerpt":{"rendered":"<p>Ko\u0161arka\u0161ki klub Sutjeska Elektroprivreda je po\u010deo pripreme za novu sezonu, u kojoj \u0107e su takmi\u010diti u Prvoj crngorskoj ligi i ABA2 ligi.<\/p>","protected":false},"author":1,"featured_media":947539,"comment_status":"open","ping_status":"open","sticky":false,"template":"","format":"standard","meta":{"_acf_changed":false,"footnotes":""},"categories":[148],"tags":[918,2738],"naslovna":[],"class_list":["post-947538","post","type-post","status-publish","format-standard","has-post-thumbnail","hentry","category-sport","tag-kk-sutjeska-elektroprivreda","tag-marko-simonovic"],"acf":[],"yoast_head":"<!-- This site is optimized with the Yoast SEO plugin v27.4 - https:\/\/yoast.com\/product\/yoast-seo-wordpress\/ -->\n<title>Simonovi\u0107: U\u017eivamo u radu, u ekipi vladaju dobra atmosfera i hemija - dmcsrb.com<\/title>\n<meta name=\"robots\" content=\"index, follow, max-snippet:-1, max-image-preview:large, max-video-preview:-1\" \/>\n<link rel=\"canonical\" href=\"https:\/\/dmcsrb.com\/en\/sport\/simonovic-uzivamo-u-radu-u-ekipi-vladaju-dobra-atmosfera-i-hemija\/\" \/>\n<meta property=\"og:locale\" content=\"en_GB\" \/>\n<meta property=\"og:type\" content=\"article\" \/>\n<meta property=\"og:title\" content=\"Simonovi\u0107: U\u017eivamo u radu, u ekipi vladaju dobra atmosfera i hemija - dmcsrb.com\" \/>\n<meta property=\"og:description\" content=\"Ko\u0161arka\u0161ki klub Sutjeska Elektroprivreda je po\u010deo pripreme za novu sezonu, u kojoj \u0107e su takmi\u010diti u Prvoj crngorskoj ligi i ABA2 ligi.\" \/>\n<meta property=\"og:url\" content=\"https:\/\/dmcsrb.com\/en\/sport\/simonovic-uzivamo-u-radu-u-ekipi-vladaju-dobra-atmosfera-i-hemija\/\" \/>\n<meta property=\"og:site_name\" content=\"dmcsrb.com\" \/>\n<meta property=\"article:published_time\" content=\"2025-08-21T12:49:00+00:00\" \/>\n<meta property=\"og:image\" content=\"https:\/\/dmcsrb.com\/wp-content\/uploads\/2026\/01\/Marko-Simonovic-KK-Sutjeska.webp\" \/>\n\t<meta property=\"og:image:width\" content=\"2048\" \/>\n\t<meta property=\"og:image:height\" content=\"1365\" \/>\n\t<meta property=\"og:image:type\" content=\"image\/jpeg\" \/>\n<meta name=\"author\" content=\"dmcsrbija.com@gmail.com\" \/>\n<meta name=\"twitter:card\" content=\"summary_large_image\" \/>\n<meta name=\"twitter:label1\" content=\"Written by\" \/>\n\t<meta name=\"twitter:data1\" content=\"dmcsrbija.com@gmail.com\" \/>\n\t<meta name=\"twitter:label2\" content=\"Estimated reading time\" \/>\n\t<meta name=\"twitter:data2\" content=\"2 minutes\" \/>\n<script type=\"application\/ld+json\" class=\"yoast-schema-graph\">{\"@context\":\"https:\\\/\\\/schema.org\",\"@graph\":[{\"@type\":\"Article\",\"@id\":\"https:\\\/\\\/dmcsrb.com\\\/sport\\\/simonovic-uzivamo-u-radu-u-ekipi-vladaju-dobra-atmosfera-i-hemija\\\/#article\",\"isPartOf\":{\"@id\":\"https:\\\/\\\/dmcsrb.com\\\/sport\\\/simonovic-uzivamo-u-radu-u-ekipi-vladaju-dobra-atmosfera-i-hemija\\\/\"},\"author\":{\"name\":\"dmcsrbija.com@gmail.com\",\"@id\":\"https:\\\/\\\/dmcsrb.com\\\/#\\\/schema\\\/person\\\/5c39170f12db1b8b457732d0b5c854e2\"},\"headline\":\"Simonovi\u0107: U\u017eivamo u radu, u ekipi vladaju dobra atmosfera i hemija\",\"datePublished\":\"2025-08-21T12:49:00+00:00\",\"mainEntityOfPage\":{\"@id\":\"https:\\\/\\\/dmcsrb.com\\\/sport\\\/simonovic-uzivamo-u-radu-u-ekipi-vladaju-dobra-atmosfera-i-hemija\\\/\"},\"wordCount\":387,\"commentCount\":0,\"image\":{\"@id\":\"https:\\\/\\\/dmcsrb.com\\\/sport\\\/simonovic-uzivamo-u-radu-u-ekipi-vladaju-dobra-atmosfera-i-hemija\\\/#primaryimage\"},\"thumbnailUrl\":\"https:\\\/\\\/dmcsrb.com\\\/wp-content\\\/uploads\\\/2026\\\/01\\\/Marko-Simonovic-KK-Sutjeska.webp\",\"keywords\":[\"KK Sutjeska Elektroprivreda\",\"Marko Simonovi\u0107\"],\"articleSection\":[\"Sport\"],\"inLanguage\":\"en-GB\",\"potentialAction\":[{\"@type\":\"CommentAction\",\"name\":\"Comment\",\"target\":[\"https:\\\/\\\/dmcsrb.com\\\/sport\\\/simonovic-uzivamo-u-radu-u-ekipi-vladaju-dobra-atmosfera-i-hemija\\\/#respond\"]}]},{\"@type\":\"WebPage\",\"@id\":\"https:\\\/\\\/dmcsrb.com\\\/sport\\\/simonovic-uzivamo-u-radu-u-ekipi-vladaju-dobra-atmosfera-i-hemija\\\/\",\"url\":\"https:\\\/\\\/dmcsrb.com\\\/sport\\\/simonovic-uzivamo-u-radu-u-ekipi-vladaju-dobra-atmosfera-i-hemija\\\/\",\"name\":\"Simonovi\u0107: U\u017eivamo u radu, u ekipi vladaju dobra atmosfera i hemija - dmcsrb.com\",\"isPartOf\":{\"@id\":\"https:\\\/\\\/dmcsrb.com\\\/#website\"},\"primaryImageOfPage\":{\"@id\":\"https:\\\/\\\/dmcsrb.com\\\/sport\\\/simonovic-uzivamo-u-radu-u-ekipi-vladaju-dobra-atmosfera-i-hemija\\\/#primaryimage\"},\"image\":{\"@id\":\"https:\\\/\\\/dmcsrb.com\\\/sport\\\/simonovic-uzivamo-u-radu-u-ekipi-vladaju-dobra-atmosfera-i-hemija\\\/#primaryimage\"},\"thumbnailUrl\":\"https:\\\/\\\/dmcsrb.com\\\/wp-content\\\/uploads\\\/2026\\\/01\\\/Marko-Simonovic-KK-Sutjeska.webp\",\"datePublished\":\"2025-08-21T12:49:00+00:00\",\"author\":{\"@id\":\"https:\\\/\\\/dmcsrb.com\\\/#\\\/schema\\\/person\\\/5c39170f12db1b8b457732d0b5c854e2\"},\"breadcrumb\":{\"@id\":\"https:\\\/\\\/dmcsrb.com\\\/sport\\\/simonovic-uzivamo-u-radu-u-ekipi-vladaju-dobra-atmosfera-i-hemija\\\/#breadcrumb\"},\"inLanguage\":\"en-GB\",\"potentialAction\":[{\"@type\":\"ReadAction\",\"target\":[\"https:\\\/\\\/dmcsrb.com\\\/sport\\\/simonovic-uzivamo-u-radu-u-ekipi-vladaju-dobra-atmosfera-i-hemija\\\/\"]}]},{\"@type\":\"ImageObject\",\"inLanguage\":\"en-GB\",\"@id\":\"https:\\\/\\\/dmcsrb.com\\\/sport\\\/simonovic-uzivamo-u-radu-u-ekipi-vladaju-dobra-atmosfera-i-hemija\\\/#primaryimage\",\"url\":\"https:\\\/\\\/dmcsrb.com\\\/wp-content\\\/uploads\\\/2026\\\/01\\\/Marko-Simonovic-KK-Sutjeska.webp\",\"contentUrl\":\"https:\\\/\\\/dmcsrb.com\\\/wp-content\\\/uploads\\\/2026\\\/01\\\/Marko-Simonovic-KK-Sutjeska.webp\",\"width\":2048,\"height\":1365},{\"@type\":\"BreadcrumbList\",\"@id\":\"https:\\\/\\\/dmcsrb.com\\\/sport\\\/simonovic-uzivamo-u-radu-u-ekipi-vladaju-dobra-atmosfera-i-hemija\\\/#breadcrumb\",\"itemListElement\":[{\"@type\":\"ListItem\",\"position\":1,\"name\":\"Home\",\"item\":\"https:\\\/\\\/dmcsrb.com\\\/\"},{\"@type\":\"ListItem\",\"position\":2,\"name\":\"Simonovi\u0107: U\u017eivamo u radu, u ekipi vladaju dobra atmosfera i hemija\"}]},{\"@type\":\"WebSite\",\"@id\":\"https:\\\/\\\/dmcsrb.com\\\/#website\",\"url\":\"https:\\\/\\\/dmcsrb.com\\\/\",\"name\":\"dmcsrb.com\",\"description\":\"\",\"potentialAction\":[{\"@type\":\"SearchAction\",\"target\":{\"@type\":\"EntryPoint\",\"urlTemplate\":\"https:\\\/\\\/dmcsrb.com\\\/?s={search_term_string}\"},\"query-input\":{\"@type\":\"PropertyValueSpecification\",\"valueRequired\":true,\"valueName\":\"search_term_string\"}}],\"inLanguage\":\"en-GB\"},{\"@type\":\"Person\",\"@id\":\"https:\\\/\\\/dmcsrb.com\\\/#\\\/schema\\\/person\\\/5c39170f12db1b8b457732d0b5c854e2\",\"name\":\"dmcsrbija.com@gmail.com\",\"image\":{\"@type\":\"ImageObject\",\"inLanguage\":\"en-GB\",\"@id\":\"https:\\\/\\\/secure.gravatar.com\\\/avatar\\\/68592660ad6347fad0fb587f8d5d8f1a7b44961362f56e4f2cd524feb87e9069?s=96&d=mm&r=g\",\"url\":\"https:\\\/\\\/secure.gravatar.com\\\/avatar\\\/68592660ad6347fad0fb587f8d5d8f1a7b44961362f56e4f2cd524feb87e9069?s=96&d=mm&r=g\",\"contentUrl\":\"https:\\\/\\\/secure.gravatar.com\\\/avatar\\\/68592660ad6347fad0fb587f8d5d8f1a7b44961362f56e4f2cd524feb87e9069?s=96&d=mm&r=g\",\"caption\":\"dmcsrbija.com@gmail.com\"},\"sameAs\":[\"https:\\\/\\\/dmcsrb.com\"],\"url\":\"https:\\\/\\\/dmcsrb.com\\\/en\\\/author\\\/dmcsrbija-comgmail-com\\\/\"}]}<\/script>\n<!-- \/ Yoast SEO plugin. -->","yoast_head_json":{"title":"Simonovi\u0107: U\u017eivamo u radu, u ekipi vladaju dobra atmosfera i hemija - dmcsrb.com","robots":{"index":"index","follow":"follow","max-snippet":"max-snippet:-1","max-image-preview":"max-image-preview:large","max-video-preview":"max-video-preview:-1"},"canonical":"https:\/\/dmcsrb.com\/en\/sport\/simonovic-uzivamo-u-radu-u-ekipi-vladaju-dobra-atmosfera-i-hemija\/","og_locale":"en_GB","og_type":"article","og_title":"Simonovi\u0107: U\u017eivamo u radu, u ekipi vladaju dobra atmosfera i hemija - dmcsrb.com","og_description":"Ko\u0161arka\u0161ki klub Sutjeska Elektroprivreda je po\u010deo pripreme za novu sezonu, u kojoj \u0107e su takmi\u010diti u Prvoj crngorskoj ligi i ABA2 ligi.","og_url":"https:\/\/dmcsrb.com\/en\/sport\/simonovic-uzivamo-u-radu-u-ekipi-vladaju-dobra-atmosfera-i-hemija\/","og_site_name":"dmcsrb.com","article_published_time":"2025-08-21T12:49:00+00:00","og_image":[{"width":2048,"height":1365,"url":"https:\/\/dmcsrb.com\/wp-content\/uploads\/2026\/01\/Marko-Simonovic-KK-Sutjeska.webp","type":"image\/jpeg"}],"author":"dmcsrbija.com@gmail.com","twitter_card":"summary_large_image","twitter_misc":{"Written by":"dmcsrbija.com@gmail.com","Estimated reading time":"2 minutes"},"schema":{"@context":"https:\/\/schema.org","@graph":[{"@type":"Article","@id":"https:\/\/dmcsrb.com\/sport\/simonovic-uzivamo-u-radu-u-ekipi-vladaju-dobra-atmosfera-i-hemija\/#article","isPartOf":{"@id":"https:\/\/dmcsrb.com\/sport\/simonovic-uzivamo-u-radu-u-ekipi-vladaju-dobra-atmosfera-i-hemija\/"},"author":{"name":"dmcsrbija.com@gmail.com","@id":"https:\/\/dmcsrb.com\/#\/schema\/person\/5c39170f12db1b8b457732d0b5c854e2"},"headline":"Simonovi\u0107: U\u017eivamo u radu, u ekipi vladaju dobra atmosfera i hemija","datePublished":"2025-08-21T12:49:00+00:00","mainEntityOfPage":{"@id":"https:\/\/dmcsrb.com\/sport\/simonovic-uzivamo-u-radu-u-ekipi-vladaju-dobra-atmosfera-i-hemija\/"},"wordCount":387,"commentCount":0,"image":{"@id":"https:\/\/dmcsrb.com\/sport\/simonovic-uzivamo-u-radu-u-ekipi-vladaju-dobra-atmosfera-i-hemija\/#primaryimage"},"thumbnailUrl":"https:\/\/dmcsrb.com\/wp-content\/uploads\/2026\/01\/Marko-Simonovic-KK-Sutjeska.webp","keywords":["KK Sutjeska Elektroprivreda","Marko Simonovi\u0107"],"articleSection":["Sport"],"inLanguage":"en-GB","potentialAction":[{"@type":"CommentAction","name":"Comment","target":["https:\/\/dmcsrb.com\/sport\/simonovic-uzivamo-u-radu-u-ekipi-vladaju-dobra-atmosfera-i-hemija\/#respond"]}]},{"@type":"WebPage","@id":"https:\/\/dmcsrb.com\/sport\/simonovic-uzivamo-u-radu-u-ekipi-vladaju-dobra-atmosfera-i-hemija\/","url":"https:\/\/dmcsrb.com\/sport\/simonovic-uzivamo-u-radu-u-ekipi-vladaju-dobra-atmosfera-i-hemija\/","name":"Simonovi\u0107: U\u017eivamo u radu, u ekipi vladaju dobra atmosfera i hemija - dmcsrb.com","isPartOf":{"@id":"https:\/\/dmcsrb.com\/#website"},"primaryImageOfPage":{"@id":"https:\/\/dmcsrb.com\/sport\/simonovic-uzivamo-u-radu-u-ekipi-vladaju-dobra-atmosfera-i-hemija\/#primaryimage"},"image":{"@id":"https:\/\/dmcsrb.com\/sport\/simonovic-uzivamo-u-radu-u-ekipi-vladaju-dobra-atmosfera-i-hemija\/#primaryimage"},"thumbnailUrl":"https:\/\/dmcsrb.com\/wp-content\/uploads\/2026\/01\/Marko-Simonovic-KK-Sutjeska.webp","datePublished":"2025-08-21T12:49:00+00:00","author":{"@id":"https:\/\/dmcsrb.com\/#\/schema\/person\/5c39170f12db1b8b457732d0b5c854e2"},"breadcrumb":{"@id":"https:\/\/dmcsrb.com\/sport\/simonovic-uzivamo-u-radu-u-ekipi-vladaju-dobra-atmosfera-i-hemija\/#breadcrumb"},"inLanguage":"en-GB","potentialAction":[{"@type":"ReadAction","target":["https:\/\/dmcsrb.com\/sport\/simonovic-uzivamo-u-radu-u-ekipi-vladaju-dobra-atmosfera-i-hemija\/"]}]},{"@type":"ImageObject","inLanguage":"en-GB","@id":"https:\/\/dmcsrb.com\/sport\/simonovic-uzivamo-u-radu-u-ekipi-vladaju-dobra-atmosfera-i-hemija\/#primaryimage","url":"https:\/\/dmcsrb.com\/wp-content\/uploads\/2026\/01\/Marko-Simonovic-KK-Sutjeska.webp","contentUrl":"https:\/\/dmcsrb.com\/wp-content\/uploads\/2026\/01\/Marko-Simonovic-KK-Sutjeska.webp","width":2048,"height":1365},{"@type":"BreadcrumbList","@id":"https:\/\/dmcsrb.com\/sport\/simonovic-uzivamo-u-radu-u-ekipi-vladaju-dobra-atmosfera-i-hemija\/#breadcrumb","itemListElement":[{"@type":"ListItem","position":1,"name":"Home","item":"https:\/\/dmcsrb.com\/"},{"@type":"ListItem","position":2,"name":"Simonovi\u0107: U\u017eivamo u radu, u ekipi vladaju dobra atmosfera i hemija"}]},{"@type":"WebSite","@id":"https:\/\/dmcsrb.com\/#website","url":"https:\/\/dmcsrb.com\/","name":"dmcsrb.com","description":"","potentialAction":[{"@type":"SearchAction","target":{"@type":"EntryPoint","urlTemplate":"https:\/\/dmcsrb.com\/?s={search_term_string}"},"query-input":{"@type":"PropertyValueSpecification","valueRequired":true,"valueName":"search_term_string"}}],"inLanguage":"en-GB"},{"@type":"Person","@id":"https:\/\/dmcsrb.com\/#\/schema\/person\/5c39170f12db1b8b457732d0b5c854e2","name":"dmcsrbija.com@gmail.com","image":{"@type":"ImageObject","inLanguage":"en-GB","@id":"https:\/\/secure.gravatar.com\/avatar\/68592660ad6347fad0fb587f8d5d8f1a7b44961362f56e4f2cd524feb87e9069?s=96&d=mm&r=g","url":"https:\/\/secure.gravatar.com\/avatar\/68592660ad6347fad0fb587f8d5d8f1a7b44961362f56e4f2cd524feb87e9069?s=96&d=mm&r=g","contentUrl":"https:\/\/secure.gravatar.com\/avatar\/68592660ad6347fad0fb587f8d5d8f1a7b44961362f56e4f2cd524feb87e9069?s=96&d=mm&r=g","caption":"dmcsrbija.com@gmail.com"},"sameAs":["https:\/\/dmcsrb.com"],"url":"https:\/\/dmcsrb.com\/en\/author\/dmcsrbija-comgmail-com\/"}]}},"_links":{"self":[{"href":"https:\/\/dmcsrb.com\/en\/wp-json\/wp\/v2\/posts\/947538","targetHints":{"allow":["GET"]}}],"collection":[{"href":"https:\/\/dmcsrb.com\/en\/wp-json\/wp\/v2\/posts"}],"about":[{"href":"https:\/\/dmcsrb.com\/en\/wp-json\/wp\/v2\/types\/post"}],"author":[{"embeddable":true,"href":"https:\/\/dmcsrb.com\/en\/wp-json\/wp\/v2\/users\/1"}],"replies":[{"embeddable":true,"href":"https:\/\/dmcsrb.com\/en\/wp-json\/wp\/v2\/comments?post=947538"}],"version-history":[{"count":0,"href":"https:\/\/dmcsrb.com\/en\/wp-json\/wp\/v2\/posts\/947538\/revisions"}],"wp:featuredmedia":[{"embeddable":true,"href":"https:\/\/dmcsrb.com\/en\/wp-json\/wp\/v2\/media\/947539"}],"wp:attachment":[{"href":"https:\/\/dmcsrb.com\/en\/wp-json\/wp\/v2\/media?parent=947538"}],"wp:term":[{"taxonomy":"category","embeddable":true,"href":"https:\/\/dmcsrb.com\/en\/wp-json\/wp\/v2\/categories?post=947538"},{"taxonomy":"post_tag","embeddable":true,"href":"https:\/\/dmcsrb.com\/en\/wp-json\/wp\/v2\/tags?post=947538"},{"taxonomy":"naslovna","embeddable":true,"href":"https:\/\/dmcsrb.com\/en\/wp-json\/wp\/v2\/naslovna?post=947538"}],"curies":[{"name":"wp","href":"https:\/\/api.w.org\/{rel}","templated":true}]}}