{"id":947532,"date":"2025-08-21T13:44:22","date_gmt":"2025-08-21T11:44:22","guid":{"rendered":"https:\/\/dmcsrb.com\/uncategorized\/tezak-poraz-mladjih-kadeta-od-sjeverne-makedonije-savic-bili-smo-nemocni\/"},"modified":"2025-08-21T13:44:22","modified_gmt":"2025-08-21T11:44:22","slug":"tezak-poraz-mladjih-kadeta-od-sjeverne-makedonije-savic-bili-smo-nemocni","status":"publish","type":"post","link":"https:\/\/dmcsrb.com\/en\/sport\/tezak-poraz-mladjih-kadeta-od-sjeverne-makedonije-savic-bili-smo-nemocni\/","title":{"rendered":"Te\u017eak poraz mla\u0111ih kadeta od Sjeverne Makedonije, Savi\u0107: Bili smo nemo\u0107ni"},"content":{"rendered":"<p>Doma\u0107in je u Ohridu slavio sa 5:0, uz \u010dak \u010detiri pogotka Medina Eminija. Jednom se u listu strijelaca upisao je Stefan Risti\u0107.<\/p>\n\n\n\n<p>&#8220;Iako smo znali da ispred nas imamo dobrog protivnika, ipak smo se nadali da mo\u017eemo da prariramo na pravi na\u010din. Me\u0111utim, momci koji su dobili poziv za ovaj dvome\u010d nisu bili na nivou da odgovore zahtjevima, bili smo nemo\u0107ni, a uz sve to, svaki gol smo primili nakon individulnih gre\u0161aka, \u0161to doma\u0107inu nije bilo te\u0161ko da iskoristi. Ove utakmice su nam, izme\u0111u ostalog, poslu\u017eile da vidimo neke nove igra\u010de koji su do\u0161li iz inostranstva, kao i nekolicinu mla\u0111ih&#8221;, rekao je selektor Vladan Savi\u0107.<\/p>","protected":false},"excerpt":{"rendered":"<p>Mla\u0111a kadetska fudbalska reprezentacija Crne Gore pora\u017eena je i u drugom prijateljskom duelu sa Sjevernom Makedonijom.<\/p>","protected":false},"author":1,"featured_media":947533,"comment_status":"open","ping_status":"open","sticky":false,"template":"","format":"standard","meta":{"_acf_changed":false,"footnotes":""},"categories":[148],"tags":[11645,17653,11591,11648],"naslovna":[],"class_list":["post-947532","post","type-post","status-publish","format-standard","has-post-thumbnail","hentry","category-sport","tag-mladja-kadetska-fudbalska-reprezentacija-crne-gore","tag-mladja-kadetska-fudbalska-reprezentacija-sjeverne-makedonije","tag-prijateljski-dvomec","tag-vladan-savic"],"acf":[],"yoast_head":"<!-- This site is optimized with the Yoast SEO plugin v27.4 - https:\/\/yoast.com\/product\/yoast-seo-wordpress\/ -->\n<title>Te\u017eak poraz mla\u0111ih kadeta od Sjeverne Makedonije, Savi\u0107: Bili smo nemo\u0107ni - dmcsrb.com<\/title>\n<meta name=\"robots\" content=\"index, follow, max-snippet:-1, max-image-preview:large, max-video-preview:-1\" \/>\n<link rel=\"canonical\" href=\"https:\/\/dmcsrb.com\/en\/sport\/tezak-poraz-mladjih-kadeta-od-sjeverne-makedonije-savic-bili-smo-nemocni\/\" \/>\n<meta property=\"og:locale\" content=\"en_GB\" \/>\n<meta property=\"og:type\" content=\"article\" \/>\n<meta property=\"og:title\" content=\"Te\u017eak poraz mla\u0111ih kadeta od Sjeverne Makedonije, Savi\u0107: Bili smo nemo\u0107ni - dmcsrb.com\" \/>\n<meta property=\"og:description\" content=\"Mla\u0111a kadetska fudbalska reprezentacija Crne Gore pora\u017eena je i u drugom prijateljskom duelu sa Sjevernom Makedonijom.\" \/>\n<meta property=\"og:url\" content=\"https:\/\/dmcsrb.com\/en\/sport\/tezak-poraz-mladjih-kadeta-od-sjeverne-makedonije-savic-bili-smo-nemocni\/\" \/>\n<meta property=\"og:site_name\" content=\"dmcsrb.com\" \/>\n<meta property=\"article:published_time\" content=\"2025-08-21T11:44:22+00:00\" \/>\n<meta property=\"og:image\" content=\"https:\/\/dmcsrb.com\/wp-content\/uploads\/2026\/01\/Mladji-kadeti-protiv-S.-Makedonije-FSCG.webp\" \/>\n\t<meta property=\"og:image:width\" content=\"1050\" \/>\n\t<meta property=\"og:image:height\" content=\"624\" \/>\n\t<meta property=\"og:image:type\" content=\"image\/jpeg\" \/>\n<meta name=\"author\" content=\"dmcsrbija.com@gmail.com\" \/>\n<meta name=\"twitter:card\" content=\"summary_large_image\" \/>\n<meta name=\"twitter:label1\" content=\"Written by\" \/>\n\t<meta name=\"twitter:data1\" content=\"dmcsrbija.com@gmail.com\" \/>\n\t<meta name=\"twitter:label2\" content=\"Estimated reading time\" \/>\n\t<meta name=\"twitter:data2\" content=\"1 minute\" \/>\n<script type=\"application\/ld+json\" class=\"yoast-schema-graph\">{\"@context\":\"https:\\\/\\\/schema.org\",\"@graph\":[{\"@type\":\"Article\",\"@id\":\"https:\\\/\\\/dmcsrb.com\\\/sport\\\/tezak-poraz-mladjih-kadeta-od-sjeverne-makedonije-savic-bili-smo-nemocni\\\/#article\",\"isPartOf\":{\"@id\":\"https:\\\/\\\/dmcsrb.com\\\/sport\\\/tezak-poraz-mladjih-kadeta-od-sjeverne-makedonije-savic-bili-smo-nemocni\\\/\"},\"author\":{\"name\":\"dmcsrbija.com@gmail.com\",\"@id\":\"https:\\\/\\\/dmcsrb.com\\\/#\\\/schema\\\/person\\\/5c39170f12db1b8b457732d0b5c854e2\"},\"headline\":\"Te\u017eak poraz mla\u0111ih kadeta od Sjeverne Makedonije, Savi\u0107: Bili smo nemo\u0107ni\",\"datePublished\":\"2025-08-21T11:44:22+00:00\",\"mainEntityOfPage\":{\"@id\":\"https:\\\/\\\/dmcsrb.com\\\/sport\\\/tezak-poraz-mladjih-kadeta-od-sjeverne-makedonije-savic-bili-smo-nemocni\\\/\"},\"wordCount\":131,\"commentCount\":0,\"image\":{\"@id\":\"https:\\\/\\\/dmcsrb.com\\\/sport\\\/tezak-poraz-mladjih-kadeta-od-sjeverne-makedonije-savic-bili-smo-nemocni\\\/#primaryimage\"},\"thumbnailUrl\":\"https:\\\/\\\/dmcsrb.com\\\/wp-content\\\/uploads\\\/2026\\\/01\\\/Mladji-kadeti-protiv-S.-Makedonije-FSCG.webp\",\"keywords\":[\"Mla\u0111a kadetska fudbalska reprezentacija Crne Gore\",\"Mla\u0111a kadetska fudbalska reprezentacija Sjeverne Makedonije\",\"prijateljski dvome\u010d\",\"Vladan Savi\u0107\"],\"articleSection\":[\"Sport\"],\"inLanguage\":\"en-GB\",\"potentialAction\":[{\"@type\":\"CommentAction\",\"name\":\"Comment\",\"target\":[\"https:\\\/\\\/dmcsrb.com\\\/sport\\\/tezak-poraz-mladjih-kadeta-od-sjeverne-makedonije-savic-bili-smo-nemocni\\\/#respond\"]}]},{\"@type\":\"WebPage\",\"@id\":\"https:\\\/\\\/dmcsrb.com\\\/sport\\\/tezak-poraz-mladjih-kadeta-od-sjeverne-makedonije-savic-bili-smo-nemocni\\\/\",\"url\":\"https:\\\/\\\/dmcsrb.com\\\/sport\\\/tezak-poraz-mladjih-kadeta-od-sjeverne-makedonije-savic-bili-smo-nemocni\\\/\",\"name\":\"Te\u017eak poraz mla\u0111ih kadeta od Sjeverne Makedonije, Savi\u0107: Bili smo nemo\u0107ni - dmcsrb.com\",\"isPartOf\":{\"@id\":\"https:\\\/\\\/dmcsrb.com\\\/#website\"},\"primaryImageOfPage\":{\"@id\":\"https:\\\/\\\/dmcsrb.com\\\/sport\\\/tezak-poraz-mladjih-kadeta-od-sjeverne-makedonije-savic-bili-smo-nemocni\\\/#primaryimage\"},\"image\":{\"@id\":\"https:\\\/\\\/dmcsrb.com\\\/sport\\\/tezak-poraz-mladjih-kadeta-od-sjeverne-makedonije-savic-bili-smo-nemocni\\\/#primaryimage\"},\"thumbnailUrl\":\"https:\\\/\\\/dmcsrb.com\\\/wp-content\\\/uploads\\\/2026\\\/01\\\/Mladji-kadeti-protiv-S.-Makedonije-FSCG.webp\",\"datePublished\":\"2025-08-21T11:44:22+00:00\",\"author\":{\"@id\":\"https:\\\/\\\/dmcsrb.com\\\/#\\\/schema\\\/person\\\/5c39170f12db1b8b457732d0b5c854e2\"},\"breadcrumb\":{\"@id\":\"https:\\\/\\\/dmcsrb.com\\\/sport\\\/tezak-poraz-mladjih-kadeta-od-sjeverne-makedonije-savic-bili-smo-nemocni\\\/#breadcrumb\"},\"inLanguage\":\"en-GB\",\"potentialAction\":[{\"@type\":\"ReadAction\",\"target\":[\"https:\\\/\\\/dmcsrb.com\\\/sport\\\/tezak-poraz-mladjih-kadeta-od-sjeverne-makedonije-savic-bili-smo-nemocni\\\/\"]}]},{\"@type\":\"ImageObject\",\"inLanguage\":\"en-GB\",\"@id\":\"https:\\\/\\\/dmcsrb.com\\\/sport\\\/tezak-poraz-mladjih-kadeta-od-sjeverne-makedonije-savic-bili-smo-nemocni\\\/#primaryimage\",\"url\":\"https:\\\/\\\/dmcsrb.com\\\/wp-content\\\/uploads\\\/2026\\\/01\\\/Mladji-kadeti-protiv-S.-Makedonije-FSCG.webp\",\"contentUrl\":\"https:\\\/\\\/dmcsrb.com\\\/wp-content\\\/uploads\\\/2026\\\/01\\\/Mladji-kadeti-protiv-S.-Makedonije-FSCG.webp\",\"width\":1050,\"height\":624},{\"@type\":\"BreadcrumbList\",\"@id\":\"https:\\\/\\\/dmcsrb.com\\\/sport\\\/tezak-poraz-mladjih-kadeta-od-sjeverne-makedonije-savic-bili-smo-nemocni\\\/#breadcrumb\",\"itemListElement\":[{\"@type\":\"ListItem\",\"position\":1,\"name\":\"Home\",\"item\":\"https:\\\/\\\/dmcsrb.com\\\/\"},{\"@type\":\"ListItem\",\"position\":2,\"name\":\"Te\u017eak poraz mla\u0111ih kadeta od Sjeverne Makedonije, Savi\u0107: Bili smo nemo\u0107ni\"}]},{\"@type\":\"WebSite\",\"@id\":\"https:\\\/\\\/dmcsrb.com\\\/#website\",\"url\":\"https:\\\/\\\/dmcsrb.com\\\/\",\"name\":\"dmcsrb.com\",\"description\":\"\",\"potentialAction\":[{\"@type\":\"SearchAction\",\"target\":{\"@type\":\"EntryPoint\",\"urlTemplate\":\"https:\\\/\\\/dmcsrb.com\\\/?s={search_term_string}\"},\"query-input\":{\"@type\":\"PropertyValueSpecification\",\"valueRequired\":true,\"valueName\":\"search_term_string\"}}],\"inLanguage\":\"en-GB\"},{\"@type\":\"Person\",\"@id\":\"https:\\\/\\\/dmcsrb.com\\\/#\\\/schema\\\/person\\\/5c39170f12db1b8b457732d0b5c854e2\",\"name\":\"dmcsrbija.com@gmail.com\",\"image\":{\"@type\":\"ImageObject\",\"inLanguage\":\"en-GB\",\"@id\":\"https:\\\/\\\/secure.gravatar.com\\\/avatar\\\/68592660ad6347fad0fb587f8d5d8f1a7b44961362f56e4f2cd524feb87e9069?s=96&d=mm&r=g\",\"url\":\"https:\\\/\\\/secure.gravatar.com\\\/avatar\\\/68592660ad6347fad0fb587f8d5d8f1a7b44961362f56e4f2cd524feb87e9069?s=96&d=mm&r=g\",\"contentUrl\":\"https:\\\/\\\/secure.gravatar.com\\\/avatar\\\/68592660ad6347fad0fb587f8d5d8f1a7b44961362f56e4f2cd524feb87e9069?s=96&d=mm&r=g\",\"caption\":\"dmcsrbija.com@gmail.com\"},\"sameAs\":[\"https:\\\/\\\/dmcsrb.com\"],\"url\":\"https:\\\/\\\/dmcsrb.com\\\/en\\\/author\\\/dmcsrbija-comgmail-com\\\/\"}]}<\/script>\n<!-- \/ Yoast SEO plugin. -->","yoast_head_json":{"title":"Te\u017eak poraz mla\u0111ih kadeta od Sjeverne Makedonije, Savi\u0107: Bili smo nemo\u0107ni - dmcsrb.com","robots":{"index":"index","follow":"follow","max-snippet":"max-snippet:-1","max-image-preview":"max-image-preview:large","max-video-preview":"max-video-preview:-1"},"canonical":"https:\/\/dmcsrb.com\/en\/sport\/tezak-poraz-mladjih-kadeta-od-sjeverne-makedonije-savic-bili-smo-nemocni\/","og_locale":"en_GB","og_type":"article","og_title":"Te\u017eak poraz mla\u0111ih kadeta od Sjeverne Makedonije, Savi\u0107: Bili smo nemo\u0107ni - dmcsrb.com","og_description":"Mla\u0111a kadetska fudbalska reprezentacija Crne Gore pora\u017eena je i u drugom prijateljskom duelu sa Sjevernom Makedonijom.","og_url":"https:\/\/dmcsrb.com\/en\/sport\/tezak-poraz-mladjih-kadeta-od-sjeverne-makedonije-savic-bili-smo-nemocni\/","og_site_name":"dmcsrb.com","article_published_time":"2025-08-21T11:44:22+00:00","og_image":[{"width":1050,"height":624,"url":"https:\/\/dmcsrb.com\/wp-content\/uploads\/2026\/01\/Mladji-kadeti-protiv-S.-Makedonije-FSCG.webp","type":"image\/jpeg"}],"author":"dmcsrbija.com@gmail.com","twitter_card":"summary_large_image","twitter_misc":{"Written by":"dmcsrbija.com@gmail.com","Estimated reading time":"1 minute"},"schema":{"@context":"https:\/\/schema.org","@graph":[{"@type":"Article","@id":"https:\/\/dmcsrb.com\/sport\/tezak-poraz-mladjih-kadeta-od-sjeverne-makedonije-savic-bili-smo-nemocni\/#article","isPartOf":{"@id":"https:\/\/dmcsrb.com\/sport\/tezak-poraz-mladjih-kadeta-od-sjeverne-makedonije-savic-bili-smo-nemocni\/"},"author":{"name":"dmcsrbija.com@gmail.com","@id":"https:\/\/dmcsrb.com\/#\/schema\/person\/5c39170f12db1b8b457732d0b5c854e2"},"headline":"Te\u017eak poraz mla\u0111ih kadeta od Sjeverne Makedonije, Savi\u0107: Bili smo nemo\u0107ni","datePublished":"2025-08-21T11:44:22+00:00","mainEntityOfPage":{"@id":"https:\/\/dmcsrb.com\/sport\/tezak-poraz-mladjih-kadeta-od-sjeverne-makedonije-savic-bili-smo-nemocni\/"},"wordCount":131,"commentCount":0,"image":{"@id":"https:\/\/dmcsrb.com\/sport\/tezak-poraz-mladjih-kadeta-od-sjeverne-makedonije-savic-bili-smo-nemocni\/#primaryimage"},"thumbnailUrl":"https:\/\/dmcsrb.com\/wp-content\/uploads\/2026\/01\/Mladji-kadeti-protiv-S.-Makedonije-FSCG.webp","keywords":["Mla\u0111a kadetska fudbalska reprezentacija Crne Gore","Mla\u0111a kadetska fudbalska reprezentacija Sjeverne Makedonije","prijateljski dvome\u010d","Vladan Savi\u0107"],"articleSection":["Sport"],"inLanguage":"en-GB","potentialAction":[{"@type":"CommentAction","name":"Comment","target":["https:\/\/dmcsrb.com\/sport\/tezak-poraz-mladjih-kadeta-od-sjeverne-makedonije-savic-bili-smo-nemocni\/#respond"]}]},{"@type":"WebPage","@id":"https:\/\/dmcsrb.com\/sport\/tezak-poraz-mladjih-kadeta-od-sjeverne-makedonije-savic-bili-smo-nemocni\/","url":"https:\/\/dmcsrb.com\/sport\/tezak-poraz-mladjih-kadeta-od-sjeverne-makedonije-savic-bili-smo-nemocni\/","name":"Te\u017eak poraz mla\u0111ih kadeta od Sjeverne Makedonije, Savi\u0107: Bili smo nemo\u0107ni - dmcsrb.com","isPartOf":{"@id":"https:\/\/dmcsrb.com\/#website"},"primaryImageOfPage":{"@id":"https:\/\/dmcsrb.com\/sport\/tezak-poraz-mladjih-kadeta-od-sjeverne-makedonije-savic-bili-smo-nemocni\/#primaryimage"},"image":{"@id":"https:\/\/dmcsrb.com\/sport\/tezak-poraz-mladjih-kadeta-od-sjeverne-makedonije-savic-bili-smo-nemocni\/#primaryimage"},"thumbnailUrl":"https:\/\/dmcsrb.com\/wp-content\/uploads\/2026\/01\/Mladji-kadeti-protiv-S.-Makedonije-FSCG.webp","datePublished":"2025-08-21T11:44:22+00:00","author":{"@id":"https:\/\/dmcsrb.com\/#\/schema\/person\/5c39170f12db1b8b457732d0b5c854e2"},"breadcrumb":{"@id":"https:\/\/dmcsrb.com\/sport\/tezak-poraz-mladjih-kadeta-od-sjeverne-makedonije-savic-bili-smo-nemocni\/#breadcrumb"},"inLanguage":"en-GB","potentialAction":[{"@type":"ReadAction","target":["https:\/\/dmcsrb.com\/sport\/tezak-poraz-mladjih-kadeta-od-sjeverne-makedonije-savic-bili-smo-nemocni\/"]}]},{"@type":"ImageObject","inLanguage":"en-GB","@id":"https:\/\/dmcsrb.com\/sport\/tezak-poraz-mladjih-kadeta-od-sjeverne-makedonije-savic-bili-smo-nemocni\/#primaryimage","url":"https:\/\/dmcsrb.com\/wp-content\/uploads\/2026\/01\/Mladji-kadeti-protiv-S.-Makedonije-FSCG.webp","contentUrl":"https:\/\/dmcsrb.com\/wp-content\/uploads\/2026\/01\/Mladji-kadeti-protiv-S.-Makedonije-FSCG.webp","width":1050,"height":624},{"@type":"BreadcrumbList","@id":"https:\/\/dmcsrb.com\/sport\/tezak-poraz-mladjih-kadeta-od-sjeverne-makedonije-savic-bili-smo-nemocni\/#breadcrumb","itemListElement":[{"@type":"ListItem","position":1,"name":"Home","item":"https:\/\/dmcsrb.com\/"},{"@type":"ListItem","position":2,"name":"Te\u017eak poraz mla\u0111ih kadeta od Sjeverne Makedonije, Savi\u0107: Bili smo nemo\u0107ni"}]},{"@type":"WebSite","@id":"https:\/\/dmcsrb.com\/#website","url":"https:\/\/dmcsrb.com\/","name":"dmcsrb.com","description":"","potentialAction":[{"@type":"SearchAction","target":{"@type":"EntryPoint","urlTemplate":"https:\/\/dmcsrb.com\/?s={search_term_string}"},"query-input":{"@type":"PropertyValueSpecification","valueRequired":true,"valueName":"search_term_string"}}],"inLanguage":"en-GB"},{"@type":"Person","@id":"https:\/\/dmcsrb.com\/#\/schema\/person\/5c39170f12db1b8b457732d0b5c854e2","name":"dmcsrbija.com@gmail.com","image":{"@type":"ImageObject","inLanguage":"en-GB","@id":"https:\/\/secure.gravatar.com\/avatar\/68592660ad6347fad0fb587f8d5d8f1a7b44961362f56e4f2cd524feb87e9069?s=96&d=mm&r=g","url":"https:\/\/secure.gravatar.com\/avatar\/68592660ad6347fad0fb587f8d5d8f1a7b44961362f56e4f2cd524feb87e9069?s=96&d=mm&r=g","contentUrl":"https:\/\/secure.gravatar.com\/avatar\/68592660ad6347fad0fb587f8d5d8f1a7b44961362f56e4f2cd524feb87e9069?s=96&d=mm&r=g","caption":"dmcsrbija.com@gmail.com"},"sameAs":["https:\/\/dmcsrb.com"],"url":"https:\/\/dmcsrb.com\/en\/author\/dmcsrbija-comgmail-com\/"}]}},"_links":{"self":[{"href":"https:\/\/dmcsrb.com\/en\/wp-json\/wp\/v2\/posts\/947532","targetHints":{"allow":["GET"]}}],"collection":[{"href":"https:\/\/dmcsrb.com\/en\/wp-json\/wp\/v2\/posts"}],"about":[{"href":"https:\/\/dmcsrb.com\/en\/wp-json\/wp\/v2\/types\/post"}],"author":[{"embeddable":true,"href":"https:\/\/dmcsrb.com\/en\/wp-json\/wp\/v2\/users\/1"}],"replies":[{"embeddable":true,"href":"https:\/\/dmcsrb.com\/en\/wp-json\/wp\/v2\/comments?post=947532"}],"version-history":[{"count":0,"href":"https:\/\/dmcsrb.com\/en\/wp-json\/wp\/v2\/posts\/947532\/revisions"}],"wp:featuredmedia":[{"embeddable":true,"href":"https:\/\/dmcsrb.com\/en\/wp-json\/wp\/v2\/media\/947533"}],"wp:attachment":[{"href":"https:\/\/dmcsrb.com\/en\/wp-json\/wp\/v2\/media?parent=947532"}],"wp:term":[{"taxonomy":"category","embeddable":true,"href":"https:\/\/dmcsrb.com\/en\/wp-json\/wp\/v2\/categories?post=947532"},{"taxonomy":"post_tag","embeddable":true,"href":"https:\/\/dmcsrb.com\/en\/wp-json\/wp\/v2\/tags?post=947532"},{"taxonomy":"naslovna","embeddable":true,"href":"https:\/\/dmcsrb.com\/en\/wp-json\/wp\/v2\/naslovna?post=947532"}],"curies":[{"name":"wp","href":"https:\/\/api.w.org\/{rel}","templated":true}]}}