{"id":947486,"date":"2025-08-21T11:20:00","date_gmt":"2025-08-21T09:20:00","guid":{"rendered":"https:\/\/dmcsrb.com\/uncategorized\/kamenovan-autobus-sa-srpskim-turistima-u-grckoj-troje-lakse-povrijedjeno\/"},"modified":"2025-08-21T11:20:00","modified_gmt":"2025-08-21T09:20:00","slug":"kamenovan-autobus-sa-srpskim-turistima-u-grckoj-troje-lakse-povrijedjeno","status":"publish","type":"post","link":"https:\/\/dmcsrb.com\/en\/region\/kamenovan-autobus-sa-srpskim-turistima-u-grckoj-troje-lakse-povrijedjeno\/","title":{"rendered":"Kamenovan autobus sa srpskim turistima u Gr\u010dkoj, troje lak\u0161e povrije\u0111eno"},"content":{"rendered":"<p>Autobus koji je prevozio 38 srpskih turista napadnut je kamenicama sino\u0107 na auto-putu Egnatija, u blizini izlaza za stari dr\u017eavni put Solun\u2013Verija u Gr\u010dkoj<\/p>\n\n\n\n<p>Prema navodima policijskog izvje\u0161taja, incident su izazvale \u010detiri osobe, najvjerovatnije maloljetnici, pi\u0161e Prototema.U napadu na autobus pun srpskih turista koji su se vra\u0107ali sa odmora, kamenicama je razbijeno nekoliko prozora. Lak\u0161e povrede zadobila su dva putnika i jedan od voza\u010da, prenosi Katimerini.<\/p>","protected":false},"excerpt":{"rendered":"<p>Policija je privela dvije osobe u vezi sa incidentom, ali za sada nijesu prona\u0111eni dokazi protiv njih, pa su pu\u0161teni na slobodu.<\/p>","protected":false},"author":1,"featured_media":947487,"comment_status":"open","ping_status":"open","sticky":false,"template":"","format":"standard","meta":{"_acf_changed":false,"footnotes":""},"categories":[103],"tags":[4778,1886,18049],"naslovna":[],"class_list":["post-947486","post","type-post","status-publish","format-standard","has-post-thumbnail","hentry","category-region","tag-autobus","tag-grcka","tag-srpski-turisti"],"acf":[],"yoast_head":"<!-- This site is optimized with the Yoast SEO plugin v27.4 - https:\/\/yoast.com\/product\/yoast-seo-wordpress\/ -->\n<title>Kamenovan autobus sa srpskim turistima u Gr\u010dkoj, troje lak\u0161e povrije\u0111eno - dmcsrb.com<\/title>\n<meta name=\"robots\" content=\"index, follow, max-snippet:-1, max-image-preview:large, max-video-preview:-1\" \/>\n<link rel=\"canonical\" href=\"https:\/\/dmcsrb.com\/en\/region\/kamenovan-autobus-sa-srpskim-turistima-u-grckoj-troje-lakse-povrijedjeno\/\" \/>\n<meta property=\"og:locale\" content=\"en_GB\" \/>\n<meta property=\"og:type\" content=\"article\" \/>\n<meta property=\"og:title\" content=\"Kamenovan autobus sa srpskim turistima u Gr\u010dkoj, troje lak\u0161e povrije\u0111eno - dmcsrb.com\" \/>\n<meta property=\"og:description\" content=\"Policija je privela dvije osobe u vezi sa incidentom, ali za sada nijesu prona\u0111eni dokazi protiv njih, pa su pu\u0161teni na slobodu.\" \/>\n<meta property=\"og:url\" content=\"https:\/\/dmcsrb.com\/en\/region\/kamenovan-autobus-sa-srpskim-turistima-u-grckoj-troje-lakse-povrijedjeno\/\" \/>\n<meta property=\"og:site_name\" content=\"dmcsrb.com\" \/>\n<meta property=\"article:published_time\" content=\"2025-08-21T09:20:00+00:00\" \/>\n<meta property=\"og:image\" content=\"https:\/\/dmcsrb.com\/wp-content\/uploads\/2026\/01\/kamenovan-autobus.webp\" \/>\n\t<meta property=\"og:image:width\" content=\"611\" \/>\n\t<meta property=\"og:image:height\" content=\"392\" \/>\n\t<meta property=\"og:image:type\" content=\"image\/webp\" \/>\n<meta name=\"author\" content=\"dmcsrbija.com@gmail.com\" \/>\n<meta name=\"twitter:card\" content=\"summary_large_image\" \/>\n<meta name=\"twitter:label1\" content=\"Written by\" \/>\n\t<meta name=\"twitter:data1\" content=\"dmcsrbija.com@gmail.com\" \/>\n<script type=\"application\/ld+json\" class=\"yoast-schema-graph\">{\"@context\":\"https:\\\/\\\/schema.org\",\"@graph\":[{\"@type\":\"Article\",\"@id\":\"https:\\\/\\\/dmcsrb.com\\\/region\\\/kamenovan-autobus-sa-srpskim-turistima-u-grckoj-troje-lakse-povrijedjeno\\\/#article\",\"isPartOf\":{\"@id\":\"https:\\\/\\\/dmcsrb.com\\\/region\\\/kamenovan-autobus-sa-srpskim-turistima-u-grckoj-troje-lakse-povrijedjeno\\\/\"},\"author\":{\"name\":\"dmcsrbija.com@gmail.com\",\"@id\":\"https:\\\/\\\/dmcsrb.com\\\/#\\\/schema\\\/person\\\/5c39170f12db1b8b457732d0b5c854e2\"},\"headline\":\"Kamenovan autobus sa srpskim turistima u Gr\u010dkoj, troje lak\u0161e povrije\u0111eno\",\"datePublished\":\"2025-08-21T09:20:00+00:00\",\"mainEntityOfPage\":{\"@id\":\"https:\\\/\\\/dmcsrb.com\\\/region\\\/kamenovan-autobus-sa-srpskim-turistima-u-grckoj-troje-lakse-povrijedjeno\\\/\"},\"wordCount\":87,\"commentCount\":0,\"image\":{\"@id\":\"https:\\\/\\\/dmcsrb.com\\\/region\\\/kamenovan-autobus-sa-srpskim-turistima-u-grckoj-troje-lakse-povrijedjeno\\\/#primaryimage\"},\"thumbnailUrl\":\"https:\\\/\\\/dmcsrb.com\\\/wp-content\\\/uploads\\\/2026\\\/01\\\/kamenovan-autobus.webp\",\"keywords\":[\"Autobus\",\"Gr\u010dka\",\"srpski turisti\"],\"articleSection\":[\"Region\"],\"inLanguage\":\"en-GB\",\"potentialAction\":[{\"@type\":\"CommentAction\",\"name\":\"Comment\",\"target\":[\"https:\\\/\\\/dmcsrb.com\\\/region\\\/kamenovan-autobus-sa-srpskim-turistima-u-grckoj-troje-lakse-povrijedjeno\\\/#respond\"]}]},{\"@type\":\"WebPage\",\"@id\":\"https:\\\/\\\/dmcsrb.com\\\/region\\\/kamenovan-autobus-sa-srpskim-turistima-u-grckoj-troje-lakse-povrijedjeno\\\/\",\"url\":\"https:\\\/\\\/dmcsrb.com\\\/region\\\/kamenovan-autobus-sa-srpskim-turistima-u-grckoj-troje-lakse-povrijedjeno\\\/\",\"name\":\"Kamenovan autobus sa srpskim turistima u Gr\u010dkoj, troje lak\u0161e povrije\u0111eno - dmcsrb.com\",\"isPartOf\":{\"@id\":\"https:\\\/\\\/dmcsrb.com\\\/#website\"},\"primaryImageOfPage\":{\"@id\":\"https:\\\/\\\/dmcsrb.com\\\/region\\\/kamenovan-autobus-sa-srpskim-turistima-u-grckoj-troje-lakse-povrijedjeno\\\/#primaryimage\"},\"image\":{\"@id\":\"https:\\\/\\\/dmcsrb.com\\\/region\\\/kamenovan-autobus-sa-srpskim-turistima-u-grckoj-troje-lakse-povrijedjeno\\\/#primaryimage\"},\"thumbnailUrl\":\"https:\\\/\\\/dmcsrb.com\\\/wp-content\\\/uploads\\\/2026\\\/01\\\/kamenovan-autobus.webp\",\"datePublished\":\"2025-08-21T09:20:00+00:00\",\"author\":{\"@id\":\"https:\\\/\\\/dmcsrb.com\\\/#\\\/schema\\\/person\\\/5c39170f12db1b8b457732d0b5c854e2\"},\"breadcrumb\":{\"@id\":\"https:\\\/\\\/dmcsrb.com\\\/region\\\/kamenovan-autobus-sa-srpskim-turistima-u-grckoj-troje-lakse-povrijedjeno\\\/#breadcrumb\"},\"inLanguage\":\"en-GB\",\"potentialAction\":[{\"@type\":\"ReadAction\",\"target\":[\"https:\\\/\\\/dmcsrb.com\\\/region\\\/kamenovan-autobus-sa-srpskim-turistima-u-grckoj-troje-lakse-povrijedjeno\\\/\"]}]},{\"@type\":\"ImageObject\",\"inLanguage\":\"en-GB\",\"@id\":\"https:\\\/\\\/dmcsrb.com\\\/region\\\/kamenovan-autobus-sa-srpskim-turistima-u-grckoj-troje-lakse-povrijedjeno\\\/#primaryimage\",\"url\":\"https:\\\/\\\/dmcsrb.com\\\/wp-content\\\/uploads\\\/2026\\\/01\\\/kamenovan-autobus.webp\",\"contentUrl\":\"https:\\\/\\\/dmcsrb.com\\\/wp-content\\\/uploads\\\/2026\\\/01\\\/kamenovan-autobus.webp\",\"width\":611,\"height\":392},{\"@type\":\"BreadcrumbList\",\"@id\":\"https:\\\/\\\/dmcsrb.com\\\/region\\\/kamenovan-autobus-sa-srpskim-turistima-u-grckoj-troje-lakse-povrijedjeno\\\/#breadcrumb\",\"itemListElement\":[{\"@type\":\"ListItem\",\"position\":1,\"name\":\"Home\",\"item\":\"https:\\\/\\\/dmcsrb.com\\\/\"},{\"@type\":\"ListItem\",\"position\":2,\"name\":\"Kamenovan autobus sa srpskim turistima u Gr\u010dkoj, troje lak\u0161e povrije\u0111eno\"}]},{\"@type\":\"WebSite\",\"@id\":\"https:\\\/\\\/dmcsrb.com\\\/#website\",\"url\":\"https:\\\/\\\/dmcsrb.com\\\/\",\"name\":\"dmcsrb.com\",\"description\":\"\",\"potentialAction\":[{\"@type\":\"SearchAction\",\"target\":{\"@type\":\"EntryPoint\",\"urlTemplate\":\"https:\\\/\\\/dmcsrb.com\\\/?s={search_term_string}\"},\"query-input\":{\"@type\":\"PropertyValueSpecification\",\"valueRequired\":true,\"valueName\":\"search_term_string\"}}],\"inLanguage\":\"en-GB\"},{\"@type\":\"Person\",\"@id\":\"https:\\\/\\\/dmcsrb.com\\\/#\\\/schema\\\/person\\\/5c39170f12db1b8b457732d0b5c854e2\",\"name\":\"dmcsrbija.com@gmail.com\",\"image\":{\"@type\":\"ImageObject\",\"inLanguage\":\"en-GB\",\"@id\":\"https:\\\/\\\/secure.gravatar.com\\\/avatar\\\/68592660ad6347fad0fb587f8d5d8f1a7b44961362f56e4f2cd524feb87e9069?s=96&d=mm&r=g\",\"url\":\"https:\\\/\\\/secure.gravatar.com\\\/avatar\\\/68592660ad6347fad0fb587f8d5d8f1a7b44961362f56e4f2cd524feb87e9069?s=96&d=mm&r=g\",\"contentUrl\":\"https:\\\/\\\/secure.gravatar.com\\\/avatar\\\/68592660ad6347fad0fb587f8d5d8f1a7b44961362f56e4f2cd524feb87e9069?s=96&d=mm&r=g\",\"caption\":\"dmcsrbija.com@gmail.com\"},\"sameAs\":[\"https:\\\/\\\/dmcsrb.com\"],\"url\":\"https:\\\/\\\/dmcsrb.com\\\/en\\\/author\\\/dmcsrbija-comgmail-com\\\/\"}]}<\/script>\n<!-- \/ Yoast SEO plugin. -->","yoast_head_json":{"title":"Kamenovan autobus sa srpskim turistima u Gr\u010dkoj, troje lak\u0161e povrije\u0111eno - dmcsrb.com","robots":{"index":"index","follow":"follow","max-snippet":"max-snippet:-1","max-image-preview":"max-image-preview:large","max-video-preview":"max-video-preview:-1"},"canonical":"https:\/\/dmcsrb.com\/en\/region\/kamenovan-autobus-sa-srpskim-turistima-u-grckoj-troje-lakse-povrijedjeno\/","og_locale":"en_GB","og_type":"article","og_title":"Kamenovan autobus sa srpskim turistima u Gr\u010dkoj, troje lak\u0161e povrije\u0111eno - dmcsrb.com","og_description":"Policija je privela dvije osobe u vezi sa incidentom, ali za sada nijesu prona\u0111eni dokazi protiv njih, pa su pu\u0161teni na slobodu.","og_url":"https:\/\/dmcsrb.com\/en\/region\/kamenovan-autobus-sa-srpskim-turistima-u-grckoj-troje-lakse-povrijedjeno\/","og_site_name":"dmcsrb.com","article_published_time":"2025-08-21T09:20:00+00:00","og_image":[{"width":611,"height":392,"url":"https:\/\/dmcsrb.com\/wp-content\/uploads\/2026\/01\/kamenovan-autobus.webp","type":"image\/webp"}],"author":"dmcsrbija.com@gmail.com","twitter_card":"summary_large_image","twitter_misc":{"Written by":"dmcsrbija.com@gmail.com"},"schema":{"@context":"https:\/\/schema.org","@graph":[{"@type":"Article","@id":"https:\/\/dmcsrb.com\/region\/kamenovan-autobus-sa-srpskim-turistima-u-grckoj-troje-lakse-povrijedjeno\/#article","isPartOf":{"@id":"https:\/\/dmcsrb.com\/region\/kamenovan-autobus-sa-srpskim-turistima-u-grckoj-troje-lakse-povrijedjeno\/"},"author":{"name":"dmcsrbija.com@gmail.com","@id":"https:\/\/dmcsrb.com\/#\/schema\/person\/5c39170f12db1b8b457732d0b5c854e2"},"headline":"Kamenovan autobus sa srpskim turistima u Gr\u010dkoj, troje lak\u0161e povrije\u0111eno","datePublished":"2025-08-21T09:20:00+00:00","mainEntityOfPage":{"@id":"https:\/\/dmcsrb.com\/region\/kamenovan-autobus-sa-srpskim-turistima-u-grckoj-troje-lakse-povrijedjeno\/"},"wordCount":87,"commentCount":0,"image":{"@id":"https:\/\/dmcsrb.com\/region\/kamenovan-autobus-sa-srpskim-turistima-u-grckoj-troje-lakse-povrijedjeno\/#primaryimage"},"thumbnailUrl":"https:\/\/dmcsrb.com\/wp-content\/uploads\/2026\/01\/kamenovan-autobus.webp","keywords":["Autobus","Gr\u010dka","srpski turisti"],"articleSection":["Region"],"inLanguage":"en-GB","potentialAction":[{"@type":"CommentAction","name":"Comment","target":["https:\/\/dmcsrb.com\/region\/kamenovan-autobus-sa-srpskim-turistima-u-grckoj-troje-lakse-povrijedjeno\/#respond"]}]},{"@type":"WebPage","@id":"https:\/\/dmcsrb.com\/region\/kamenovan-autobus-sa-srpskim-turistima-u-grckoj-troje-lakse-povrijedjeno\/","url":"https:\/\/dmcsrb.com\/region\/kamenovan-autobus-sa-srpskim-turistima-u-grckoj-troje-lakse-povrijedjeno\/","name":"Kamenovan autobus sa srpskim turistima u Gr\u010dkoj, troje lak\u0161e povrije\u0111eno - dmcsrb.com","isPartOf":{"@id":"https:\/\/dmcsrb.com\/#website"},"primaryImageOfPage":{"@id":"https:\/\/dmcsrb.com\/region\/kamenovan-autobus-sa-srpskim-turistima-u-grckoj-troje-lakse-povrijedjeno\/#primaryimage"},"image":{"@id":"https:\/\/dmcsrb.com\/region\/kamenovan-autobus-sa-srpskim-turistima-u-grckoj-troje-lakse-povrijedjeno\/#primaryimage"},"thumbnailUrl":"https:\/\/dmcsrb.com\/wp-content\/uploads\/2026\/01\/kamenovan-autobus.webp","datePublished":"2025-08-21T09:20:00+00:00","author":{"@id":"https:\/\/dmcsrb.com\/#\/schema\/person\/5c39170f12db1b8b457732d0b5c854e2"},"breadcrumb":{"@id":"https:\/\/dmcsrb.com\/region\/kamenovan-autobus-sa-srpskim-turistima-u-grckoj-troje-lakse-povrijedjeno\/#breadcrumb"},"inLanguage":"en-GB","potentialAction":[{"@type":"ReadAction","target":["https:\/\/dmcsrb.com\/region\/kamenovan-autobus-sa-srpskim-turistima-u-grckoj-troje-lakse-povrijedjeno\/"]}]},{"@type":"ImageObject","inLanguage":"en-GB","@id":"https:\/\/dmcsrb.com\/region\/kamenovan-autobus-sa-srpskim-turistima-u-grckoj-troje-lakse-povrijedjeno\/#primaryimage","url":"https:\/\/dmcsrb.com\/wp-content\/uploads\/2026\/01\/kamenovan-autobus.webp","contentUrl":"https:\/\/dmcsrb.com\/wp-content\/uploads\/2026\/01\/kamenovan-autobus.webp","width":611,"height":392},{"@type":"BreadcrumbList","@id":"https:\/\/dmcsrb.com\/region\/kamenovan-autobus-sa-srpskim-turistima-u-grckoj-troje-lakse-povrijedjeno\/#breadcrumb","itemListElement":[{"@type":"ListItem","position":1,"name":"Home","item":"https:\/\/dmcsrb.com\/"},{"@type":"ListItem","position":2,"name":"Kamenovan autobus sa srpskim turistima u Gr\u010dkoj, troje lak\u0161e povrije\u0111eno"}]},{"@type":"WebSite","@id":"https:\/\/dmcsrb.com\/#website","url":"https:\/\/dmcsrb.com\/","name":"dmcsrb.com","description":"","potentialAction":[{"@type":"SearchAction","target":{"@type":"EntryPoint","urlTemplate":"https:\/\/dmcsrb.com\/?s={search_term_string}"},"query-input":{"@type":"PropertyValueSpecification","valueRequired":true,"valueName":"search_term_string"}}],"inLanguage":"en-GB"},{"@type":"Person","@id":"https:\/\/dmcsrb.com\/#\/schema\/person\/5c39170f12db1b8b457732d0b5c854e2","name":"dmcsrbija.com@gmail.com","image":{"@type":"ImageObject","inLanguage":"en-GB","@id":"https:\/\/secure.gravatar.com\/avatar\/68592660ad6347fad0fb587f8d5d8f1a7b44961362f56e4f2cd524feb87e9069?s=96&d=mm&r=g","url":"https:\/\/secure.gravatar.com\/avatar\/68592660ad6347fad0fb587f8d5d8f1a7b44961362f56e4f2cd524feb87e9069?s=96&d=mm&r=g","contentUrl":"https:\/\/secure.gravatar.com\/avatar\/68592660ad6347fad0fb587f8d5d8f1a7b44961362f56e4f2cd524feb87e9069?s=96&d=mm&r=g","caption":"dmcsrbija.com@gmail.com"},"sameAs":["https:\/\/dmcsrb.com"],"url":"https:\/\/dmcsrb.com\/en\/author\/dmcsrbija-comgmail-com\/"}]}},"_links":{"self":[{"href":"https:\/\/dmcsrb.com\/en\/wp-json\/wp\/v2\/posts\/947486","targetHints":{"allow":["GET"]}}],"collection":[{"href":"https:\/\/dmcsrb.com\/en\/wp-json\/wp\/v2\/posts"}],"about":[{"href":"https:\/\/dmcsrb.com\/en\/wp-json\/wp\/v2\/types\/post"}],"author":[{"embeddable":true,"href":"https:\/\/dmcsrb.com\/en\/wp-json\/wp\/v2\/users\/1"}],"replies":[{"embeddable":true,"href":"https:\/\/dmcsrb.com\/en\/wp-json\/wp\/v2\/comments?post=947486"}],"version-history":[{"count":0,"href":"https:\/\/dmcsrb.com\/en\/wp-json\/wp\/v2\/posts\/947486\/revisions"}],"wp:featuredmedia":[{"embeddable":true,"href":"https:\/\/dmcsrb.com\/en\/wp-json\/wp\/v2\/media\/947487"}],"wp:attachment":[{"href":"https:\/\/dmcsrb.com\/en\/wp-json\/wp\/v2\/media?parent=947486"}],"wp:term":[{"taxonomy":"category","embeddable":true,"href":"https:\/\/dmcsrb.com\/en\/wp-json\/wp\/v2\/categories?post=947486"},{"taxonomy":"post_tag","embeddable":true,"href":"https:\/\/dmcsrb.com\/en\/wp-json\/wp\/v2\/tags?post=947486"},{"taxonomy":"naslovna","embeddable":true,"href":"https:\/\/dmcsrb.com\/en\/wp-json\/wp\/v2\/naslovna?post=947486"}],"curies":[{"name":"wp","href":"https:\/\/api.w.org\/{rel}","templated":true}]}}