{"id":947484,"date":"2025-08-21T11:05:00","date_gmt":"2025-08-21T09:05:00","guid":{"rendered":"https:\/\/dmcsrb.com\/uncategorized\/radulovic-krivicnom-prijavom-osim-scepanovica-i-saranovica-bice-obuhvaceni-becic-i-bogdanovic\/"},"modified":"2025-08-21T11:05:00","modified_gmt":"2025-08-21T09:05:00","slug":"radulovic-krivicnom-prijavom-osim-scepanovica-i-saranovica-bice-obuhvaceni-becic-i-bogdanovic","status":"publish","type":"post","link":"https:\/\/dmcsrb.com\/en\/politika\/radulovic-krivicnom-prijavom-osim-scepanovica-i-saranovica-bice-obuhvaceni-becic-i-bogdanovic\/","title":{"rendered":"Radulovi\u0107: Krivi\u010dnom prijavom osim \u0160\u0107epanovi\u0107a i \u0160aranovi\u0107a bi\u0107e obuhva\u0107eni Be\u010di\u0107 i Bogdanovi\u0107"},"content":{"rendered":"<p>\u201eU zakazano vrijeme do\u0161ao sam sa Darkom Ma\u0111ari\u0107em u prostorije disciplinske komisije Ministarstva unutra\u0161njih poslova, ali tamo nikoga nijesmo zatekli. Kancelarija je bila zaklju\u010dana a na \u010ditavom spratu nije bilo nikoga ko bi nam eventualno mogao dati obavje\u0161tenje gdje su \u010dlanovi disciplinske komisije i da li \u0107e biti odr\u017eano ro\u010di\u0161te\u201c, kazao je advokat Radulovi\u0107.<\/p>\n\n\n\n<p>On je istakao i da je disciplinska komisija poslala poziv Ma\u0111ari\u0107u u kojem nema naznaka \u0161to mu se stavlja na teret i od kojih optu\u017ebi on eventualno treba da se brani.<\/p>\n\n\n\n<p>Prema rije\u010dima advokata, ovakvo postupanje predstavlja samo nastavak nezakonite prakse kr\u0161enja osnovnih ljudskih prava, ali i nastavak mobinga koji se sprovodi prema policijskim slu\u017ebenicama \u2013 u ovom slu\u010daju prema Darku Ma\u0111ari\u0107u.<\/p>\n\n\n\n<p>\u201eKrajnje je neodgovorno i neozbiljno poslati poziv bez ikakvog propratnog materijala \u010dak i bez odluke o pokretanju disciplinskog postupka, bez ikakvih naznaka \u0161to se Ma\u0111ari\u0107u stavlja na teret i bez jednog dokaza koji bi potvrdio da je moj klijent napravio bilo koju povredu radne obaveze. Iz ovih razloga \u0107u podnijeti krivi\u010dnu prijavu Specijalnom dr\u017eavnom tu\u017eila\u0161tvu protiv svih odgovornih osoba jer se u njihovim postupcima osim krivi\u010dnih djela zloupotreba slu\u017ebenog polo\u017eaja sti\u010du i svi elementi bi\u0107a krivi\u010dnog djela stvaranje kriminalne organizacije\u201c, kazao je Radulovi\u0107.<\/p>\n\n\n\n<p>On je objasnio da \u0107e krivi\u010dnom prijavom osim ministra unutra\u0161njih poslova Danila \u0160aranovi\u0107a, vr\u0161ioca du\u017enodi direktora Uprave policije Lazara \u0160\u0107epanovi\u0107a, biti obuhva\u0107eni i potpredsjednik Vlade za bezbjednost Aleksa Be\u010di\u0107, \u0161ef poslani\u010dkog kluba Demokrata Boris Bogdanovi\u0107 i \u010dlanovi komisije za utvr\u0111ivanje bezbjednosnih smetnji.<\/p>\n\n\n\n<p>\u201eU zavisnosti od postupanja \u010dlanova disciplinske komisije odredi\u0107u se i u tom segmentu. U fokusu krivi\u010dne prijave ne\u0107e biti samo nezakonito postupanje prema policijskim slu\u017ebenicima nego i nabavka slu\u017ebenih vozila, zapo\u0161ljavanja u bezbednosnom sektoru, tro\u0161enje javnih sredstava ali i zapo\u0161ljavanje i u sektoru energetike\u201c, istakao je Radulovi\u0107.<\/p>\n\n\n\n<p>Portal ETV je ju\u010de Ministarstvu unutra\u0161njih poslova uputio pitanja zbog \u010dega nijesu Ma\u0111ari\u0107 i Radulovi\u0107 obavije\u0161teni da ro\u010di\u0161te ne\u0107e biti odr\u017eano i kako komentari\u0161u postupanje disciplisnke komisije ali smo ostali uskra\u0107eni za odgovore.<\/p>","protected":false},"excerpt":{"rendered":"<p>Iako je za ju\u010de u 13 sati bilo najavljeno ro\u010di\u0161te u disciplinskom postupku protiv suspendovanog policijaca Darka Ma\u0111ari\u0107a niko od \u010dlanova Disciplinske komisije Ministarstva unutra\u0161njih poslova nije se pojavio, niti obavijestio Ma\u0111ari\u0107a i njegovog advokata Veselina Radulovi\u0107a o odga\u0111anju.<\/p>","protected":false},"author":1,"featured_media":947485,"comment_status":"open","ping_status":"open","sticky":false,"template":"","format":"standard","meta":{"_acf_changed":false,"footnotes":""},"categories":[12],"tags":[355,1354,245,2901],"naslovna":[],"class_list":["post-947484","post","type-post","status-publish","format-standard","has-post-thumbnail","hentry","category-politika","tag-aleksa-becic","tag-boris-bogdanovic-2","tag-danilo-saranovic","tag-veselin-radulovic"],"acf":[],"yoast_head":"<!-- This site is optimized with the Yoast SEO plugin v27.0 - https:\/\/yoast.com\/product\/yoast-seo-wordpress\/ -->\n<title>Radulovi\u0107: Krivi\u010dnom prijavom osim \u0160\u0107epanovi\u0107a i \u0160aranovi\u0107a bi\u0107e obuhva\u0107eni Be\u010di\u0107 i Bogdanovi\u0107 - dmcsrb.com<\/title>\n<meta name=\"robots\" content=\"index, follow, max-snippet:-1, max-image-preview:large, max-video-preview:-1\" \/>\n<link rel=\"canonical\" href=\"https:\/\/dmcsrb.com\/en\/politika\/radulovic-krivicnom-prijavom-osim-scepanovica-i-saranovica-bice-obuhvaceni-becic-i-bogdanovic\/\" \/>\n<meta property=\"og:locale\" content=\"en_GB\" \/>\n<meta property=\"og:type\" content=\"article\" \/>\n<meta property=\"og:title\" content=\"Radulovi\u0107: Krivi\u010dnom prijavom osim \u0160\u0107epanovi\u0107a i \u0160aranovi\u0107a bi\u0107e obuhva\u0107eni Be\u010di\u0107 i Bogdanovi\u0107 - dmcsrb.com\" \/>\n<meta property=\"og:description\" content=\"Iako je za ju\u010de u 13 sati bilo najavljeno ro\u010di\u0161te u disciplinskom postupku protiv suspendovanog policijaca Darka Ma\u0111ari\u0107a niko od \u010dlanova Disciplinske komisije Ministarstva unutra\u0161njih poslova nije se pojavio, niti obavijestio Ma\u0111ari\u0107a i njegovog advokata Veselina Radulovi\u0107a o odga\u0111anju.\" \/>\n<meta property=\"og:url\" content=\"https:\/\/dmcsrb.com\/en\/politika\/radulovic-krivicnom-prijavom-osim-scepanovica-i-saranovica-bice-obuhvaceni-becic-i-bogdanovic\/\" \/>\n<meta property=\"og:site_name\" content=\"dmcsrb.com\" \/>\n<meta property=\"article:published_time\" content=\"2025-08-21T09:05:00+00:00\" \/>\n<meta property=\"og:image\" content=\"https:\/\/dmcsrb.com\/wp-content\/uploads\/2026\/01\/Veselin-Radulovic-advokat-foto-gradski-me-1.webp\" \/>\n\t<meta property=\"og:image:width\" content=\"1638\" \/>\n\t<meta property=\"og:image:height\" content=\"873\" \/>\n\t<meta property=\"og:image:type\" content=\"image\/jpeg\" \/>\n<meta name=\"author\" content=\"dmcsrbija.com@gmail.com\" \/>\n<meta name=\"twitter:card\" content=\"summary_large_image\" \/>\n<meta name=\"twitter:label1\" content=\"Written by\" \/>\n\t<meta name=\"twitter:data1\" content=\"dmcsrbija.com@gmail.com\" \/>\n\t<meta name=\"twitter:label2\" content=\"Estimated reading time\" \/>\n\t<meta name=\"twitter:data2\" content=\"2 minutes\" \/>\n<script type=\"application\/ld+json\" class=\"yoast-schema-graph\">{\"@context\":\"https:\/\/schema.org\",\"@graph\":[{\"@type\":\"Article\",\"@id\":\"https:\/\/dmcsrb.com\/politika\/radulovic-krivicnom-prijavom-osim-scepanovica-i-saranovica-bice-obuhvaceni-becic-i-bogdanovic\/#article\",\"isPartOf\":{\"@id\":\"https:\/\/dmcsrb.com\/politika\/radulovic-krivicnom-prijavom-osim-scepanovica-i-saranovica-bice-obuhvaceni-becic-i-bogdanovic\/\"},\"author\":{\"name\":\"dmcsrbija.com@gmail.com\",\"@id\":\"https:\/\/dmcsrb.com\/#\/schema\/person\/5c39170f12db1b8b457732d0b5c854e2\"},\"headline\":\"Radulovi\u0107: Krivi\u010dnom prijavom osim \u0160\u0107epanovi\u0107a i \u0160aranovi\u0107a bi\u0107e obuhva\u0107eni Be\u010di\u0107 i Bogdanovi\u0107\",\"datePublished\":\"2025-08-21T09:05:00+00:00\",\"mainEntityOfPage\":{\"@id\":\"https:\/\/dmcsrb.com\/politika\/radulovic-krivicnom-prijavom-osim-scepanovica-i-saranovica-bice-obuhvaceni-becic-i-bogdanovic\/\"},\"wordCount\":396,\"commentCount\":0,\"image\":{\"@id\":\"https:\/\/dmcsrb.com\/politika\/radulovic-krivicnom-prijavom-osim-scepanovica-i-saranovica-bice-obuhvaceni-becic-i-bogdanovic\/#primaryimage\"},\"thumbnailUrl\":\"https:\/\/dmcsrb.com\/wp-content\/uploads\/2026\/01\/Veselin-Radulovic-advokat-foto-gradski-me-1.webp\",\"keywords\":[\"Aleksa Be\u010di\u0107\",\"Boris Bogdanovi\u0107\",\"Danilo \u0160aranovi\u0107\",\"Veselin Radulovi\u0107\"],\"articleSection\":[\"Politika\"],\"inLanguage\":\"en-GB\",\"potentialAction\":[{\"@type\":\"CommentAction\",\"name\":\"Comment\",\"target\":[\"https:\/\/dmcsrb.com\/politika\/radulovic-krivicnom-prijavom-osim-scepanovica-i-saranovica-bice-obuhvaceni-becic-i-bogdanovic\/#respond\"]}]},{\"@type\":\"WebPage\",\"@id\":\"https:\/\/dmcsrb.com\/politika\/radulovic-krivicnom-prijavom-osim-scepanovica-i-saranovica-bice-obuhvaceni-becic-i-bogdanovic\/\",\"url\":\"https:\/\/dmcsrb.com\/politika\/radulovic-krivicnom-prijavom-osim-scepanovica-i-saranovica-bice-obuhvaceni-becic-i-bogdanovic\/\",\"name\":\"Radulovi\u0107: Krivi\u010dnom prijavom osim \u0160\u0107epanovi\u0107a i \u0160aranovi\u0107a bi\u0107e obuhva\u0107eni Be\u010di\u0107 i Bogdanovi\u0107 - dmcsrb.com\",\"isPartOf\":{\"@id\":\"https:\/\/dmcsrb.com\/#website\"},\"primaryImageOfPage\":{\"@id\":\"https:\/\/dmcsrb.com\/politika\/radulovic-krivicnom-prijavom-osim-scepanovica-i-saranovica-bice-obuhvaceni-becic-i-bogdanovic\/#primaryimage\"},\"image\":{\"@id\":\"https:\/\/dmcsrb.com\/politika\/radulovic-krivicnom-prijavom-osim-scepanovica-i-saranovica-bice-obuhvaceni-becic-i-bogdanovic\/#primaryimage\"},\"thumbnailUrl\":\"https:\/\/dmcsrb.com\/wp-content\/uploads\/2026\/01\/Veselin-Radulovic-advokat-foto-gradski-me-1.webp\",\"datePublished\":\"2025-08-21T09:05:00+00:00\",\"author\":{\"@id\":\"https:\/\/dmcsrb.com\/#\/schema\/person\/5c39170f12db1b8b457732d0b5c854e2\"},\"breadcrumb\":{\"@id\":\"https:\/\/dmcsrb.com\/politika\/radulovic-krivicnom-prijavom-osim-scepanovica-i-saranovica-bice-obuhvaceni-becic-i-bogdanovic\/#breadcrumb\"},\"inLanguage\":\"en-GB\",\"potentialAction\":[{\"@type\":\"ReadAction\",\"target\":[\"https:\/\/dmcsrb.com\/politika\/radulovic-krivicnom-prijavom-osim-scepanovica-i-saranovica-bice-obuhvaceni-becic-i-bogdanovic\/\"]}]},{\"@type\":\"ImageObject\",\"inLanguage\":\"en-GB\",\"@id\":\"https:\/\/dmcsrb.com\/politika\/radulovic-krivicnom-prijavom-osim-scepanovica-i-saranovica-bice-obuhvaceni-becic-i-bogdanovic\/#primaryimage\",\"url\":\"https:\/\/dmcsrb.com\/wp-content\/uploads\/2026\/01\/Veselin-Radulovic-advokat-foto-gradski-me-1.webp\",\"contentUrl\":\"https:\/\/dmcsrb.com\/wp-content\/uploads\/2026\/01\/Veselin-Radulovic-advokat-foto-gradski-me-1.webp\",\"width\":1638,\"height\":873},{\"@type\":\"BreadcrumbList\",\"@id\":\"https:\/\/dmcsrb.com\/politika\/radulovic-krivicnom-prijavom-osim-scepanovica-i-saranovica-bice-obuhvaceni-becic-i-bogdanovic\/#breadcrumb\",\"itemListElement\":[{\"@type\":\"ListItem\",\"position\":1,\"name\":\"Home\",\"item\":\"https:\/\/dmcsrb.com\/\"},{\"@type\":\"ListItem\",\"position\":2,\"name\":\"Radulovi\u0107: Krivi\u010dnom prijavom osim \u0160\u0107epanovi\u0107a i \u0160aranovi\u0107a bi\u0107e obuhva\u0107eni Be\u010di\u0107 i Bogdanovi\u0107\"}]},{\"@type\":\"WebSite\",\"@id\":\"https:\/\/dmcsrb.com\/#website\",\"url\":\"https:\/\/dmcsrb.com\/\",\"name\":\"dmcsrb.com\",\"description\":\"\",\"potentialAction\":[{\"@type\":\"SearchAction\",\"target\":{\"@type\":\"EntryPoint\",\"urlTemplate\":\"https:\/\/dmcsrb.com\/?s={search_term_string}\"},\"query-input\":{\"@type\":\"PropertyValueSpecification\",\"valueRequired\":true,\"valueName\":\"search_term_string\"}}],\"inLanguage\":\"en-GB\"},{\"@type\":\"Person\",\"@id\":\"https:\/\/dmcsrb.com\/#\/schema\/person\/5c39170f12db1b8b457732d0b5c854e2\",\"name\":\"dmcsrbija.com@gmail.com\",\"image\":{\"@type\":\"ImageObject\",\"inLanguage\":\"en-GB\",\"@id\":\"https:\/\/dmcsrb.com\/#\/schema\/person\/image\/\",\"url\":\"https:\/\/secure.gravatar.com\/avatar\/68592660ad6347fad0fb587f8d5d8f1a7b44961362f56e4f2cd524feb87e9069?s=96&d=mm&r=g\",\"contentUrl\":\"https:\/\/secure.gravatar.com\/avatar\/68592660ad6347fad0fb587f8d5d8f1a7b44961362f56e4f2cd524feb87e9069?s=96&d=mm&r=g\",\"caption\":\"dmcsrbija.com@gmail.com\"},\"sameAs\":[\"https:\/\/dmcsrb.com\"],\"url\":\"https:\/\/dmcsrb.com\/en\/author\/dmcsrbija-comgmail-com\/\"}]}<\/script>\n<!-- \/ Yoast SEO plugin. -->","yoast_head_json":{"title":"Radulovi\u0107: Krivi\u010dnom prijavom osim \u0160\u0107epanovi\u0107a i \u0160aranovi\u0107a bi\u0107e obuhva\u0107eni Be\u010di\u0107 i Bogdanovi\u0107 - dmcsrb.com","robots":{"index":"index","follow":"follow","max-snippet":"max-snippet:-1","max-image-preview":"max-image-preview:large","max-video-preview":"max-video-preview:-1"},"canonical":"https:\/\/dmcsrb.com\/en\/politika\/radulovic-krivicnom-prijavom-osim-scepanovica-i-saranovica-bice-obuhvaceni-becic-i-bogdanovic\/","og_locale":"en_GB","og_type":"article","og_title":"Radulovi\u0107: Krivi\u010dnom prijavom osim \u0160\u0107epanovi\u0107a i \u0160aranovi\u0107a bi\u0107e obuhva\u0107eni Be\u010di\u0107 i Bogdanovi\u0107 - dmcsrb.com","og_description":"Iako je za ju\u010de u 13 sati bilo najavljeno ro\u010di\u0161te u disciplinskom postupku protiv suspendovanog policijaca Darka Ma\u0111ari\u0107a niko od \u010dlanova Disciplinske komisije Ministarstva unutra\u0161njih poslova nije se pojavio, niti obavijestio Ma\u0111ari\u0107a i njegovog advokata Veselina Radulovi\u0107a o odga\u0111anju.","og_url":"https:\/\/dmcsrb.com\/en\/politika\/radulovic-krivicnom-prijavom-osim-scepanovica-i-saranovica-bice-obuhvaceni-becic-i-bogdanovic\/","og_site_name":"dmcsrb.com","article_published_time":"2025-08-21T09:05:00+00:00","og_image":[{"width":1638,"height":873,"url":"https:\/\/dmcsrb.com\/wp-content\/uploads\/2026\/01\/Veselin-Radulovic-advokat-foto-gradski-me-1.webp","type":"image\/jpeg"}],"author":"dmcsrbija.com@gmail.com","twitter_card":"summary_large_image","twitter_misc":{"Written by":"dmcsrbija.com@gmail.com","Estimated reading time":"2 minutes"},"schema":{"@context":"https:\/\/schema.org","@graph":[{"@type":"Article","@id":"https:\/\/dmcsrb.com\/politika\/radulovic-krivicnom-prijavom-osim-scepanovica-i-saranovica-bice-obuhvaceni-becic-i-bogdanovic\/#article","isPartOf":{"@id":"https:\/\/dmcsrb.com\/politika\/radulovic-krivicnom-prijavom-osim-scepanovica-i-saranovica-bice-obuhvaceni-becic-i-bogdanovic\/"},"author":{"name":"dmcsrbija.com@gmail.com","@id":"https:\/\/dmcsrb.com\/#\/schema\/person\/5c39170f12db1b8b457732d0b5c854e2"},"headline":"Radulovi\u0107: Krivi\u010dnom prijavom osim \u0160\u0107epanovi\u0107a i \u0160aranovi\u0107a bi\u0107e obuhva\u0107eni Be\u010di\u0107 i Bogdanovi\u0107","datePublished":"2025-08-21T09:05:00+00:00","mainEntityOfPage":{"@id":"https:\/\/dmcsrb.com\/politika\/radulovic-krivicnom-prijavom-osim-scepanovica-i-saranovica-bice-obuhvaceni-becic-i-bogdanovic\/"},"wordCount":396,"commentCount":0,"image":{"@id":"https:\/\/dmcsrb.com\/politika\/radulovic-krivicnom-prijavom-osim-scepanovica-i-saranovica-bice-obuhvaceni-becic-i-bogdanovic\/#primaryimage"},"thumbnailUrl":"https:\/\/dmcsrb.com\/wp-content\/uploads\/2026\/01\/Veselin-Radulovic-advokat-foto-gradski-me-1.webp","keywords":["Aleksa Be\u010di\u0107","Boris Bogdanovi\u0107","Danilo \u0160aranovi\u0107","Veselin Radulovi\u0107"],"articleSection":["Politika"],"inLanguage":"en-GB","potentialAction":[{"@type":"CommentAction","name":"Comment","target":["https:\/\/dmcsrb.com\/politika\/radulovic-krivicnom-prijavom-osim-scepanovica-i-saranovica-bice-obuhvaceni-becic-i-bogdanovic\/#respond"]}]},{"@type":"WebPage","@id":"https:\/\/dmcsrb.com\/politika\/radulovic-krivicnom-prijavom-osim-scepanovica-i-saranovica-bice-obuhvaceni-becic-i-bogdanovic\/","url":"https:\/\/dmcsrb.com\/politika\/radulovic-krivicnom-prijavom-osim-scepanovica-i-saranovica-bice-obuhvaceni-becic-i-bogdanovic\/","name":"Radulovi\u0107: Krivi\u010dnom prijavom osim \u0160\u0107epanovi\u0107a i \u0160aranovi\u0107a bi\u0107e obuhva\u0107eni Be\u010di\u0107 i Bogdanovi\u0107 - dmcsrb.com","isPartOf":{"@id":"https:\/\/dmcsrb.com\/#website"},"primaryImageOfPage":{"@id":"https:\/\/dmcsrb.com\/politika\/radulovic-krivicnom-prijavom-osim-scepanovica-i-saranovica-bice-obuhvaceni-becic-i-bogdanovic\/#primaryimage"},"image":{"@id":"https:\/\/dmcsrb.com\/politika\/radulovic-krivicnom-prijavom-osim-scepanovica-i-saranovica-bice-obuhvaceni-becic-i-bogdanovic\/#primaryimage"},"thumbnailUrl":"https:\/\/dmcsrb.com\/wp-content\/uploads\/2026\/01\/Veselin-Radulovic-advokat-foto-gradski-me-1.webp","datePublished":"2025-08-21T09:05:00+00:00","author":{"@id":"https:\/\/dmcsrb.com\/#\/schema\/person\/5c39170f12db1b8b457732d0b5c854e2"},"breadcrumb":{"@id":"https:\/\/dmcsrb.com\/politika\/radulovic-krivicnom-prijavom-osim-scepanovica-i-saranovica-bice-obuhvaceni-becic-i-bogdanovic\/#breadcrumb"},"inLanguage":"en-GB","potentialAction":[{"@type":"ReadAction","target":["https:\/\/dmcsrb.com\/politika\/radulovic-krivicnom-prijavom-osim-scepanovica-i-saranovica-bice-obuhvaceni-becic-i-bogdanovic\/"]}]},{"@type":"ImageObject","inLanguage":"en-GB","@id":"https:\/\/dmcsrb.com\/politika\/radulovic-krivicnom-prijavom-osim-scepanovica-i-saranovica-bice-obuhvaceni-becic-i-bogdanovic\/#primaryimage","url":"https:\/\/dmcsrb.com\/wp-content\/uploads\/2026\/01\/Veselin-Radulovic-advokat-foto-gradski-me-1.webp","contentUrl":"https:\/\/dmcsrb.com\/wp-content\/uploads\/2026\/01\/Veselin-Radulovic-advokat-foto-gradski-me-1.webp","width":1638,"height":873},{"@type":"BreadcrumbList","@id":"https:\/\/dmcsrb.com\/politika\/radulovic-krivicnom-prijavom-osim-scepanovica-i-saranovica-bice-obuhvaceni-becic-i-bogdanovic\/#breadcrumb","itemListElement":[{"@type":"ListItem","position":1,"name":"Home","item":"https:\/\/dmcsrb.com\/"},{"@type":"ListItem","position":2,"name":"Radulovi\u0107: Krivi\u010dnom prijavom osim \u0160\u0107epanovi\u0107a i \u0160aranovi\u0107a bi\u0107e obuhva\u0107eni Be\u010di\u0107 i Bogdanovi\u0107"}]},{"@type":"WebSite","@id":"https:\/\/dmcsrb.com\/#website","url":"https:\/\/dmcsrb.com\/","name":"dmcsrb.com","description":"","potentialAction":[{"@type":"SearchAction","target":{"@type":"EntryPoint","urlTemplate":"https:\/\/dmcsrb.com\/?s={search_term_string}"},"query-input":{"@type":"PropertyValueSpecification","valueRequired":true,"valueName":"search_term_string"}}],"inLanguage":"en-GB"},{"@type":"Person","@id":"https:\/\/dmcsrb.com\/#\/schema\/person\/5c39170f12db1b8b457732d0b5c854e2","name":"dmcsrbija.com@gmail.com","image":{"@type":"ImageObject","inLanguage":"en-GB","@id":"https:\/\/dmcsrb.com\/#\/schema\/person\/image\/","url":"https:\/\/secure.gravatar.com\/avatar\/68592660ad6347fad0fb587f8d5d8f1a7b44961362f56e4f2cd524feb87e9069?s=96&d=mm&r=g","contentUrl":"https:\/\/secure.gravatar.com\/avatar\/68592660ad6347fad0fb587f8d5d8f1a7b44961362f56e4f2cd524feb87e9069?s=96&d=mm&r=g","caption":"dmcsrbija.com@gmail.com"},"sameAs":["https:\/\/dmcsrb.com"],"url":"https:\/\/dmcsrb.com\/en\/author\/dmcsrbija-comgmail-com\/"}]}},"_links":{"self":[{"href":"https:\/\/dmcsrb.com\/en\/wp-json\/wp\/v2\/posts\/947484","targetHints":{"allow":["GET"]}}],"collection":[{"href":"https:\/\/dmcsrb.com\/en\/wp-json\/wp\/v2\/posts"}],"about":[{"href":"https:\/\/dmcsrb.com\/en\/wp-json\/wp\/v2\/types\/post"}],"author":[{"embeddable":true,"href":"https:\/\/dmcsrb.com\/en\/wp-json\/wp\/v2\/users\/1"}],"replies":[{"embeddable":true,"href":"https:\/\/dmcsrb.com\/en\/wp-json\/wp\/v2\/comments?post=947484"}],"version-history":[{"count":0,"href":"https:\/\/dmcsrb.com\/en\/wp-json\/wp\/v2\/posts\/947484\/revisions"}],"wp:featuredmedia":[{"embeddable":true,"href":"https:\/\/dmcsrb.com\/en\/wp-json\/wp\/v2\/media\/947485"}],"wp:attachment":[{"href":"https:\/\/dmcsrb.com\/en\/wp-json\/wp\/v2\/media?parent=947484"}],"wp:term":[{"taxonomy":"category","embeddable":true,"href":"https:\/\/dmcsrb.com\/en\/wp-json\/wp\/v2\/categories?post=947484"},{"taxonomy":"post_tag","embeddable":true,"href":"https:\/\/dmcsrb.com\/en\/wp-json\/wp\/v2\/tags?post=947484"},{"taxonomy":"naslovna","embeddable":true,"href":"https:\/\/dmcsrb.com\/en\/wp-json\/wp\/v2\/naslovna?post=947484"}],"curies":[{"name":"wp","href":"https:\/\/api.w.org\/{rel}","templated":true}]}}